{"id":166099,"date":"2025-12-10T14:30:04","date_gmt":"2025-12-10T14:30:04","guid":{"rendered":"https:\/\/www.nettali.com\/?p=166099"},"modified":"2025-12-10T12:23:30","modified_gmt":"2025-12-10T12:23:30","slug":"crise-sociale-a-seneau-geneve-sen-mele","status":"publish","type":"post","link":"https:\/\/www.nettali.com\/2025\/12\/10\/crise-sociale-a-seneau-geneve-sen-mele\/","title":{"rendered":"CRISE SOCIALE \u00c0 SEN\u2019EAU - Gen\u00e8ve s\u2019en m\u00eale"},"content":{"rendered":"<p><strong>NETTALI.COM -<\/strong> L\u2019 Internationale des services publics (ISP) a exprim\u00e9 une vive pr\u00e9occupation face aux proc\u00e9dures disciplinaires engag\u00e9es contre Oumar Ba, secr\u00e9taire g\u00e9n\u00e9ral du Syndicat autonome des travailleurs de l\u2019eau du S\u00e9n\u00e9gal.<\/p>\n<p>R\u00e9uni \u00e0 Gen\u00e8ve les 2 et 3 d\u00e9cembre 2025, le Conseil ex\u00e9cutif EB 167 de l\u2019organisation mondiale a adopt\u00e9 une r\u00e9solution d\u00e9non\u00e7ant les d\u00e9cisions prises par la direction de Sen\u2019Eau \u00e0 l\u2019encontre du responsable syndical.<\/p>\n<p>L\u2019ISP indique avoir pris note de ce qu\u2019elle qualifie de mesures r\u00e9pressives visant Oumar Ba. Car, elles sont li\u00e9es \u00e0 des d\u00e9clarations qu\u2019il a faites dans le cadre de son mandat, au moment o\u00f9 il critiquait deux d\u00e9cisions de Sen\u2019Eau.<\/p>\n<p>La premi\u00e8re porte sur la tentative de la direction de n\u00e9gocier des accords pluriannuels avec une coalition de trois syndicats, sans la participation de la Sates, une exclusion jug\u00e9e ill\u00e9gitime par cette derni\u00e8re.<\/p>\n<p>La seconde concerne l\u2019\u00e9lection des repr\u00e9sentants de cette coalition, issue d\u2019un vote num\u00e9rique contest\u00e9 et actuellement examin\u00e9 par le tribunal du travail.<\/p>\n<p>L\u2019organisation internationale estime, donc, que les propos de Oumar Ba rel\u00e8vent pleinement de la libert\u00e9 d\u2019expression et de l\u2019exercice normal d\u2019un mandat syndical. Elle rappelle que ce type d\u2019activit\u00e9 est prot\u00e9g\u00e9 \u00e0 la fois par la l\u00e9gislation s\u00e9n\u00e9galaise et par les normes internationales du travail.<\/p>\n<p>Dans sa r\u00e9solution, l\u2019ISP appelle Sen\u2019Eau \u00e0 mettre fin imm\u00e9diatement aux proc\u00e9dures disciplinaires engag\u00e9es contre le syndicaliste. Elle demande \u00e9galement que soient respect\u00e9es les libert\u00e9s syndicales, l\u2019ind\u00e9pendance des repr\u00e9sentants des travailleurs et l\u2019absence de toute forme de repr\u00e9sailles.<\/p>\n<p>L\u2019entreprise est en outre invit\u00e9e \u00e0 renouer avec un dialogue social transparent, notamment en ce qui concerne la reconnaissance et le statut des repr\u00e9sentants des travailleurs.<\/p>\n<p>L\u2019ISP r\u00e9affirme enfin sa disponibilit\u00e9 \u00e0 accompagner toute d\u00e9marche visant \u00e0 r\u00e9tablir un climat social apais\u00e9 au sein de Sen\u2019Eau, dans le respect des droits fondamentaux des travailleurs et des principes de bonne gouvernance.<\/p>\n<div class='share-to-whatsapp-wrapper'><div class='share-on-whsp'>PARTAGER SUR : <\/div><a data-text='CRISE SOCIALE \u00c0 SEN\u2019EAU - Gen\u00e8ve s\u2019en m\u00eale' data-link='https:\/\/www.nettali.com\/2025\/12\/10\/crise-sociale-a-seneau-geneve-sen-mele\/' class='whatsapp-button whatsapp-share'>WhatsApp<\/a><div class='clear '><\/div><\/div>","protected":false},"excerpt":{"rendered":"<p>NETTALI.COM - L\u2019 Internationale des services publics (ISP) a exprim\u00e9 une vive pr\u00e9occupation face aux proc\u00e9dures disciplinaires engag\u00e9es contre Oumar Ba, secr\u00e9taire g\u00e9n\u00e9ral du Syndicat autonome des travailleurs de l\u2019eau du S\u00e9n\u00e9gal. R\u00e9uni \u00e0 Gen\u00e8ve les 2 et 3 d\u00e9cembre 2025, le Conseil ex\u00e9cutif EB 167 de l\u2019organisation mondiale a adopt\u00e9 une r\u00e9solution d\u00e9non\u00e7ant les [&hellip;]<\/p>\n","protected":false},"author":2,"featured_media":166100,"comment_status":"open","ping_status":"open","sticky":false,"template":"","format":"standard","meta":{"_et_pb_use_builder":"","_et_pb_old_content":""},"categories":[34945],"tags":[],"yoast_head":"<!-- This site is optimized with the Yoast SEO Premium plugin v17.8 (Yoast SEO v17.8) - https:\/\/yoast.com\/wordpress\/plugins\/seo\/ -->\n<title>CRISE SOCIALE \u00c0 SEN\u2019EAU - Gen\u00e8ve s\u2019en m\u00eale | Nettali.com<\/title>\n<meta name=\"robots\" content=\"index, follow, max-snippet:-1, max-image-preview:large, max-video-preview:-1\" \/>\n<link rel=\"canonical\" href=\"https:\/\/www.nettali.com\/2025\/12\/10\/crise-sociale-a-seneau-geneve-sen-mele\/\" \/>\n<meta property=\"og:locale\" content=\"fr_FR\" \/>\n<meta property=\"og:type\" content=\"article\" \/>\n<meta property=\"og:title\" content=\"CRISE SOCIALE \u00c0 SEN\u2019EAU - Gen\u00e8ve s\u2019en m\u00eale\" \/>\n<meta property=\"og:description\" content=\"NETTALI.COM - L\u2019 Internationale des services publics (ISP) a exprim\u00e9 une vive pr\u00e9occupation face aux proc\u00e9dures disciplinaires engag\u00e9es contre Oumar Ba, secr\u00e9taire g\u00e9n\u00e9ral du Syndicat autonome des travailleurs de l\u2019eau du S\u00e9n\u00e9gal. R\u00e9uni \u00e0 Gen\u00e8ve les 2 et 3 d\u00e9cembre 2025, le Conseil ex\u00e9cutif EB 167 de l\u2019organisation mondiale a adopt\u00e9 une r\u00e9solution d\u00e9non\u00e7ant les [&hellip;]\" \/>\n<meta property=\"og:url\" content=\"https:\/\/www.nettali.com\/2025\/12\/10\/crise-sociale-a-seneau-geneve-sen-mele\/\" \/>\n<meta property=\"og:site_name\" content=\"Nettali.com\" \/>\n<meta property=\"article:publisher\" content=\"https:\/\/www.facebook.com\/nettalicom\" \/>\n<meta property=\"article:published_time\" content=\"2025-12-10T14:30:04+00:00\" \/>\n<meta property=\"article:modified_time\" content=\"2025-12-10T12:23:30+00:00\" \/>\n<meta property=\"og:image\" content=\"https:\/\/www.nettali.com\/wp-content\/uploads\/2025\/12\/postQueueImg_1676040976.06.jpg\" \/>\n\t<meta property=\"og:image:width\" content=\"1620\" \/>\n\t<meta property=\"og:image:height\" content=\"925\" \/>\n<meta name=\"twitter:card\" content=\"summary_large_image\" \/>\n<meta name=\"twitter:label1\" content=\"\u00c9crit par\" \/>\n\t<meta name=\"twitter:data1\" content=\"CK\" \/>\n\t<meta name=\"twitter:label2\" content=\"Dur\u00e9e de lecture estim\u00e9e\" \/>\n\t<meta name=\"twitter:data2\" content=\"2 minutes\" \/>\n<script type=\"application\/ld+json\" class=\"yoast-schema-graph\">{\"@context\":\"https:\/\/schema.org\",\"@graph\":[{\"@type\":\"WebSite\",\"@id\":\"https:\/\/www.nettali.com\/#website\",\"url\":\"https:\/\/www.nettali.com\/\",\"name\":\"Nettali.com\",\"description\":\"Le rendez-vous critique du Net\",\"potentialAction\":[{\"@type\":\"SearchAction\",\"target\":{\"@type\":\"EntryPoint\",\"urlTemplate\":\"https:\/\/www.nettali.com\/?s={search_term_string}\"},\"query-input\":\"required name=search_term_string\"}],\"inLanguage\":\"fr-FR\"},{\"@type\":\"ImageObject\",\"@id\":\"https:\/\/www.nettali.com\/2025\/12\/10\/crise-sociale-a-seneau-geneve-sen-mele\/#primaryimage\",\"inLanguage\":\"fr-FR\",\"url\":\"https:\/\/www.nettali.com\/wp-content\/uploads\/2025\/12\/postQueueImg_1676040976.06.jpg\",\"contentUrl\":\"https:\/\/www.nettali.com\/wp-content\/uploads\/2025\/12\/postQueueImg_1676040976.06.jpg\",\"width\":1620,\"height\":925},{\"@type\":\"WebPage\",\"@id\":\"https:\/\/www.nettali.com\/2025\/12\/10\/crise-sociale-a-seneau-geneve-sen-mele\/#webpage\",\"url\":\"https:\/\/www.nettali.com\/2025\/12\/10\/crise-sociale-a-seneau-geneve-sen-mele\/\",\"name\":\"CRISE SOCIALE \\u00c0 SEN\\u2019EAU - Gen\\u00e8ve s\\u2019en m\\u00eale | Nettali.com\",\"isPartOf\":{\"@id\":\"https:\/\/www.nettali.com\/#website\"},\"primaryImageOfPage\":{\"@id\":\"https:\/\/www.nettali.com\/2025\/12\/10\/crise-sociale-a-seneau-geneve-sen-mele\/#primaryimage\"},\"datePublished\":\"2025-12-10T14:30:04+00:00\",\"dateModified\":\"2025-12-10T12:23:30+00:00\",\"author\":{\"@id\":\"https:\/\/www.nettali.com\/#\/schema\/person\/d8ac7b7e27ddad43f1c0d2ef090d7f71\"},\"breadcrumb\":{\"@id\":\"https:\/\/www.nettali.com\/2025\/12\/10\/crise-sociale-a-seneau-geneve-sen-mele\/#breadcrumb\"},\"inLanguage\":\"fr-FR\",\"potentialAction\":[{\"@type\":\"ReadAction\",\"target\":[\"https:\/\/www.nettali.com\/2025\/12\/10\/crise-sociale-a-seneau-geneve-sen-mele\/\"]}]},{\"@type\":\"BreadcrumbList\",\"@id\":\"https:\/\/www.nettali.com\/2025\/12\/10\/crise-sociale-a-seneau-geneve-sen-mele\/#breadcrumb\",\"itemListElement\":[{\"@type\":\"ListItem\",\"position\":1,\"name\":\"Accueil\",\"item\":\"https:\/\/www.nettali.com\/\"},{\"@type\":\"ListItem\",\"position\":2,\"name\":\"CRISE SOCIALE \\u00c0 SEN\\u2019EAU - Gen\\u00e8ve s\\u2019en m\\u00eale\"}]},{\"@type\":\"Person\",\"@id\":\"https:\/\/www.nettali.com\/#\/schema\/person\/d8ac7b7e27ddad43f1c0d2ef090d7f71\",\"name\":\"CK\",\"image\":{\"@type\":\"ImageObject\",\"@id\":\"https:\/\/www.nettali.com\/#personlogo\",\"inLanguage\":\"fr-FR\",\"url\":\"https:\/\/secure.gravatar.com\/avatar\/1d8d5118b9327d94da7cd4ce7f17fec2?s=96&d=mm&r=g\",\"contentUrl\":\"https:\/\/secure.gravatar.com\/avatar\/1d8d5118b9327d94da7cd4ce7f17fec2?s=96&d=mm&r=g\",\"caption\":\"CK\"},\"sameAs\":[\"https:\/\/www.nettali.com\"]}]}<\/script>\n<!-- \/ Yoast SEO Premium plugin. -->","yoast_head_json":{"title":"CRISE SOCIALE \u00c0 SEN\u2019EAU - Gen\u00e8ve s\u2019en m\u00eale | Nettali.com","robots":{"index":"index","follow":"follow","max-snippet":"max-snippet:-1","max-image-preview":"max-image-preview:large","max-video-preview":"max-video-preview:-1"},"canonical":"https:\/\/www.nettali.com\/2025\/12\/10\/crise-sociale-a-seneau-geneve-sen-mele\/","og_locale":"fr_FR","og_type":"article","og_title":"CRISE SOCIALE \u00c0 SEN\u2019EAU - Gen\u00e8ve s\u2019en m\u00eale","og_description":"NETTALI.COM - L\u2019 Internationale des services publics (ISP) a exprim\u00e9 une vive pr\u00e9occupation face aux proc\u00e9dures disciplinaires engag\u00e9es contre Oumar Ba, secr\u00e9taire g\u00e9n\u00e9ral du Syndicat autonome des travailleurs de l\u2019eau du S\u00e9n\u00e9gal. R\u00e9uni \u00e0 Gen\u00e8ve les 2 et 3 d\u00e9cembre 2025, le Conseil ex\u00e9cutif EB 167 de l\u2019organisation mondiale a adopt\u00e9 une r\u00e9solution d\u00e9non\u00e7ant les [&hellip;]","og_url":"https:\/\/www.nettali.com\/2025\/12\/10\/crise-sociale-a-seneau-geneve-sen-mele\/","og_site_name":"Nettali.com","article_publisher":"https:\/\/www.facebook.com\/nettalicom","article_published_time":"2025-12-10T14:30:04+00:00","article_modified_time":"2025-12-10T12:23:30+00:00","og_image":[{"width":1620,"height":925,"url":"https:\/\/www.nettali.com\/wp-content\/uploads\/2025\/12\/postQueueImg_1676040976.06.jpg","type":"image\/jpeg"}],"twitter_card":"summary_large_image","twitter_misc":{"\u00c9crit par":"CK","Dur\u00e9e de lecture estim\u00e9e":"2 minutes"},"schema":{"@context":"https:\/\/schema.org","@graph":[{"@type":"WebSite","@id":"https:\/\/www.nettali.com\/#website","url":"https:\/\/www.nettali.com\/","name":"Nettali.com","description":"Le rendez-vous critique du Net","potentialAction":[{"@type":"SearchAction","target":{"@type":"EntryPoint","urlTemplate":"https:\/\/www.nettali.com\/?s={search_term_string}"},"query-input":"required name=search_term_string"}],"inLanguage":"fr-FR"},{"@type":"ImageObject","@id":"https:\/\/www.nettali.com\/2025\/12\/10\/crise-sociale-a-seneau-geneve-sen-mele\/#primaryimage","inLanguage":"fr-FR","url":"https:\/\/www.nettali.com\/wp-content\/uploads\/2025\/12\/postQueueImg_1676040976.06.jpg","contentUrl":"https:\/\/www.nettali.com\/wp-content\/uploads\/2025\/12\/postQueueImg_1676040976.06.jpg","width":1620,"height":925},{"@type":"WebPage","@id":"https:\/\/www.nettali.com\/2025\/12\/10\/crise-sociale-a-seneau-geneve-sen-mele\/#webpage","url":"https:\/\/www.nettali.com\/2025\/12\/10\/crise-sociale-a-seneau-geneve-sen-mele\/","name":"CRISE SOCIALE \u00c0 SEN\u2019EAU - Gen\u00e8ve s\u2019en m\u00eale | Nettali.com","isPartOf":{"@id":"https:\/\/www.nettali.com\/#website"},"primaryImageOfPage":{"@id":"https:\/\/www.nettali.com\/2025\/12\/10\/crise-sociale-a-seneau-geneve-sen-mele\/#primaryimage"},"datePublished":"2025-12-10T14:30:04+00:00","dateModified":"2025-12-10T12:23:30+00:00","author":{"@id":"https:\/\/www.nettali.com\/#\/schema\/person\/d8ac7b7e27ddad43f1c0d2ef090d7f71"},"breadcrumb":{"@id":"https:\/\/www.nettali.com\/2025\/12\/10\/crise-sociale-a-seneau-geneve-sen-mele\/#breadcrumb"},"inLanguage":"fr-FR","potentialAction":[{"@type":"ReadAction","target":["https:\/\/www.nettali.com\/2025\/12\/10\/crise-sociale-a-seneau-geneve-sen-mele\/"]}]},{"@type":"BreadcrumbList","@id":"https:\/\/www.nettali.com\/2025\/12\/10\/crise-sociale-a-seneau-geneve-sen-mele\/#breadcrumb","itemListElement":[{"@type":"ListItem","position":1,"name":"Accueil","item":"https:\/\/www.nettali.com\/"},{"@type":"ListItem","position":2,"name":"CRISE SOCIALE \u00c0 SEN\u2019EAU - Gen\u00e8ve s\u2019en m\u00eale"}]},{"@type":"Person","@id":"https:\/\/www.nettali.com\/#\/schema\/person\/d8ac7b7e27ddad43f1c0d2ef090d7f71","name":"CK","image":{"@type":"ImageObject","@id":"https:\/\/www.nettali.com\/#personlogo","inLanguage":"fr-FR","url":"https:\/\/secure.gravatar.com\/avatar\/1d8d5118b9327d94da7cd4ce7f17fec2?s=96&d=mm&r=g","contentUrl":"https:\/\/secure.gravatar.com\/avatar\/1d8d5118b9327d94da7cd4ce7f17fec2?s=96&d=mm&r=g","caption":"CK"},"sameAs":["https:\/\/www.nettali.com"]}]}},"_links":{"self":[{"href":"https:\/\/www.nettali.com\/rest\/wp\/v2\/posts\/166099"}],"collection":[{"href":"https:\/\/www.nettali.com\/rest\/wp\/v2\/posts"}],"about":[{"href":"https:\/\/www.nettali.com\/rest\/wp\/v2\/types\/post"}],"author":[{"embeddable":true,"href":"https:\/\/www.nettali.com\/rest\/wp\/v2\/users\/2"}],"replies":[{"embeddable":true,"href":"https:\/\/www.nettali.com\/rest\/wp\/v2\/comments?post=166099"}],"version-history":[{"count":1,"href":"https:\/\/www.nettali.com\/rest\/wp\/v2\/posts\/166099\/revisions"}],"predecessor-version":[{"id":166101,"href":"https:\/\/www.nettali.com\/rest\/wp\/v2\/posts\/166099\/revisions\/166101"}],"wp:featuredmedia":[{"embeddable":true,"href":"https:\/\/www.nettali.com\/rest\/wp\/v2\/media\/166100"}],"wp:attachment":[{"href":"https:\/\/www.nettali.com\/rest\/wp\/v2\/media?parent=166099"}],"wp:term":[{"taxonomy":"category","embeddable":true,"href":"https:\/\/www.nettali.com\/rest\/wp\/v2\/categories?post=166099"},{"taxonomy":"post_tag","embeddable":true,"href":"https:\/\/www.nettali.com\/rest\/wp\/v2\/tags?post=166099"}],"curies":[{"name":"wp","href":"https:\/\/api.w.org\/{rel}","templated":true}]}}