{"id":166097,"date":"2025-12-10T07:53:45","date_gmt":"2025-12-10T07:53:45","guid":{"rendered":"https:\/\/www.nettali.com\/?p=166097"},"modified":"2025-12-11T07:02:30","modified_gmt":"2025-12-11T07:02:30","slug":"pool-judiciaire-financier-farba-ngom-auditionne-lundi-apres-plus-de-neuf-mois-de-detention","status":"publish","type":"post","link":"https:\/\/www.nettali.com\/2025\/12\/10\/pool-judiciaire-financier-farba-ngom-auditionne-lundi-apres-plus-de-neuf-mois-de-detention\/","title":{"rendered":"POOL JUDICIAIRE FINANCIER - Farba Ngom auditionn\u00e9 lundi apr\u00e8s plus de neuf mois de d\u00e9tention"},"content":{"rendered":"<p data-start=\"155\" data-end=\"385\"><strong data-start=\"155\" data-end=\"385\">NETTALI.COM - Apr\u00e8s plus de neuf mois derri\u00e8re les barreaux, l\u2019ancien d\u00e9put\u00e9 Farba Ngom sera entendu sur le fond du dossier lundi prochain. Une \u00e9tape d\u00e9cisive dans une proc\u00e9dure judiciaire entam\u00e9e depuis son placement en d\u00e9tention, le 27 f\u00e9vrier 2025.<\/strong><\/p>\n<p data-start=\"387\" data-end=\"659\">L\u2019instruction dans l\u2019affaire visant Farba Ngom s\u2019appr\u00eate \u00e0 franchir un tournant majeur. Selon les informations disponibles, l\u2019ancien parlementaire sera auditionn\u00e9 sur le fond lundi prochain, apr\u00e8s une longue p\u00e9riode de d\u00e9tention pr\u00e9ventive qui d\u00e9passe d\u00e9sormais neuf mois.<\/p>\n<p data-start=\"661\" data-end=\"945\">Plac\u00e9 en d\u00e9tention le 27 f\u00e9vrier 2025, Farba Ngom n\u2019avait jusque-l\u00e0 \u00e9t\u00e9 entendu que sur des \u00e9l\u00e9ments pr\u00e9liminaires. Cette nouvelle audition, men\u00e9e par le juge d\u2019instruction, devrait permettre de clarifier plusieurs aspects du dossier et d\u2019orienter la suite de la proc\u00e9dure judiciaire.<\/p>\n<div class='share-to-whatsapp-wrapper'><div class='share-on-whsp'>PARTAGER SUR : <\/div><a data-text='POOL JUDICIAIRE FINANCIER - Farba Ngom auditionn\u00e9 lundi apr\u00e8s plus de neuf mois de d\u00e9tention' data-link='https:\/\/www.nettali.com\/2025\/12\/10\/pool-judiciaire-financier-farba-ngom-auditionne-lundi-apres-plus-de-neuf-mois-de-detention\/' class='whatsapp-button whatsapp-share'>WhatsApp<\/a><div class='clear '><\/div><\/div>","protected":false},"excerpt":{"rendered":"<p>NETTALI.COM - Apr\u00e8s plus de neuf mois derri\u00e8re les barreaux, l\u2019ancien d\u00e9put\u00e9 Farba Ngom sera entendu sur le fond du dossier lundi prochain. Une \u00e9tape d\u00e9cisive dans une proc\u00e9dure judiciaire entam\u00e9e depuis son placement en d\u00e9tention, le 27 f\u00e9vrier 2025. L\u2019instruction dans l\u2019affaire visant Farba Ngom s\u2019appr\u00eate \u00e0 franchir un tournant majeur. Selon les informations [&hellip;]<\/p>\n","protected":false},"author":4,"featured_media":147137,"comment_status":"open","ping_status":"open","sticky":false,"template":"","format":"standard","meta":{"_et_pb_use_builder":"","_et_pb_old_content":""},"categories":[3],"tags":[],"yoast_head":"<!-- This site is optimized with the Yoast SEO Premium plugin v17.8 (Yoast SEO v17.8) - https:\/\/yoast.com\/wordpress\/plugins\/seo\/ -->\n<title>POOL JUDICIAIRE FINANCIER - Farba Ngom auditionn\u00e9 lundi apr\u00e8s plus de neuf mois de d\u00e9tention | Nettali.com<\/title>\n<meta name=\"robots\" content=\"index, follow, max-snippet:-1, max-image-preview:large, max-video-preview:-1\" \/>\n<link rel=\"canonical\" href=\"https:\/\/www.nettali.com\/2025\/12\/10\/pool-judiciaire-financier-farba-ngom-auditionne-lundi-apres-plus-de-neuf-mois-de-detention\/\" \/>\n<meta property=\"og:locale\" content=\"fr_FR\" \/>\n<meta property=\"og:type\" content=\"article\" \/>\n<meta property=\"og:title\" content=\"POOL JUDICIAIRE FINANCIER - Farba Ngom auditionn\u00e9 lundi apr\u00e8s plus de neuf mois de d\u00e9tention\" \/>\n<meta property=\"og:description\" content=\"NETTALI.COM - Apr\u00e8s plus de neuf mois derri\u00e8re les barreaux, l\u2019ancien d\u00e9put\u00e9 Farba Ngom sera entendu sur le fond du dossier lundi prochain. Une \u00e9tape d\u00e9cisive dans une proc\u00e9dure judiciaire entam\u00e9e depuis son placement en d\u00e9tention, le 27 f\u00e9vrier 2025. L\u2019instruction dans l\u2019affaire visant Farba Ngom s\u2019appr\u00eate \u00e0 franchir un tournant majeur. Selon les informations [&hellip;]\" \/>\n<meta property=\"og:url\" content=\"https:\/\/www.nettali.com\/2025\/12\/10\/pool-judiciaire-financier-farba-ngom-auditionne-lundi-apres-plus-de-neuf-mois-de-detention\/\" \/>\n<meta property=\"og:site_name\" content=\"Nettali.com\" \/>\n<meta property=\"article:publisher\" content=\"https:\/\/www.facebook.com\/nettalicom\" \/>\n<meta property=\"article:published_time\" content=\"2025-12-10T07:53:45+00:00\" \/>\n<meta property=\"article:modified_time\" content=\"2025-12-11T07:02:30+00:00\" \/>\n<meta property=\"og:image\" content=\"https:\/\/www.nettali.com\/wp-content\/uploads\/2025\/01\/farba-ngom.jpg\" \/>\n\t<meta property=\"og:image:width\" content=\"772\" \/>\n\t<meta property=\"og:image:height\" content=\"458\" \/>\n<meta name=\"twitter:card\" content=\"summary_large_image\" \/>\n<meta name=\"twitter:label1\" content=\"\u00c9crit par\" \/>\n\t<meta name=\"twitter:data1\" content=\"Daouda\" \/>\n\t<meta name=\"twitter:label2\" content=\"Dur\u00e9e de lecture estim\u00e9e\" \/>\n\t<meta name=\"twitter:data2\" content=\"1 minute\" \/>\n<script type=\"application\/ld+json\" class=\"yoast-schema-graph\">{\"@context\":\"https:\/\/schema.org\",\"@graph\":[{\"@type\":\"WebSite\",\"@id\":\"https:\/\/www.nettali.com\/#website\",\"url\":\"https:\/\/www.nettali.com\/\",\"name\":\"Nettali.com\",\"description\":\"Le rendez-vous critique du Net\",\"potentialAction\":[{\"@type\":\"SearchAction\",\"target\":{\"@type\":\"EntryPoint\",\"urlTemplate\":\"https:\/\/www.nettali.com\/?s={search_term_string}\"},\"query-input\":\"required name=search_term_string\"}],\"inLanguage\":\"fr-FR\"},{\"@type\":\"ImageObject\",\"@id\":\"https:\/\/www.nettali.com\/2025\/12\/10\/pool-judiciaire-financier-farba-ngom-auditionne-lundi-apres-plus-de-neuf-mois-de-detention\/#primaryimage\",\"inLanguage\":\"fr-FR\",\"url\":\"https:\/\/www.nettali.com\/wp-content\/uploads\/2025\/01\/farba-ngom.jpg\",\"contentUrl\":\"https:\/\/www.nettali.com\/wp-content\/uploads\/2025\/01\/farba-ngom.jpg\",\"width\":772,\"height\":458},{\"@type\":\"WebPage\",\"@id\":\"https:\/\/www.nettali.com\/2025\/12\/10\/pool-judiciaire-financier-farba-ngom-auditionne-lundi-apres-plus-de-neuf-mois-de-detention\/#webpage\",\"url\":\"https:\/\/www.nettali.com\/2025\/12\/10\/pool-judiciaire-financier-farba-ngom-auditionne-lundi-apres-plus-de-neuf-mois-de-detention\/\",\"name\":\"POOL JUDICIAIRE FINANCIER - Farba Ngom auditionn\\u00e9 lundi apr\\u00e8s plus de neuf mois de d\\u00e9tention | Nettali.com\",\"isPartOf\":{\"@id\":\"https:\/\/www.nettali.com\/#website\"},\"primaryImageOfPage\":{\"@id\":\"https:\/\/www.nettali.com\/2025\/12\/10\/pool-judiciaire-financier-farba-ngom-auditionne-lundi-apres-plus-de-neuf-mois-de-detention\/#primaryimage\"},\"datePublished\":\"2025-12-10T07:53:45+00:00\",\"dateModified\":\"2025-12-11T07:02:30+00:00\",\"author\":{\"@id\":\"https:\/\/www.nettali.com\/#\/schema\/person\/3317e0bb3aa1da309fbf7b2780901bf4\"},\"breadcrumb\":{\"@id\":\"https:\/\/www.nettali.com\/2025\/12\/10\/pool-judiciaire-financier-farba-ngom-auditionne-lundi-apres-plus-de-neuf-mois-de-detention\/#breadcrumb\"},\"inLanguage\":\"fr-FR\",\"potentialAction\":[{\"@type\":\"ReadAction\",\"target\":[\"https:\/\/www.nettali.com\/2025\/12\/10\/pool-judiciaire-financier-farba-ngom-auditionne-lundi-apres-plus-de-neuf-mois-de-detention\/\"]}]},{\"@type\":\"BreadcrumbList\",\"@id\":\"https:\/\/www.nettali.com\/2025\/12\/10\/pool-judiciaire-financier-farba-ngom-auditionne-lundi-apres-plus-de-neuf-mois-de-detention\/#breadcrumb\",\"itemListElement\":[{\"@type\":\"ListItem\",\"position\":1,\"name\":\"Accueil\",\"item\":\"https:\/\/www.nettali.com\/\"},{\"@type\":\"ListItem\",\"position\":2,\"name\":\"POOL JUDICIAIRE FINANCIER - Farba Ngom auditionn\\u00e9 lundi apr\\u00e8s plus de neuf mois de d\\u00e9tention\"}]},{\"@type\":\"Person\",\"@id\":\"https:\/\/www.nettali.com\/#\/schema\/person\/3317e0bb3aa1da309fbf7b2780901bf4\",\"name\":\"Daouda\",\"image\":{\"@type\":\"ImageObject\",\"@id\":\"https:\/\/www.nettali.com\/#personlogo\",\"inLanguage\":\"fr-FR\",\"url\":\"https:\/\/secure.gravatar.com\/avatar\/8d143b5a49345098ddcfee1c49c2f47c?s=96&d=mm&r=g\",\"contentUrl\":\"https:\/\/secure.gravatar.com\/avatar\/8d143b5a49345098ddcfee1c49c2f47c?s=96&d=mm&r=g\",\"caption\":\"Daouda\"},\"sameAs\":[\"https:\/\/www.nettali.com\"]}]}<\/script>\n<!-- \/ Yoast SEO Premium plugin. -->","yoast_head_json":{"title":"POOL JUDICIAIRE FINANCIER - Farba Ngom auditionn\u00e9 lundi apr\u00e8s plus de neuf mois de d\u00e9tention | Nettali.com","robots":{"index":"index","follow":"follow","max-snippet":"max-snippet:-1","max-image-preview":"max-image-preview:large","max-video-preview":"max-video-preview:-1"},"canonical":"https:\/\/www.nettali.com\/2025\/12\/10\/pool-judiciaire-financier-farba-ngom-auditionne-lundi-apres-plus-de-neuf-mois-de-detention\/","og_locale":"fr_FR","og_type":"article","og_title":"POOL JUDICIAIRE FINANCIER - Farba Ngom auditionn\u00e9 lundi apr\u00e8s plus de neuf mois de d\u00e9tention","og_description":"NETTALI.COM - Apr\u00e8s plus de neuf mois derri\u00e8re les barreaux, l\u2019ancien d\u00e9put\u00e9 Farba Ngom sera entendu sur le fond du dossier lundi prochain. Une \u00e9tape d\u00e9cisive dans une proc\u00e9dure judiciaire entam\u00e9e depuis son placement en d\u00e9tention, le 27 f\u00e9vrier 2025. L\u2019instruction dans l\u2019affaire visant Farba Ngom s\u2019appr\u00eate \u00e0 franchir un tournant majeur. Selon les informations [&hellip;]","og_url":"https:\/\/www.nettali.com\/2025\/12\/10\/pool-judiciaire-financier-farba-ngom-auditionne-lundi-apres-plus-de-neuf-mois-de-detention\/","og_site_name":"Nettali.com","article_publisher":"https:\/\/www.facebook.com\/nettalicom","article_published_time":"2025-12-10T07:53:45+00:00","article_modified_time":"2025-12-11T07:02:30+00:00","og_image":[{"width":772,"height":458,"url":"https:\/\/www.nettali.com\/wp-content\/uploads\/2025\/01\/farba-ngom.jpg","type":"image\/jpeg"}],"twitter_card":"summary_large_image","twitter_misc":{"\u00c9crit par":"Daouda","Dur\u00e9e de lecture estim\u00e9e":"1 minute"},"schema":{"@context":"https:\/\/schema.org","@graph":[{"@type":"WebSite","@id":"https:\/\/www.nettali.com\/#website","url":"https:\/\/www.nettali.com\/","name":"Nettali.com","description":"Le rendez-vous critique du Net","potentialAction":[{"@type":"SearchAction","target":{"@type":"EntryPoint","urlTemplate":"https:\/\/www.nettali.com\/?s={search_term_string}"},"query-input":"required name=search_term_string"}],"inLanguage":"fr-FR"},{"@type":"ImageObject","@id":"https:\/\/www.nettali.com\/2025\/12\/10\/pool-judiciaire-financier-farba-ngom-auditionne-lundi-apres-plus-de-neuf-mois-de-detention\/#primaryimage","inLanguage":"fr-FR","url":"https:\/\/www.nettali.com\/wp-content\/uploads\/2025\/01\/farba-ngom.jpg","contentUrl":"https:\/\/www.nettali.com\/wp-content\/uploads\/2025\/01\/farba-ngom.jpg","width":772,"height":458},{"@type":"WebPage","@id":"https:\/\/www.nettali.com\/2025\/12\/10\/pool-judiciaire-financier-farba-ngom-auditionne-lundi-apres-plus-de-neuf-mois-de-detention\/#webpage","url":"https:\/\/www.nettali.com\/2025\/12\/10\/pool-judiciaire-financier-farba-ngom-auditionne-lundi-apres-plus-de-neuf-mois-de-detention\/","name":"POOL JUDICIAIRE FINANCIER - Farba Ngom auditionn\u00e9 lundi apr\u00e8s plus de neuf mois de d\u00e9tention | Nettali.com","isPartOf":{"@id":"https:\/\/www.nettali.com\/#website"},"primaryImageOfPage":{"@id":"https:\/\/www.nettali.com\/2025\/12\/10\/pool-judiciaire-financier-farba-ngom-auditionne-lundi-apres-plus-de-neuf-mois-de-detention\/#primaryimage"},"datePublished":"2025-12-10T07:53:45+00:00","dateModified":"2025-12-11T07:02:30+00:00","author":{"@id":"https:\/\/www.nettali.com\/#\/schema\/person\/3317e0bb3aa1da309fbf7b2780901bf4"},"breadcrumb":{"@id":"https:\/\/www.nettali.com\/2025\/12\/10\/pool-judiciaire-financier-farba-ngom-auditionne-lundi-apres-plus-de-neuf-mois-de-detention\/#breadcrumb"},"inLanguage":"fr-FR","potentialAction":[{"@type":"ReadAction","target":["https:\/\/www.nettali.com\/2025\/12\/10\/pool-judiciaire-financier-farba-ngom-auditionne-lundi-apres-plus-de-neuf-mois-de-detention\/"]}]},{"@type":"BreadcrumbList","@id":"https:\/\/www.nettali.com\/2025\/12\/10\/pool-judiciaire-financier-farba-ngom-auditionne-lundi-apres-plus-de-neuf-mois-de-detention\/#breadcrumb","itemListElement":[{"@type":"ListItem","position":1,"name":"Accueil","item":"https:\/\/www.nettali.com\/"},{"@type":"ListItem","position":2,"name":"POOL JUDICIAIRE FINANCIER - Farba Ngom auditionn\u00e9 lundi apr\u00e8s plus de neuf mois de d\u00e9tention"}]},{"@type":"Person","@id":"https:\/\/www.nettali.com\/#\/schema\/person\/3317e0bb3aa1da309fbf7b2780901bf4","name":"Daouda","image":{"@type":"ImageObject","@id":"https:\/\/www.nettali.com\/#personlogo","inLanguage":"fr-FR","url":"https:\/\/secure.gravatar.com\/avatar\/8d143b5a49345098ddcfee1c49c2f47c?s=96&d=mm&r=g","contentUrl":"https:\/\/secure.gravatar.com\/avatar\/8d143b5a49345098ddcfee1c49c2f47c?s=96&d=mm&r=g","caption":"Daouda"},"sameAs":["https:\/\/www.nettali.com"]}]}},"_links":{"self":[{"href":"https:\/\/www.nettali.com\/rest\/wp\/v2\/posts\/166097"}],"collection":[{"href":"https:\/\/www.nettali.com\/rest\/wp\/v2\/posts"}],"about":[{"href":"https:\/\/www.nettali.com\/rest\/wp\/v2\/types\/post"}],"author":[{"embeddable":true,"href":"https:\/\/www.nettali.com\/rest\/wp\/v2\/users\/4"}],"replies":[{"embeddable":true,"href":"https:\/\/www.nettali.com\/rest\/wp\/v2\/comments?post=166097"}],"version-history":[{"count":1,"href":"https:\/\/www.nettali.com\/rest\/wp\/v2\/posts\/166097\/revisions"}],"predecessor-version":[{"id":166098,"href":"https:\/\/www.nettali.com\/rest\/wp\/v2\/posts\/166097\/revisions\/166098"}],"wp:featuredmedia":[{"embeddable":true,"href":"https:\/\/www.nettali.com\/rest\/wp\/v2\/media\/147137"}],"wp:attachment":[{"href":"https:\/\/www.nettali.com\/rest\/wp\/v2\/media?parent=166097"}],"wp:term":[{"taxonomy":"category","embeddable":true,"href":"https:\/\/www.nettali.com\/rest\/wp\/v2\/categories?post=166097"},{"taxonomy":"post_tag","embeddable":true,"href":"https:\/\/www.nettali.com\/rest\/wp\/v2\/tags?post=166097"}],"curies":[{"name":"wp","href":"https:\/\/api.w.org\/{rel}","templated":true}]}}