{"id":166090,"date":"2025-12-10T07:19:45","date_gmt":"2025-12-10T07:19:45","guid":{"rendered":"https:\/\/www.nettali.com\/?p=166090"},"modified":"2025-12-10T07:19:45","modified_gmt":"2025-12-10T07:19:45","slug":"ministere-de-la-famille-une-baisse-de-budget-de-plus-de-54-milliards","status":"publish","type":"post","link":"https:\/\/www.nettali.com\/2025\/12\/10\/ministere-de-la-famille-une-baisse-de-budget-de-plus-de-54-milliards\/","title":{"rendered":"MINISTERE DE LA FAMILLE - Une baisse de budget de plus de 54 milliards"},"content":{"rendered":"<p><strong>NETTALI.COM - Le minist\u00e8re de la Famille, de l\u2019Action sociale et des Solidarit\u00e9s s\u2019est engag\u00e9 \u00e0 payer 134 654 619 331 francs CFA (autorisations d\u2019engagement) en 2026, ses ressources financi\u00e8res \u00e9tant estim\u00e9es \u00e0 122 810 621 884 francs CFA (cr\u00e9dits de paiement), avec une baisse de 54,4 milliards de francs, a-t-on appris, mardi, de la commission des finances et du contr\u00f4le budg\u00e9taire de l\u2019Assembl\u00e9e nationale.<\/strong><\/p>\n<p><em>\"Le projet de budget 2026 du minist\u00e8re de la Famille, de l\u2019Action sociale et des Solidarit\u00e9s est arr\u00eat\u00e9 \u00e0 134 654 619 331 francs CFA en autorisations d\u2019engagement et \u00e0 122 810 621 884 francs en cr\u00e9dits de paiement\u2019\u2019<\/em>, a indiqu\u00e9 Mady Danfakha, le pr\u00e9sident de ladite commission parlementaire.<\/p>\n<p>Les cr\u00e9dits de paiement connaissent une baisse de 54 400 256 693 francs CFA par rapport \u00e0 leur montant en 2025, selon un rapport dont M. Danfakha a donn\u00e9 lecture lorsque les d\u00e9put\u00e9s examinaient le budget de ce d\u00e9partement minist\u00e9riel.<\/p>\n<p>Cette baisse s\u2019explique par le transfert d\u2019importants programmes, dont le Programme d\u2019urgence et de modernisation des axes et territoires frontaliers, \u00e0 un autre minist\u00e8re, a expliqu\u00e9 Ma\u00efmouna Di\u00e8ye, la ministre la Famille, de l\u2019Action sociale et des Solidarit\u00e9s.<\/p>\n<p>Mais la direction g\u00e9n\u00e9rale de l\u2019action sociale, charg\u00e9e de la protection des personnes \u00e2g\u00e9es et de l\u2019accompagnement psychosocial des inadapt\u00e9s sociaux, est rattach\u00e9e au minist\u00e8re de la Famille depuis le r\u00e9am\u00e9nagement du gouvernement en septembre dernier.<\/p>\n<p>En 2026, le d\u00e9partement minist\u00e9riel qu\u2019elle dirige va surtout d\u00e9rouler des programmes de promotion du genre et d\u2019autonomisation \u00e9conomique des femmes, de protection de la famille, de l\u2019enfance et des groupes vuln\u00e9rables, selon Mme Di\u00e8ye.<\/p>\n<div class='share-to-whatsapp-wrapper'><div class='share-on-whsp'>PARTAGER SUR : <\/div><a data-text='MINISTERE DE LA FAMILLE - Une baisse de budget de plus de 54 milliards' data-link='https:\/\/www.nettali.com\/2025\/12\/10\/ministere-de-la-famille-une-baisse-de-budget-de-plus-de-54-milliards\/' class='whatsapp-button whatsapp-share'>WhatsApp<\/a><div class='clear '><\/div><\/div>","protected":false},"excerpt":{"rendered":"<p>NETTALI.COM - Le minist\u00e8re de la Famille, de l\u2019Action sociale et des Solidarit\u00e9s s\u2019est engag\u00e9 \u00e0 payer 134 654 619 331 francs CFA (autorisations d\u2019engagement) en 2026, ses ressources financi\u00e8res \u00e9tant estim\u00e9es \u00e0 122 810 621 884 francs CFA (cr\u00e9dits de paiement), avec une baisse de 54,4 milliards de francs, a-t-on appris, mardi, de la [&hellip;]<\/p>\n","protected":false},"author":4,"featured_media":114933,"comment_status":"open","ping_status":"open","sticky":false,"template":"","format":"standard","meta":{"_et_pb_use_builder":"","_et_pb_old_content":""},"categories":[3],"tags":[],"yoast_head":"<!-- This site is optimized with the Yoast SEO Premium plugin v17.8 (Yoast SEO v17.8) - https:\/\/yoast.com\/wordpress\/plugins\/seo\/ -->\n<title>MINISTERE DE LA FAMILLE - Une baisse de budget de plus de 54 milliards | Nettali.com<\/title>\n<meta name=\"robots\" content=\"index, follow, max-snippet:-1, max-image-preview:large, max-video-preview:-1\" \/>\n<link rel=\"canonical\" href=\"https:\/\/www.nettali.com\/2025\/12\/10\/ministere-de-la-famille-une-baisse-de-budget-de-plus-de-54-milliards\/\" \/>\n<meta property=\"og:locale\" content=\"fr_FR\" \/>\n<meta property=\"og:type\" content=\"article\" \/>\n<meta property=\"og:title\" content=\"MINISTERE DE LA FAMILLE - Une baisse de budget de plus de 54 milliards\" \/>\n<meta property=\"og:description\" content=\"NETTALI.COM - Le minist\u00e8re de la Famille, de l\u2019Action sociale et des Solidarit\u00e9s s\u2019est engag\u00e9 \u00e0 payer 134 654 619 331 francs CFA (autorisations d\u2019engagement) en 2026, ses ressources financi\u00e8res \u00e9tant estim\u00e9es \u00e0 122 810 621 884 francs CFA (cr\u00e9dits de paiement), avec une baisse de 54,4 milliards de francs, a-t-on appris, mardi, de la [&hellip;]\" \/>\n<meta property=\"og:url\" content=\"https:\/\/www.nettali.com\/2025\/12\/10\/ministere-de-la-famille-une-baisse-de-budget-de-plus-de-54-milliards\/\" \/>\n<meta property=\"og:site_name\" content=\"Nettali.com\" \/>\n<meta property=\"article:publisher\" content=\"https:\/\/www.facebook.com\/nettalicom\" \/>\n<meta property=\"article:published_time\" content=\"2025-12-10T07:19:45+00:00\" \/>\n<meta property=\"og:image\" content=\"https:\/\/www.nettali.com\/wp-content\/uploads\/2023\/07\/maimounadieye_.jpg\" \/>\n\t<meta property=\"og:image:width\" content=\"660\" \/>\n\t<meta property=\"og:image:height\" content=\"330\" \/>\n<meta name=\"twitter:card\" content=\"summary_large_image\" \/>\n<meta name=\"twitter:label1\" content=\"\u00c9crit par\" \/>\n\t<meta name=\"twitter:data1\" content=\"Daouda\" \/>\n\t<meta name=\"twitter:label2\" content=\"Dur\u00e9e de lecture estim\u00e9e\" \/>\n\t<meta name=\"twitter:data2\" content=\"1 minute\" \/>\n<script type=\"application\/ld+json\" class=\"yoast-schema-graph\">{\"@context\":\"https:\/\/schema.org\",\"@graph\":[{\"@type\":\"WebSite\",\"@id\":\"https:\/\/www.nettali.com\/#website\",\"url\":\"https:\/\/www.nettali.com\/\",\"name\":\"Nettali.com\",\"description\":\"Le rendez-vous critique du Net\",\"potentialAction\":[{\"@type\":\"SearchAction\",\"target\":{\"@type\":\"EntryPoint\",\"urlTemplate\":\"https:\/\/www.nettali.com\/?s={search_term_string}\"},\"query-input\":\"required name=search_term_string\"}],\"inLanguage\":\"fr-FR\"},{\"@type\":\"ImageObject\",\"@id\":\"https:\/\/www.nettali.com\/2025\/12\/10\/ministere-de-la-famille-une-baisse-de-budget-de-plus-de-54-milliards\/#primaryimage\",\"inLanguage\":\"fr-FR\",\"url\":\"https:\/\/www.nettali.com\/wp-content\/uploads\/2023\/07\/maimounadieye_.jpg\",\"contentUrl\":\"https:\/\/www.nettali.com\/wp-content\/uploads\/2023\/07\/maimounadieye_.jpg\",\"width\":660,\"height\":330},{\"@type\":\"WebPage\",\"@id\":\"https:\/\/www.nettali.com\/2025\/12\/10\/ministere-de-la-famille-une-baisse-de-budget-de-plus-de-54-milliards\/#webpage\",\"url\":\"https:\/\/www.nettali.com\/2025\/12\/10\/ministere-de-la-famille-une-baisse-de-budget-de-plus-de-54-milliards\/\",\"name\":\"MINISTERE DE LA FAMILLE - Une baisse de budget de plus de 54 milliards | Nettali.com\",\"isPartOf\":{\"@id\":\"https:\/\/www.nettali.com\/#website\"},\"primaryImageOfPage\":{\"@id\":\"https:\/\/www.nettali.com\/2025\/12\/10\/ministere-de-la-famille-une-baisse-de-budget-de-plus-de-54-milliards\/#primaryimage\"},\"datePublished\":\"2025-12-10T07:19:45+00:00\",\"dateModified\":\"2025-12-10T07:19:45+00:00\",\"author\":{\"@id\":\"https:\/\/www.nettali.com\/#\/schema\/person\/3317e0bb3aa1da309fbf7b2780901bf4\"},\"breadcrumb\":{\"@id\":\"https:\/\/www.nettali.com\/2025\/12\/10\/ministere-de-la-famille-une-baisse-de-budget-de-plus-de-54-milliards\/#breadcrumb\"},\"inLanguage\":\"fr-FR\",\"potentialAction\":[{\"@type\":\"ReadAction\",\"target\":[\"https:\/\/www.nettali.com\/2025\/12\/10\/ministere-de-la-famille-une-baisse-de-budget-de-plus-de-54-milliards\/\"]}]},{\"@type\":\"BreadcrumbList\",\"@id\":\"https:\/\/www.nettali.com\/2025\/12\/10\/ministere-de-la-famille-une-baisse-de-budget-de-plus-de-54-milliards\/#breadcrumb\",\"itemListElement\":[{\"@type\":\"ListItem\",\"position\":1,\"name\":\"Accueil\",\"item\":\"https:\/\/www.nettali.com\/\"},{\"@type\":\"ListItem\",\"position\":2,\"name\":\"MINISTERE DE LA FAMILLE - Une baisse de budget de plus de 54 milliards\"}]},{\"@type\":\"Person\",\"@id\":\"https:\/\/www.nettali.com\/#\/schema\/person\/3317e0bb3aa1da309fbf7b2780901bf4\",\"name\":\"Daouda\",\"image\":{\"@type\":\"ImageObject\",\"@id\":\"https:\/\/www.nettali.com\/#personlogo\",\"inLanguage\":\"fr-FR\",\"url\":\"https:\/\/secure.gravatar.com\/avatar\/8d143b5a49345098ddcfee1c49c2f47c?s=96&d=mm&r=g\",\"contentUrl\":\"https:\/\/secure.gravatar.com\/avatar\/8d143b5a49345098ddcfee1c49c2f47c?s=96&d=mm&r=g\",\"caption\":\"Daouda\"},\"sameAs\":[\"https:\/\/www.nettali.com\"]}]}<\/script>\n<!-- \/ Yoast SEO Premium plugin. -->","yoast_head_json":{"title":"MINISTERE DE LA FAMILLE - Une baisse de budget de plus de 54 milliards | Nettali.com","robots":{"index":"index","follow":"follow","max-snippet":"max-snippet:-1","max-image-preview":"max-image-preview:large","max-video-preview":"max-video-preview:-1"},"canonical":"https:\/\/www.nettali.com\/2025\/12\/10\/ministere-de-la-famille-une-baisse-de-budget-de-plus-de-54-milliards\/","og_locale":"fr_FR","og_type":"article","og_title":"MINISTERE DE LA FAMILLE - Une baisse de budget de plus de 54 milliards","og_description":"NETTALI.COM - Le minist\u00e8re de la Famille, de l\u2019Action sociale et des Solidarit\u00e9s s\u2019est engag\u00e9 \u00e0 payer 134 654 619 331 francs CFA (autorisations d\u2019engagement) en 2026, ses ressources financi\u00e8res \u00e9tant estim\u00e9es \u00e0 122 810 621 884 francs CFA (cr\u00e9dits de paiement), avec une baisse de 54,4 milliards de francs, a-t-on appris, mardi, de la [&hellip;]","og_url":"https:\/\/www.nettali.com\/2025\/12\/10\/ministere-de-la-famille-une-baisse-de-budget-de-plus-de-54-milliards\/","og_site_name":"Nettali.com","article_publisher":"https:\/\/www.facebook.com\/nettalicom","article_published_time":"2025-12-10T07:19:45+00:00","og_image":[{"width":660,"height":330,"url":"https:\/\/www.nettali.com\/wp-content\/uploads\/2023\/07\/maimounadieye_.jpg","type":"image\/jpeg"}],"twitter_card":"summary_large_image","twitter_misc":{"\u00c9crit par":"Daouda","Dur\u00e9e de lecture estim\u00e9e":"1 minute"},"schema":{"@context":"https:\/\/schema.org","@graph":[{"@type":"WebSite","@id":"https:\/\/www.nettali.com\/#website","url":"https:\/\/www.nettali.com\/","name":"Nettali.com","description":"Le rendez-vous critique du Net","potentialAction":[{"@type":"SearchAction","target":{"@type":"EntryPoint","urlTemplate":"https:\/\/www.nettali.com\/?s={search_term_string}"},"query-input":"required name=search_term_string"}],"inLanguage":"fr-FR"},{"@type":"ImageObject","@id":"https:\/\/www.nettali.com\/2025\/12\/10\/ministere-de-la-famille-une-baisse-de-budget-de-plus-de-54-milliards\/#primaryimage","inLanguage":"fr-FR","url":"https:\/\/www.nettali.com\/wp-content\/uploads\/2023\/07\/maimounadieye_.jpg","contentUrl":"https:\/\/www.nettali.com\/wp-content\/uploads\/2023\/07\/maimounadieye_.jpg","width":660,"height":330},{"@type":"WebPage","@id":"https:\/\/www.nettali.com\/2025\/12\/10\/ministere-de-la-famille-une-baisse-de-budget-de-plus-de-54-milliards\/#webpage","url":"https:\/\/www.nettali.com\/2025\/12\/10\/ministere-de-la-famille-une-baisse-de-budget-de-plus-de-54-milliards\/","name":"MINISTERE DE LA FAMILLE - Une baisse de budget de plus de 54 milliards | Nettali.com","isPartOf":{"@id":"https:\/\/www.nettali.com\/#website"},"primaryImageOfPage":{"@id":"https:\/\/www.nettali.com\/2025\/12\/10\/ministere-de-la-famille-une-baisse-de-budget-de-plus-de-54-milliards\/#primaryimage"},"datePublished":"2025-12-10T07:19:45+00:00","dateModified":"2025-12-10T07:19:45+00:00","author":{"@id":"https:\/\/www.nettali.com\/#\/schema\/person\/3317e0bb3aa1da309fbf7b2780901bf4"},"breadcrumb":{"@id":"https:\/\/www.nettali.com\/2025\/12\/10\/ministere-de-la-famille-une-baisse-de-budget-de-plus-de-54-milliards\/#breadcrumb"},"inLanguage":"fr-FR","potentialAction":[{"@type":"ReadAction","target":["https:\/\/www.nettali.com\/2025\/12\/10\/ministere-de-la-famille-une-baisse-de-budget-de-plus-de-54-milliards\/"]}]},{"@type":"BreadcrumbList","@id":"https:\/\/www.nettali.com\/2025\/12\/10\/ministere-de-la-famille-une-baisse-de-budget-de-plus-de-54-milliards\/#breadcrumb","itemListElement":[{"@type":"ListItem","position":1,"name":"Accueil","item":"https:\/\/www.nettali.com\/"},{"@type":"ListItem","position":2,"name":"MINISTERE DE LA FAMILLE - Une baisse de budget de plus de 54 milliards"}]},{"@type":"Person","@id":"https:\/\/www.nettali.com\/#\/schema\/person\/3317e0bb3aa1da309fbf7b2780901bf4","name":"Daouda","image":{"@type":"ImageObject","@id":"https:\/\/www.nettali.com\/#personlogo","inLanguage":"fr-FR","url":"https:\/\/secure.gravatar.com\/avatar\/8d143b5a49345098ddcfee1c49c2f47c?s=96&d=mm&r=g","contentUrl":"https:\/\/secure.gravatar.com\/avatar\/8d143b5a49345098ddcfee1c49c2f47c?s=96&d=mm&r=g","caption":"Daouda"},"sameAs":["https:\/\/www.nettali.com"]}]}},"_links":{"self":[{"href":"https:\/\/www.nettali.com\/rest\/wp\/v2\/posts\/166090"}],"collection":[{"href":"https:\/\/www.nettali.com\/rest\/wp\/v2\/posts"}],"about":[{"href":"https:\/\/www.nettali.com\/rest\/wp\/v2\/types\/post"}],"author":[{"embeddable":true,"href":"https:\/\/www.nettali.com\/rest\/wp\/v2\/users\/4"}],"replies":[{"embeddable":true,"href":"https:\/\/www.nettali.com\/rest\/wp\/v2\/comments?post=166090"}],"version-history":[{"count":1,"href":"https:\/\/www.nettali.com\/rest\/wp\/v2\/posts\/166090\/revisions"}],"predecessor-version":[{"id":166091,"href":"https:\/\/www.nettali.com\/rest\/wp\/v2\/posts\/166090\/revisions\/166091"}],"wp:featuredmedia":[{"embeddable":true,"href":"https:\/\/www.nettali.com\/rest\/wp\/v2\/media\/114933"}],"wp:attachment":[{"href":"https:\/\/www.nettali.com\/rest\/wp\/v2\/media?parent=166090"}],"wp:term":[{"taxonomy":"category","embeddable":true,"href":"https:\/\/www.nettali.com\/rest\/wp\/v2\/categories?post=166090"},{"taxonomy":"post_tag","embeddable":true,"href":"https:\/\/www.nettali.com\/rest\/wp\/v2\/tags?post=166090"}],"curies":[{"name":"wp","href":"https:\/\/api.w.org\/{rel}","templated":true}]}}