{"id":166080,"date":"2025-12-10T07:00:29","date_gmt":"2025-12-10T07:00:29","guid":{"rendered":"https:\/\/www.nettali.com\/?p=166080"},"modified":"2025-12-10T09:17:03","modified_gmt":"2025-12-10T09:17:03","slug":"affaire-des-18-milliards-alloues-a-des-martyrs-du-pastef-abdou-mbow-accuse-maimouna-dieye-de-detournement","status":"publish","type":"post","link":"https:\/\/www.nettali.com\/2025\/12\/10\/affaire-des-18-milliards-alloues-a-des-martyrs-du-pastef-abdou-mbow-accuse-maimouna-dieye-de-detournement\/","title":{"rendered":"AFFAIRE DES 1,8 MILLIARDS ALLOU\u00c9S \u00c0 DES \"MARTYRS\" DU PASTEF- Abdou Mbow accuse Maimouna Di\u00e8ye de d\u00e9tournement"},"content":{"rendered":"<div id=\"model-response-message-contentr_3639e36a8cc709f2\" class=\"markdown markdown-main-panel enable-updated-hr-color\" dir=\"ltr\" aria-live=\"polite\" aria-busy=\"false\">\n<p data-path-to-node=\"2\"><strong>NETTALI.COM- Lors de l<\/strong><strong>'examen du budget 2026 du minist\u00e8re de la Famille, de l\u2019Action sociale et des Solidarit\u00e9s \u00e0 le d\u00e9put\u00e9 Abdou Mbow a accus\u00e9 Maimouna Di\u00e8ye de d\u00e9tournement de fonds publics portant sur un montant de 1,8 milliard de francs CFA allou\u00e9 \u00e0 des militants de Pastef suppos\u00e9s \u00eatre des victimes des manifestations politiques de 2021 \u00e0 2024.<\/strong><\/p>\n<p data-path-to-node=\"4\">\u00ab <em>Madame la Ministre, l\u2019aveu est la m\u00e8re des preuves. Vous avez publiquement d\u00e9clar\u00e9, lors d'une manifestation de votre parti politique, avoir puis\u00e9 1 milliard 800 millions dans les comptes des contribuables s\u00e9n\u00e9galais pour les distribuer \u00e0 vos militants de Pastef. Cela n\u2019est rien d\u2019autre qu'un d\u00e9tournement de deniers publics<\/em> \u00bb, a lanc\u00e9 Abdou Mbow, soulignant la gravit\u00e9 de cet acte.<\/p>\n<p data-path-to-node=\"5\">Le d\u00e9put\u00e9 a mis en perspective cette affaire avec un pr\u00e9c\u00e9dent cas de d\u00e9tournement impliquant une ancienne ministre de la Femme, poursuivie pour une somme bien inf\u00e9rieure (50 millions de CFA). Il s'est dit constern\u00e9 avant d'ajouter : \u00ab<em> Et vous avez eu le courage de vous pr\u00e9senter devant votre Premier ministre pour affirmer avoir pris 1 milliard 800 millions sans aucune base l\u00e9gale. Le dire en tant que ministre de la R\u00e9publique est d\u00e9plorable <\/em>\u00bb<\/p>\n<p data-path-to-node=\"6\">Poursuivant son interpellation, Abdou Mbow a questionn\u00e9 la destination finale de ces fonds, sugg\u00e9rant qu'ils auraient \u00e9t\u00e9 allou\u00e9s \u00e0 des individus impliqu\u00e9s dans des actes de violence et de vandalisme : \u00ab <em>L\u2019argent du contribuable que vous avez donn\u00e9 \u00e0 des gens qui ont cass\u00e9 et pill\u00e9 des magasins Auchan, br\u00fbl\u00e9 des bus BRT, et m\u00eame tu\u00e9 des personnes dans des bus \u00e0 Yarakh. Madame la Ministre, je vous demande de nous dire sur quelle base vous avez os\u00e9 prendre l'argent du contribuable pour le distribuer aux militants de Pastef<\/em> , \u00e0 <em>des brigands<\/em>\u00bb.<\/p>\n<p data-path-to-node=\"7\">Le parlementaire a insist\u00e9 sur le fait que la ministre aurait elle-m\u00eame confirm\u00e9 que les fonds provenaient du budget du minist\u00e8re, exigeant une explication sur la l\u00e9galit\u00e9 d'une telle affectation.<\/p>\n<p data-path-to-node=\"8\">M. Mbow a \u00e9galement interpell\u00e9 le Ministre des Finances au sujet d'un pr\u00e9tendu milliard suppl\u00e9mentaire mentionn\u00e9 par le Premier ministre. Il r\u00e9clame des \u00e9claircissements sur la tra\u00e7abilit\u00e9 de ces montants dans les comptes de l\u2019\u00c9tat et sur la base l\u00e9gale de leur d\u00e9caissement.<\/p>\n<p data-path-to-node=\"9\">\u00ab <em>Je voudrais que le Ministre des Finances nous explique dans quelle rubrique ont \u00e9t\u00e9 inscrits ce milliard [suppl\u00e9mentaire, mentionn\u00e9 par le Premier ministre] que vous avez utilis\u00e9 pour organiser ou distribuer \u00e0 d'autres personnes en le faisant passer pour des factures destin\u00e9es \u00e0 vos militants. Et sur quelle base l\u00e9gale vous \u00eates-vous bas\u00e9s pour prendre l'argent du peuple et le c\u00e9der \u00e0 vos militants ?<\/em> \u00bb a-t-il questionn\u00e9 avant de conclure :\u00a0\u00ab <em>Vous devez expliquer tout cela aux S\u00e9n\u00e9galais<\/em> \u00bb.<\/p>\n<p data-path-to-node=\"9\">D'autres d\u00e9put\u00e9s de l'opposition, Tafsir Thioye et Mbaye Dione ont \u00e9galement r\u00e9clam\u00e9 des explications sur cette affaire.<\/p>\n<\/div>\n<div class='share-to-whatsapp-wrapper'><div class='share-on-whsp'>PARTAGER SUR : <\/div><a data-text='AFFAIRE DES 1,8 MILLIARDS ALLOU\u00c9S \u00c0 DES \"MARTYRS\" DU PASTEF- Abdou Mbow accuse Maimouna Di\u00e8ye de d\u00e9tournement' data-link='https:\/\/www.nettali.com\/2025\/12\/10\/affaire-des-18-milliards-alloues-a-des-martyrs-du-pastef-abdou-mbow-accuse-maimouna-dieye-de-detournement\/' class='whatsapp-button whatsapp-share'>WhatsApp<\/a><div class='clear '><\/div><\/div>","protected":false},"excerpt":{"rendered":"<p>NETTALI.COM- Lors de l'examen du budget 2026 du minist\u00e8re de la Famille, de l\u2019Action sociale et des Solidarit\u00e9s \u00e0 le d\u00e9put\u00e9 Abdou Mbow a accus\u00e9 Maimouna Di\u00e8ye de d\u00e9tournement de fonds publics portant sur un montant de 1,8 milliard de francs CFA allou\u00e9 \u00e0 des militants de Pastef suppos\u00e9s \u00eatre des victimes des manifestations politiques [&hellip;]<\/p>\n","protected":false},"author":6,"featured_media":151665,"comment_status":"open","ping_status":"open","sticky":false,"template":"","format":"standard","meta":{"_et_pb_use_builder":"","_et_pb_old_content":""},"categories":[2],"tags":[],"yoast_head":"<!-- This site is optimized with the Yoast SEO Premium plugin v17.8 (Yoast SEO v17.8) - https:\/\/yoast.com\/wordpress\/plugins\/seo\/ -->\n<title>AFFAIRE DES 1,8 MILLIARDS ALLOU\u00c9S \u00c0 DES &quot;MARTYRS&quot; DU PASTEF- Abdou Mbow accuse Maimouna Di\u00e8ye de d\u00e9tournement | Nettali.com<\/title>\n<meta name=\"robots\" content=\"index, follow, max-snippet:-1, max-image-preview:large, max-video-preview:-1\" \/>\n<link rel=\"canonical\" href=\"https:\/\/www.nettali.com\/2025\/12\/10\/affaire-des-18-milliards-alloues-a-des-martyrs-du-pastef-abdou-mbow-accuse-maimouna-dieye-de-detournement\/\" \/>\n<meta property=\"og:locale\" content=\"fr_FR\" \/>\n<meta property=\"og:type\" content=\"article\" \/>\n<meta property=\"og:title\" content=\"AFFAIRE DES 1,8 MILLIARDS ALLOU\u00c9S \u00c0 DES &quot;MARTYRS&quot; DU PASTEF- Abdou Mbow accuse Maimouna Di\u00e8ye de d\u00e9tournement\" \/>\n<meta property=\"og:description\" content=\"NETTALI.COM- Lors de l&#039;examen du budget 2026 du minist\u00e8re de la Famille, de l\u2019Action sociale et des Solidarit\u00e9s \u00e0 le d\u00e9put\u00e9 Abdou Mbow a accus\u00e9 Maimouna Di\u00e8ye de d\u00e9tournement de fonds publics portant sur un montant de 1,8 milliard de francs CFA allou\u00e9 \u00e0 des militants de Pastef suppos\u00e9s \u00eatre des victimes des manifestations politiques [&hellip;]\" \/>\n<meta property=\"og:url\" content=\"https:\/\/www.nettali.com\/2025\/12\/10\/affaire-des-18-milliards-alloues-a-des-martyrs-du-pastef-abdou-mbow-accuse-maimouna-dieye-de-detournement\/\" \/>\n<meta property=\"og:site_name\" content=\"Nettali.com\" \/>\n<meta property=\"article:publisher\" content=\"https:\/\/www.facebook.com\/nettalicom\" \/>\n<meta property=\"article:published_time\" content=\"2025-12-10T07:00:29+00:00\" \/>\n<meta property=\"article:modified_time\" content=\"2025-12-10T09:17:03+00:00\" \/>\n<meta property=\"og:image\" content=\"https:\/\/www.nettali.com\/wp-content\/uploads\/2025\/04\/abdou-mbow.jpg\" \/>\n\t<meta property=\"og:image:width\" content=\"600\" \/>\n\t<meta property=\"og:image:height\" content=\"406\" \/>\n<meta name=\"twitter:card\" content=\"summary_large_image\" \/>\n<meta name=\"twitter:label1\" content=\"\u00c9crit par\" \/>\n\t<meta name=\"twitter:data1\" content=\"Fatou\" \/>\n\t<meta name=\"twitter:label2\" content=\"Dur\u00e9e de lecture estim\u00e9e\" \/>\n\t<meta name=\"twitter:data2\" content=\"3 minutes\" \/>\n<script type=\"application\/ld+json\" class=\"yoast-schema-graph\">{\"@context\":\"https:\/\/schema.org\",\"@graph\":[{\"@type\":\"WebSite\",\"@id\":\"https:\/\/www.nettali.com\/#website\",\"url\":\"https:\/\/www.nettali.com\/\",\"name\":\"Nettali.com\",\"description\":\"Le rendez-vous critique du Net\",\"potentialAction\":[{\"@type\":\"SearchAction\",\"target\":{\"@type\":\"EntryPoint\",\"urlTemplate\":\"https:\/\/www.nettali.com\/?s={search_term_string}\"},\"query-input\":\"required name=search_term_string\"}],\"inLanguage\":\"fr-FR\"},{\"@type\":\"ImageObject\",\"@id\":\"https:\/\/www.nettali.com\/2025\/12\/10\/affaire-des-18-milliards-alloues-a-des-martyrs-du-pastef-abdou-mbow-accuse-maimouna-dieye-de-detournement\/#primaryimage\",\"inLanguage\":\"fr-FR\",\"url\":\"https:\/\/www.nettali.com\/wp-content\/uploads\/2025\/04\/abdou-mbow.jpg\",\"contentUrl\":\"https:\/\/www.nettali.com\/wp-content\/uploads\/2025\/04\/abdou-mbow.jpg\",\"width\":600,\"height\":406},{\"@type\":\"WebPage\",\"@id\":\"https:\/\/www.nettali.com\/2025\/12\/10\/affaire-des-18-milliards-alloues-a-des-martyrs-du-pastef-abdou-mbow-accuse-maimouna-dieye-de-detournement\/#webpage\",\"url\":\"https:\/\/www.nettali.com\/2025\/12\/10\/affaire-des-18-milliards-alloues-a-des-martyrs-du-pastef-abdou-mbow-accuse-maimouna-dieye-de-detournement\/\",\"name\":\"AFFAIRE DES 1,8 MILLIARDS ALLOU\\u00c9S \\u00c0 DES \\\"MARTYRS\\\" DU PASTEF- Abdou Mbow accuse Maimouna Di\\u00e8ye de d\\u00e9tournement | Nettali.com\",\"isPartOf\":{\"@id\":\"https:\/\/www.nettali.com\/#website\"},\"primaryImageOfPage\":{\"@id\":\"https:\/\/www.nettali.com\/2025\/12\/10\/affaire-des-18-milliards-alloues-a-des-martyrs-du-pastef-abdou-mbow-accuse-maimouna-dieye-de-detournement\/#primaryimage\"},\"datePublished\":\"2025-12-10T07:00:29+00:00\",\"dateModified\":\"2025-12-10T09:17:03+00:00\",\"author\":{\"@id\":\"https:\/\/www.nettali.com\/#\/schema\/person\/418274a86bdf87caff7a3ef476bd0bbf\"},\"breadcrumb\":{\"@id\":\"https:\/\/www.nettali.com\/2025\/12\/10\/affaire-des-18-milliards-alloues-a-des-martyrs-du-pastef-abdou-mbow-accuse-maimouna-dieye-de-detournement\/#breadcrumb\"},\"inLanguage\":\"fr-FR\",\"potentialAction\":[{\"@type\":\"ReadAction\",\"target\":[\"https:\/\/www.nettali.com\/2025\/12\/10\/affaire-des-18-milliards-alloues-a-des-martyrs-du-pastef-abdou-mbow-accuse-maimouna-dieye-de-detournement\/\"]}]},{\"@type\":\"BreadcrumbList\",\"@id\":\"https:\/\/www.nettali.com\/2025\/12\/10\/affaire-des-18-milliards-alloues-a-des-martyrs-du-pastef-abdou-mbow-accuse-maimouna-dieye-de-detournement\/#breadcrumb\",\"itemListElement\":[{\"@type\":\"ListItem\",\"position\":1,\"name\":\"Accueil\",\"item\":\"https:\/\/www.nettali.com\/\"},{\"@type\":\"ListItem\",\"position\":2,\"name\":\"AFFAIRE DES 1,8 MILLIARDS ALLOU\\u00c9S \\u00c0 DES \\\"MARTYRS\\\" DU PASTEF- Abdou Mbow accuse Maimouna Di\\u00e8ye de d\\u00e9tournement\"}]},{\"@type\":\"Person\",\"@id\":\"https:\/\/www.nettali.com\/#\/schema\/person\/418274a86bdf87caff7a3ef476bd0bbf\",\"name\":\"Fatou\",\"image\":{\"@type\":\"ImageObject\",\"@id\":\"https:\/\/www.nettali.com\/#personlogo\",\"inLanguage\":\"fr-FR\",\"url\":\"https:\/\/secure.gravatar.com\/avatar\/5a9442a2bee7b4dcf167cab035858e9a?s=96&d=mm&r=g\",\"contentUrl\":\"https:\/\/secure.gravatar.com\/avatar\/5a9442a2bee7b4dcf167cab035858e9a?s=96&d=mm&r=g\",\"caption\":\"Fatou\"},\"sameAs\":[\"https:\/\/www.nettali.com\"]}]}<\/script>\n<!-- \/ Yoast SEO Premium plugin. -->","yoast_head_json":{"title":"AFFAIRE DES 1,8 MILLIARDS ALLOU\u00c9S \u00c0 DES \"MARTYRS\" DU PASTEF- Abdou Mbow accuse Maimouna Di\u00e8ye de d\u00e9tournement | Nettali.com","robots":{"index":"index","follow":"follow","max-snippet":"max-snippet:-1","max-image-preview":"max-image-preview:large","max-video-preview":"max-video-preview:-1"},"canonical":"https:\/\/www.nettali.com\/2025\/12\/10\/affaire-des-18-milliards-alloues-a-des-martyrs-du-pastef-abdou-mbow-accuse-maimouna-dieye-de-detournement\/","og_locale":"fr_FR","og_type":"article","og_title":"AFFAIRE DES 1,8 MILLIARDS ALLOU\u00c9S \u00c0 DES \"MARTYRS\" DU PASTEF- Abdou Mbow accuse Maimouna Di\u00e8ye de d\u00e9tournement","og_description":"NETTALI.COM- Lors de l'examen du budget 2026 du minist\u00e8re de la Famille, de l\u2019Action sociale et des Solidarit\u00e9s \u00e0 le d\u00e9put\u00e9 Abdou Mbow a accus\u00e9 Maimouna Di\u00e8ye de d\u00e9tournement de fonds publics portant sur un montant de 1,8 milliard de francs CFA allou\u00e9 \u00e0 des militants de Pastef suppos\u00e9s \u00eatre des victimes des manifestations politiques [&hellip;]","og_url":"https:\/\/www.nettali.com\/2025\/12\/10\/affaire-des-18-milliards-alloues-a-des-martyrs-du-pastef-abdou-mbow-accuse-maimouna-dieye-de-detournement\/","og_site_name":"Nettali.com","article_publisher":"https:\/\/www.facebook.com\/nettalicom","article_published_time":"2025-12-10T07:00:29+00:00","article_modified_time":"2025-12-10T09:17:03+00:00","og_image":[{"width":600,"height":406,"url":"https:\/\/www.nettali.com\/wp-content\/uploads\/2025\/04\/abdou-mbow.jpg","type":"image\/jpeg"}],"twitter_card":"summary_large_image","twitter_misc":{"\u00c9crit par":"Fatou","Dur\u00e9e de lecture estim\u00e9e":"3 minutes"},"schema":{"@context":"https:\/\/schema.org","@graph":[{"@type":"WebSite","@id":"https:\/\/www.nettali.com\/#website","url":"https:\/\/www.nettali.com\/","name":"Nettali.com","description":"Le rendez-vous critique du Net","potentialAction":[{"@type":"SearchAction","target":{"@type":"EntryPoint","urlTemplate":"https:\/\/www.nettali.com\/?s={search_term_string}"},"query-input":"required name=search_term_string"}],"inLanguage":"fr-FR"},{"@type":"ImageObject","@id":"https:\/\/www.nettali.com\/2025\/12\/10\/affaire-des-18-milliards-alloues-a-des-martyrs-du-pastef-abdou-mbow-accuse-maimouna-dieye-de-detournement\/#primaryimage","inLanguage":"fr-FR","url":"https:\/\/www.nettali.com\/wp-content\/uploads\/2025\/04\/abdou-mbow.jpg","contentUrl":"https:\/\/www.nettali.com\/wp-content\/uploads\/2025\/04\/abdou-mbow.jpg","width":600,"height":406},{"@type":"WebPage","@id":"https:\/\/www.nettali.com\/2025\/12\/10\/affaire-des-18-milliards-alloues-a-des-martyrs-du-pastef-abdou-mbow-accuse-maimouna-dieye-de-detournement\/#webpage","url":"https:\/\/www.nettali.com\/2025\/12\/10\/affaire-des-18-milliards-alloues-a-des-martyrs-du-pastef-abdou-mbow-accuse-maimouna-dieye-de-detournement\/","name":"AFFAIRE DES 1,8 MILLIARDS ALLOU\u00c9S \u00c0 DES \"MARTYRS\" DU PASTEF- Abdou Mbow accuse Maimouna Di\u00e8ye de d\u00e9tournement | Nettali.com","isPartOf":{"@id":"https:\/\/www.nettali.com\/#website"},"primaryImageOfPage":{"@id":"https:\/\/www.nettali.com\/2025\/12\/10\/affaire-des-18-milliards-alloues-a-des-martyrs-du-pastef-abdou-mbow-accuse-maimouna-dieye-de-detournement\/#primaryimage"},"datePublished":"2025-12-10T07:00:29+00:00","dateModified":"2025-12-10T09:17:03+00:00","author":{"@id":"https:\/\/www.nettali.com\/#\/schema\/person\/418274a86bdf87caff7a3ef476bd0bbf"},"breadcrumb":{"@id":"https:\/\/www.nettali.com\/2025\/12\/10\/affaire-des-18-milliards-alloues-a-des-martyrs-du-pastef-abdou-mbow-accuse-maimouna-dieye-de-detournement\/#breadcrumb"},"inLanguage":"fr-FR","potentialAction":[{"@type":"ReadAction","target":["https:\/\/www.nettali.com\/2025\/12\/10\/affaire-des-18-milliards-alloues-a-des-martyrs-du-pastef-abdou-mbow-accuse-maimouna-dieye-de-detournement\/"]}]},{"@type":"BreadcrumbList","@id":"https:\/\/www.nettali.com\/2025\/12\/10\/affaire-des-18-milliards-alloues-a-des-martyrs-du-pastef-abdou-mbow-accuse-maimouna-dieye-de-detournement\/#breadcrumb","itemListElement":[{"@type":"ListItem","position":1,"name":"Accueil","item":"https:\/\/www.nettali.com\/"},{"@type":"ListItem","position":2,"name":"AFFAIRE DES 1,8 MILLIARDS ALLOU\u00c9S \u00c0 DES \"MARTYRS\" DU PASTEF- Abdou Mbow accuse Maimouna Di\u00e8ye de d\u00e9tournement"}]},{"@type":"Person","@id":"https:\/\/www.nettali.com\/#\/schema\/person\/418274a86bdf87caff7a3ef476bd0bbf","name":"Fatou","image":{"@type":"ImageObject","@id":"https:\/\/www.nettali.com\/#personlogo","inLanguage":"fr-FR","url":"https:\/\/secure.gravatar.com\/avatar\/5a9442a2bee7b4dcf167cab035858e9a?s=96&d=mm&r=g","contentUrl":"https:\/\/secure.gravatar.com\/avatar\/5a9442a2bee7b4dcf167cab035858e9a?s=96&d=mm&r=g","caption":"Fatou"},"sameAs":["https:\/\/www.nettali.com"]}]}},"_links":{"self":[{"href":"https:\/\/www.nettali.com\/rest\/wp\/v2\/posts\/166080"}],"collection":[{"href":"https:\/\/www.nettali.com\/rest\/wp\/v2\/posts"}],"about":[{"href":"https:\/\/www.nettali.com\/rest\/wp\/v2\/types\/post"}],"author":[{"embeddable":true,"href":"https:\/\/www.nettali.com\/rest\/wp\/v2\/users\/6"}],"replies":[{"embeddable":true,"href":"https:\/\/www.nettali.com\/rest\/wp\/v2\/comments?post=166080"}],"version-history":[{"count":3,"href":"https:\/\/www.nettali.com\/rest\/wp\/v2\/posts\/166080\/revisions"}],"predecessor-version":[{"id":166083,"href":"https:\/\/www.nettali.com\/rest\/wp\/v2\/posts\/166080\/revisions\/166083"}],"wp:featuredmedia":[{"embeddable":true,"href":"https:\/\/www.nettali.com\/rest\/wp\/v2\/media\/151665"}],"wp:attachment":[{"href":"https:\/\/www.nettali.com\/rest\/wp\/v2\/media?parent=166080"}],"wp:term":[{"taxonomy":"category","embeddable":true,"href":"https:\/\/www.nettali.com\/rest\/wp\/v2\/categories?post=166080"},{"taxonomy":"post_tag","embeddable":true,"href":"https:\/\/www.nettali.com\/rest\/wp\/v2\/tags?post=166080"}],"curies":[{"name":"wp","href":"https:\/\/api.w.org\/{rel}","templated":true}]}}