{"id":166075,"date":"2025-12-09T18:59:48","date_gmt":"2025-12-09T18:59:48","guid":{"rendered":"https:\/\/www.nettali.com\/?p=166075"},"modified":"2025-12-09T18:59:48","modified_gmt":"2025-12-09T18:59:48","slug":"gouvernement-lancement-de-laudit-des-agents-de-letat-pour-une-maitrise-des-effectifs-et-de-la-masse-salariale","status":"publish","type":"post","link":"https:\/\/www.nettali.com\/2025\/12\/09\/gouvernement-lancement-de-laudit-des-agents-de-letat-pour-une-maitrise-des-effectifs-et-de-la-masse-salariale\/","title":{"rendered":"GOUVERNEMENT - Lancement de l\u2019audit des agents de l\u2019Etat pour une ma\u00eetrise des effectifs et de la masse salariale"},"content":{"rendered":"<p><strong>NETTALI.COM - Le minist\u00e8re de la Fonction publique, du Travail et de la R\u00e9forme du service public a proc\u00e9d\u00e9, mardi, au lancement de l\u2019audit physique et biom\u00e9trique des agents de l\u2019Etat, en vue d\u2019arriver \u00e0 une ma\u00eetrise des effectifs et de la masse salariale dans l\u2019administration publique.<\/strong><\/p>\n<p>Selon le ministre de la Fonction publique, Olivier Boucal, cet audit marque le d\u00e9but d\u2019un \u201cprocessus important dans la vie d\u2019un \u00c9tat, celui de ma\u00eetriser les effectifs de l\u2019\u00c9tat et la masse salariale en permettant, par ricochet, d\u2019\u00e9tablir un syst\u00e8me int\u00e9gr\u00e9 de gestion des ressources humaines\u201d.<\/p>\n<p>A l\u2019initiative du nouvel ex\u00e9cutif s\u00e9n\u00e9galais\u00a0l\u2019Etat s\u2019est engag\u00e9 <em>\u201cdans un vaste processus de changement de cap et de rupture avec les vieilles pratiques qui ne permettaient pas d\u2019avoir une administration plus efficace et plus moderne\u201d<\/em>, a-t-il d\u00e9clar\u00e9.<\/p>\n<p>Le ministre de la Fonction publique, du Travail et de la R\u00e9forme du service public a r\u00e9v\u00e9l\u00e9 que 189 000 agents de l\u2019Etat ont \u00e9t\u00e9 recens\u00e9s \u00e0 la date du 30 novembre 2025.<\/p>\n<p><em>\u201cCe sont les ressources humaines qui constituent vraiment le socle de tout ce que va faire l\u2019\u00c9tat. Alors, si vous n4avez pas une gestion des ressources humaines optimale, vous n\u2019atteindrez pas les objectifs que vous voulez\u201d<\/em>, a d\u00e9clar\u00e9 M. Boucal.<\/p>\n<p>Il a signal\u00e9 qu\u2019un cabinet de consultance sp\u00e9cialis\u00e9 a \u00e9t\u00e9 recrut\u00e9 pour effectuer cet audit, ajoutant que\u00a0des comit\u00e9s techniques vont \u00eatre mis en place, de m\u00eame que des \u00e9quipes projets.<\/p>\n<p><em>\u201cLorsque les \u00e9quipes d\u2019audit seront mis en place, nous commencerons d\u2019abord au courant de ce mois d\u00e9cembre avec le minist\u00e8re de la Fonction publique comme minist\u00e8re pilote, pour un peu \u00e9prouver tout le dispositif que nous avons mis en place\u201d<\/em>, a expliqu\u00e9 Olivier Boucal.<\/p>\n<p>L\u2019audit g\u00e9n\u00e9ral va \u00eatre entam\u00e9 \u00e0 partir de janvier et va s\u2019\u00e9tendre sur trois mois.<\/p>\n<p><em>\u201cNous reviendrons encore devant vous, au mois d\u2019avril, pour vous pr\u00e9senter les r\u00e9sultats de cet exercice-l\u00e0\u201d<\/em>, a ajout\u00e9 le ministre de la Fonction publique.<\/p>\n<p>Une plateforme digitale sera aussi cr\u00e9\u00e9e, avec un recensement de tous les agents de l\u2019Etat, y compris ceux avec un statut sp\u00e9cial comme les corps militaires, paramilitaires et les magistrats.<\/p>\n<p><em>\u201cCet exercice n\u2019est pas le premier du genre, il y a eu des audits par le pass\u00e9 qui n\u2019ont pas toujours produit les effets escompt\u00e9s. Et nous esp\u00e9rons avec le dispositif actuel que nous arriverons \u00e0 des r\u00e9sultats probants\u201d<\/em>, a soutenu M. Boucal.<\/p>\n<div class='share-to-whatsapp-wrapper'><div class='share-on-whsp'>PARTAGER SUR : <\/div><a data-text='GOUVERNEMENT - Lancement de l\u2019audit des agents de l\u2019Etat pour une ma\u00eetrise des effectifs et de la masse salariale' data-link='https:\/\/www.nettali.com\/2025\/12\/09\/gouvernement-lancement-de-laudit-des-agents-de-letat-pour-une-maitrise-des-effectifs-et-de-la-masse-salariale\/' class='whatsapp-button whatsapp-share'>WhatsApp<\/a><div class='clear '><\/div><\/div>","protected":false},"excerpt":{"rendered":"<p>NETTALI.COM - Le minist\u00e8re de la Fonction publique, du Travail et de la R\u00e9forme du service public a proc\u00e9d\u00e9, mardi, au lancement de l\u2019audit physique et biom\u00e9trique des agents de l\u2019Etat, en vue d\u2019arriver \u00e0 une ma\u00eetrise des effectifs et de la masse salariale dans l\u2019administration publique. Selon le ministre de la Fonction publique, Olivier [&hellip;]<\/p>\n","protected":false},"author":4,"featured_media":166076,"comment_status":"open","ping_status":"open","sticky":false,"template":"","format":"standard","meta":{"_et_pb_use_builder":"","_et_pb_old_content":""},"categories":[3],"tags":[],"yoast_head":"<!-- This site is optimized with the Yoast SEO Premium plugin v17.8 (Yoast SEO v17.8) - https:\/\/yoast.com\/wordpress\/plugins\/seo\/ -->\n<title>GOUVERNEMENT - Lancement de l\u2019audit des agents de l\u2019Etat pour une ma\u00eetrise des effectifs et de la masse salariale | Nettali.com<\/title>\n<meta name=\"robots\" content=\"index, follow, max-snippet:-1, max-image-preview:large, max-video-preview:-1\" \/>\n<link rel=\"canonical\" href=\"https:\/\/www.nettali.com\/2025\/12\/09\/gouvernement-lancement-de-laudit-des-agents-de-letat-pour-une-maitrise-des-effectifs-et-de-la-masse-salariale\/\" \/>\n<meta property=\"og:locale\" content=\"fr_FR\" \/>\n<meta property=\"og:type\" content=\"article\" \/>\n<meta property=\"og:title\" content=\"GOUVERNEMENT - Lancement de l\u2019audit des agents de l\u2019Etat pour une ma\u00eetrise des effectifs et de la masse salariale\" \/>\n<meta property=\"og:description\" content=\"NETTALI.COM - Le minist\u00e8re de la Fonction publique, du Travail et de la R\u00e9forme du service public a proc\u00e9d\u00e9, mardi, au lancement de l\u2019audit physique et biom\u00e9trique des agents de l\u2019Etat, en vue d\u2019arriver \u00e0 une ma\u00eetrise des effectifs et de la masse salariale dans l\u2019administration publique. Selon le ministre de la Fonction publique, Olivier [&hellip;]\" \/>\n<meta property=\"og:url\" content=\"https:\/\/www.nettali.com\/2025\/12\/09\/gouvernement-lancement-de-laudit-des-agents-de-letat-pour-une-maitrise-des-effectifs-et-de-la-masse-salariale\/\" \/>\n<meta property=\"og:site_name\" content=\"Nettali.com\" \/>\n<meta property=\"article:publisher\" content=\"https:\/\/www.facebook.com\/nettalicom\" \/>\n<meta property=\"article:published_time\" content=\"2025-12-09T18:59:48+00:00\" \/>\n<meta property=\"og:image\" content=\"https:\/\/www.nettali.com\/wp-content\/uploads\/2025\/12\/Capture-de\u0301cran-2025-12-09-a\u0300-18.57.13.png\" \/>\n\t<meta property=\"og:image:width\" content=\"567\" \/>\n\t<meta property=\"og:image:height\" content=\"356\" \/>\n<meta name=\"twitter:card\" content=\"summary_large_image\" \/>\n<meta name=\"twitter:label1\" content=\"\u00c9crit par\" \/>\n\t<meta name=\"twitter:data1\" content=\"Daouda\" \/>\n\t<meta name=\"twitter:label2\" content=\"Dur\u00e9e de lecture estim\u00e9e\" \/>\n\t<meta name=\"twitter:data2\" content=\"2 minutes\" \/>\n<script type=\"application\/ld+json\" class=\"yoast-schema-graph\">{\"@context\":\"https:\/\/schema.org\",\"@graph\":[{\"@type\":\"WebSite\",\"@id\":\"https:\/\/www.nettali.com\/#website\",\"url\":\"https:\/\/www.nettali.com\/\",\"name\":\"Nettali.com\",\"description\":\"Le rendez-vous critique du Net\",\"potentialAction\":[{\"@type\":\"SearchAction\",\"target\":{\"@type\":\"EntryPoint\",\"urlTemplate\":\"https:\/\/www.nettali.com\/?s={search_term_string}\"},\"query-input\":\"required name=search_term_string\"}],\"inLanguage\":\"fr-FR\"},{\"@type\":\"ImageObject\",\"@id\":\"https:\/\/www.nettali.com\/2025\/12\/09\/gouvernement-lancement-de-laudit-des-agents-de-letat-pour-une-maitrise-des-effectifs-et-de-la-masse-salariale\/#primaryimage\",\"inLanguage\":\"fr-FR\",\"url\":\"https:\/\/www.nettali.com\/wp-content\/uploads\/2025\/12\/Capture-de\\u0301cran-2025-12-09-a\\u0300-18.57.13.png\",\"contentUrl\":\"https:\/\/www.nettali.com\/wp-content\/uploads\/2025\/12\/Capture-de\\u0301cran-2025-12-09-a\\u0300-18.57.13.png\",\"width\":567,\"height\":356},{\"@type\":\"WebPage\",\"@id\":\"https:\/\/www.nettali.com\/2025\/12\/09\/gouvernement-lancement-de-laudit-des-agents-de-letat-pour-une-maitrise-des-effectifs-et-de-la-masse-salariale\/#webpage\",\"url\":\"https:\/\/www.nettali.com\/2025\/12\/09\/gouvernement-lancement-de-laudit-des-agents-de-letat-pour-une-maitrise-des-effectifs-et-de-la-masse-salariale\/\",\"name\":\"GOUVERNEMENT - Lancement de l\\u2019audit des agents de l\\u2019Etat pour une ma\\u00eetrise des effectifs et de la masse salariale | Nettali.com\",\"isPartOf\":{\"@id\":\"https:\/\/www.nettali.com\/#website\"},\"primaryImageOfPage\":{\"@id\":\"https:\/\/www.nettali.com\/2025\/12\/09\/gouvernement-lancement-de-laudit-des-agents-de-letat-pour-une-maitrise-des-effectifs-et-de-la-masse-salariale\/#primaryimage\"},\"datePublished\":\"2025-12-09T18:59:48+00:00\",\"dateModified\":\"2025-12-09T18:59:48+00:00\",\"author\":{\"@id\":\"https:\/\/www.nettali.com\/#\/schema\/person\/3317e0bb3aa1da309fbf7b2780901bf4\"},\"breadcrumb\":{\"@id\":\"https:\/\/www.nettali.com\/2025\/12\/09\/gouvernement-lancement-de-laudit-des-agents-de-letat-pour-une-maitrise-des-effectifs-et-de-la-masse-salariale\/#breadcrumb\"},\"inLanguage\":\"fr-FR\",\"potentialAction\":[{\"@type\":\"ReadAction\",\"target\":[\"https:\/\/www.nettali.com\/2025\/12\/09\/gouvernement-lancement-de-laudit-des-agents-de-letat-pour-une-maitrise-des-effectifs-et-de-la-masse-salariale\/\"]}]},{\"@type\":\"BreadcrumbList\",\"@id\":\"https:\/\/www.nettali.com\/2025\/12\/09\/gouvernement-lancement-de-laudit-des-agents-de-letat-pour-une-maitrise-des-effectifs-et-de-la-masse-salariale\/#breadcrumb\",\"itemListElement\":[{\"@type\":\"ListItem\",\"position\":1,\"name\":\"Accueil\",\"item\":\"https:\/\/www.nettali.com\/\"},{\"@type\":\"ListItem\",\"position\":2,\"name\":\"GOUVERNEMENT - Lancement de l\\u2019audit des agents de l\\u2019Etat pour une ma\\u00eetrise des effectifs et de la masse salariale\"}]},{\"@type\":\"Person\",\"@id\":\"https:\/\/www.nettali.com\/#\/schema\/person\/3317e0bb3aa1da309fbf7b2780901bf4\",\"name\":\"Daouda\",\"image\":{\"@type\":\"ImageObject\",\"@id\":\"https:\/\/www.nettali.com\/#personlogo\",\"inLanguage\":\"fr-FR\",\"url\":\"https:\/\/secure.gravatar.com\/avatar\/8d143b5a49345098ddcfee1c49c2f47c?s=96&d=mm&r=g\",\"contentUrl\":\"https:\/\/secure.gravatar.com\/avatar\/8d143b5a49345098ddcfee1c49c2f47c?s=96&d=mm&r=g\",\"caption\":\"Daouda\"},\"sameAs\":[\"https:\/\/www.nettali.com\"]}]}<\/script>\n<!-- \/ Yoast SEO Premium plugin. -->","yoast_head_json":{"title":"GOUVERNEMENT - Lancement de l\u2019audit des agents de l\u2019Etat pour une ma\u00eetrise des effectifs et de la masse salariale | Nettali.com","robots":{"index":"index","follow":"follow","max-snippet":"max-snippet:-1","max-image-preview":"max-image-preview:large","max-video-preview":"max-video-preview:-1"},"canonical":"https:\/\/www.nettali.com\/2025\/12\/09\/gouvernement-lancement-de-laudit-des-agents-de-letat-pour-une-maitrise-des-effectifs-et-de-la-masse-salariale\/","og_locale":"fr_FR","og_type":"article","og_title":"GOUVERNEMENT - Lancement de l\u2019audit des agents de l\u2019Etat pour une ma\u00eetrise des effectifs et de la masse salariale","og_description":"NETTALI.COM - Le minist\u00e8re de la Fonction publique, du Travail et de la R\u00e9forme du service public a proc\u00e9d\u00e9, mardi, au lancement de l\u2019audit physique et biom\u00e9trique des agents de l\u2019Etat, en vue d\u2019arriver \u00e0 une ma\u00eetrise des effectifs et de la masse salariale dans l\u2019administration publique. Selon le ministre de la Fonction publique, Olivier [&hellip;]","og_url":"https:\/\/www.nettali.com\/2025\/12\/09\/gouvernement-lancement-de-laudit-des-agents-de-letat-pour-une-maitrise-des-effectifs-et-de-la-masse-salariale\/","og_site_name":"Nettali.com","article_publisher":"https:\/\/www.facebook.com\/nettalicom","article_published_time":"2025-12-09T18:59:48+00:00","og_image":[{"width":567,"height":356,"url":"https:\/\/www.nettali.com\/wp-content\/uploads\/2025\/12\/Capture-de\u0301cran-2025-12-09-a\u0300-18.57.13.png","type":"image\/png"}],"twitter_card":"summary_large_image","twitter_misc":{"\u00c9crit par":"Daouda","Dur\u00e9e de lecture estim\u00e9e":"2 minutes"},"schema":{"@context":"https:\/\/schema.org","@graph":[{"@type":"WebSite","@id":"https:\/\/www.nettali.com\/#website","url":"https:\/\/www.nettali.com\/","name":"Nettali.com","description":"Le rendez-vous critique du Net","potentialAction":[{"@type":"SearchAction","target":{"@type":"EntryPoint","urlTemplate":"https:\/\/www.nettali.com\/?s={search_term_string}"},"query-input":"required name=search_term_string"}],"inLanguage":"fr-FR"},{"@type":"ImageObject","@id":"https:\/\/www.nettali.com\/2025\/12\/09\/gouvernement-lancement-de-laudit-des-agents-de-letat-pour-une-maitrise-des-effectifs-et-de-la-masse-salariale\/#primaryimage","inLanguage":"fr-FR","url":"https:\/\/www.nettali.com\/wp-content\/uploads\/2025\/12\/Capture-de\u0301cran-2025-12-09-a\u0300-18.57.13.png","contentUrl":"https:\/\/www.nettali.com\/wp-content\/uploads\/2025\/12\/Capture-de\u0301cran-2025-12-09-a\u0300-18.57.13.png","width":567,"height":356},{"@type":"WebPage","@id":"https:\/\/www.nettali.com\/2025\/12\/09\/gouvernement-lancement-de-laudit-des-agents-de-letat-pour-une-maitrise-des-effectifs-et-de-la-masse-salariale\/#webpage","url":"https:\/\/www.nettali.com\/2025\/12\/09\/gouvernement-lancement-de-laudit-des-agents-de-letat-pour-une-maitrise-des-effectifs-et-de-la-masse-salariale\/","name":"GOUVERNEMENT - Lancement de l\u2019audit des agents de l\u2019Etat pour une ma\u00eetrise des effectifs et de la masse salariale | Nettali.com","isPartOf":{"@id":"https:\/\/www.nettali.com\/#website"},"primaryImageOfPage":{"@id":"https:\/\/www.nettali.com\/2025\/12\/09\/gouvernement-lancement-de-laudit-des-agents-de-letat-pour-une-maitrise-des-effectifs-et-de-la-masse-salariale\/#primaryimage"},"datePublished":"2025-12-09T18:59:48+00:00","dateModified":"2025-12-09T18:59:48+00:00","author":{"@id":"https:\/\/www.nettali.com\/#\/schema\/person\/3317e0bb3aa1da309fbf7b2780901bf4"},"breadcrumb":{"@id":"https:\/\/www.nettali.com\/2025\/12\/09\/gouvernement-lancement-de-laudit-des-agents-de-letat-pour-une-maitrise-des-effectifs-et-de-la-masse-salariale\/#breadcrumb"},"inLanguage":"fr-FR","potentialAction":[{"@type":"ReadAction","target":["https:\/\/www.nettali.com\/2025\/12\/09\/gouvernement-lancement-de-laudit-des-agents-de-letat-pour-une-maitrise-des-effectifs-et-de-la-masse-salariale\/"]}]},{"@type":"BreadcrumbList","@id":"https:\/\/www.nettali.com\/2025\/12\/09\/gouvernement-lancement-de-laudit-des-agents-de-letat-pour-une-maitrise-des-effectifs-et-de-la-masse-salariale\/#breadcrumb","itemListElement":[{"@type":"ListItem","position":1,"name":"Accueil","item":"https:\/\/www.nettali.com\/"},{"@type":"ListItem","position":2,"name":"GOUVERNEMENT - Lancement de l\u2019audit des agents de l\u2019Etat pour une ma\u00eetrise des effectifs et de la masse salariale"}]},{"@type":"Person","@id":"https:\/\/www.nettali.com\/#\/schema\/person\/3317e0bb3aa1da309fbf7b2780901bf4","name":"Daouda","image":{"@type":"ImageObject","@id":"https:\/\/www.nettali.com\/#personlogo","inLanguage":"fr-FR","url":"https:\/\/secure.gravatar.com\/avatar\/8d143b5a49345098ddcfee1c49c2f47c?s=96&d=mm&r=g","contentUrl":"https:\/\/secure.gravatar.com\/avatar\/8d143b5a49345098ddcfee1c49c2f47c?s=96&d=mm&r=g","caption":"Daouda"},"sameAs":["https:\/\/www.nettali.com"]}]}},"_links":{"self":[{"href":"https:\/\/www.nettali.com\/rest\/wp\/v2\/posts\/166075"}],"collection":[{"href":"https:\/\/www.nettali.com\/rest\/wp\/v2\/posts"}],"about":[{"href":"https:\/\/www.nettali.com\/rest\/wp\/v2\/types\/post"}],"author":[{"embeddable":true,"href":"https:\/\/www.nettali.com\/rest\/wp\/v2\/users\/4"}],"replies":[{"embeddable":true,"href":"https:\/\/www.nettali.com\/rest\/wp\/v2\/comments?post=166075"}],"version-history":[{"count":1,"href":"https:\/\/www.nettali.com\/rest\/wp\/v2\/posts\/166075\/revisions"}],"predecessor-version":[{"id":166077,"href":"https:\/\/www.nettali.com\/rest\/wp\/v2\/posts\/166075\/revisions\/166077"}],"wp:featuredmedia":[{"embeddable":true,"href":"https:\/\/www.nettali.com\/rest\/wp\/v2\/media\/166076"}],"wp:attachment":[{"href":"https:\/\/www.nettali.com\/rest\/wp\/v2\/media?parent=166075"}],"wp:term":[{"taxonomy":"category","embeddable":true,"href":"https:\/\/www.nettali.com\/rest\/wp\/v2\/categories?post=166075"},{"taxonomy":"post_tag","embeddable":true,"href":"https:\/\/www.nettali.com\/rest\/wp\/v2\/tags?post=166075"}],"curies":[{"name":"wp","href":"https:\/\/api.w.org\/{rel}","templated":true}]}}