{"id":166070,"date":"2025-12-09T20:13:11","date_gmt":"2025-12-09T20:13:11","guid":{"rendered":"https:\/\/www.nettali.com\/?p=166070"},"modified":"2025-12-11T07:30:03","modified_gmt":"2025-12-11T07:30:03","slug":"sonko-diomaye-et-la-dette-cachee-retour-sur-un-debat-explosif-au-sommet-de-letat","status":"publish","type":"post","link":"https:\/\/www.nettali.com\/2025\/12\/09\/sonko-diomaye-et-la-dette-cachee-retour-sur-un-debat-explosif-au-sommet-de-letat\/","title":{"rendered":"SONKO, DIOMAYE ET LA \u201cDETTE CACH\u00c9E\u201d : Retour sur un d\u00e9bat explosif au sommet de l\u2019\u00c9tat"},"content":{"rendered":"<p data-start=\"95\" data-end=\"467\"><strong>NETTALI.COM - Plus d\u2019un an apr\u00e8s les r\u00e9v\u00e9lations d\u2019Ousmane Sonko sur une pr\u00e9tendue dette cach\u00e9e \u00e9quivalente \u00e0 120 % du PIB, le S\u00e9n\u00e9gal traverse une zone de fortes turbulences \u00e9conomiques. Retour sur un \u00e9pisode qui avait oppos\u00e9 le Premier ministre au pr\u00e9sident Bassirou Diomaye Faye et \u00e0 son ministre des Finances, et dont les r\u00e9percussions continuent de peser sur le pays.<\/strong><\/p>\n<p>Quelques mois apr\u00e8s l\u2019arriv\u00e9e du Pastef au pouvoir, Ousmane Sonko cr\u00e9e la surprise en organisant une conf\u00e9rence de presse retentissante. Il y accuse le r\u00e9gime sortant de Macky Sall d\u2019avoir masqu\u00e9 la situation r\u00e9elle des finances publiques, parlant d\u2019une dette cach\u00e9e atteignant pr\u00e8s de 120 % du PIB.<\/p>\n<p data-start=\"852\" data-end=\"1227\">Selon <em data-start=\"858\" data-end=\"873\">Jeune Afrique<\/em>, cette sortie n\u2019avait rien d\u2019un consensus gouvernemental. Le pr\u00e9sident Bassirou Diomaye Faye et le ministre des Finances et du Budget, Cheikh Diba, s\u2019y seraient oppos\u00e9s, redoutant de lourdes r\u00e9percussions \u00e9conomiques et financi\u00e8res. Ils estimaient qu\u2019une telle annonce pouvait fragiliser davantage la confiance des partenaires et march\u00e9s internationaux.<\/p>\n<p>Lors de sa conf\u00e9rence de septembre 2024, Ousmane Sonko affirme pourtant agir par \u201cdevoir de v\u00e9rit\u00e9\u201d vis-\u00e0-vis de la population. Selon lui, taire l\u2019information aurait \u00e9t\u00e9 incompatible avec la transparence pr\u00f4n\u00e9e par la nouvelle gouvernance. Sa d\u00e9claration met en lumi\u00e8re un d\u00e9saccord strat\u00e9gique au sommet de l\u2019\u00c9tat, entre imp\u00e9ratif de v\u00e9rit\u00e9 et imp\u00e9ratif de stabilit\u00e9 \u00e9conomique.<\/p>\n<p>Plus d\u2019un an apr\u00e8s ces r\u00e9v\u00e9lations, le contexte \u00e9conomique reste extr\u00eamement tendu. Le S\u00e9n\u00e9gal a subi plusieurs d\u00e9gradations de sa note souveraine, notamment par Moody\u2019s et d\u2019autres agences internationales.<br data-start=\"1932\" data-end=\"1935\" \/>Ces r\u00e9visions n\u00e9gatives compliquent l\u2019acc\u00e8s au financement ext\u00e9rieur, augmentent le co\u00fbt de la dette et alimentent un climat g\u00e9n\u00e9ral d\u2019incertitude.<\/p>\n<p data-start=\"2084\" data-end=\"2389\">Alors que l\u2019\u00e9conomie nationale affronte des d\u00e9fis multiples \u2014 pression budg\u00e9taire, faible liquidit\u00e9, retards de paiements publics \u2014 l\u2019\u00e9pisode de la \u201cdette cach\u00e9e\u201d demeure un tournant majeur du d\u00e9but du quinquennat, r\u00e9v\u00e9lateur de divergences internes et d\u2019un terrain \u00e9conomique bien plus fragile que pr\u00e9vu.<\/p>\n<p>&nbsp;<\/p>\n<div class='share-to-whatsapp-wrapper'><div class='share-on-whsp'>PARTAGER SUR : <\/div><a data-text='SONKO, DIOMAYE ET LA \u201cDETTE CACH\u00c9E\u201d : Retour sur un d\u00e9bat explosif au sommet de l\u2019\u00c9tat' data-link='https:\/\/www.nettali.com\/2025\/12\/09\/sonko-diomaye-et-la-dette-cachee-retour-sur-un-debat-explosif-au-sommet-de-letat\/' class='whatsapp-button whatsapp-share'>WhatsApp<\/a><div class='clear '><\/div><\/div>","protected":false},"excerpt":{"rendered":"<p>NETTALI.COM - Plus d\u2019un an apr\u00e8s les r\u00e9v\u00e9lations d\u2019Ousmane Sonko sur une pr\u00e9tendue dette cach\u00e9e \u00e9quivalente \u00e0 120 % du PIB, le S\u00e9n\u00e9gal traverse une zone de fortes turbulences \u00e9conomiques. Retour sur un \u00e9pisode qui avait oppos\u00e9 le Premier ministre au pr\u00e9sident Bassirou Diomaye Faye et \u00e0 son ministre des Finances, et dont les r\u00e9percussions [&hellip;]<\/p>\n","protected":false},"author":4,"featured_media":165706,"comment_status":"open","ping_status":"open","sticky":false,"template":"","format":"standard","meta":{"_et_pb_use_builder":"","_et_pb_old_content":""},"categories":[4],"tags":[],"yoast_head":"<!-- This site is optimized with the Yoast SEO Premium plugin v17.8 (Yoast SEO v17.8) - https:\/\/yoast.com\/wordpress\/plugins\/seo\/ -->\n<title>SONKO, DIOMAYE ET LA \u201cDETTE CACH\u00c9E\u201d : Retour sur un d\u00e9bat explosif au sommet de l\u2019\u00c9tat | Nettali.com<\/title>\n<meta name=\"robots\" content=\"index, follow, max-snippet:-1, max-image-preview:large, max-video-preview:-1\" \/>\n<link rel=\"canonical\" href=\"https:\/\/www.nettali.com\/2025\/12\/09\/sonko-diomaye-et-la-dette-cachee-retour-sur-un-debat-explosif-au-sommet-de-letat\/\" \/>\n<meta property=\"og:locale\" content=\"fr_FR\" \/>\n<meta property=\"og:type\" content=\"article\" \/>\n<meta property=\"og:title\" content=\"SONKO, DIOMAYE ET LA \u201cDETTE CACH\u00c9E\u201d : Retour sur un d\u00e9bat explosif au sommet de l\u2019\u00c9tat\" \/>\n<meta property=\"og:description\" content=\"NETTALI.COM - Plus d\u2019un an apr\u00e8s les r\u00e9v\u00e9lations d\u2019Ousmane Sonko sur une pr\u00e9tendue dette cach\u00e9e \u00e9quivalente \u00e0 120 % du PIB, le S\u00e9n\u00e9gal traverse une zone de fortes turbulences \u00e9conomiques. Retour sur un \u00e9pisode qui avait oppos\u00e9 le Premier ministre au pr\u00e9sident Bassirou Diomaye Faye et \u00e0 son ministre des Finances, et dont les r\u00e9percussions [&hellip;]\" \/>\n<meta property=\"og:url\" content=\"https:\/\/www.nettali.com\/2025\/12\/09\/sonko-diomaye-et-la-dette-cachee-retour-sur-un-debat-explosif-au-sommet-de-letat\/\" \/>\n<meta property=\"og:site_name\" content=\"Nettali.com\" \/>\n<meta property=\"article:publisher\" content=\"https:\/\/www.facebook.com\/nettalicom\" \/>\n<meta property=\"article:published_time\" content=\"2025-12-09T20:13:11+00:00\" \/>\n<meta property=\"article:modified_time\" content=\"2025-12-11T07:30:03+00:00\" \/>\n<meta property=\"og:image\" content=\"https:\/\/www.nettali.com\/wp-content\/uploads\/2025\/12\/B-Diomaye-Faye-Ousmane-Sonko.jpg\" \/>\n\t<meta property=\"og:image:width\" content=\"1024\" \/>\n\t<meta property=\"og:image:height\" content=\"576\" \/>\n<meta name=\"twitter:card\" content=\"summary_large_image\" \/>\n<meta name=\"twitter:label1\" content=\"\u00c9crit par\" \/>\n\t<meta name=\"twitter:data1\" content=\"Daouda\" \/>\n\t<meta name=\"twitter:label2\" content=\"Dur\u00e9e de lecture estim\u00e9e\" \/>\n\t<meta name=\"twitter:data2\" content=\"2 minutes\" \/>\n<script type=\"application\/ld+json\" class=\"yoast-schema-graph\">{\"@context\":\"https:\/\/schema.org\",\"@graph\":[{\"@type\":\"WebSite\",\"@id\":\"https:\/\/www.nettali.com\/#website\",\"url\":\"https:\/\/www.nettali.com\/\",\"name\":\"Nettali.com\",\"description\":\"Le rendez-vous critique du Net\",\"potentialAction\":[{\"@type\":\"SearchAction\",\"target\":{\"@type\":\"EntryPoint\",\"urlTemplate\":\"https:\/\/www.nettali.com\/?s={search_term_string}\"},\"query-input\":\"required name=search_term_string\"}],\"inLanguage\":\"fr-FR\"},{\"@type\":\"ImageObject\",\"@id\":\"https:\/\/www.nettali.com\/2025\/12\/09\/sonko-diomaye-et-la-dette-cachee-retour-sur-un-debat-explosif-au-sommet-de-letat\/#primaryimage\",\"inLanguage\":\"fr-FR\",\"url\":\"https:\/\/www.nettali.com\/wp-content\/uploads\/2025\/12\/B-Diomaye-Faye-Ousmane-Sonko.jpg\",\"contentUrl\":\"https:\/\/www.nettali.com\/wp-content\/uploads\/2025\/12\/B-Diomaye-Faye-Ousmane-Sonko.jpg\",\"width\":1024,\"height\":576},{\"@type\":\"WebPage\",\"@id\":\"https:\/\/www.nettali.com\/2025\/12\/09\/sonko-diomaye-et-la-dette-cachee-retour-sur-un-debat-explosif-au-sommet-de-letat\/#webpage\",\"url\":\"https:\/\/www.nettali.com\/2025\/12\/09\/sonko-diomaye-et-la-dette-cachee-retour-sur-un-debat-explosif-au-sommet-de-letat\/\",\"name\":\"SONKO, DIOMAYE ET LA \\u201cDETTE CACH\\u00c9E\\u201d : Retour sur un d\\u00e9bat explosif au sommet de l\\u2019\\u00c9tat | Nettali.com\",\"isPartOf\":{\"@id\":\"https:\/\/www.nettali.com\/#website\"},\"primaryImageOfPage\":{\"@id\":\"https:\/\/www.nettali.com\/2025\/12\/09\/sonko-diomaye-et-la-dette-cachee-retour-sur-un-debat-explosif-au-sommet-de-letat\/#primaryimage\"},\"datePublished\":\"2025-12-09T20:13:11+00:00\",\"dateModified\":\"2025-12-11T07:30:03+00:00\",\"author\":{\"@id\":\"https:\/\/www.nettali.com\/#\/schema\/person\/3317e0bb3aa1da309fbf7b2780901bf4\"},\"breadcrumb\":{\"@id\":\"https:\/\/www.nettali.com\/2025\/12\/09\/sonko-diomaye-et-la-dette-cachee-retour-sur-un-debat-explosif-au-sommet-de-letat\/#breadcrumb\"},\"inLanguage\":\"fr-FR\",\"potentialAction\":[{\"@type\":\"ReadAction\",\"target\":[\"https:\/\/www.nettali.com\/2025\/12\/09\/sonko-diomaye-et-la-dette-cachee-retour-sur-un-debat-explosif-au-sommet-de-letat\/\"]}]},{\"@type\":\"BreadcrumbList\",\"@id\":\"https:\/\/www.nettali.com\/2025\/12\/09\/sonko-diomaye-et-la-dette-cachee-retour-sur-un-debat-explosif-au-sommet-de-letat\/#breadcrumb\",\"itemListElement\":[{\"@type\":\"ListItem\",\"position\":1,\"name\":\"Accueil\",\"item\":\"https:\/\/www.nettali.com\/\"},{\"@type\":\"ListItem\",\"position\":2,\"name\":\"SONKO, DIOMAYE ET LA \\u201cDETTE CACH\\u00c9E\\u201d : Retour sur un d\\u00e9bat explosif au sommet de l\\u2019\\u00c9tat\"}]},{\"@type\":\"Person\",\"@id\":\"https:\/\/www.nettali.com\/#\/schema\/person\/3317e0bb3aa1da309fbf7b2780901bf4\",\"name\":\"Daouda\",\"image\":{\"@type\":\"ImageObject\",\"@id\":\"https:\/\/www.nettali.com\/#personlogo\",\"inLanguage\":\"fr-FR\",\"url\":\"https:\/\/secure.gravatar.com\/avatar\/8d143b5a49345098ddcfee1c49c2f47c?s=96&d=mm&r=g\",\"contentUrl\":\"https:\/\/secure.gravatar.com\/avatar\/8d143b5a49345098ddcfee1c49c2f47c?s=96&d=mm&r=g\",\"caption\":\"Daouda\"},\"sameAs\":[\"https:\/\/www.nettali.com\"]}]}<\/script>\n<!-- \/ Yoast SEO Premium plugin. -->","yoast_head_json":{"title":"SONKO, DIOMAYE ET LA \u201cDETTE CACH\u00c9E\u201d : Retour sur un d\u00e9bat explosif au sommet de l\u2019\u00c9tat | Nettali.com","robots":{"index":"index","follow":"follow","max-snippet":"max-snippet:-1","max-image-preview":"max-image-preview:large","max-video-preview":"max-video-preview:-1"},"canonical":"https:\/\/www.nettali.com\/2025\/12\/09\/sonko-diomaye-et-la-dette-cachee-retour-sur-un-debat-explosif-au-sommet-de-letat\/","og_locale":"fr_FR","og_type":"article","og_title":"SONKO, DIOMAYE ET LA \u201cDETTE CACH\u00c9E\u201d : Retour sur un d\u00e9bat explosif au sommet de l\u2019\u00c9tat","og_description":"NETTALI.COM - Plus d\u2019un an apr\u00e8s les r\u00e9v\u00e9lations d\u2019Ousmane Sonko sur une pr\u00e9tendue dette cach\u00e9e \u00e9quivalente \u00e0 120 % du PIB, le S\u00e9n\u00e9gal traverse une zone de fortes turbulences \u00e9conomiques. Retour sur un \u00e9pisode qui avait oppos\u00e9 le Premier ministre au pr\u00e9sident Bassirou Diomaye Faye et \u00e0 son ministre des Finances, et dont les r\u00e9percussions [&hellip;]","og_url":"https:\/\/www.nettali.com\/2025\/12\/09\/sonko-diomaye-et-la-dette-cachee-retour-sur-un-debat-explosif-au-sommet-de-letat\/","og_site_name":"Nettali.com","article_publisher":"https:\/\/www.facebook.com\/nettalicom","article_published_time":"2025-12-09T20:13:11+00:00","article_modified_time":"2025-12-11T07:30:03+00:00","og_image":[{"width":1024,"height":576,"url":"https:\/\/www.nettali.com\/wp-content\/uploads\/2025\/12\/B-Diomaye-Faye-Ousmane-Sonko.jpg","type":"image\/jpeg"}],"twitter_card":"summary_large_image","twitter_misc":{"\u00c9crit par":"Daouda","Dur\u00e9e de lecture estim\u00e9e":"2 minutes"},"schema":{"@context":"https:\/\/schema.org","@graph":[{"@type":"WebSite","@id":"https:\/\/www.nettali.com\/#website","url":"https:\/\/www.nettali.com\/","name":"Nettali.com","description":"Le rendez-vous critique du Net","potentialAction":[{"@type":"SearchAction","target":{"@type":"EntryPoint","urlTemplate":"https:\/\/www.nettali.com\/?s={search_term_string}"},"query-input":"required name=search_term_string"}],"inLanguage":"fr-FR"},{"@type":"ImageObject","@id":"https:\/\/www.nettali.com\/2025\/12\/09\/sonko-diomaye-et-la-dette-cachee-retour-sur-un-debat-explosif-au-sommet-de-letat\/#primaryimage","inLanguage":"fr-FR","url":"https:\/\/www.nettali.com\/wp-content\/uploads\/2025\/12\/B-Diomaye-Faye-Ousmane-Sonko.jpg","contentUrl":"https:\/\/www.nettali.com\/wp-content\/uploads\/2025\/12\/B-Diomaye-Faye-Ousmane-Sonko.jpg","width":1024,"height":576},{"@type":"WebPage","@id":"https:\/\/www.nettali.com\/2025\/12\/09\/sonko-diomaye-et-la-dette-cachee-retour-sur-un-debat-explosif-au-sommet-de-letat\/#webpage","url":"https:\/\/www.nettali.com\/2025\/12\/09\/sonko-diomaye-et-la-dette-cachee-retour-sur-un-debat-explosif-au-sommet-de-letat\/","name":"SONKO, DIOMAYE ET LA \u201cDETTE CACH\u00c9E\u201d : Retour sur un d\u00e9bat explosif au sommet de l\u2019\u00c9tat | Nettali.com","isPartOf":{"@id":"https:\/\/www.nettali.com\/#website"},"primaryImageOfPage":{"@id":"https:\/\/www.nettali.com\/2025\/12\/09\/sonko-diomaye-et-la-dette-cachee-retour-sur-un-debat-explosif-au-sommet-de-letat\/#primaryimage"},"datePublished":"2025-12-09T20:13:11+00:00","dateModified":"2025-12-11T07:30:03+00:00","author":{"@id":"https:\/\/www.nettali.com\/#\/schema\/person\/3317e0bb3aa1da309fbf7b2780901bf4"},"breadcrumb":{"@id":"https:\/\/www.nettali.com\/2025\/12\/09\/sonko-diomaye-et-la-dette-cachee-retour-sur-un-debat-explosif-au-sommet-de-letat\/#breadcrumb"},"inLanguage":"fr-FR","potentialAction":[{"@type":"ReadAction","target":["https:\/\/www.nettali.com\/2025\/12\/09\/sonko-diomaye-et-la-dette-cachee-retour-sur-un-debat-explosif-au-sommet-de-letat\/"]}]},{"@type":"BreadcrumbList","@id":"https:\/\/www.nettali.com\/2025\/12\/09\/sonko-diomaye-et-la-dette-cachee-retour-sur-un-debat-explosif-au-sommet-de-letat\/#breadcrumb","itemListElement":[{"@type":"ListItem","position":1,"name":"Accueil","item":"https:\/\/www.nettali.com\/"},{"@type":"ListItem","position":2,"name":"SONKO, DIOMAYE ET LA \u201cDETTE CACH\u00c9E\u201d : Retour sur un d\u00e9bat explosif au sommet de l\u2019\u00c9tat"}]},{"@type":"Person","@id":"https:\/\/www.nettali.com\/#\/schema\/person\/3317e0bb3aa1da309fbf7b2780901bf4","name":"Daouda","image":{"@type":"ImageObject","@id":"https:\/\/www.nettali.com\/#personlogo","inLanguage":"fr-FR","url":"https:\/\/secure.gravatar.com\/avatar\/8d143b5a49345098ddcfee1c49c2f47c?s=96&d=mm&r=g","contentUrl":"https:\/\/secure.gravatar.com\/avatar\/8d143b5a49345098ddcfee1c49c2f47c?s=96&d=mm&r=g","caption":"Daouda"},"sameAs":["https:\/\/www.nettali.com"]}]}},"_links":{"self":[{"href":"https:\/\/www.nettali.com\/rest\/wp\/v2\/posts\/166070"}],"collection":[{"href":"https:\/\/www.nettali.com\/rest\/wp\/v2\/posts"}],"about":[{"href":"https:\/\/www.nettali.com\/rest\/wp\/v2\/types\/post"}],"author":[{"embeddable":true,"href":"https:\/\/www.nettali.com\/rest\/wp\/v2\/users\/4"}],"replies":[{"embeddable":true,"href":"https:\/\/www.nettali.com\/rest\/wp\/v2\/comments?post=166070"}],"version-history":[{"count":1,"href":"https:\/\/www.nettali.com\/rest\/wp\/v2\/posts\/166070\/revisions"}],"predecessor-version":[{"id":166071,"href":"https:\/\/www.nettali.com\/rest\/wp\/v2\/posts\/166070\/revisions\/166071"}],"wp:featuredmedia":[{"embeddable":true,"href":"https:\/\/www.nettali.com\/rest\/wp\/v2\/media\/165706"}],"wp:attachment":[{"href":"https:\/\/www.nettali.com\/rest\/wp\/v2\/media?parent=166070"}],"wp:term":[{"taxonomy":"category","embeddable":true,"href":"https:\/\/www.nettali.com\/rest\/wp\/v2\/categories?post=166070"},{"taxonomy":"post_tag","embeddable":true,"href":"https:\/\/www.nettali.com\/rest\/wp\/v2\/tags?post=166070"}],"curies":[{"name":"wp","href":"https:\/\/api.w.org\/{rel}","templated":true}]}}