{"id":166047,"date":"2025-12-09T10:00:08","date_gmt":"2025-12-09T10:00:08","guid":{"rendered":"https:\/\/www.nettali.com\/?p=166047"},"modified":"2025-12-09T08:04:52","modified_gmt":"2025-12-09T08:04:52","slug":"greve-a-luniversite-lechange-entre-oumar-pene-et-les-etudiants-de-lucad","status":"publish","type":"post","link":"https:\/\/www.nettali.com\/2025\/12\/09\/greve-a-luniversite-lechange-entre-oumar-pene-et-les-etudiants-de-lucad\/","title":{"rendered":"GREVE A l'UNIVERSITE - L'\u00e9change entre Oumar P\u00e8ne et les \u00e9tudiants de l'UCAD"},"content":{"rendered":"<p><strong>NETTALI.COM -<\/strong> En d\u00e9placement hors du pays, Omar P\u00e8ne a tenu hier lundi 8 d\u00e9cembre, dans la matin\u00e9e, une visioconf\u00e9rence avec les repr\u00e9sentants des \u00e9tudiants de l\u2019Universit\u00e9 Cheikh Anta Diop de Dakar, notamment les pr\u00e9sidents des Amicales, afin d\u2019\u00e9changer sur la gr\u00e8ve qui paralyse le campus depuis plusieurs jours.<\/p>\n<p>Au cours de la visioconf\u00e9rence, Omar P\u00e8ne a \u00e9chang\u00e9 avec un large panel de leaders \u00e9tudiants, r\u00e9unissant les pr\u00e9sidents et responsables sociaux des principales Amicales de la FSJP, de la FST, de la Faseg et de la FLSH, ainsi qu\u2019un conseiller acad\u00e9mique, le Pr Babacar Mbaye Diop.<\/p>\n<p>Au nom de leurs camarades, Waly Faye et Demba K\u00e2 ont expos\u00e9 les pr\u00e9occupations majeures des \u00e9tudiants, en particulier le retard dans le paiement des bourses de Master 2, accusant quatorze mois, et la suspension de certaines bourses. Ils ont soulign\u00e9 que ces difficult\u00e9s, r\u00e9currentes au S\u00e9n\u00e9gal, compromettent leur stabilit\u00e9 et leurs conditions d\u2019\u00e9tudes.<\/p>\n<p>Omar P\u00e8ne a assur\u00e9 les \u00e9tudiants de toute son attention. Il a salu\u00e9 la clart\u00e9 de leurs propos et reconnu la l\u00e9gitimit\u00e9 de leurs revendications, rappelant que la d\u00e9fense de leurs droits est pleinement respect\u00e9e et doit pouvoir s\u2019exercer dans la responsabilit\u00e9 et la non-violence, afin de pr\u00e9server la vocation premi\u00e8re de l\u2019espace universitaire.<\/p>\n<p>Les \u00e9tudiants ont \u00e9galement fait part de leur inqui\u00e9tude concernant la pr\u00e9sence des forces de l\u2019ordre sur le campus, qu\u2019ils per\u00e7oivent comme un frein \u00e0 un retour apais\u00e9 des enseignements. Le chanteur et m\u00e9diateur a dit comprendre ce ressenti et a promis que, d\u00e8s son retour \u00e0 Dakar la semaine suivante, il se rapprocherait des autorit\u00e9s comp\u00e9tentes pour relayer leurs pr\u00e9occupations, tant sur les bourses que sur le climat de s\u00e9r\u00e9nit\u00e9 n\u00e9cessaire \u00e0 la reprise normale des cours.<\/p>\n<p>Convaincu que la confiance mutuelle finira par s\u2019installer, Omar P\u00e8ne dit compter sur le sens de responsabilit\u00e9 des \u00e9tudiants pour permettre une reprise des activit\u00e9s p\u00e9dagogiques. Il a tenu \u00e0 les remercier pour l\u2019\u00e9coute et l\u2019estime qu\u2019ils lui t\u00e9moignent, soulignant que les \u00e9changes ont toujours permis de d\u00e9gager des solutions positives par le pass\u00e9.<\/p>\n<p>Rappelant que l\u2019Universit\u00e9 s\u00e9n\u00e9galaise traverse une p\u00e9riode difficile, il a insist\u00e9 sur l\u2019importance de pr\u00e9server les institutions acad\u00e9miques comme des espaces d\u2019apprentissage, de dialogue et de construction collective, et non de confrontation. Selon lui, seule la volont\u00e9 commune, nourrie par le respect et un dialogue permanent, permettra de surmonter les d\u00e9fis actuels au b\u00e9n\u00e9fice des \u00e9tudiants et de l\u2019avenir du pays.<\/p>\n<p>Omar P\u00e8ne a enfin annonc\u00e9 son intention de rencontrer \u00e9galement les repr\u00e9sentants des \u00e9tudiants de l\u2019UGB, de l\u2019Ussein, de l\u2019UASZ et de l\u2019UAD, eux aussi engag\u00e9s dans des mouvements de gr\u00e8ve.<\/p>\n<div class='share-to-whatsapp-wrapper'><div class='share-on-whsp'>PARTAGER SUR : <\/div><a data-text='GREVE A l'UNIVERSITE - L'\u00e9change entre Oumar P\u00e8ne et les \u00e9tudiants de l'UCAD' data-link='https:\/\/www.nettali.com\/2025\/12\/09\/greve-a-luniversite-lechange-entre-oumar-pene-et-les-etudiants-de-lucad\/' class='whatsapp-button whatsapp-share'>WhatsApp<\/a><div class='clear '><\/div><\/div>","protected":false},"excerpt":{"rendered":"<p>NETTALI.COM - En d\u00e9placement hors du pays, Omar P\u00e8ne a tenu hier lundi 8 d\u00e9cembre, dans la matin\u00e9e, une visioconf\u00e9rence avec les repr\u00e9sentants des \u00e9tudiants de l\u2019Universit\u00e9 Cheikh Anta Diop de Dakar, notamment les pr\u00e9sidents des Amicales, afin d\u2019\u00e9changer sur la gr\u00e8ve qui paralyse le campus depuis plusieurs jours. Au cours de la visioconf\u00e9rence, Omar [&hellip;]<\/p>\n","protected":false},"author":2,"featured_media":166048,"comment_status":"open","ping_status":"open","sticky":false,"template":"","format":"standard","meta":{"_et_pb_use_builder":"","_et_pb_old_content":""},"categories":[34945],"tags":[],"yoast_head":"<!-- This site is optimized with the Yoast SEO Premium plugin v17.8 (Yoast SEO v17.8) - https:\/\/yoast.com\/wordpress\/plugins\/seo\/ -->\n<title>GREVE A l&#039;UNIVERSITE - L&#039;\u00e9change entre Oumar P\u00e8ne et les \u00e9tudiants de l&#039;UCAD | Nettali.com<\/title>\n<meta name=\"robots\" content=\"index, follow, max-snippet:-1, max-image-preview:large, max-video-preview:-1\" \/>\n<link rel=\"canonical\" href=\"https:\/\/www.nettali.com\/2025\/12\/09\/greve-a-luniversite-lechange-entre-oumar-pene-et-les-etudiants-de-lucad\/\" \/>\n<meta property=\"og:locale\" content=\"fr_FR\" \/>\n<meta property=\"og:type\" content=\"article\" \/>\n<meta property=\"og:title\" content=\"GREVE A l&#039;UNIVERSITE - L&#039;\u00e9change entre Oumar P\u00e8ne et les \u00e9tudiants de l&#039;UCAD\" \/>\n<meta property=\"og:description\" content=\"NETTALI.COM - En d\u00e9placement hors du pays, Omar P\u00e8ne a tenu hier lundi 8 d\u00e9cembre, dans la matin\u00e9e, une visioconf\u00e9rence avec les repr\u00e9sentants des \u00e9tudiants de l\u2019Universit\u00e9 Cheikh Anta Diop de Dakar, notamment les pr\u00e9sidents des Amicales, afin d\u2019\u00e9changer sur la gr\u00e8ve qui paralyse le campus depuis plusieurs jours. Au cours de la visioconf\u00e9rence, Omar [&hellip;]\" \/>\n<meta property=\"og:url\" content=\"https:\/\/www.nettali.com\/2025\/12\/09\/greve-a-luniversite-lechange-entre-oumar-pene-et-les-etudiants-de-lucad\/\" \/>\n<meta property=\"og:site_name\" content=\"Nettali.com\" \/>\n<meta property=\"article:publisher\" content=\"https:\/\/www.facebook.com\/nettalicom\" \/>\n<meta property=\"article:published_time\" content=\"2025-12-09T10:00:08+00:00\" \/>\n<meta property=\"article:modified_time\" content=\"2025-12-09T08:04:52+00:00\" \/>\n<meta property=\"og:image\" content=\"https:\/\/www.nettali.com\/wp-content\/uploads\/2025\/12\/19065657-23101417.png\" \/>\n\t<meta property=\"og:image:width\" content=\"729\" \/>\n\t<meta property=\"og:image:height\" content=\"469\" \/>\n<meta name=\"twitter:card\" content=\"summary_large_image\" \/>\n<meta name=\"twitter:label1\" content=\"\u00c9crit par\" \/>\n\t<meta name=\"twitter:data1\" content=\"CK\" \/>\n\t<meta name=\"twitter:label2\" content=\"Dur\u00e9e de lecture estim\u00e9e\" \/>\n\t<meta name=\"twitter:data2\" content=\"2 minutes\" \/>\n<script type=\"application\/ld+json\" class=\"yoast-schema-graph\">{\"@context\":\"https:\/\/schema.org\",\"@graph\":[{\"@type\":\"WebSite\",\"@id\":\"https:\/\/www.nettali.com\/#website\",\"url\":\"https:\/\/www.nettali.com\/\",\"name\":\"Nettali.com\",\"description\":\"Le rendez-vous critique du Net\",\"potentialAction\":[{\"@type\":\"SearchAction\",\"target\":{\"@type\":\"EntryPoint\",\"urlTemplate\":\"https:\/\/www.nettali.com\/?s={search_term_string}\"},\"query-input\":\"required name=search_term_string\"}],\"inLanguage\":\"fr-FR\"},{\"@type\":\"ImageObject\",\"@id\":\"https:\/\/www.nettali.com\/2025\/12\/09\/greve-a-luniversite-lechange-entre-oumar-pene-et-les-etudiants-de-lucad\/#primaryimage\",\"inLanguage\":\"fr-FR\",\"url\":\"https:\/\/www.nettali.com\/wp-content\/uploads\/2025\/12\/19065657-23101417.png\",\"contentUrl\":\"https:\/\/www.nettali.com\/wp-content\/uploads\/2025\/12\/19065657-23101417.png\",\"width\":729,\"height\":469},{\"@type\":\"WebPage\",\"@id\":\"https:\/\/www.nettali.com\/2025\/12\/09\/greve-a-luniversite-lechange-entre-oumar-pene-et-les-etudiants-de-lucad\/#webpage\",\"url\":\"https:\/\/www.nettali.com\/2025\/12\/09\/greve-a-luniversite-lechange-entre-oumar-pene-et-les-etudiants-de-lucad\/\",\"name\":\"GREVE A l'UNIVERSITE - L'\\u00e9change entre Oumar P\\u00e8ne et les \\u00e9tudiants de l'UCAD | Nettali.com\",\"isPartOf\":{\"@id\":\"https:\/\/www.nettali.com\/#website\"},\"primaryImageOfPage\":{\"@id\":\"https:\/\/www.nettali.com\/2025\/12\/09\/greve-a-luniversite-lechange-entre-oumar-pene-et-les-etudiants-de-lucad\/#primaryimage\"},\"datePublished\":\"2025-12-09T10:00:08+00:00\",\"dateModified\":\"2025-12-09T08:04:52+00:00\",\"author\":{\"@id\":\"https:\/\/www.nettali.com\/#\/schema\/person\/d8ac7b7e27ddad43f1c0d2ef090d7f71\"},\"breadcrumb\":{\"@id\":\"https:\/\/www.nettali.com\/2025\/12\/09\/greve-a-luniversite-lechange-entre-oumar-pene-et-les-etudiants-de-lucad\/#breadcrumb\"},\"inLanguage\":\"fr-FR\",\"potentialAction\":[{\"@type\":\"ReadAction\",\"target\":[\"https:\/\/www.nettali.com\/2025\/12\/09\/greve-a-luniversite-lechange-entre-oumar-pene-et-les-etudiants-de-lucad\/\"]}]},{\"@type\":\"BreadcrumbList\",\"@id\":\"https:\/\/www.nettali.com\/2025\/12\/09\/greve-a-luniversite-lechange-entre-oumar-pene-et-les-etudiants-de-lucad\/#breadcrumb\",\"itemListElement\":[{\"@type\":\"ListItem\",\"position\":1,\"name\":\"Accueil\",\"item\":\"https:\/\/www.nettali.com\/\"},{\"@type\":\"ListItem\",\"position\":2,\"name\":\"GREVE A l'UNIVERSITE - L'\\u00e9change entre Oumar P\\u00e8ne et les \\u00e9tudiants de l'UCAD\"}]},{\"@type\":\"Person\",\"@id\":\"https:\/\/www.nettali.com\/#\/schema\/person\/d8ac7b7e27ddad43f1c0d2ef090d7f71\",\"name\":\"CK\",\"image\":{\"@type\":\"ImageObject\",\"@id\":\"https:\/\/www.nettali.com\/#personlogo\",\"inLanguage\":\"fr-FR\",\"url\":\"https:\/\/secure.gravatar.com\/avatar\/1d8d5118b9327d94da7cd4ce7f17fec2?s=96&d=mm&r=g\",\"contentUrl\":\"https:\/\/secure.gravatar.com\/avatar\/1d8d5118b9327d94da7cd4ce7f17fec2?s=96&d=mm&r=g\",\"caption\":\"CK\"},\"sameAs\":[\"https:\/\/www.nettali.com\"]}]}<\/script>\n<!-- \/ Yoast SEO Premium plugin. -->","yoast_head_json":{"title":"GREVE A l'UNIVERSITE - L'\u00e9change entre Oumar P\u00e8ne et les \u00e9tudiants de l'UCAD | Nettali.com","robots":{"index":"index","follow":"follow","max-snippet":"max-snippet:-1","max-image-preview":"max-image-preview:large","max-video-preview":"max-video-preview:-1"},"canonical":"https:\/\/www.nettali.com\/2025\/12\/09\/greve-a-luniversite-lechange-entre-oumar-pene-et-les-etudiants-de-lucad\/","og_locale":"fr_FR","og_type":"article","og_title":"GREVE A l'UNIVERSITE - L'\u00e9change entre Oumar P\u00e8ne et les \u00e9tudiants de l'UCAD","og_description":"NETTALI.COM - En d\u00e9placement hors du pays, Omar P\u00e8ne a tenu hier lundi 8 d\u00e9cembre, dans la matin\u00e9e, une visioconf\u00e9rence avec les repr\u00e9sentants des \u00e9tudiants de l\u2019Universit\u00e9 Cheikh Anta Diop de Dakar, notamment les pr\u00e9sidents des Amicales, afin d\u2019\u00e9changer sur la gr\u00e8ve qui paralyse le campus depuis plusieurs jours. Au cours de la visioconf\u00e9rence, Omar [&hellip;]","og_url":"https:\/\/www.nettali.com\/2025\/12\/09\/greve-a-luniversite-lechange-entre-oumar-pene-et-les-etudiants-de-lucad\/","og_site_name":"Nettali.com","article_publisher":"https:\/\/www.facebook.com\/nettalicom","article_published_time":"2025-12-09T10:00:08+00:00","article_modified_time":"2025-12-09T08:04:52+00:00","og_image":[{"width":729,"height":469,"url":"https:\/\/www.nettali.com\/wp-content\/uploads\/2025\/12\/19065657-23101417.png","type":"image\/png"}],"twitter_card":"summary_large_image","twitter_misc":{"\u00c9crit par":"CK","Dur\u00e9e de lecture estim\u00e9e":"2 minutes"},"schema":{"@context":"https:\/\/schema.org","@graph":[{"@type":"WebSite","@id":"https:\/\/www.nettali.com\/#website","url":"https:\/\/www.nettali.com\/","name":"Nettali.com","description":"Le rendez-vous critique du Net","potentialAction":[{"@type":"SearchAction","target":{"@type":"EntryPoint","urlTemplate":"https:\/\/www.nettali.com\/?s={search_term_string}"},"query-input":"required name=search_term_string"}],"inLanguage":"fr-FR"},{"@type":"ImageObject","@id":"https:\/\/www.nettali.com\/2025\/12\/09\/greve-a-luniversite-lechange-entre-oumar-pene-et-les-etudiants-de-lucad\/#primaryimage","inLanguage":"fr-FR","url":"https:\/\/www.nettali.com\/wp-content\/uploads\/2025\/12\/19065657-23101417.png","contentUrl":"https:\/\/www.nettali.com\/wp-content\/uploads\/2025\/12\/19065657-23101417.png","width":729,"height":469},{"@type":"WebPage","@id":"https:\/\/www.nettali.com\/2025\/12\/09\/greve-a-luniversite-lechange-entre-oumar-pene-et-les-etudiants-de-lucad\/#webpage","url":"https:\/\/www.nettali.com\/2025\/12\/09\/greve-a-luniversite-lechange-entre-oumar-pene-et-les-etudiants-de-lucad\/","name":"GREVE A l'UNIVERSITE - L'\u00e9change entre Oumar P\u00e8ne et les \u00e9tudiants de l'UCAD | Nettali.com","isPartOf":{"@id":"https:\/\/www.nettali.com\/#website"},"primaryImageOfPage":{"@id":"https:\/\/www.nettali.com\/2025\/12\/09\/greve-a-luniversite-lechange-entre-oumar-pene-et-les-etudiants-de-lucad\/#primaryimage"},"datePublished":"2025-12-09T10:00:08+00:00","dateModified":"2025-12-09T08:04:52+00:00","author":{"@id":"https:\/\/www.nettali.com\/#\/schema\/person\/d8ac7b7e27ddad43f1c0d2ef090d7f71"},"breadcrumb":{"@id":"https:\/\/www.nettali.com\/2025\/12\/09\/greve-a-luniversite-lechange-entre-oumar-pene-et-les-etudiants-de-lucad\/#breadcrumb"},"inLanguage":"fr-FR","potentialAction":[{"@type":"ReadAction","target":["https:\/\/www.nettali.com\/2025\/12\/09\/greve-a-luniversite-lechange-entre-oumar-pene-et-les-etudiants-de-lucad\/"]}]},{"@type":"BreadcrumbList","@id":"https:\/\/www.nettali.com\/2025\/12\/09\/greve-a-luniversite-lechange-entre-oumar-pene-et-les-etudiants-de-lucad\/#breadcrumb","itemListElement":[{"@type":"ListItem","position":1,"name":"Accueil","item":"https:\/\/www.nettali.com\/"},{"@type":"ListItem","position":2,"name":"GREVE A l'UNIVERSITE - L'\u00e9change entre Oumar P\u00e8ne et les \u00e9tudiants de l'UCAD"}]},{"@type":"Person","@id":"https:\/\/www.nettali.com\/#\/schema\/person\/d8ac7b7e27ddad43f1c0d2ef090d7f71","name":"CK","image":{"@type":"ImageObject","@id":"https:\/\/www.nettali.com\/#personlogo","inLanguage":"fr-FR","url":"https:\/\/secure.gravatar.com\/avatar\/1d8d5118b9327d94da7cd4ce7f17fec2?s=96&d=mm&r=g","contentUrl":"https:\/\/secure.gravatar.com\/avatar\/1d8d5118b9327d94da7cd4ce7f17fec2?s=96&d=mm&r=g","caption":"CK"},"sameAs":["https:\/\/www.nettali.com"]}]}},"_links":{"self":[{"href":"https:\/\/www.nettali.com\/rest\/wp\/v2\/posts\/166047"}],"collection":[{"href":"https:\/\/www.nettali.com\/rest\/wp\/v2\/posts"}],"about":[{"href":"https:\/\/www.nettali.com\/rest\/wp\/v2\/types\/post"}],"author":[{"embeddable":true,"href":"https:\/\/www.nettali.com\/rest\/wp\/v2\/users\/2"}],"replies":[{"embeddable":true,"href":"https:\/\/www.nettali.com\/rest\/wp\/v2\/comments?post=166047"}],"version-history":[{"count":1,"href":"https:\/\/www.nettali.com\/rest\/wp\/v2\/posts\/166047\/revisions"}],"predecessor-version":[{"id":166049,"href":"https:\/\/www.nettali.com\/rest\/wp\/v2\/posts\/166047\/revisions\/166049"}],"wp:featuredmedia":[{"embeddable":true,"href":"https:\/\/www.nettali.com\/rest\/wp\/v2\/media\/166048"}],"wp:attachment":[{"href":"https:\/\/www.nettali.com\/rest\/wp\/v2\/media?parent=166047"}],"wp:term":[{"taxonomy":"category","embeddable":true,"href":"https:\/\/www.nettali.com\/rest\/wp\/v2\/categories?post=166047"},{"taxonomy":"post_tag","embeddable":true,"href":"https:\/\/www.nettali.com\/rest\/wp\/v2\/tags?post=166047"}],"curies":[{"name":"wp","href":"https:\/\/api.w.org\/{rel}","templated":true}]}}