{"id":166041,"date":"2025-12-09T07:58:16","date_gmt":"2025-12-09T07:58:16","guid":{"rendered":"https:\/\/www.nettali.com\/?p=166041"},"modified":"2025-12-10T07:07:44","modified_gmt":"2025-12-10T07:07:44","slug":"prise-de-fonction-armee-le-nouveau-cemga-prendre-fonction-le-12-fevrier-le-general-mbaye-cisse-part-la-tete-haute","status":"publish","type":"post","link":"https:\/\/www.nettali.com\/2025\/12\/09\/prise-de-fonction-armee-le-nouveau-cemga-prendre-fonction-le-12-fevrier-le-general-mbaye-cisse-part-la-tete-haute\/","title":{"rendered":"PRISE DE FONCTION ARMEE - Le nouveau CEMGA aux commandes en f\u00e9vrier, le G\u00e9n\u00e9ral Mbaye Ciss\u00e9 part la t\u00eate haute"},"content":{"rendered":"<p><strong>NETTALI.COM -<\/strong> Le Journal \"<em>EnQu\u00eate<\/em>\" r\u00e9v\u00e9lait en exclusivit\u00e9, dans sa livraison du lundi 8 d\u00e9cembre, la nomination du nouveau Chef d\u2019\u00e9tat-major g\u00e9n\u00e9ral des arm\u00e9es (CEMGA). Cette nomination est d\u00e9sormais encadr\u00e9e par le d\u00e9cret n\u00b02025-1934 du 1er d\u00e9cembre 2025, sign\u00e9 par le pr\u00e9sident de la R\u00e9publique, Bassirou Diomaye Diakhar Faye.<\/p>\n<p>Ce texte \u00e9l\u00e8ve officiellement le vice-amiral Oumar Wade aux rang et appellation de vice-amiral d\u2019escadre \u2014 \u00e9quivalent de g\u00e9n\u00e9ral de Corps d'Arm\u00e9e \u2014 \u00e0 compter du 12 f\u00e9vrier 2026, date fix\u00e9e par le d\u00e9cret pour son entr\u00e9e en fonction dans la premi\u00e8re section active des cadres de l\u2019\u00c9tat-major g\u00e9n\u00e9ral.<\/p>\n<p>Le d\u00e9cret, pris sur rapport du ministre des Forces arm\u00e9es, s\u2019appuie sur l\u2019ensemble des r\u00e9f\u00e9rences juridiques encadrant la hi\u00e9rarchie militaire, notamment le statut g\u00e9n\u00e9ral des officiers d\u2019active (loi 62- 37), l\u2019organisation de la D\u00e9fense nationale et les textes relatifs \u00e0 la structure des Forces arm\u00e9es. Il confie l\u2019ex\u00e9cution de la mesure au ministre des Forces arm\u00e9es ainsi qu\u2019au ministre des Finances et du Budget.<\/p>\n<p><strong>Une d\u00e9cision hautement strat\u00e9gique, tenue secr\u00e8te <\/strong><\/p>\n<p>Cette nomination met fin \u00e0 plusieurs semaines de sp\u00e9culations anim\u00e9es par de fausses informations circulant dans la presse et sur les r\u00e9seaux sociaux. Le processus, strictement verrouill\u00e9 au sommet de l\u2019\u00c9tat, n\u2019a filtr\u00e9 qu\u2019\u00e0 la veille de la publication d\u2019EnQu\u00eate.<\/p>\n<p>Au sein de la haute hi\u00e9rarchie militaire, la d\u00e9cision est bien accueillie. Le g\u00e9n\u00e9ral d'Arm\u00e9e Mbaye Ciss\u00e9 (voir photo ci-dessous devant le micro), lou\u00e9 pour son sens r\u00e9publicain et son extr\u00eame rigueur, s\u2019appr\u00eate \u00e0 passer le t\u00e9moin au cours d\u2019une c\u00e9r\u00e9monie pr\u00e9vue le 2 f\u00e9vrier. Un pot d\u2019adieu sera organis\u00e9 en son honneur d\u00e9but f\u00e9vrier. Son successeur, r\u00e9put\u00e9 \u201c<em>s\u00e9rieux, discret et travailleur<\/em>\u201d, b\u00e9n\u00e9ficie d\u2019un respect transversal dans toutes les composantes de l\u2019arm\u00e9e.<\/p>\n<p><img loading=\"lazy\" class=\"alignnone wp-image-166045 size-large\" src=\"https:\/\/www.nettali.com\/wp-content\/uploads\/2025\/12\/91976389-64567663-1024x682.jpg\" alt=\"\" width=\"1024\" height=\"682\" srcset=\"https:\/\/www.nettali.com\/wp-content\/uploads\/2025\/12\/91976389-64567663-1024x682.jpg 1024w, https:\/\/www.nettali.com\/wp-content\/uploads\/2025\/12\/91976389-64567663-300x200.jpg 300w, https:\/\/www.nettali.com\/wp-content\/uploads\/2025\/12\/91976389-64567663-768x512.jpg 768w, https:\/\/www.nettali.com\/wp-content\/uploads\/2025\/12\/91976389-64567663-1080x720.jpg 1080w, https:\/\/www.nettali.com\/wp-content\/uploads\/2025\/12\/91976389-64567663.jpg 1280w\" sizes=\"(max-width: 1024px) 100vw, 1024px\" \/><\/p>\n<p><strong>Une premi\u00e8re historique pour la Marine nationale <\/strong><\/p>\n<p>Le d\u00e9cret n\u00b02025-1934 marque un moment historique : le vice-amiral Oumar Wade devient le premier officier issu de la Marine nationale \u00e0 acc\u00e9der au poste de CEMGA. Cette \u00e9volution consacre la mont\u00e9e en puissance strat\u00e9gique de la Marine, dont les missions se sont consid\u00e9rablement \u00e9largies dans un contexte s\u00e9curitaire marqu\u00e9 par les menaces maritimes, le narcotrafic et les enjeux li\u00e9s \u00e0 la zone \u00e9conomique exclusive.<\/p>\n<p><strong>Le Colonel Amadou Moussa Ndir, promu conseiller militaire du Premier ministre ( \u00e0 partir du 12 f\u00e9vrier)<\/strong><\/p>\n<p>Dans la dynamique de r\u00e9organisation du haut commandement, le colonel Amadou Moussa Ndir est promu g\u00e9n\u00e9ral de brigade et devient conseiller militaire du Premier ministre Ousmane Sonko, apr\u00e8s avoir occup\u00e9 la fonction d\u2019adjoint coordination d\u00e9fense et \u00e9tudes g\u00e9n\u00e9rales au sein de l\u2019\u00c9tat-major particulier du pr\u00e9sident.<\/p>\n<p><img loading=\"lazy\" class=\"alignnone wp-image-166043 size-large\" src=\"https:\/\/www.nettali.com\/wp-content\/uploads\/2025\/12\/SXDSyRUs8mxwNrav-1024x576.jpg\" alt=\"\" width=\"1024\" height=\"576\" srcset=\"https:\/\/www.nettali.com\/wp-content\/uploads\/2025\/12\/SXDSyRUs8mxwNrav-1024x576.jpg 1024w, https:\/\/www.nettali.com\/wp-content\/uploads\/2025\/12\/SXDSyRUs8mxwNrav-300x169.jpg 300w, https:\/\/www.nettali.com\/wp-content\/uploads\/2025\/12\/SXDSyRUs8mxwNrav-768x432.jpg 768w, https:\/\/www.nettali.com\/wp-content\/uploads\/2025\/12\/SXDSyRUs8mxwNrav-1080x608.jpg 1080w, https:\/\/www.nettali.com\/wp-content\/uploads\/2025\/12\/SXDSyRUs8mxwNrav.jpg 1200w\" sizes=\"(max-width: 1024px) 100vw, 1024px\" \/><\/p>\n<p><strong>Le G\u00e9n\u00e9ral de brigade Cheikhou Mouhamadou Lamine Camara devient CEMPART (\u00e0 partir du 12 f\u00e9vrier)<\/strong><\/p>\n<p>Le g\u00e9n\u00e9ral de brigade Cheikhou Mouhamadou Lamine Camara sera promu g\u00e9n\u00e9ral de division \u00e0 partir du 12 f\u00e9vrier 2026, pour occuper le poste de chef d\u2019\u00c9tat-major particulier du pr\u00e9sident de la R\u00e9publique, poste qu\u2019occupait le nouveau CEMGA.<\/p>\n<p><img loading=\"lazy\" class=\"alignnone wp-image-166044 size-full\" src=\"https:\/\/www.nettali.com\/wp-content\/uploads\/2025\/12\/Cheikhou-camara-390x220-1.jpeg\" alt=\"\" width=\"390\" height=\"220\" srcset=\"https:\/\/www.nettali.com\/wp-content\/uploads\/2025\/12\/Cheikhou-camara-390x220-1.jpeg 390w, https:\/\/www.nettali.com\/wp-content\/uploads\/2025\/12\/Cheikhou-camara-390x220-1-300x169.jpeg 300w\" sizes=\"(max-width: 390px) 100vw, 390px\" \/><\/p>\n<p>Par ailleurs, contrairement \u00e0 certaines rumeurs relay\u00e9es sur les r\u00e9seaux sociaux, <strong>le g\u00e9n\u00e9ral de division Philippe Henry Alfred Dia<\/strong> demeure \u00e0 la t\u00eate de l\u2019Inspection g\u00e9n\u00e9rale des Forces arm\u00e9es (IGFA). Aucun d\u00e9cret ne modifie cette situation. \u00c0 suivre.<\/p>\n<div class='share-to-whatsapp-wrapper'><div class='share-on-whsp'>PARTAGER SUR : <\/div><a data-text='PRISE DE FONCTION ARMEE - Le nouveau CEMGA aux commandes en f\u00e9vrier, le G\u00e9n\u00e9ral Mbaye Ciss\u00e9 part la t\u00eate haute' data-link='https:\/\/www.nettali.com\/2025\/12\/09\/prise-de-fonction-armee-le-nouveau-cemga-prendre-fonction-le-12-fevrier-le-general-mbaye-cisse-part-la-tete-haute\/' class='whatsapp-button whatsapp-share'>WhatsApp<\/a><div class='clear '><\/div><\/div>","protected":false},"excerpt":{"rendered":"<p>NETTALI.COM - Le Journal \"EnQu\u00eate\" r\u00e9v\u00e9lait en exclusivit\u00e9, dans sa livraison du lundi 8 d\u00e9cembre, la nomination du nouveau Chef d\u2019\u00e9tat-major g\u00e9n\u00e9ral des arm\u00e9es (CEMGA). Cette nomination est d\u00e9sormais encadr\u00e9e par le d\u00e9cret n\u00b02025-1934 du 1er d\u00e9cembre 2025, sign\u00e9 par le pr\u00e9sident de la R\u00e9publique, Bassirou Diomaye Diakhar Faye. Ce texte \u00e9l\u00e8ve officiellement le vice-amiral [&hellip;]<\/p>\n","protected":false},"author":2,"featured_media":165980,"comment_status":"open","ping_status":"open","sticky":false,"template":"","format":"standard","meta":{"_et_pb_use_builder":"","_et_pb_old_content":""},"categories":[34945],"tags":[],"yoast_head":"<!-- This site is optimized with the Yoast SEO Premium plugin v17.8 (Yoast SEO v17.8) - https:\/\/yoast.com\/wordpress\/plugins\/seo\/ -->\n<title>PRISE DE FONCTION ARMEE - Le nouveau CEMGA aux commandes en f\u00e9vrier, le G\u00e9n\u00e9ral Mbaye Ciss\u00e9 part la t\u00eate haute | Nettali.com<\/title>\n<meta name=\"robots\" content=\"index, follow, max-snippet:-1, max-image-preview:large, max-video-preview:-1\" \/>\n<link rel=\"canonical\" href=\"https:\/\/www.nettali.com\/2025\/12\/09\/prise-de-fonction-armee-le-nouveau-cemga-prendre-fonction-le-12-fevrier-le-general-mbaye-cisse-part-la-tete-haute\/\" \/>\n<meta property=\"og:locale\" content=\"fr_FR\" \/>\n<meta property=\"og:type\" content=\"article\" \/>\n<meta property=\"og:title\" content=\"PRISE DE FONCTION ARMEE - Le nouveau CEMGA aux commandes en f\u00e9vrier, le G\u00e9n\u00e9ral Mbaye Ciss\u00e9 part la t\u00eate haute\" \/>\n<meta property=\"og:description\" content=\"NETTALI.COM - Le Journal &quot;EnQu\u00eate&quot; r\u00e9v\u00e9lait en exclusivit\u00e9, dans sa livraison du lundi 8 d\u00e9cembre, la nomination du nouveau Chef d\u2019\u00e9tat-major g\u00e9n\u00e9ral des arm\u00e9es (CEMGA). Cette nomination est d\u00e9sormais encadr\u00e9e par le d\u00e9cret n\u00b02025-1934 du 1er d\u00e9cembre 2025, sign\u00e9 par le pr\u00e9sident de la R\u00e9publique, Bassirou Diomaye Diakhar Faye. Ce texte \u00e9l\u00e8ve officiellement le vice-amiral [&hellip;]\" \/>\n<meta property=\"og:url\" content=\"https:\/\/www.nettali.com\/2025\/12\/09\/prise-de-fonction-armee-le-nouveau-cemga-prendre-fonction-le-12-fevrier-le-general-mbaye-cisse-part-la-tete-haute\/\" \/>\n<meta property=\"og:site_name\" content=\"Nettali.com\" \/>\n<meta property=\"article:publisher\" content=\"https:\/\/www.facebook.com\/nettalicom\" \/>\n<meta property=\"article:published_time\" content=\"2025-12-09T07:58:16+00:00\" \/>\n<meta property=\"article:modified_time\" content=\"2025-12-10T07:07:44+00:00\" \/>\n<meta property=\"og:image\" content=\"https:\/\/www.nettali.com\/wp-content\/uploads\/2025\/12\/owade_refugies.jpg\" \/>\n\t<meta property=\"og:image:width\" content=\"900\" \/>\n\t<meta property=\"og:image:height\" content=\"546\" \/>\n<meta name=\"twitter:card\" content=\"summary_large_image\" \/>\n<meta name=\"twitter:label1\" content=\"\u00c9crit par\" \/>\n\t<meta name=\"twitter:data1\" content=\"CK\" \/>\n\t<meta name=\"twitter:label2\" content=\"Dur\u00e9e de lecture estim\u00e9e\" \/>\n\t<meta name=\"twitter:data2\" content=\"3 minutes\" \/>\n<script type=\"application\/ld+json\" class=\"yoast-schema-graph\">{\"@context\":\"https:\/\/schema.org\",\"@graph\":[{\"@type\":\"WebSite\",\"@id\":\"https:\/\/www.nettali.com\/#website\",\"url\":\"https:\/\/www.nettali.com\/\",\"name\":\"Nettali.com\",\"description\":\"Le rendez-vous critique du Net\",\"potentialAction\":[{\"@type\":\"SearchAction\",\"target\":{\"@type\":\"EntryPoint\",\"urlTemplate\":\"https:\/\/www.nettali.com\/?s={search_term_string}\"},\"query-input\":\"required name=search_term_string\"}],\"inLanguage\":\"fr-FR\"},{\"@type\":\"ImageObject\",\"@id\":\"https:\/\/www.nettali.com\/2025\/12\/09\/prise-de-fonction-armee-le-nouveau-cemga-prendre-fonction-le-12-fevrier-le-general-mbaye-cisse-part-la-tete-haute\/#primaryimage\",\"inLanguage\":\"fr-FR\",\"url\":\"https:\/\/www.nettali.com\/wp-content\/uploads\/2025\/12\/owade_refugies.jpg\",\"contentUrl\":\"https:\/\/www.nettali.com\/wp-content\/uploads\/2025\/12\/owade_refugies.jpg\",\"width\":900,\"height\":546},{\"@type\":\"WebPage\",\"@id\":\"https:\/\/www.nettali.com\/2025\/12\/09\/prise-de-fonction-armee-le-nouveau-cemga-prendre-fonction-le-12-fevrier-le-general-mbaye-cisse-part-la-tete-haute\/#webpage\",\"url\":\"https:\/\/www.nettali.com\/2025\/12\/09\/prise-de-fonction-armee-le-nouveau-cemga-prendre-fonction-le-12-fevrier-le-general-mbaye-cisse-part-la-tete-haute\/\",\"name\":\"PRISE DE FONCTION ARMEE - Le nouveau CEMGA aux commandes en f\\u00e9vrier, le G\\u00e9n\\u00e9ral Mbaye Ciss\\u00e9 part la t\\u00eate haute | Nettali.com\",\"isPartOf\":{\"@id\":\"https:\/\/www.nettali.com\/#website\"},\"primaryImageOfPage\":{\"@id\":\"https:\/\/www.nettali.com\/2025\/12\/09\/prise-de-fonction-armee-le-nouveau-cemga-prendre-fonction-le-12-fevrier-le-general-mbaye-cisse-part-la-tete-haute\/#primaryimage\"},\"datePublished\":\"2025-12-09T07:58:16+00:00\",\"dateModified\":\"2025-12-10T07:07:44+00:00\",\"author\":{\"@id\":\"https:\/\/www.nettali.com\/#\/schema\/person\/d8ac7b7e27ddad43f1c0d2ef090d7f71\"},\"breadcrumb\":{\"@id\":\"https:\/\/www.nettali.com\/2025\/12\/09\/prise-de-fonction-armee-le-nouveau-cemga-prendre-fonction-le-12-fevrier-le-general-mbaye-cisse-part-la-tete-haute\/#breadcrumb\"},\"inLanguage\":\"fr-FR\",\"potentialAction\":[{\"@type\":\"ReadAction\",\"target\":[\"https:\/\/www.nettali.com\/2025\/12\/09\/prise-de-fonction-armee-le-nouveau-cemga-prendre-fonction-le-12-fevrier-le-general-mbaye-cisse-part-la-tete-haute\/\"]}]},{\"@type\":\"BreadcrumbList\",\"@id\":\"https:\/\/www.nettali.com\/2025\/12\/09\/prise-de-fonction-armee-le-nouveau-cemga-prendre-fonction-le-12-fevrier-le-general-mbaye-cisse-part-la-tete-haute\/#breadcrumb\",\"itemListElement\":[{\"@type\":\"ListItem\",\"position\":1,\"name\":\"Accueil\",\"item\":\"https:\/\/www.nettali.com\/\"},{\"@type\":\"ListItem\",\"position\":2,\"name\":\"PRISE DE FONCTION ARMEE - Le nouveau CEMGA aux commandes en f\\u00e9vrier, le G\\u00e9n\\u00e9ral Mbaye Ciss\\u00e9 part la t\\u00eate haute\"}]},{\"@type\":\"Person\",\"@id\":\"https:\/\/www.nettali.com\/#\/schema\/person\/d8ac7b7e27ddad43f1c0d2ef090d7f71\",\"name\":\"CK\",\"image\":{\"@type\":\"ImageObject\",\"@id\":\"https:\/\/www.nettali.com\/#personlogo\",\"inLanguage\":\"fr-FR\",\"url\":\"https:\/\/secure.gravatar.com\/avatar\/1d8d5118b9327d94da7cd4ce7f17fec2?s=96&d=mm&r=g\",\"contentUrl\":\"https:\/\/secure.gravatar.com\/avatar\/1d8d5118b9327d94da7cd4ce7f17fec2?s=96&d=mm&r=g\",\"caption\":\"CK\"},\"sameAs\":[\"https:\/\/www.nettali.com\"]}]}<\/script>\n<!-- \/ Yoast SEO Premium plugin. -->","yoast_head_json":{"title":"PRISE DE FONCTION ARMEE - Le nouveau CEMGA aux commandes en f\u00e9vrier, le G\u00e9n\u00e9ral Mbaye Ciss\u00e9 part la t\u00eate haute | Nettali.com","robots":{"index":"index","follow":"follow","max-snippet":"max-snippet:-1","max-image-preview":"max-image-preview:large","max-video-preview":"max-video-preview:-1"},"canonical":"https:\/\/www.nettali.com\/2025\/12\/09\/prise-de-fonction-armee-le-nouveau-cemga-prendre-fonction-le-12-fevrier-le-general-mbaye-cisse-part-la-tete-haute\/","og_locale":"fr_FR","og_type":"article","og_title":"PRISE DE FONCTION ARMEE - Le nouveau CEMGA aux commandes en f\u00e9vrier, le G\u00e9n\u00e9ral Mbaye Ciss\u00e9 part la t\u00eate haute","og_description":"NETTALI.COM - Le Journal \"EnQu\u00eate\" r\u00e9v\u00e9lait en exclusivit\u00e9, dans sa livraison du lundi 8 d\u00e9cembre, la nomination du nouveau Chef d\u2019\u00e9tat-major g\u00e9n\u00e9ral des arm\u00e9es (CEMGA). Cette nomination est d\u00e9sormais encadr\u00e9e par le d\u00e9cret n\u00b02025-1934 du 1er d\u00e9cembre 2025, sign\u00e9 par le pr\u00e9sident de la R\u00e9publique, Bassirou Diomaye Diakhar Faye. Ce texte \u00e9l\u00e8ve officiellement le vice-amiral [&hellip;]","og_url":"https:\/\/www.nettali.com\/2025\/12\/09\/prise-de-fonction-armee-le-nouveau-cemga-prendre-fonction-le-12-fevrier-le-general-mbaye-cisse-part-la-tete-haute\/","og_site_name":"Nettali.com","article_publisher":"https:\/\/www.facebook.com\/nettalicom","article_published_time":"2025-12-09T07:58:16+00:00","article_modified_time":"2025-12-10T07:07:44+00:00","og_image":[{"width":900,"height":546,"url":"https:\/\/www.nettali.com\/wp-content\/uploads\/2025\/12\/owade_refugies.jpg","type":"image\/jpeg"}],"twitter_card":"summary_large_image","twitter_misc":{"\u00c9crit par":"CK","Dur\u00e9e de lecture estim\u00e9e":"3 minutes"},"schema":{"@context":"https:\/\/schema.org","@graph":[{"@type":"WebSite","@id":"https:\/\/www.nettali.com\/#website","url":"https:\/\/www.nettali.com\/","name":"Nettali.com","description":"Le rendez-vous critique du Net","potentialAction":[{"@type":"SearchAction","target":{"@type":"EntryPoint","urlTemplate":"https:\/\/www.nettali.com\/?s={search_term_string}"},"query-input":"required name=search_term_string"}],"inLanguage":"fr-FR"},{"@type":"ImageObject","@id":"https:\/\/www.nettali.com\/2025\/12\/09\/prise-de-fonction-armee-le-nouveau-cemga-prendre-fonction-le-12-fevrier-le-general-mbaye-cisse-part-la-tete-haute\/#primaryimage","inLanguage":"fr-FR","url":"https:\/\/www.nettali.com\/wp-content\/uploads\/2025\/12\/owade_refugies.jpg","contentUrl":"https:\/\/www.nettali.com\/wp-content\/uploads\/2025\/12\/owade_refugies.jpg","width":900,"height":546},{"@type":"WebPage","@id":"https:\/\/www.nettali.com\/2025\/12\/09\/prise-de-fonction-armee-le-nouveau-cemga-prendre-fonction-le-12-fevrier-le-general-mbaye-cisse-part-la-tete-haute\/#webpage","url":"https:\/\/www.nettali.com\/2025\/12\/09\/prise-de-fonction-armee-le-nouveau-cemga-prendre-fonction-le-12-fevrier-le-general-mbaye-cisse-part-la-tete-haute\/","name":"PRISE DE FONCTION ARMEE - Le nouveau CEMGA aux commandes en f\u00e9vrier, le G\u00e9n\u00e9ral Mbaye Ciss\u00e9 part la t\u00eate haute | Nettali.com","isPartOf":{"@id":"https:\/\/www.nettali.com\/#website"},"primaryImageOfPage":{"@id":"https:\/\/www.nettali.com\/2025\/12\/09\/prise-de-fonction-armee-le-nouveau-cemga-prendre-fonction-le-12-fevrier-le-general-mbaye-cisse-part-la-tete-haute\/#primaryimage"},"datePublished":"2025-12-09T07:58:16+00:00","dateModified":"2025-12-10T07:07:44+00:00","author":{"@id":"https:\/\/www.nettali.com\/#\/schema\/person\/d8ac7b7e27ddad43f1c0d2ef090d7f71"},"breadcrumb":{"@id":"https:\/\/www.nettali.com\/2025\/12\/09\/prise-de-fonction-armee-le-nouveau-cemga-prendre-fonction-le-12-fevrier-le-general-mbaye-cisse-part-la-tete-haute\/#breadcrumb"},"inLanguage":"fr-FR","potentialAction":[{"@type":"ReadAction","target":["https:\/\/www.nettali.com\/2025\/12\/09\/prise-de-fonction-armee-le-nouveau-cemga-prendre-fonction-le-12-fevrier-le-general-mbaye-cisse-part-la-tete-haute\/"]}]},{"@type":"BreadcrumbList","@id":"https:\/\/www.nettali.com\/2025\/12\/09\/prise-de-fonction-armee-le-nouveau-cemga-prendre-fonction-le-12-fevrier-le-general-mbaye-cisse-part-la-tete-haute\/#breadcrumb","itemListElement":[{"@type":"ListItem","position":1,"name":"Accueil","item":"https:\/\/www.nettali.com\/"},{"@type":"ListItem","position":2,"name":"PRISE DE FONCTION ARMEE - Le nouveau CEMGA aux commandes en f\u00e9vrier, le G\u00e9n\u00e9ral Mbaye Ciss\u00e9 part la t\u00eate haute"}]},{"@type":"Person","@id":"https:\/\/www.nettali.com\/#\/schema\/person\/d8ac7b7e27ddad43f1c0d2ef090d7f71","name":"CK","image":{"@type":"ImageObject","@id":"https:\/\/www.nettali.com\/#personlogo","inLanguage":"fr-FR","url":"https:\/\/secure.gravatar.com\/avatar\/1d8d5118b9327d94da7cd4ce7f17fec2?s=96&d=mm&r=g","contentUrl":"https:\/\/secure.gravatar.com\/avatar\/1d8d5118b9327d94da7cd4ce7f17fec2?s=96&d=mm&r=g","caption":"CK"},"sameAs":["https:\/\/www.nettali.com"]}]}},"_links":{"self":[{"href":"https:\/\/www.nettali.com\/rest\/wp\/v2\/posts\/166041"}],"collection":[{"href":"https:\/\/www.nettali.com\/rest\/wp\/v2\/posts"}],"about":[{"href":"https:\/\/www.nettali.com\/rest\/wp\/v2\/types\/post"}],"author":[{"embeddable":true,"href":"https:\/\/www.nettali.com\/rest\/wp\/v2\/users\/2"}],"replies":[{"embeddable":true,"href":"https:\/\/www.nettali.com\/rest\/wp\/v2\/comments?post=166041"}],"version-history":[{"count":8,"href":"https:\/\/www.nettali.com\/rest\/wp\/v2\/posts\/166041\/revisions"}],"predecessor-version":[{"id":166087,"href":"https:\/\/www.nettali.com\/rest\/wp\/v2\/posts\/166041\/revisions\/166087"}],"wp:featuredmedia":[{"embeddable":true,"href":"https:\/\/www.nettali.com\/rest\/wp\/v2\/media\/165980"}],"wp:attachment":[{"href":"https:\/\/www.nettali.com\/rest\/wp\/v2\/media?parent=166041"}],"wp:term":[{"taxonomy":"category","embeddable":true,"href":"https:\/\/www.nettali.com\/rest\/wp\/v2\/categories?post=166041"},{"taxonomy":"post_tag","embeddable":true,"href":"https:\/\/www.nettali.com\/rest\/wp\/v2\/tags?post=166041"}],"curies":[{"name":"wp","href":"https:\/\/api.w.org\/{rel}","templated":true}]}}