{"id":166035,"date":"2025-12-09T07:20:45","date_gmt":"2025-12-09T07:20:45","guid":{"rendered":"https:\/\/www.nettali.com\/?p=166035"},"modified":"2025-12-10T07:58:04","modified_gmt":"2025-12-10T07:58:04","slug":"ranerou-un-tradipraticien-malien-arrete-par-la-gendarmerie-pour-apologie-du-terrorisme","status":"publish","type":"post","link":"https:\/\/www.nettali.com\/2025\/12\/09\/ranerou-un-tradipraticien-malien-arrete-par-la-gendarmerie-pour-apologie-du-terrorisme\/","title":{"rendered":"RAN\u00c9ROU - Un tradipraticien malien arr\u00eat\u00e9 par la gendarmerie pour apologie du terrorisme"},"content":{"rendered":"<p data-start=\"85\" data-end=\"324\"><strong data-start=\"85\" data-end=\"324\">NETTALI.COM - Un ressortissant malien, A.K. Sidib\u00e9, a \u00e9t\u00e9 interpell\u00e9 \u00e0 Nacara par la brigade de Lougr\u00e9 Thioly pour apologie du terrorisme. L\u2019homme administrait un groupe WhatsApp relayant des contenus djihadistes li\u00e9s aux exactions commises au Mali.<\/strong><\/p>\n<p data-start=\"326\" data-end=\"653\">Un ressortissant malien, identifi\u00e9 sous le nom d\u2019A.K. Sidib\u00e9, a \u00e9t\u00e9 arr\u00eat\u00e9 \u00e0 Nacara, dans le d\u00e9partement de Ran\u00e9rou, par les \u00e9l\u00e9ments de la brigade de Lougr\u00e9 Thioly. L\u2019homme, tradipraticien de profession, a \u00e9t\u00e9 interpell\u00e9 ce mardi 9 d\u00e9cembre lors du march\u00e9 hebdomadaire.<\/p>\n<p data-start=\"655\" data-end=\"1014\">La fouille de son t\u00e9l\u00e9phone a permis de d\u00e9couvrir qu\u2019il administrait un groupe WhatsApp diffusant des messages et vid\u00e9os soutenant les exactions de groupes djihadistes actifs au Mali. Apr\u00e8s une premi\u00e8re audition sur place, le suspect a \u00e9t\u00e9 transf\u00e9r\u00e9 \u00e0 la Section de recherches de Dakar pour approfondissement de l\u2019enqu\u00eate avant d\u2019\u00eatre d\u00e9f\u00e9r\u00e9 au parquet lundi.<\/p>\n<p data-start=\"1016\" data-end=\"1425\">Cette arrestation intervient dans un contexte marqu\u00e9 par le d\u00e9mant\u00e8lement r\u00e9cent d\u2019un r\u00e9seau similaire. En novembre, la Section de recherches de la gendarmerie de Tambacounda avait proc\u00e9d\u00e9 \u00e0 l\u2019arrestation de Hndeb\u00e9 Key, alias Bara Guill\u00e9 ou Obama, \u00e9galement de nationalit\u00e9 malienne. L\u2019enqu\u00eate avait mis en \u00e9vidence la circulation de nombreuses vid\u00e9os glorifiant les attaques djihadistes dans le Sahel.<\/p>\n<p data-start=\"1427\" data-end=\"1714\">Les investigations avaient aussi \u00e9tabli que Hndeb\u00e9 Key entretenait des \u00e9changes r\u00e9guliers avec Boubou Sow, consid\u00e9r\u00e9 comme l\u2019un des principaux administrateurs bas\u00e9 au Mali. Au moins sept groupes WhatsApp d\u00e9di\u00e9s \u00e0 la diffusion de contenus pro-djihadistes avaient alors \u00e9t\u00e9 identifi\u00e9s.<\/p>\n<p data-start=\"1716\" data-end=\"1874\" data-is-last-node=\"\" data-is-only-node=\"\">Cette nouvelle interpellation confirme la vigilance accrue des forces de s\u00e9curit\u00e9 face \u00e0 la propagation num\u00e9rique de contenus extr\u00e9mistes dans la sous-r\u00e9gion.<\/p>\n<p>&nbsp;<\/p>\n<div class='share-to-whatsapp-wrapper'><div class='share-on-whsp'>PARTAGER SUR : <\/div><a data-text='RAN\u00c9ROU - Un tradipraticien malien arr\u00eat\u00e9 par la gendarmerie pour apologie du terrorisme' data-link='https:\/\/www.nettali.com\/2025\/12\/09\/ranerou-un-tradipraticien-malien-arrete-par-la-gendarmerie-pour-apologie-du-terrorisme\/' class='whatsapp-button whatsapp-share'>WhatsApp<\/a><div class='clear '><\/div><\/div>","protected":false},"excerpt":{"rendered":"<p>NETTALI.COM - Un ressortissant malien, A.K. Sidib\u00e9, a \u00e9t\u00e9 interpell\u00e9 \u00e0 Nacara par la brigade de Lougr\u00e9 Thioly pour apologie du terrorisme. L\u2019homme administrait un groupe WhatsApp relayant des contenus djihadistes li\u00e9s aux exactions commises au Mali. Un ressortissant malien, identifi\u00e9 sous le nom d\u2019A.K. Sidib\u00e9, a \u00e9t\u00e9 arr\u00eat\u00e9 \u00e0 Nacara, dans le d\u00e9partement de [&hellip;]<\/p>\n","protected":false},"author":4,"featured_media":107132,"comment_status":"open","ping_status":"open","sticky":false,"template":"","format":"standard","meta":{"_et_pb_use_builder":"","_et_pb_old_content":""},"categories":[3],"tags":[],"yoast_head":"<!-- This site is optimized with the Yoast SEO Premium plugin v17.8 (Yoast SEO v17.8) - https:\/\/yoast.com\/wordpress\/plugins\/seo\/ -->\n<title>RAN\u00c9ROU - Un tradipraticien malien arr\u00eat\u00e9 par la gendarmerie pour apologie du terrorisme | Nettali.com<\/title>\n<meta name=\"robots\" content=\"index, follow, max-snippet:-1, max-image-preview:large, max-video-preview:-1\" \/>\n<link rel=\"canonical\" href=\"https:\/\/www.nettali.com\/2025\/12\/09\/ranerou-un-tradipraticien-malien-arrete-par-la-gendarmerie-pour-apologie-du-terrorisme\/\" \/>\n<meta property=\"og:locale\" content=\"fr_FR\" \/>\n<meta property=\"og:type\" content=\"article\" \/>\n<meta property=\"og:title\" content=\"RAN\u00c9ROU - Un tradipraticien malien arr\u00eat\u00e9 par la gendarmerie pour apologie du terrorisme\" \/>\n<meta property=\"og:description\" content=\"NETTALI.COM - Un ressortissant malien, A.K. Sidib\u00e9, a \u00e9t\u00e9 interpell\u00e9 \u00e0 Nacara par la brigade de Lougr\u00e9 Thioly pour apologie du terrorisme. L\u2019homme administrait un groupe WhatsApp relayant des contenus djihadistes li\u00e9s aux exactions commises au Mali. Un ressortissant malien, identifi\u00e9 sous le nom d\u2019A.K. Sidib\u00e9, a \u00e9t\u00e9 arr\u00eat\u00e9 \u00e0 Nacara, dans le d\u00e9partement de [&hellip;]\" \/>\n<meta property=\"og:url\" content=\"https:\/\/www.nettali.com\/2025\/12\/09\/ranerou-un-tradipraticien-malien-arrete-par-la-gendarmerie-pour-apologie-du-terrorisme\/\" \/>\n<meta property=\"og:site_name\" content=\"Nettali.com\" \/>\n<meta property=\"article:publisher\" content=\"https:\/\/www.facebook.com\/nettalicom\" \/>\n<meta property=\"article:published_time\" content=\"2025-12-09T07:20:45+00:00\" \/>\n<meta property=\"article:modified_time\" content=\"2025-12-10T07:58:04+00:00\" \/>\n<meta property=\"og:image\" content=\"https:\/\/www.nettali.com\/wp-content\/uploads\/2023\/03\/gendarmerie.png\" \/>\n\t<meta property=\"og:image:width\" content=\"792\" \/>\n\t<meta property=\"og:image:height\" content=\"445\" \/>\n<meta name=\"twitter:card\" content=\"summary_large_image\" \/>\n<meta name=\"twitter:label1\" content=\"\u00c9crit par\" \/>\n\t<meta name=\"twitter:data1\" content=\"Daouda\" \/>\n\t<meta name=\"twitter:label2\" content=\"Dur\u00e9e de lecture estim\u00e9e\" \/>\n\t<meta name=\"twitter:data2\" content=\"1 minute\" \/>\n<script type=\"application\/ld+json\" class=\"yoast-schema-graph\">{\"@context\":\"https:\/\/schema.org\",\"@graph\":[{\"@type\":\"WebSite\",\"@id\":\"https:\/\/www.nettali.com\/#website\",\"url\":\"https:\/\/www.nettali.com\/\",\"name\":\"Nettali.com\",\"description\":\"Le rendez-vous critique du Net\",\"potentialAction\":[{\"@type\":\"SearchAction\",\"target\":{\"@type\":\"EntryPoint\",\"urlTemplate\":\"https:\/\/www.nettali.com\/?s={search_term_string}\"},\"query-input\":\"required name=search_term_string\"}],\"inLanguage\":\"fr-FR\"},{\"@type\":\"ImageObject\",\"@id\":\"https:\/\/www.nettali.com\/2025\/12\/09\/ranerou-un-tradipraticien-malien-arrete-par-la-gendarmerie-pour-apologie-du-terrorisme\/#primaryimage\",\"inLanguage\":\"fr-FR\",\"url\":\"https:\/\/www.nettali.com\/wp-content\/uploads\/2023\/03\/gendarmerie.png\",\"contentUrl\":\"https:\/\/www.nettali.com\/wp-content\/uploads\/2023\/03\/gendarmerie.png\",\"width\":792,\"height\":445},{\"@type\":\"WebPage\",\"@id\":\"https:\/\/www.nettali.com\/2025\/12\/09\/ranerou-un-tradipraticien-malien-arrete-par-la-gendarmerie-pour-apologie-du-terrorisme\/#webpage\",\"url\":\"https:\/\/www.nettali.com\/2025\/12\/09\/ranerou-un-tradipraticien-malien-arrete-par-la-gendarmerie-pour-apologie-du-terrorisme\/\",\"name\":\"RAN\\u00c9ROU - Un tradipraticien malien arr\\u00eat\\u00e9 par la gendarmerie pour apologie du terrorisme | Nettali.com\",\"isPartOf\":{\"@id\":\"https:\/\/www.nettali.com\/#website\"},\"primaryImageOfPage\":{\"@id\":\"https:\/\/www.nettali.com\/2025\/12\/09\/ranerou-un-tradipraticien-malien-arrete-par-la-gendarmerie-pour-apologie-du-terrorisme\/#primaryimage\"},\"datePublished\":\"2025-12-09T07:20:45+00:00\",\"dateModified\":\"2025-12-10T07:58:04+00:00\",\"author\":{\"@id\":\"https:\/\/www.nettali.com\/#\/schema\/person\/3317e0bb3aa1da309fbf7b2780901bf4\"},\"breadcrumb\":{\"@id\":\"https:\/\/www.nettali.com\/2025\/12\/09\/ranerou-un-tradipraticien-malien-arrete-par-la-gendarmerie-pour-apologie-du-terrorisme\/#breadcrumb\"},\"inLanguage\":\"fr-FR\",\"potentialAction\":[{\"@type\":\"ReadAction\",\"target\":[\"https:\/\/www.nettali.com\/2025\/12\/09\/ranerou-un-tradipraticien-malien-arrete-par-la-gendarmerie-pour-apologie-du-terrorisme\/\"]}]},{\"@type\":\"BreadcrumbList\",\"@id\":\"https:\/\/www.nettali.com\/2025\/12\/09\/ranerou-un-tradipraticien-malien-arrete-par-la-gendarmerie-pour-apologie-du-terrorisme\/#breadcrumb\",\"itemListElement\":[{\"@type\":\"ListItem\",\"position\":1,\"name\":\"Accueil\",\"item\":\"https:\/\/www.nettali.com\/\"},{\"@type\":\"ListItem\",\"position\":2,\"name\":\"RAN\\u00c9ROU - Un tradipraticien malien arr\\u00eat\\u00e9 par la gendarmerie pour apologie du terrorisme\"}]},{\"@type\":\"Person\",\"@id\":\"https:\/\/www.nettali.com\/#\/schema\/person\/3317e0bb3aa1da309fbf7b2780901bf4\",\"name\":\"Daouda\",\"image\":{\"@type\":\"ImageObject\",\"@id\":\"https:\/\/www.nettali.com\/#personlogo\",\"inLanguage\":\"fr-FR\",\"url\":\"https:\/\/secure.gravatar.com\/avatar\/8d143b5a49345098ddcfee1c49c2f47c?s=96&d=mm&r=g\",\"contentUrl\":\"https:\/\/secure.gravatar.com\/avatar\/8d143b5a49345098ddcfee1c49c2f47c?s=96&d=mm&r=g\",\"caption\":\"Daouda\"},\"sameAs\":[\"https:\/\/www.nettali.com\"]}]}<\/script>\n<!-- \/ Yoast SEO Premium plugin. -->","yoast_head_json":{"title":"RAN\u00c9ROU - Un tradipraticien malien arr\u00eat\u00e9 par la gendarmerie pour apologie du terrorisme | Nettali.com","robots":{"index":"index","follow":"follow","max-snippet":"max-snippet:-1","max-image-preview":"max-image-preview:large","max-video-preview":"max-video-preview:-1"},"canonical":"https:\/\/www.nettali.com\/2025\/12\/09\/ranerou-un-tradipraticien-malien-arrete-par-la-gendarmerie-pour-apologie-du-terrorisme\/","og_locale":"fr_FR","og_type":"article","og_title":"RAN\u00c9ROU - Un tradipraticien malien arr\u00eat\u00e9 par la gendarmerie pour apologie du terrorisme","og_description":"NETTALI.COM - Un ressortissant malien, A.K. Sidib\u00e9, a \u00e9t\u00e9 interpell\u00e9 \u00e0 Nacara par la brigade de Lougr\u00e9 Thioly pour apologie du terrorisme. L\u2019homme administrait un groupe WhatsApp relayant des contenus djihadistes li\u00e9s aux exactions commises au Mali. Un ressortissant malien, identifi\u00e9 sous le nom d\u2019A.K. Sidib\u00e9, a \u00e9t\u00e9 arr\u00eat\u00e9 \u00e0 Nacara, dans le d\u00e9partement de [&hellip;]","og_url":"https:\/\/www.nettali.com\/2025\/12\/09\/ranerou-un-tradipraticien-malien-arrete-par-la-gendarmerie-pour-apologie-du-terrorisme\/","og_site_name":"Nettali.com","article_publisher":"https:\/\/www.facebook.com\/nettalicom","article_published_time":"2025-12-09T07:20:45+00:00","article_modified_time":"2025-12-10T07:58:04+00:00","og_image":[{"width":792,"height":445,"url":"https:\/\/www.nettali.com\/wp-content\/uploads\/2023\/03\/gendarmerie.png","type":"image\/png"}],"twitter_card":"summary_large_image","twitter_misc":{"\u00c9crit par":"Daouda","Dur\u00e9e de lecture estim\u00e9e":"1 minute"},"schema":{"@context":"https:\/\/schema.org","@graph":[{"@type":"WebSite","@id":"https:\/\/www.nettali.com\/#website","url":"https:\/\/www.nettali.com\/","name":"Nettali.com","description":"Le rendez-vous critique du Net","potentialAction":[{"@type":"SearchAction","target":{"@type":"EntryPoint","urlTemplate":"https:\/\/www.nettali.com\/?s={search_term_string}"},"query-input":"required name=search_term_string"}],"inLanguage":"fr-FR"},{"@type":"ImageObject","@id":"https:\/\/www.nettali.com\/2025\/12\/09\/ranerou-un-tradipraticien-malien-arrete-par-la-gendarmerie-pour-apologie-du-terrorisme\/#primaryimage","inLanguage":"fr-FR","url":"https:\/\/www.nettali.com\/wp-content\/uploads\/2023\/03\/gendarmerie.png","contentUrl":"https:\/\/www.nettali.com\/wp-content\/uploads\/2023\/03\/gendarmerie.png","width":792,"height":445},{"@type":"WebPage","@id":"https:\/\/www.nettali.com\/2025\/12\/09\/ranerou-un-tradipraticien-malien-arrete-par-la-gendarmerie-pour-apologie-du-terrorisme\/#webpage","url":"https:\/\/www.nettali.com\/2025\/12\/09\/ranerou-un-tradipraticien-malien-arrete-par-la-gendarmerie-pour-apologie-du-terrorisme\/","name":"RAN\u00c9ROU - Un tradipraticien malien arr\u00eat\u00e9 par la gendarmerie pour apologie du terrorisme | Nettali.com","isPartOf":{"@id":"https:\/\/www.nettali.com\/#website"},"primaryImageOfPage":{"@id":"https:\/\/www.nettali.com\/2025\/12\/09\/ranerou-un-tradipraticien-malien-arrete-par-la-gendarmerie-pour-apologie-du-terrorisme\/#primaryimage"},"datePublished":"2025-12-09T07:20:45+00:00","dateModified":"2025-12-10T07:58:04+00:00","author":{"@id":"https:\/\/www.nettali.com\/#\/schema\/person\/3317e0bb3aa1da309fbf7b2780901bf4"},"breadcrumb":{"@id":"https:\/\/www.nettali.com\/2025\/12\/09\/ranerou-un-tradipraticien-malien-arrete-par-la-gendarmerie-pour-apologie-du-terrorisme\/#breadcrumb"},"inLanguage":"fr-FR","potentialAction":[{"@type":"ReadAction","target":["https:\/\/www.nettali.com\/2025\/12\/09\/ranerou-un-tradipraticien-malien-arrete-par-la-gendarmerie-pour-apologie-du-terrorisme\/"]}]},{"@type":"BreadcrumbList","@id":"https:\/\/www.nettali.com\/2025\/12\/09\/ranerou-un-tradipraticien-malien-arrete-par-la-gendarmerie-pour-apologie-du-terrorisme\/#breadcrumb","itemListElement":[{"@type":"ListItem","position":1,"name":"Accueil","item":"https:\/\/www.nettali.com\/"},{"@type":"ListItem","position":2,"name":"RAN\u00c9ROU - Un tradipraticien malien arr\u00eat\u00e9 par la gendarmerie pour apologie du terrorisme"}]},{"@type":"Person","@id":"https:\/\/www.nettali.com\/#\/schema\/person\/3317e0bb3aa1da309fbf7b2780901bf4","name":"Daouda","image":{"@type":"ImageObject","@id":"https:\/\/www.nettali.com\/#personlogo","inLanguage":"fr-FR","url":"https:\/\/secure.gravatar.com\/avatar\/8d143b5a49345098ddcfee1c49c2f47c?s=96&d=mm&r=g","contentUrl":"https:\/\/secure.gravatar.com\/avatar\/8d143b5a49345098ddcfee1c49c2f47c?s=96&d=mm&r=g","caption":"Daouda"},"sameAs":["https:\/\/www.nettali.com"]}]}},"_links":{"self":[{"href":"https:\/\/www.nettali.com\/rest\/wp\/v2\/posts\/166035"}],"collection":[{"href":"https:\/\/www.nettali.com\/rest\/wp\/v2\/posts"}],"about":[{"href":"https:\/\/www.nettali.com\/rest\/wp\/v2\/types\/post"}],"author":[{"embeddable":true,"href":"https:\/\/www.nettali.com\/rest\/wp\/v2\/users\/4"}],"replies":[{"embeddable":true,"href":"https:\/\/www.nettali.com\/rest\/wp\/v2\/comments?post=166035"}],"version-history":[{"count":1,"href":"https:\/\/www.nettali.com\/rest\/wp\/v2\/posts\/166035\/revisions"}],"predecessor-version":[{"id":166036,"href":"https:\/\/www.nettali.com\/rest\/wp\/v2\/posts\/166035\/revisions\/166036"}],"wp:featuredmedia":[{"embeddable":true,"href":"https:\/\/www.nettali.com\/rest\/wp\/v2\/media\/107132"}],"wp:attachment":[{"href":"https:\/\/www.nettali.com\/rest\/wp\/v2\/media?parent=166035"}],"wp:term":[{"taxonomy":"category","embeddable":true,"href":"https:\/\/www.nettali.com\/rest\/wp\/v2\/categories?post=166035"},{"taxonomy":"post_tag","embeddable":true,"href":"https:\/\/www.nettali.com\/rest\/wp\/v2\/tags?post=166035"}],"curies":[{"name":"wp","href":"https:\/\/api.w.org\/{rel}","templated":true}]}}