{"id":166029,"date":"2025-12-09T07:10:02","date_gmt":"2025-12-09T07:10:02","guid":{"rendered":"https:\/\/www.nettali.com\/?p=166029"},"modified":"2025-12-09T07:10:02","modified_gmt":"2025-12-09T07:10:02","slug":"ucad-le-recteur-annonce-le-redemarrage-des-enseignements","status":"publish","type":"post","link":"https:\/\/www.nettali.com\/2025\/12\/09\/ucad-le-recteur-annonce-le-redemarrage-des-enseignements\/","title":{"rendered":"UCAD : le Recteur annonce le red\u00e9marrage des enseignements"},"content":{"rendered":"<p data-start=\"182\" data-end=\"464\"><strong data-start=\"182\" data-end=\"464\">NETTALI.COM - R\u00e9uni le 2 d\u00e9cembre 2025, le Conseil acad\u00e9mique a autoris\u00e9 le Recteur \u00e0 solliciter l\u2019intervention des forces de l\u2019ordre pour garantir la s\u00e9curit\u00e9 et assurer la reprise des activit\u00e9s p\u00e9dagogiques et scientifiques. Les cours et \u00e9valuations sont appel\u00e9s \u00e0 red\u00e9marrer imm\u00e9diatement.<\/strong><\/p>\n<p data-start=\"466\" data-end=\"850\">Le Recteur de l\u2019Universit\u00e9 Cheikh Anta Diop a annonc\u00e9 que le Conseil acad\u00e9mique, r\u00e9uni le 2 d\u00e9cembre 2025, lui a donn\u00e9 mandat pour faire intervenir les forces de l\u2019ordre sur le campus. Cette d\u00e9cision, prise conform\u00e9ment aux textes r\u00e9glementaires, visait \u00e0 prot\u00e9ger les personnes, pr\u00e9server les biens et assurer la continuit\u00e9 des activit\u00e9s universitaires perturb\u00e9es ces derniers jours.<\/p>\n<p data-start=\"852\" data-end=\"1142\">Selon l\u2019administration, cette intervention a permis de r\u00e9tablir un climat d\u2019apaisement sur l\u2019ensemble de l\u2019espace universitaire. Les autorit\u00e9s assurent que les conditions de s\u00e9curit\u00e9 sont d\u00e9sormais r\u00e9unies pour permettre une reprise effective des enseignements et des travaux scientifiques.<\/p>\n<p data-start=\"1144\" data-end=\"1514\" data-is-last-node=\"\" data-is-only-node=\"\">Le Recteur a ainsi invit\u00e9 les responsables p\u00e9dagogiques \u00e0 relancer imm\u00e9diatement les cours, travaux dirig\u00e9s, travaux pratiques, \u00e9valuations et d\u00e9lib\u00e9rations. Il a \u00e9galement r\u00e9affirm\u00e9 sa consid\u00e9ration \u00e0 l\u2019\u00e9gard de la communaut\u00e9 universitaire, soulignant l\u2019importance de l\u2019engagement de tous pour pr\u00e9server la stabilit\u00e9 et garantir la continuit\u00e9 des activit\u00e9s acad\u00e9miques.<\/p>\n<div class='share-to-whatsapp-wrapper'><div class='share-on-whsp'>PARTAGER SUR : <\/div><a data-text='UCAD : le Recteur annonce le red\u00e9marrage des enseignements' data-link='https:\/\/www.nettali.com\/2025\/12\/09\/ucad-le-recteur-annonce-le-redemarrage-des-enseignements\/' class='whatsapp-button whatsapp-share'>WhatsApp<\/a><div class='clear '><\/div><\/div>","protected":false},"excerpt":{"rendered":"<p>NETTALI.COM - R\u00e9uni le 2 d\u00e9cembre 2025, le Conseil acad\u00e9mique a autoris\u00e9 le Recteur \u00e0 solliciter l\u2019intervention des forces de l\u2019ordre pour garantir la s\u00e9curit\u00e9 et assurer la reprise des activit\u00e9s p\u00e9dagogiques et scientifiques. Les cours et \u00e9valuations sont appel\u00e9s \u00e0 red\u00e9marrer imm\u00e9diatement. Le Recteur de l\u2019Universit\u00e9 Cheikh Anta Diop a annonc\u00e9 que le Conseil [&hellip;]<\/p>\n","protected":false},"author":4,"featured_media":166030,"comment_status":"open","ping_status":"open","sticky":false,"template":"","format":"standard","meta":{"_et_pb_use_builder":"","_et_pb_old_content":""},"categories":[3],"tags":[],"yoast_head":"<!-- This site is optimized with the Yoast SEO Premium plugin v17.8 (Yoast SEO v17.8) - https:\/\/yoast.com\/wordpress\/plugins\/seo\/ -->\n<title>UCAD : le Recteur annonce le red\u00e9marrage des enseignements | Nettali.com<\/title>\n<meta name=\"robots\" content=\"index, follow, max-snippet:-1, max-image-preview:large, max-video-preview:-1\" \/>\n<link rel=\"canonical\" href=\"https:\/\/www.nettali.com\/2025\/12\/09\/ucad-le-recteur-annonce-le-redemarrage-des-enseignements\/\" \/>\n<meta property=\"og:locale\" content=\"fr_FR\" \/>\n<meta property=\"og:type\" content=\"article\" \/>\n<meta property=\"og:title\" content=\"UCAD : le Recteur annonce le red\u00e9marrage des enseignements\" \/>\n<meta property=\"og:description\" content=\"NETTALI.COM - R\u00e9uni le 2 d\u00e9cembre 2025, le Conseil acad\u00e9mique a autoris\u00e9 le Recteur \u00e0 solliciter l\u2019intervention des forces de l\u2019ordre pour garantir la s\u00e9curit\u00e9 et assurer la reprise des activit\u00e9s p\u00e9dagogiques et scientifiques. Les cours et \u00e9valuations sont appel\u00e9s \u00e0 red\u00e9marrer imm\u00e9diatement. Le Recteur de l\u2019Universit\u00e9 Cheikh Anta Diop a annonc\u00e9 que le Conseil [&hellip;]\" \/>\n<meta property=\"og:url\" content=\"https:\/\/www.nettali.com\/2025\/12\/09\/ucad-le-recteur-annonce-le-redemarrage-des-enseignements\/\" \/>\n<meta property=\"og:site_name\" content=\"Nettali.com\" \/>\n<meta property=\"article:publisher\" content=\"https:\/\/www.facebook.com\/nettalicom\" \/>\n<meta property=\"article:published_time\" content=\"2025-12-09T07:10:02+00:00\" \/>\n<meta property=\"og:image\" content=\"https:\/\/www.nettali.com\/wp-content\/uploads\/2025\/12\/OK-UCAD-9SAM_5610_0-scaled.jpg\" \/>\n\t<meta property=\"og:image:width\" content=\"2560\" \/>\n\t<meta property=\"og:image:height\" content=\"1556\" \/>\n<meta name=\"twitter:card\" content=\"summary_large_image\" \/>\n<meta name=\"twitter:label1\" content=\"\u00c9crit par\" \/>\n\t<meta name=\"twitter:data1\" content=\"Daouda\" \/>\n\t<meta name=\"twitter:label2\" content=\"Dur\u00e9e de lecture estim\u00e9e\" \/>\n\t<meta name=\"twitter:data2\" content=\"1 minute\" \/>\n<script type=\"application\/ld+json\" class=\"yoast-schema-graph\">{\"@context\":\"https:\/\/schema.org\",\"@graph\":[{\"@type\":\"WebSite\",\"@id\":\"https:\/\/www.nettali.com\/#website\",\"url\":\"https:\/\/www.nettali.com\/\",\"name\":\"Nettali.com\",\"description\":\"Le rendez-vous critique du Net\",\"potentialAction\":[{\"@type\":\"SearchAction\",\"target\":{\"@type\":\"EntryPoint\",\"urlTemplate\":\"https:\/\/www.nettali.com\/?s={search_term_string}\"},\"query-input\":\"required name=search_term_string\"}],\"inLanguage\":\"fr-FR\"},{\"@type\":\"ImageObject\",\"@id\":\"https:\/\/www.nettali.com\/2025\/12\/09\/ucad-le-recteur-annonce-le-redemarrage-des-enseignements\/#primaryimage\",\"inLanguage\":\"fr-FR\",\"url\":\"https:\/\/www.nettali.com\/wp-content\/uploads\/2025\/12\/OK-UCAD-9SAM_5610_0-scaled.jpg\",\"contentUrl\":\"https:\/\/www.nettali.com\/wp-content\/uploads\/2025\/12\/OK-UCAD-9SAM_5610_0-scaled.jpg\",\"width\":2560,\"height\":1556,\"caption\":\"SAMSUNG CSC\"},{\"@type\":\"WebPage\",\"@id\":\"https:\/\/www.nettali.com\/2025\/12\/09\/ucad-le-recteur-annonce-le-redemarrage-des-enseignements\/#webpage\",\"url\":\"https:\/\/www.nettali.com\/2025\/12\/09\/ucad-le-recteur-annonce-le-redemarrage-des-enseignements\/\",\"name\":\"UCAD : le Recteur annonce le red\\u00e9marrage des enseignements | Nettali.com\",\"isPartOf\":{\"@id\":\"https:\/\/www.nettali.com\/#website\"},\"primaryImageOfPage\":{\"@id\":\"https:\/\/www.nettali.com\/2025\/12\/09\/ucad-le-recteur-annonce-le-redemarrage-des-enseignements\/#primaryimage\"},\"datePublished\":\"2025-12-09T07:10:02+00:00\",\"dateModified\":\"2025-12-09T07:10:02+00:00\",\"author\":{\"@id\":\"https:\/\/www.nettali.com\/#\/schema\/person\/3317e0bb3aa1da309fbf7b2780901bf4\"},\"breadcrumb\":{\"@id\":\"https:\/\/www.nettali.com\/2025\/12\/09\/ucad-le-recteur-annonce-le-redemarrage-des-enseignements\/#breadcrumb\"},\"inLanguage\":\"fr-FR\",\"potentialAction\":[{\"@type\":\"ReadAction\",\"target\":[\"https:\/\/www.nettali.com\/2025\/12\/09\/ucad-le-recteur-annonce-le-redemarrage-des-enseignements\/\"]}]},{\"@type\":\"BreadcrumbList\",\"@id\":\"https:\/\/www.nettali.com\/2025\/12\/09\/ucad-le-recteur-annonce-le-redemarrage-des-enseignements\/#breadcrumb\",\"itemListElement\":[{\"@type\":\"ListItem\",\"position\":1,\"name\":\"Accueil\",\"item\":\"https:\/\/www.nettali.com\/\"},{\"@type\":\"ListItem\",\"position\":2,\"name\":\"UCAD : le Recteur annonce le red\\u00e9marrage des enseignements\"}]},{\"@type\":\"Person\",\"@id\":\"https:\/\/www.nettali.com\/#\/schema\/person\/3317e0bb3aa1da309fbf7b2780901bf4\",\"name\":\"Daouda\",\"image\":{\"@type\":\"ImageObject\",\"@id\":\"https:\/\/www.nettali.com\/#personlogo\",\"inLanguage\":\"fr-FR\",\"url\":\"https:\/\/secure.gravatar.com\/avatar\/8d143b5a49345098ddcfee1c49c2f47c?s=96&d=mm&r=g\",\"contentUrl\":\"https:\/\/secure.gravatar.com\/avatar\/8d143b5a49345098ddcfee1c49c2f47c?s=96&d=mm&r=g\",\"caption\":\"Daouda\"},\"sameAs\":[\"https:\/\/www.nettali.com\"]}]}<\/script>\n<!-- \/ Yoast SEO Premium plugin. -->","yoast_head_json":{"title":"UCAD : le Recteur annonce le red\u00e9marrage des enseignements | Nettali.com","robots":{"index":"index","follow":"follow","max-snippet":"max-snippet:-1","max-image-preview":"max-image-preview:large","max-video-preview":"max-video-preview:-1"},"canonical":"https:\/\/www.nettali.com\/2025\/12\/09\/ucad-le-recteur-annonce-le-redemarrage-des-enseignements\/","og_locale":"fr_FR","og_type":"article","og_title":"UCAD : le Recteur annonce le red\u00e9marrage des enseignements","og_description":"NETTALI.COM - R\u00e9uni le 2 d\u00e9cembre 2025, le Conseil acad\u00e9mique a autoris\u00e9 le Recteur \u00e0 solliciter l\u2019intervention des forces de l\u2019ordre pour garantir la s\u00e9curit\u00e9 et assurer la reprise des activit\u00e9s p\u00e9dagogiques et scientifiques. Les cours et \u00e9valuations sont appel\u00e9s \u00e0 red\u00e9marrer imm\u00e9diatement. Le Recteur de l\u2019Universit\u00e9 Cheikh Anta Diop a annonc\u00e9 que le Conseil [&hellip;]","og_url":"https:\/\/www.nettali.com\/2025\/12\/09\/ucad-le-recteur-annonce-le-redemarrage-des-enseignements\/","og_site_name":"Nettali.com","article_publisher":"https:\/\/www.facebook.com\/nettalicom","article_published_time":"2025-12-09T07:10:02+00:00","og_image":[{"width":2560,"height":1556,"url":"https:\/\/www.nettali.com\/wp-content\/uploads\/2025\/12\/OK-UCAD-9SAM_5610_0-scaled.jpg","type":"image\/jpeg"}],"twitter_card":"summary_large_image","twitter_misc":{"\u00c9crit par":"Daouda","Dur\u00e9e de lecture estim\u00e9e":"1 minute"},"schema":{"@context":"https:\/\/schema.org","@graph":[{"@type":"WebSite","@id":"https:\/\/www.nettali.com\/#website","url":"https:\/\/www.nettali.com\/","name":"Nettali.com","description":"Le rendez-vous critique du Net","potentialAction":[{"@type":"SearchAction","target":{"@type":"EntryPoint","urlTemplate":"https:\/\/www.nettali.com\/?s={search_term_string}"},"query-input":"required name=search_term_string"}],"inLanguage":"fr-FR"},{"@type":"ImageObject","@id":"https:\/\/www.nettali.com\/2025\/12\/09\/ucad-le-recteur-annonce-le-redemarrage-des-enseignements\/#primaryimage","inLanguage":"fr-FR","url":"https:\/\/www.nettali.com\/wp-content\/uploads\/2025\/12\/OK-UCAD-9SAM_5610_0-scaled.jpg","contentUrl":"https:\/\/www.nettali.com\/wp-content\/uploads\/2025\/12\/OK-UCAD-9SAM_5610_0-scaled.jpg","width":2560,"height":1556,"caption":"SAMSUNG CSC"},{"@type":"WebPage","@id":"https:\/\/www.nettali.com\/2025\/12\/09\/ucad-le-recteur-annonce-le-redemarrage-des-enseignements\/#webpage","url":"https:\/\/www.nettali.com\/2025\/12\/09\/ucad-le-recteur-annonce-le-redemarrage-des-enseignements\/","name":"UCAD : le Recteur annonce le red\u00e9marrage des enseignements | Nettali.com","isPartOf":{"@id":"https:\/\/www.nettali.com\/#website"},"primaryImageOfPage":{"@id":"https:\/\/www.nettali.com\/2025\/12\/09\/ucad-le-recteur-annonce-le-redemarrage-des-enseignements\/#primaryimage"},"datePublished":"2025-12-09T07:10:02+00:00","dateModified":"2025-12-09T07:10:02+00:00","author":{"@id":"https:\/\/www.nettali.com\/#\/schema\/person\/3317e0bb3aa1da309fbf7b2780901bf4"},"breadcrumb":{"@id":"https:\/\/www.nettali.com\/2025\/12\/09\/ucad-le-recteur-annonce-le-redemarrage-des-enseignements\/#breadcrumb"},"inLanguage":"fr-FR","potentialAction":[{"@type":"ReadAction","target":["https:\/\/www.nettali.com\/2025\/12\/09\/ucad-le-recteur-annonce-le-redemarrage-des-enseignements\/"]}]},{"@type":"BreadcrumbList","@id":"https:\/\/www.nettali.com\/2025\/12\/09\/ucad-le-recteur-annonce-le-redemarrage-des-enseignements\/#breadcrumb","itemListElement":[{"@type":"ListItem","position":1,"name":"Accueil","item":"https:\/\/www.nettali.com\/"},{"@type":"ListItem","position":2,"name":"UCAD : le Recteur annonce le red\u00e9marrage des enseignements"}]},{"@type":"Person","@id":"https:\/\/www.nettali.com\/#\/schema\/person\/3317e0bb3aa1da309fbf7b2780901bf4","name":"Daouda","image":{"@type":"ImageObject","@id":"https:\/\/www.nettali.com\/#personlogo","inLanguage":"fr-FR","url":"https:\/\/secure.gravatar.com\/avatar\/8d143b5a49345098ddcfee1c49c2f47c?s=96&d=mm&r=g","contentUrl":"https:\/\/secure.gravatar.com\/avatar\/8d143b5a49345098ddcfee1c49c2f47c?s=96&d=mm&r=g","caption":"Daouda"},"sameAs":["https:\/\/www.nettali.com"]}]}},"_links":{"self":[{"href":"https:\/\/www.nettali.com\/rest\/wp\/v2\/posts\/166029"}],"collection":[{"href":"https:\/\/www.nettali.com\/rest\/wp\/v2\/posts"}],"about":[{"href":"https:\/\/www.nettali.com\/rest\/wp\/v2\/types\/post"}],"author":[{"embeddable":true,"href":"https:\/\/www.nettali.com\/rest\/wp\/v2\/users\/4"}],"replies":[{"embeddable":true,"href":"https:\/\/www.nettali.com\/rest\/wp\/v2\/comments?post=166029"}],"version-history":[{"count":1,"href":"https:\/\/www.nettali.com\/rest\/wp\/v2\/posts\/166029\/revisions"}],"predecessor-version":[{"id":166031,"href":"https:\/\/www.nettali.com\/rest\/wp\/v2\/posts\/166029\/revisions\/166031"}],"wp:featuredmedia":[{"embeddable":true,"href":"https:\/\/www.nettali.com\/rest\/wp\/v2\/media\/166030"}],"wp:attachment":[{"href":"https:\/\/www.nettali.com\/rest\/wp\/v2\/media?parent=166029"}],"wp:term":[{"taxonomy":"category","embeddable":true,"href":"https:\/\/www.nettali.com\/rest\/wp\/v2\/categories?post=166029"},{"taxonomy":"post_tag","embeddable":true,"href":"https:\/\/www.nettali.com\/rest\/wp\/v2\/tags?post=166029"}],"curies":[{"name":"wp","href":"https:\/\/api.w.org\/{rel}","templated":true}]}}