{"id":166018,"date":"2025-12-08T22:31:55","date_gmt":"2025-12-08T22:31:55","guid":{"rendered":"https:\/\/www.nettali.com\/?p=166018"},"modified":"2025-12-08T19:38:18","modified_gmt":"2025-12-08T19:38:18","slug":"cooperation-la-directrice-de-la-banque-mondiale-recue-par-le-president-de-la-republique","status":"publish","type":"post","link":"https:\/\/www.nettali.com\/2025\/12\/08\/cooperation-la-directrice-de-la-banque-mondiale-recue-par-le-president-de-la-republique\/","title":{"rendered":"COOP\u00c9RATION - La Directrice de la Banque Mondiale re\u00e7ue par le Pr\u00e9sident de la R\u00e9publique"},"content":{"rendered":"<p data-start=\"165\" data-end=\"488\"><strong data-start=\"165\" data-end=\"488\">NETTALI.COM - Le chef de l\u2019\u00c9tat a accord\u00e9 une audience, ce mardi, \u00e0 Anna Bjerde, Directrice g\u00e9n\u00e9rale en charge\u00a0 des op\u00e9rations de la Banque mondiale. Les discussions ont permis de passer en revue les programmes en cours et d\u2019explorer de nouvelles pistes pour renforcer le partenariat entre le S\u00e9n\u00e9gal et l\u2019institution financi\u00e8re internationale.<\/strong><\/p>\n<p data-start=\"490\" data-end=\"909\">Le Pr\u00e9sident de la R\u00e9publique a re\u00e7u ce mardi Anna Bjerde, Directrice g\u00e9n\u00e9rale des op\u00e9rations de la Banque mondiale, dans le cadre d\u2019une s\u00e9ance de travail consacr\u00e9e aux priorit\u00e9s strat\u00e9giques du d\u00e9veloppement national. Les \u00e9changes ont notamment port\u00e9 sur les r\u00e9formes engag\u00e9es par l'\u00c9tat, les projets soutenus par la Banque mondiale et les initiatives destin\u00e9es \u00e0 booster la croissance \u00e9conomique et le progr\u00e8s social.<\/p>\n<p data-start=\"911\" data-end=\"1138\" data-is-last-node=\"\" data-is-only-node=\"\">Les deux parties ont \u00e9valu\u00e9 l\u2019\u00e9volution de leur coop\u00e9ration et examin\u00e9 de nouvelles perspectives d\u2019appui, marquant ainsi une \u00e9tape importante dans le renforcement du partenariat entre le S\u00e9n\u00e9gal et l\u2019institution internationale.<\/p>\n<div class='share-to-whatsapp-wrapper'><div class='share-on-whsp'>PARTAGER SUR : <\/div><a data-text='COOP\u00c9RATION - La Directrice de la Banque Mondiale re\u00e7ue par le Pr\u00e9sident de la R\u00e9publique' data-link='https:\/\/www.nettali.com\/2025\/12\/08\/cooperation-la-directrice-de-la-banque-mondiale-recue-par-le-president-de-la-republique\/' class='whatsapp-button whatsapp-share'>WhatsApp<\/a><div class='clear '><\/div><\/div>","protected":false},"excerpt":{"rendered":"<p>NETTALI.COM - Le chef de l\u2019\u00c9tat a accord\u00e9 une audience, ce mardi, \u00e0 Anna Bjerde, Directrice g\u00e9n\u00e9rale en charge\u00a0 des op\u00e9rations de la Banque mondiale. Les discussions ont permis de passer en revue les programmes en cours et d\u2019explorer de nouvelles pistes pour renforcer le partenariat entre le S\u00e9n\u00e9gal et l\u2019institution financi\u00e8re internationale. Le Pr\u00e9sident [&hellip;]<\/p>\n","protected":false},"author":4,"featured_media":166019,"comment_status":"open","ping_status":"open","sticky":false,"template":"","format":"standard","meta":{"_et_pb_use_builder":"","_et_pb_old_content":""},"categories":[4],"tags":[],"yoast_head":"<!-- This site is optimized with the Yoast SEO Premium plugin v17.8 (Yoast SEO v17.8) - https:\/\/yoast.com\/wordpress\/plugins\/seo\/ -->\n<title>COOP\u00c9RATION - La Directrice de la Banque Mondiale re\u00e7ue par le Pr\u00e9sident de la R\u00e9publique | Nettali.com<\/title>\n<meta name=\"robots\" content=\"index, follow, max-snippet:-1, max-image-preview:large, max-video-preview:-1\" \/>\n<link rel=\"canonical\" href=\"https:\/\/www.nettali.com\/2025\/12\/08\/cooperation-la-directrice-de-la-banque-mondiale-recue-par-le-president-de-la-republique\/\" \/>\n<meta property=\"og:locale\" content=\"fr_FR\" \/>\n<meta property=\"og:type\" content=\"article\" \/>\n<meta property=\"og:title\" content=\"COOP\u00c9RATION - La Directrice de la Banque Mondiale re\u00e7ue par le Pr\u00e9sident de la R\u00e9publique\" \/>\n<meta property=\"og:description\" content=\"NETTALI.COM - Le chef de l\u2019\u00c9tat a accord\u00e9 une audience, ce mardi, \u00e0 Anna Bjerde, Directrice g\u00e9n\u00e9rale en charge\u00a0 des op\u00e9rations de la Banque mondiale. Les discussions ont permis de passer en revue les programmes en cours et d\u2019explorer de nouvelles pistes pour renforcer le partenariat entre le S\u00e9n\u00e9gal et l\u2019institution financi\u00e8re internationale. Le Pr\u00e9sident [&hellip;]\" \/>\n<meta property=\"og:url\" content=\"https:\/\/www.nettali.com\/2025\/12\/08\/cooperation-la-directrice-de-la-banque-mondiale-recue-par-le-president-de-la-republique\/\" \/>\n<meta property=\"og:site_name\" content=\"Nettali.com\" \/>\n<meta property=\"article:publisher\" content=\"https:\/\/www.facebook.com\/nettalicom\" \/>\n<meta property=\"article:published_time\" content=\"2025-12-08T22:31:55+00:00\" \/>\n<meta property=\"article:modified_time\" content=\"2025-12-08T19:38:18+00:00\" \/>\n<meta property=\"og:image\" content=\"https:\/\/www.nettali.com\/wp-content\/uploads\/2025\/12\/Banque-Mondiale-et-Diomaye.jpg\" \/>\n\t<meta property=\"og:image:width\" content=\"2048\" \/>\n\t<meta property=\"og:image:height\" content=\"1562\" \/>\n<meta name=\"twitter:card\" content=\"summary_large_image\" \/>\n<meta name=\"twitter:label1\" content=\"\u00c9crit par\" \/>\n\t<meta name=\"twitter:data1\" content=\"Daouda\" \/>\n\t<meta name=\"twitter:label2\" content=\"Dur\u00e9e de lecture estim\u00e9e\" \/>\n\t<meta name=\"twitter:data2\" content=\"1 minute\" \/>\n<script type=\"application\/ld+json\" class=\"yoast-schema-graph\">{\"@context\":\"https:\/\/schema.org\",\"@graph\":[{\"@type\":\"WebSite\",\"@id\":\"https:\/\/www.nettali.com\/#website\",\"url\":\"https:\/\/www.nettali.com\/\",\"name\":\"Nettali.com\",\"description\":\"Le rendez-vous critique du Net\",\"potentialAction\":[{\"@type\":\"SearchAction\",\"target\":{\"@type\":\"EntryPoint\",\"urlTemplate\":\"https:\/\/www.nettali.com\/?s={search_term_string}\"},\"query-input\":\"required name=search_term_string\"}],\"inLanguage\":\"fr-FR\"},{\"@type\":\"ImageObject\",\"@id\":\"https:\/\/www.nettali.com\/2025\/12\/08\/cooperation-la-directrice-de-la-banque-mondiale-recue-par-le-president-de-la-republique\/#primaryimage\",\"inLanguage\":\"fr-FR\",\"url\":\"https:\/\/www.nettali.com\/wp-content\/uploads\/2025\/12\/Banque-Mondiale-et-Diomaye.jpg\",\"contentUrl\":\"https:\/\/www.nettali.com\/wp-content\/uploads\/2025\/12\/Banque-Mondiale-et-Diomaye.jpg\",\"width\":2048,\"height\":1562},{\"@type\":\"WebPage\",\"@id\":\"https:\/\/www.nettali.com\/2025\/12\/08\/cooperation-la-directrice-de-la-banque-mondiale-recue-par-le-president-de-la-republique\/#webpage\",\"url\":\"https:\/\/www.nettali.com\/2025\/12\/08\/cooperation-la-directrice-de-la-banque-mondiale-recue-par-le-president-de-la-republique\/\",\"name\":\"COOP\\u00c9RATION - La Directrice de la Banque Mondiale re\\u00e7ue par le Pr\\u00e9sident de la R\\u00e9publique | Nettali.com\",\"isPartOf\":{\"@id\":\"https:\/\/www.nettali.com\/#website\"},\"primaryImageOfPage\":{\"@id\":\"https:\/\/www.nettali.com\/2025\/12\/08\/cooperation-la-directrice-de-la-banque-mondiale-recue-par-le-president-de-la-republique\/#primaryimage\"},\"datePublished\":\"2025-12-08T22:31:55+00:00\",\"dateModified\":\"2025-12-08T19:38:18+00:00\",\"author\":{\"@id\":\"https:\/\/www.nettali.com\/#\/schema\/person\/3317e0bb3aa1da309fbf7b2780901bf4\"},\"breadcrumb\":{\"@id\":\"https:\/\/www.nettali.com\/2025\/12\/08\/cooperation-la-directrice-de-la-banque-mondiale-recue-par-le-president-de-la-republique\/#breadcrumb\"},\"inLanguage\":\"fr-FR\",\"potentialAction\":[{\"@type\":\"ReadAction\",\"target\":[\"https:\/\/www.nettali.com\/2025\/12\/08\/cooperation-la-directrice-de-la-banque-mondiale-recue-par-le-president-de-la-republique\/\"]}]},{\"@type\":\"BreadcrumbList\",\"@id\":\"https:\/\/www.nettali.com\/2025\/12\/08\/cooperation-la-directrice-de-la-banque-mondiale-recue-par-le-president-de-la-republique\/#breadcrumb\",\"itemListElement\":[{\"@type\":\"ListItem\",\"position\":1,\"name\":\"Accueil\",\"item\":\"https:\/\/www.nettali.com\/\"},{\"@type\":\"ListItem\",\"position\":2,\"name\":\"COOP\\u00c9RATION - La Directrice de la Banque Mondiale re\\u00e7ue par le Pr\\u00e9sident de la R\\u00e9publique\"}]},{\"@type\":\"Person\",\"@id\":\"https:\/\/www.nettali.com\/#\/schema\/person\/3317e0bb3aa1da309fbf7b2780901bf4\",\"name\":\"Daouda\",\"image\":{\"@type\":\"ImageObject\",\"@id\":\"https:\/\/www.nettali.com\/#personlogo\",\"inLanguage\":\"fr-FR\",\"url\":\"https:\/\/secure.gravatar.com\/avatar\/8d143b5a49345098ddcfee1c49c2f47c?s=96&d=mm&r=g\",\"contentUrl\":\"https:\/\/secure.gravatar.com\/avatar\/8d143b5a49345098ddcfee1c49c2f47c?s=96&d=mm&r=g\",\"caption\":\"Daouda\"},\"sameAs\":[\"https:\/\/www.nettali.com\"]}]}<\/script>\n<!-- \/ Yoast SEO Premium plugin. -->","yoast_head_json":{"title":"COOP\u00c9RATION - La Directrice de la Banque Mondiale re\u00e7ue par le Pr\u00e9sident de la R\u00e9publique | Nettali.com","robots":{"index":"index","follow":"follow","max-snippet":"max-snippet:-1","max-image-preview":"max-image-preview:large","max-video-preview":"max-video-preview:-1"},"canonical":"https:\/\/www.nettali.com\/2025\/12\/08\/cooperation-la-directrice-de-la-banque-mondiale-recue-par-le-president-de-la-republique\/","og_locale":"fr_FR","og_type":"article","og_title":"COOP\u00c9RATION - La Directrice de la Banque Mondiale re\u00e7ue par le Pr\u00e9sident de la R\u00e9publique","og_description":"NETTALI.COM - Le chef de l\u2019\u00c9tat a accord\u00e9 une audience, ce mardi, \u00e0 Anna Bjerde, Directrice g\u00e9n\u00e9rale en charge\u00a0 des op\u00e9rations de la Banque mondiale. Les discussions ont permis de passer en revue les programmes en cours et d\u2019explorer de nouvelles pistes pour renforcer le partenariat entre le S\u00e9n\u00e9gal et l\u2019institution financi\u00e8re internationale. Le Pr\u00e9sident [&hellip;]","og_url":"https:\/\/www.nettali.com\/2025\/12\/08\/cooperation-la-directrice-de-la-banque-mondiale-recue-par-le-president-de-la-republique\/","og_site_name":"Nettali.com","article_publisher":"https:\/\/www.facebook.com\/nettalicom","article_published_time":"2025-12-08T22:31:55+00:00","article_modified_time":"2025-12-08T19:38:18+00:00","og_image":[{"width":2048,"height":1562,"url":"https:\/\/www.nettali.com\/wp-content\/uploads\/2025\/12\/Banque-Mondiale-et-Diomaye.jpg","type":"image\/jpeg"}],"twitter_card":"summary_large_image","twitter_misc":{"\u00c9crit par":"Daouda","Dur\u00e9e de lecture estim\u00e9e":"1 minute"},"schema":{"@context":"https:\/\/schema.org","@graph":[{"@type":"WebSite","@id":"https:\/\/www.nettali.com\/#website","url":"https:\/\/www.nettali.com\/","name":"Nettali.com","description":"Le rendez-vous critique du Net","potentialAction":[{"@type":"SearchAction","target":{"@type":"EntryPoint","urlTemplate":"https:\/\/www.nettali.com\/?s={search_term_string}"},"query-input":"required name=search_term_string"}],"inLanguage":"fr-FR"},{"@type":"ImageObject","@id":"https:\/\/www.nettali.com\/2025\/12\/08\/cooperation-la-directrice-de-la-banque-mondiale-recue-par-le-president-de-la-republique\/#primaryimage","inLanguage":"fr-FR","url":"https:\/\/www.nettali.com\/wp-content\/uploads\/2025\/12\/Banque-Mondiale-et-Diomaye.jpg","contentUrl":"https:\/\/www.nettali.com\/wp-content\/uploads\/2025\/12\/Banque-Mondiale-et-Diomaye.jpg","width":2048,"height":1562},{"@type":"WebPage","@id":"https:\/\/www.nettali.com\/2025\/12\/08\/cooperation-la-directrice-de-la-banque-mondiale-recue-par-le-president-de-la-republique\/#webpage","url":"https:\/\/www.nettali.com\/2025\/12\/08\/cooperation-la-directrice-de-la-banque-mondiale-recue-par-le-president-de-la-republique\/","name":"COOP\u00c9RATION - La Directrice de la Banque Mondiale re\u00e7ue par le Pr\u00e9sident de la R\u00e9publique | Nettali.com","isPartOf":{"@id":"https:\/\/www.nettali.com\/#website"},"primaryImageOfPage":{"@id":"https:\/\/www.nettali.com\/2025\/12\/08\/cooperation-la-directrice-de-la-banque-mondiale-recue-par-le-president-de-la-republique\/#primaryimage"},"datePublished":"2025-12-08T22:31:55+00:00","dateModified":"2025-12-08T19:38:18+00:00","author":{"@id":"https:\/\/www.nettali.com\/#\/schema\/person\/3317e0bb3aa1da309fbf7b2780901bf4"},"breadcrumb":{"@id":"https:\/\/www.nettali.com\/2025\/12\/08\/cooperation-la-directrice-de-la-banque-mondiale-recue-par-le-president-de-la-republique\/#breadcrumb"},"inLanguage":"fr-FR","potentialAction":[{"@type":"ReadAction","target":["https:\/\/www.nettali.com\/2025\/12\/08\/cooperation-la-directrice-de-la-banque-mondiale-recue-par-le-president-de-la-republique\/"]}]},{"@type":"BreadcrumbList","@id":"https:\/\/www.nettali.com\/2025\/12\/08\/cooperation-la-directrice-de-la-banque-mondiale-recue-par-le-president-de-la-republique\/#breadcrumb","itemListElement":[{"@type":"ListItem","position":1,"name":"Accueil","item":"https:\/\/www.nettali.com\/"},{"@type":"ListItem","position":2,"name":"COOP\u00c9RATION - La Directrice de la Banque Mondiale re\u00e7ue par le Pr\u00e9sident de la R\u00e9publique"}]},{"@type":"Person","@id":"https:\/\/www.nettali.com\/#\/schema\/person\/3317e0bb3aa1da309fbf7b2780901bf4","name":"Daouda","image":{"@type":"ImageObject","@id":"https:\/\/www.nettali.com\/#personlogo","inLanguage":"fr-FR","url":"https:\/\/secure.gravatar.com\/avatar\/8d143b5a49345098ddcfee1c49c2f47c?s=96&d=mm&r=g","contentUrl":"https:\/\/secure.gravatar.com\/avatar\/8d143b5a49345098ddcfee1c49c2f47c?s=96&d=mm&r=g","caption":"Daouda"},"sameAs":["https:\/\/www.nettali.com"]}]}},"_links":{"self":[{"href":"https:\/\/www.nettali.com\/rest\/wp\/v2\/posts\/166018"}],"collection":[{"href":"https:\/\/www.nettali.com\/rest\/wp\/v2\/posts"}],"about":[{"href":"https:\/\/www.nettali.com\/rest\/wp\/v2\/types\/post"}],"author":[{"embeddable":true,"href":"https:\/\/www.nettali.com\/rest\/wp\/v2\/users\/4"}],"replies":[{"embeddable":true,"href":"https:\/\/www.nettali.com\/rest\/wp\/v2\/comments?post=166018"}],"version-history":[{"count":1,"href":"https:\/\/www.nettali.com\/rest\/wp\/v2\/posts\/166018\/revisions"}],"predecessor-version":[{"id":166020,"href":"https:\/\/www.nettali.com\/rest\/wp\/v2\/posts\/166018\/revisions\/166020"}],"wp:featuredmedia":[{"embeddable":true,"href":"https:\/\/www.nettali.com\/rest\/wp\/v2\/media\/166019"}],"wp:attachment":[{"href":"https:\/\/www.nettali.com\/rest\/wp\/v2\/media?parent=166018"}],"wp:term":[{"taxonomy":"category","embeddable":true,"href":"https:\/\/www.nettali.com\/rest\/wp\/v2\/categories?post=166018"},{"taxonomy":"post_tag","embeddable":true,"href":"https:\/\/www.nettali.com\/rest\/wp\/v2\/tags?post=166018"}],"curies":[{"name":"wp","href":"https:\/\/api.w.org\/{rel}","templated":true}]}}