{"id":166014,"date":"2025-12-08T19:28:03","date_gmt":"2025-12-08T19:28:03","guid":{"rendered":"https:\/\/www.nettali.com\/?p=166014"},"modified":"2025-12-08T19:28:03","modified_gmt":"2025-12-08T19:28:03","slug":"atteinte-a-lhonneur-de-larmee-pape-sane-place-sous-mandat-de-depot","status":"publish","type":"post","link":"https:\/\/www.nettali.com\/2025\/12\/08\/atteinte-a-lhonneur-de-larmee-pape-sane-place-sous-mandat-de-depot\/","title":{"rendered":"ATTEINTE \u00c0 L'HONNEUR DE L'ARM\u00c9E - Pape San\u00e9 plac\u00e9 sous mandat de d\u00e9p\u00f4t"},"content":{"rendered":"<p data-start=\"64\" data-end=\"144\"><strong data-start=\"146\" data-end=\"396\">NETTALI.COM - Le chroniqueur de Walf TV, Pape San\u00e9, a \u00e9t\u00e9 \u00e9crou\u00e9 \u00e0 l\u2019issue de sa garde \u00e0 vue pour atteinte \u00e0 l\u2019honneur militaire. Il sera jug\u00e9 en flagrant d\u00e9lit ce mercredi, apr\u00e8s ses d\u00e9clarations sur l'extradition de l\u2019ex-Jungler Sanna Manjang vers la Gambie.<\/strong><\/p>\n<p data-start=\"398\" data-end=\"766\">Pape San\u00e9, chroniqueur \u00e0 Walf TV, a \u00e9t\u00e9 plac\u00e9 sous mandat de d\u00e9p\u00f4t ce week-end, une mesure qui intervient \u00e0 la suite des propos qu\u2019il a tenus concernant l\u2019extradition de Sanna Manjang, ancien membre des redout\u00e9s \u00ab Jungler \u00bb, vers la Gambie. Les autorit\u00e9s judiciaires l\u2019accusent d\u2019avoir port\u00e9 atteinte \u00e0 l\u2019honneur de l\u2019arm\u00e9e, un d\u00e9lit passible de poursuites.<\/p>\n<p data-start=\"768\" data-end=\"1051\">Son proc\u00e8s en flagrant d\u00e9lit est programm\u00e9 pour ce mercredi. Selon les informations rapport\u00e9es, le journaliste a d\u00e9clar\u00e9 avoir \u00e9t\u00e9 interrog\u00e9 par les enqu\u00eateurs sur d\u2019\u00e9ventuels liens entre lui, Ousmane Sonko et le parti Pastef, un volet qui ajoute une dimension politique \u00e0 l\u2019affaire.<\/p>\n<p data-start=\"1053\" data-end=\"1258\" data-is-last-node=\"\" data-is-only-node=\"\">\n<div class='share-to-whatsapp-wrapper'><div class='share-on-whsp'>PARTAGER SUR : <\/div><a data-text='ATTEINTE \u00c0 L'HONNEUR DE L'ARM\u00c9E - Pape San\u00e9 plac\u00e9 sous mandat de d\u00e9p\u00f4t' data-link='https:\/\/www.nettali.com\/2025\/12\/08\/atteinte-a-lhonneur-de-larmee-pape-sane-place-sous-mandat-de-depot\/' class='whatsapp-button whatsapp-share'>WhatsApp<\/a><div class='clear '><\/div><\/div>","protected":false},"excerpt":{"rendered":"<p>NETTALI.COM - Le chroniqueur de Walf TV, Pape San\u00e9, a \u00e9t\u00e9 \u00e9crou\u00e9 \u00e0 l\u2019issue de sa garde \u00e0 vue pour atteinte \u00e0 l\u2019honneur militaire. Il sera jug\u00e9 en flagrant d\u00e9lit ce mercredi, apr\u00e8s ses d\u00e9clarations sur l'extradition de l\u2019ex-Jungler Sanna Manjang vers la Gambie. Pape San\u00e9, chroniqueur \u00e0 Walf TV, a \u00e9t\u00e9 plac\u00e9 sous mandat [&hellip;]<\/p>\n","protected":false},"author":4,"featured_media":148670,"comment_status":"open","ping_status":"open","sticky":false,"template":"","format":"standard","meta":{"_et_pb_use_builder":"","_et_pb_old_content":""},"categories":[3],"tags":[],"yoast_head":"<!-- This site is optimized with the Yoast SEO Premium plugin v17.8 (Yoast SEO v17.8) - https:\/\/yoast.com\/wordpress\/plugins\/seo\/ -->\n<title>ATTEINTE \u00c0 L&#039;HONNEUR DE L&#039;ARM\u00c9E - Pape San\u00e9 plac\u00e9 sous mandat de d\u00e9p\u00f4t | Nettali.com<\/title>\n<meta name=\"robots\" content=\"index, follow, max-snippet:-1, max-image-preview:large, max-video-preview:-1\" \/>\n<link rel=\"canonical\" href=\"https:\/\/www.nettali.com\/2025\/12\/08\/atteinte-a-lhonneur-de-larmee-pape-sane-place-sous-mandat-de-depot\/\" \/>\n<meta property=\"og:locale\" content=\"fr_FR\" \/>\n<meta property=\"og:type\" content=\"article\" \/>\n<meta property=\"og:title\" content=\"ATTEINTE \u00c0 L&#039;HONNEUR DE L&#039;ARM\u00c9E - Pape San\u00e9 plac\u00e9 sous mandat de d\u00e9p\u00f4t\" \/>\n<meta property=\"og:description\" content=\"NETTALI.COM - Le chroniqueur de Walf TV, Pape San\u00e9, a \u00e9t\u00e9 \u00e9crou\u00e9 \u00e0 l\u2019issue de sa garde \u00e0 vue pour atteinte \u00e0 l\u2019honneur militaire. Il sera jug\u00e9 en flagrant d\u00e9lit ce mercredi, apr\u00e8s ses d\u00e9clarations sur l&#039;extradition de l\u2019ex-Jungler Sanna Manjang vers la Gambie. Pape San\u00e9, chroniqueur \u00e0 Walf TV, a \u00e9t\u00e9 plac\u00e9 sous mandat [&hellip;]\" \/>\n<meta property=\"og:url\" content=\"https:\/\/www.nettali.com\/2025\/12\/08\/atteinte-a-lhonneur-de-larmee-pape-sane-place-sous-mandat-de-depot\/\" \/>\n<meta property=\"og:site_name\" content=\"Nettali.com\" \/>\n<meta property=\"article:publisher\" content=\"https:\/\/www.facebook.com\/nettalicom\" \/>\n<meta property=\"article:published_time\" content=\"2025-12-08T19:28:03+00:00\" \/>\n<meta property=\"og:image\" content=\"https:\/\/www.nettali.com\/wp-content\/uploads\/2025\/02\/Pape-Sane.jpeg\" \/>\n\t<meta property=\"og:image:width\" content=\"322\" \/>\n\t<meta property=\"og:image:height\" content=\"157\" \/>\n<meta name=\"twitter:card\" content=\"summary_large_image\" \/>\n<meta name=\"twitter:label1\" content=\"\u00c9crit par\" \/>\n\t<meta name=\"twitter:data1\" content=\"Daouda\" \/>\n\t<meta name=\"twitter:label2\" content=\"Dur\u00e9e de lecture estim\u00e9e\" \/>\n\t<meta name=\"twitter:data2\" content=\"1 minute\" \/>\n<script type=\"application\/ld+json\" class=\"yoast-schema-graph\">{\"@context\":\"https:\/\/schema.org\",\"@graph\":[{\"@type\":\"WebSite\",\"@id\":\"https:\/\/www.nettali.com\/#website\",\"url\":\"https:\/\/www.nettali.com\/\",\"name\":\"Nettali.com\",\"description\":\"Le rendez-vous critique du Net\",\"potentialAction\":[{\"@type\":\"SearchAction\",\"target\":{\"@type\":\"EntryPoint\",\"urlTemplate\":\"https:\/\/www.nettali.com\/?s={search_term_string}\"},\"query-input\":\"required name=search_term_string\"}],\"inLanguage\":\"fr-FR\"},{\"@type\":\"ImageObject\",\"@id\":\"https:\/\/www.nettali.com\/2025\/12\/08\/atteinte-a-lhonneur-de-larmee-pape-sane-place-sous-mandat-de-depot\/#primaryimage\",\"inLanguage\":\"fr-FR\",\"url\":\"https:\/\/www.nettali.com\/wp-content\/uploads\/2025\/02\/Pape-Sane.jpeg\",\"contentUrl\":\"https:\/\/www.nettali.com\/wp-content\/uploads\/2025\/02\/Pape-Sane.jpeg\",\"width\":322,\"height\":157},{\"@type\":\"WebPage\",\"@id\":\"https:\/\/www.nettali.com\/2025\/12\/08\/atteinte-a-lhonneur-de-larmee-pape-sane-place-sous-mandat-de-depot\/#webpage\",\"url\":\"https:\/\/www.nettali.com\/2025\/12\/08\/atteinte-a-lhonneur-de-larmee-pape-sane-place-sous-mandat-de-depot\/\",\"name\":\"ATTEINTE \\u00c0 L'HONNEUR DE L'ARM\\u00c9E - Pape San\\u00e9 plac\\u00e9 sous mandat de d\\u00e9p\\u00f4t | Nettali.com\",\"isPartOf\":{\"@id\":\"https:\/\/www.nettali.com\/#website\"},\"primaryImageOfPage\":{\"@id\":\"https:\/\/www.nettali.com\/2025\/12\/08\/atteinte-a-lhonneur-de-larmee-pape-sane-place-sous-mandat-de-depot\/#primaryimage\"},\"datePublished\":\"2025-12-08T19:28:03+00:00\",\"dateModified\":\"2025-12-08T19:28:03+00:00\",\"author\":{\"@id\":\"https:\/\/www.nettali.com\/#\/schema\/person\/3317e0bb3aa1da309fbf7b2780901bf4\"},\"breadcrumb\":{\"@id\":\"https:\/\/www.nettali.com\/2025\/12\/08\/atteinte-a-lhonneur-de-larmee-pape-sane-place-sous-mandat-de-depot\/#breadcrumb\"},\"inLanguage\":\"fr-FR\",\"potentialAction\":[{\"@type\":\"ReadAction\",\"target\":[\"https:\/\/www.nettali.com\/2025\/12\/08\/atteinte-a-lhonneur-de-larmee-pape-sane-place-sous-mandat-de-depot\/\"]}]},{\"@type\":\"BreadcrumbList\",\"@id\":\"https:\/\/www.nettali.com\/2025\/12\/08\/atteinte-a-lhonneur-de-larmee-pape-sane-place-sous-mandat-de-depot\/#breadcrumb\",\"itemListElement\":[{\"@type\":\"ListItem\",\"position\":1,\"name\":\"Accueil\",\"item\":\"https:\/\/www.nettali.com\/\"},{\"@type\":\"ListItem\",\"position\":2,\"name\":\"ATTEINTE \\u00c0 L'HONNEUR DE L'ARM\\u00c9E - Pape San\\u00e9 plac\\u00e9 sous mandat de d\\u00e9p\\u00f4t\"}]},{\"@type\":\"Person\",\"@id\":\"https:\/\/www.nettali.com\/#\/schema\/person\/3317e0bb3aa1da309fbf7b2780901bf4\",\"name\":\"Daouda\",\"image\":{\"@type\":\"ImageObject\",\"@id\":\"https:\/\/www.nettali.com\/#personlogo\",\"inLanguage\":\"fr-FR\",\"url\":\"https:\/\/secure.gravatar.com\/avatar\/8d143b5a49345098ddcfee1c49c2f47c?s=96&d=mm&r=g\",\"contentUrl\":\"https:\/\/secure.gravatar.com\/avatar\/8d143b5a49345098ddcfee1c49c2f47c?s=96&d=mm&r=g\",\"caption\":\"Daouda\"},\"sameAs\":[\"https:\/\/www.nettali.com\"]}]}<\/script>\n<!-- \/ Yoast SEO Premium plugin. -->","yoast_head_json":{"title":"ATTEINTE \u00c0 L'HONNEUR DE L'ARM\u00c9E - Pape San\u00e9 plac\u00e9 sous mandat de d\u00e9p\u00f4t | Nettali.com","robots":{"index":"index","follow":"follow","max-snippet":"max-snippet:-1","max-image-preview":"max-image-preview:large","max-video-preview":"max-video-preview:-1"},"canonical":"https:\/\/www.nettali.com\/2025\/12\/08\/atteinte-a-lhonneur-de-larmee-pape-sane-place-sous-mandat-de-depot\/","og_locale":"fr_FR","og_type":"article","og_title":"ATTEINTE \u00c0 L'HONNEUR DE L'ARM\u00c9E - Pape San\u00e9 plac\u00e9 sous mandat de d\u00e9p\u00f4t","og_description":"NETTALI.COM - Le chroniqueur de Walf TV, Pape San\u00e9, a \u00e9t\u00e9 \u00e9crou\u00e9 \u00e0 l\u2019issue de sa garde \u00e0 vue pour atteinte \u00e0 l\u2019honneur militaire. Il sera jug\u00e9 en flagrant d\u00e9lit ce mercredi, apr\u00e8s ses d\u00e9clarations sur l'extradition de l\u2019ex-Jungler Sanna Manjang vers la Gambie. Pape San\u00e9, chroniqueur \u00e0 Walf TV, a \u00e9t\u00e9 plac\u00e9 sous mandat [&hellip;]","og_url":"https:\/\/www.nettali.com\/2025\/12\/08\/atteinte-a-lhonneur-de-larmee-pape-sane-place-sous-mandat-de-depot\/","og_site_name":"Nettali.com","article_publisher":"https:\/\/www.facebook.com\/nettalicom","article_published_time":"2025-12-08T19:28:03+00:00","og_image":[{"width":322,"height":157,"url":"https:\/\/www.nettali.com\/wp-content\/uploads\/2025\/02\/Pape-Sane.jpeg","type":"image\/jpeg"}],"twitter_card":"summary_large_image","twitter_misc":{"\u00c9crit par":"Daouda","Dur\u00e9e de lecture estim\u00e9e":"1 minute"},"schema":{"@context":"https:\/\/schema.org","@graph":[{"@type":"WebSite","@id":"https:\/\/www.nettali.com\/#website","url":"https:\/\/www.nettali.com\/","name":"Nettali.com","description":"Le rendez-vous critique du Net","potentialAction":[{"@type":"SearchAction","target":{"@type":"EntryPoint","urlTemplate":"https:\/\/www.nettali.com\/?s={search_term_string}"},"query-input":"required name=search_term_string"}],"inLanguage":"fr-FR"},{"@type":"ImageObject","@id":"https:\/\/www.nettali.com\/2025\/12\/08\/atteinte-a-lhonneur-de-larmee-pape-sane-place-sous-mandat-de-depot\/#primaryimage","inLanguage":"fr-FR","url":"https:\/\/www.nettali.com\/wp-content\/uploads\/2025\/02\/Pape-Sane.jpeg","contentUrl":"https:\/\/www.nettali.com\/wp-content\/uploads\/2025\/02\/Pape-Sane.jpeg","width":322,"height":157},{"@type":"WebPage","@id":"https:\/\/www.nettali.com\/2025\/12\/08\/atteinte-a-lhonneur-de-larmee-pape-sane-place-sous-mandat-de-depot\/#webpage","url":"https:\/\/www.nettali.com\/2025\/12\/08\/atteinte-a-lhonneur-de-larmee-pape-sane-place-sous-mandat-de-depot\/","name":"ATTEINTE \u00c0 L'HONNEUR DE L'ARM\u00c9E - Pape San\u00e9 plac\u00e9 sous mandat de d\u00e9p\u00f4t | Nettali.com","isPartOf":{"@id":"https:\/\/www.nettali.com\/#website"},"primaryImageOfPage":{"@id":"https:\/\/www.nettali.com\/2025\/12\/08\/atteinte-a-lhonneur-de-larmee-pape-sane-place-sous-mandat-de-depot\/#primaryimage"},"datePublished":"2025-12-08T19:28:03+00:00","dateModified":"2025-12-08T19:28:03+00:00","author":{"@id":"https:\/\/www.nettali.com\/#\/schema\/person\/3317e0bb3aa1da309fbf7b2780901bf4"},"breadcrumb":{"@id":"https:\/\/www.nettali.com\/2025\/12\/08\/atteinte-a-lhonneur-de-larmee-pape-sane-place-sous-mandat-de-depot\/#breadcrumb"},"inLanguage":"fr-FR","potentialAction":[{"@type":"ReadAction","target":["https:\/\/www.nettali.com\/2025\/12\/08\/atteinte-a-lhonneur-de-larmee-pape-sane-place-sous-mandat-de-depot\/"]}]},{"@type":"BreadcrumbList","@id":"https:\/\/www.nettali.com\/2025\/12\/08\/atteinte-a-lhonneur-de-larmee-pape-sane-place-sous-mandat-de-depot\/#breadcrumb","itemListElement":[{"@type":"ListItem","position":1,"name":"Accueil","item":"https:\/\/www.nettali.com\/"},{"@type":"ListItem","position":2,"name":"ATTEINTE \u00c0 L'HONNEUR DE L'ARM\u00c9E - Pape San\u00e9 plac\u00e9 sous mandat de d\u00e9p\u00f4t"}]},{"@type":"Person","@id":"https:\/\/www.nettali.com\/#\/schema\/person\/3317e0bb3aa1da309fbf7b2780901bf4","name":"Daouda","image":{"@type":"ImageObject","@id":"https:\/\/www.nettali.com\/#personlogo","inLanguage":"fr-FR","url":"https:\/\/secure.gravatar.com\/avatar\/8d143b5a49345098ddcfee1c49c2f47c?s=96&d=mm&r=g","contentUrl":"https:\/\/secure.gravatar.com\/avatar\/8d143b5a49345098ddcfee1c49c2f47c?s=96&d=mm&r=g","caption":"Daouda"},"sameAs":["https:\/\/www.nettali.com"]}]}},"_links":{"self":[{"href":"https:\/\/www.nettali.com\/rest\/wp\/v2\/posts\/166014"}],"collection":[{"href":"https:\/\/www.nettali.com\/rest\/wp\/v2\/posts"}],"about":[{"href":"https:\/\/www.nettali.com\/rest\/wp\/v2\/types\/post"}],"author":[{"embeddable":true,"href":"https:\/\/www.nettali.com\/rest\/wp\/v2\/users\/4"}],"replies":[{"embeddable":true,"href":"https:\/\/www.nettali.com\/rest\/wp\/v2\/comments?post=166014"}],"version-history":[{"count":1,"href":"https:\/\/www.nettali.com\/rest\/wp\/v2\/posts\/166014\/revisions"}],"predecessor-version":[{"id":166015,"href":"https:\/\/www.nettali.com\/rest\/wp\/v2\/posts\/166014\/revisions\/166015"}],"wp:featuredmedia":[{"embeddable":true,"href":"https:\/\/www.nettali.com\/rest\/wp\/v2\/media\/148670"}],"wp:attachment":[{"href":"https:\/\/www.nettali.com\/rest\/wp\/v2\/media?parent=166014"}],"wp:term":[{"taxonomy":"category","embeddable":true,"href":"https:\/\/www.nettali.com\/rest\/wp\/v2\/categories?post=166014"},{"taxonomy":"post_tag","embeddable":true,"href":"https:\/\/www.nettali.com\/rest\/wp\/v2\/tags?post=166014"}],"curies":[{"name":"wp","href":"https:\/\/api.w.org\/{rel}","templated":true}]}}