{"id":166010,"date":"2025-12-08T19:15:19","date_gmt":"2025-12-08T19:15:19","guid":{"rendered":"https:\/\/www.nettali.com\/?p=166010"},"modified":"2025-12-08T19:15:19","modified_gmt":"2025-12-08T19:15:19","slug":"real-madrid-mbappe-victime-dune-fracture","status":"publish","type":"post","link":"https:\/\/www.nettali.com\/2025\/12\/08\/real-madrid-mbappe-victime-dune-fracture\/","title":{"rendered":"REAL MADRID - Mbapp\u00e9 victime d'une fracture"},"content":{"rendered":"<p><strong>NETTALI.COM - Dimanche soir, le Real Madrid a perdu la rencontre face au Celta de Vigo (0-2). Kylian Mbapp\u00e9 (26 ans) n\u2019a pas pu sauver les siens cette fois-ci. Le Fran\u00e7ais s\u2019est d\u2019ailleurs bless\u00e9 en premi\u00e8re mi-temps.<\/strong><\/p>\n<p>Selon le quotidien AS, l\u2019ancien joueur du PSG souffre d\u2019une fracture de l\u2019annulaire gauche apr\u00e8s une mauvaise chute dimanche soir au cours d\u2019un match o\u00f9 tout a mal tourn\u00e9 pour les Merengues. Dans une rencontre bouillante termin\u00e9e \u00e0 neuf apr\u00e8s les expulsions de Fran Garcia et Alvaro Carreras, Kylian Mbapp\u00e9 a d\u00fb poursuivre avec un strap aux doigts afin de tenir sa place.<\/p>\n<p>Malgr\u00e9 ce coup dur, Kylian Mbapp\u00e9 devrait \u00eatre en mesure de participer \u00e0 la r\u00e9ception de Manchester City mercredi en Ligue des champions (20h), un rendez-vous capital pour un vestiaire d\u00e9j\u00e0 sous pression. Cette blessure intervient pourtant au pire moment pour un Real Madrid en perte de rep\u00e8res et comptant sur son attaquant pour relever la t\u00eate.<\/p>\n<div class='share-to-whatsapp-wrapper'><div class='share-on-whsp'>PARTAGER SUR : <\/div><a data-text='REAL MADRID - Mbapp\u00e9 victime d'une fracture' data-link='https:\/\/www.nettali.com\/2025\/12\/08\/real-madrid-mbappe-victime-dune-fracture\/' class='whatsapp-button whatsapp-share'>WhatsApp<\/a><div class='clear '><\/div><\/div>","protected":false},"excerpt":{"rendered":"<p>NETTALI.COM - Dimanche soir, le Real Madrid a perdu la rencontre face au Celta de Vigo (0-2). Kylian Mbapp\u00e9 (26 ans) n\u2019a pas pu sauver les siens cette fois-ci. Le Fran\u00e7ais s\u2019est d\u2019ailleurs bless\u00e9 en premi\u00e8re mi-temps. Selon le quotidien AS, l\u2019ancien joueur du PSG souffre d\u2019une fracture de l\u2019annulaire gauche apr\u00e8s une mauvaise chute [&hellip;]<\/p>\n","protected":false},"author":5,"featured_media":166008,"comment_status":"open","ping_status":"open","sticky":false,"template":"","format":"standard","meta":{"_et_pb_use_builder":"","_et_pb_old_content":""},"categories":[6],"tags":[],"yoast_head":"<!-- This site is optimized with the Yoast SEO Premium plugin v17.8 (Yoast SEO v17.8) - https:\/\/yoast.com\/wordpress\/plugins\/seo\/ -->\n<title>REAL MADRID - Mbapp\u00e9 victime d&#039;une fracture | Nettali.com<\/title>\n<meta name=\"robots\" content=\"index, follow, max-snippet:-1, max-image-preview:large, max-video-preview:-1\" \/>\n<link rel=\"canonical\" href=\"https:\/\/www.nettali.com\/2025\/12\/08\/real-madrid-mbappe-victime-dune-fracture\/\" \/>\n<meta property=\"og:locale\" content=\"fr_FR\" \/>\n<meta property=\"og:type\" content=\"article\" \/>\n<meta property=\"og:title\" content=\"REAL MADRID - Mbapp\u00e9 victime d&#039;une fracture\" \/>\n<meta property=\"og:description\" content=\"NETTALI.COM - Dimanche soir, le Real Madrid a perdu la rencontre face au Celta de Vigo (0-2). Kylian Mbapp\u00e9 (26 ans) n\u2019a pas pu sauver les siens cette fois-ci. Le Fran\u00e7ais s\u2019est d\u2019ailleurs bless\u00e9 en premi\u00e8re mi-temps. Selon le quotidien AS, l\u2019ancien joueur du PSG souffre d\u2019une fracture de l\u2019annulaire gauche apr\u00e8s une mauvaise chute [&hellip;]\" \/>\n<meta property=\"og:url\" content=\"https:\/\/www.nettali.com\/2025\/12\/08\/real-madrid-mbappe-victime-dune-fracture\/\" \/>\n<meta property=\"og:site_name\" content=\"Nettali.com\" \/>\n<meta property=\"article:publisher\" content=\"https:\/\/www.facebook.com\/nettalicom\" \/>\n<meta property=\"article:published_time\" content=\"2025-12-08T19:15:19+00:00\" \/>\n<meta property=\"og:image\" content=\"https:\/\/www.nettali.com\/wp-content\/uploads\/2025\/12\/image.jpg\" \/>\n\t<meta property=\"og:image:width\" content=\"885\" \/>\n\t<meta property=\"og:image:height\" content=\"500\" \/>\n<meta name=\"twitter:card\" content=\"summary_large_image\" \/>\n<meta name=\"twitter:label1\" content=\"\u00c9crit par\" \/>\n\t<meta name=\"twitter:data1\" content=\"Ibrahima\" \/>\n\t<meta name=\"twitter:label2\" content=\"Dur\u00e9e de lecture estim\u00e9e\" \/>\n\t<meta name=\"twitter:data2\" content=\"1 minute\" \/>\n<script type=\"application\/ld+json\" class=\"yoast-schema-graph\">{\"@context\":\"https:\/\/schema.org\",\"@graph\":[{\"@type\":\"WebSite\",\"@id\":\"https:\/\/www.nettali.com\/#website\",\"url\":\"https:\/\/www.nettali.com\/\",\"name\":\"Nettali.com\",\"description\":\"Le rendez-vous critique du Net\",\"potentialAction\":[{\"@type\":\"SearchAction\",\"target\":{\"@type\":\"EntryPoint\",\"urlTemplate\":\"https:\/\/www.nettali.com\/?s={search_term_string}\"},\"query-input\":\"required name=search_term_string\"}],\"inLanguage\":\"fr-FR\"},{\"@type\":\"ImageObject\",\"@id\":\"https:\/\/www.nettali.com\/2025\/12\/08\/real-madrid-mbappe-victime-dune-fracture\/#primaryimage\",\"inLanguage\":\"fr-FR\",\"url\":\"https:\/\/www.nettali.com\/wp-content\/uploads\/2025\/12\/image.jpg\",\"contentUrl\":\"https:\/\/www.nettali.com\/wp-content\/uploads\/2025\/12\/image.jpg\",\"width\":885,\"height\":500,\"caption\":\"Medics attend to Real Madrid's French forward #10 Kylian Mbappe after sustaining an injury to a finger during the Spanish league football match between Real Madrid CF and RC Celta de Vigo at the Santiago Bernabeu Stadium in Madrid on December 7, 2025. (Photo by Thomas COEX \/ AFP)\"},{\"@type\":\"WebPage\",\"@id\":\"https:\/\/www.nettali.com\/2025\/12\/08\/real-madrid-mbappe-victime-dune-fracture\/#webpage\",\"url\":\"https:\/\/www.nettali.com\/2025\/12\/08\/real-madrid-mbappe-victime-dune-fracture\/\",\"name\":\"REAL MADRID - Mbapp\\u00e9 victime d'une fracture | Nettali.com\",\"isPartOf\":{\"@id\":\"https:\/\/www.nettali.com\/#website\"},\"primaryImageOfPage\":{\"@id\":\"https:\/\/www.nettali.com\/2025\/12\/08\/real-madrid-mbappe-victime-dune-fracture\/#primaryimage\"},\"datePublished\":\"2025-12-08T19:15:19+00:00\",\"dateModified\":\"2025-12-08T19:15:19+00:00\",\"author\":{\"@id\":\"https:\/\/www.nettali.com\/#\/schema\/person\/bb147657c2986240405a608162b9bb23\"},\"breadcrumb\":{\"@id\":\"https:\/\/www.nettali.com\/2025\/12\/08\/real-madrid-mbappe-victime-dune-fracture\/#breadcrumb\"},\"inLanguage\":\"fr-FR\",\"potentialAction\":[{\"@type\":\"ReadAction\",\"target\":[\"https:\/\/www.nettali.com\/2025\/12\/08\/real-madrid-mbappe-victime-dune-fracture\/\"]}]},{\"@type\":\"BreadcrumbList\",\"@id\":\"https:\/\/www.nettali.com\/2025\/12\/08\/real-madrid-mbappe-victime-dune-fracture\/#breadcrumb\",\"itemListElement\":[{\"@type\":\"ListItem\",\"position\":1,\"name\":\"Accueil\",\"item\":\"https:\/\/www.nettali.com\/\"},{\"@type\":\"ListItem\",\"position\":2,\"name\":\"REAL MADRID - Mbapp\\u00e9 victime d'une fracture\"}]},{\"@type\":\"Person\",\"@id\":\"https:\/\/www.nettali.com\/#\/schema\/person\/bb147657c2986240405a608162b9bb23\",\"name\":\"Ibrahima\",\"image\":{\"@type\":\"ImageObject\",\"@id\":\"https:\/\/www.nettali.com\/#personlogo\",\"inLanguage\":\"fr-FR\",\"url\":\"https:\/\/secure.gravatar.com\/avatar\/26a8a81f09f0dd7624c9d5c36c9ba3a2?s=96&d=mm&r=g\",\"contentUrl\":\"https:\/\/secure.gravatar.com\/avatar\/26a8a81f09f0dd7624c9d5c36c9ba3a2?s=96&d=mm&r=g\",\"caption\":\"Ibrahima\"},\"sameAs\":[\"https:\/\/www.nettali.com\"]}]}<\/script>\n<!-- \/ Yoast SEO Premium plugin. -->","yoast_head_json":{"title":"REAL MADRID - Mbapp\u00e9 victime d'une fracture | Nettali.com","robots":{"index":"index","follow":"follow","max-snippet":"max-snippet:-1","max-image-preview":"max-image-preview:large","max-video-preview":"max-video-preview:-1"},"canonical":"https:\/\/www.nettali.com\/2025\/12\/08\/real-madrid-mbappe-victime-dune-fracture\/","og_locale":"fr_FR","og_type":"article","og_title":"REAL MADRID - Mbapp\u00e9 victime d'une fracture","og_description":"NETTALI.COM - Dimanche soir, le Real Madrid a perdu la rencontre face au Celta de Vigo (0-2). Kylian Mbapp\u00e9 (26 ans) n\u2019a pas pu sauver les siens cette fois-ci. Le Fran\u00e7ais s\u2019est d\u2019ailleurs bless\u00e9 en premi\u00e8re mi-temps. Selon le quotidien AS, l\u2019ancien joueur du PSG souffre d\u2019une fracture de l\u2019annulaire gauche apr\u00e8s une mauvaise chute [&hellip;]","og_url":"https:\/\/www.nettali.com\/2025\/12\/08\/real-madrid-mbappe-victime-dune-fracture\/","og_site_name":"Nettali.com","article_publisher":"https:\/\/www.facebook.com\/nettalicom","article_published_time":"2025-12-08T19:15:19+00:00","og_image":[{"width":885,"height":500,"url":"https:\/\/www.nettali.com\/wp-content\/uploads\/2025\/12\/image.jpg","type":"image\/jpeg"}],"twitter_card":"summary_large_image","twitter_misc":{"\u00c9crit par":"Ibrahima","Dur\u00e9e de lecture estim\u00e9e":"1 minute"},"schema":{"@context":"https:\/\/schema.org","@graph":[{"@type":"WebSite","@id":"https:\/\/www.nettali.com\/#website","url":"https:\/\/www.nettali.com\/","name":"Nettali.com","description":"Le rendez-vous critique du Net","potentialAction":[{"@type":"SearchAction","target":{"@type":"EntryPoint","urlTemplate":"https:\/\/www.nettali.com\/?s={search_term_string}"},"query-input":"required name=search_term_string"}],"inLanguage":"fr-FR"},{"@type":"ImageObject","@id":"https:\/\/www.nettali.com\/2025\/12\/08\/real-madrid-mbappe-victime-dune-fracture\/#primaryimage","inLanguage":"fr-FR","url":"https:\/\/www.nettali.com\/wp-content\/uploads\/2025\/12\/image.jpg","contentUrl":"https:\/\/www.nettali.com\/wp-content\/uploads\/2025\/12\/image.jpg","width":885,"height":500,"caption":"Medics attend to Real Madrid's French forward #10 Kylian Mbappe after sustaining an injury to a finger during the Spanish league football match between Real Madrid CF and RC Celta de Vigo at the Santiago Bernabeu Stadium in Madrid on December 7, 2025. (Photo by Thomas COEX \/ AFP)"},{"@type":"WebPage","@id":"https:\/\/www.nettali.com\/2025\/12\/08\/real-madrid-mbappe-victime-dune-fracture\/#webpage","url":"https:\/\/www.nettali.com\/2025\/12\/08\/real-madrid-mbappe-victime-dune-fracture\/","name":"REAL MADRID - Mbapp\u00e9 victime d'une fracture | Nettali.com","isPartOf":{"@id":"https:\/\/www.nettali.com\/#website"},"primaryImageOfPage":{"@id":"https:\/\/www.nettali.com\/2025\/12\/08\/real-madrid-mbappe-victime-dune-fracture\/#primaryimage"},"datePublished":"2025-12-08T19:15:19+00:00","dateModified":"2025-12-08T19:15:19+00:00","author":{"@id":"https:\/\/www.nettali.com\/#\/schema\/person\/bb147657c2986240405a608162b9bb23"},"breadcrumb":{"@id":"https:\/\/www.nettali.com\/2025\/12\/08\/real-madrid-mbappe-victime-dune-fracture\/#breadcrumb"},"inLanguage":"fr-FR","potentialAction":[{"@type":"ReadAction","target":["https:\/\/www.nettali.com\/2025\/12\/08\/real-madrid-mbappe-victime-dune-fracture\/"]}]},{"@type":"BreadcrumbList","@id":"https:\/\/www.nettali.com\/2025\/12\/08\/real-madrid-mbappe-victime-dune-fracture\/#breadcrumb","itemListElement":[{"@type":"ListItem","position":1,"name":"Accueil","item":"https:\/\/www.nettali.com\/"},{"@type":"ListItem","position":2,"name":"REAL MADRID - Mbapp\u00e9 victime d'une fracture"}]},{"@type":"Person","@id":"https:\/\/www.nettali.com\/#\/schema\/person\/bb147657c2986240405a608162b9bb23","name":"Ibrahima","image":{"@type":"ImageObject","@id":"https:\/\/www.nettali.com\/#personlogo","inLanguage":"fr-FR","url":"https:\/\/secure.gravatar.com\/avatar\/26a8a81f09f0dd7624c9d5c36c9ba3a2?s=96&d=mm&r=g","contentUrl":"https:\/\/secure.gravatar.com\/avatar\/26a8a81f09f0dd7624c9d5c36c9ba3a2?s=96&d=mm&r=g","caption":"Ibrahima"},"sameAs":["https:\/\/www.nettali.com"]}]}},"_links":{"self":[{"href":"https:\/\/www.nettali.com\/rest\/wp\/v2\/posts\/166010"}],"collection":[{"href":"https:\/\/www.nettali.com\/rest\/wp\/v2\/posts"}],"about":[{"href":"https:\/\/www.nettali.com\/rest\/wp\/v2\/types\/post"}],"author":[{"embeddable":true,"href":"https:\/\/www.nettali.com\/rest\/wp\/v2\/users\/5"}],"replies":[{"embeddable":true,"href":"https:\/\/www.nettali.com\/rest\/wp\/v2\/comments?post=166010"}],"version-history":[{"count":1,"href":"https:\/\/www.nettali.com\/rest\/wp\/v2\/posts\/166010\/revisions"}],"predecessor-version":[{"id":166011,"href":"https:\/\/www.nettali.com\/rest\/wp\/v2\/posts\/166010\/revisions\/166011"}],"wp:featuredmedia":[{"embeddable":true,"href":"https:\/\/www.nettali.com\/rest\/wp\/v2\/media\/166008"}],"wp:attachment":[{"href":"https:\/\/www.nettali.com\/rest\/wp\/v2\/media?parent=166010"}],"wp:term":[{"taxonomy":"category","embeddable":true,"href":"https:\/\/www.nettali.com\/rest\/wp\/v2\/categories?post=166010"},{"taxonomy":"post_tag","embeddable":true,"href":"https:\/\/www.nettali.com\/rest\/wp\/v2\/tags?post=166010"}],"curies":[{"name":"wp","href":"https:\/\/api.w.org\/{rel}","templated":true}]}}