{"id":166005,"date":"2025-12-08T20:29:31","date_gmt":"2025-12-08T20:29:31","guid":{"rendered":"https:\/\/www.nettali.com\/?p=166005"},"modified":"2025-12-08T20:32:30","modified_gmt":"2025-12-08T20:32:30","slug":"thierno-alassane-sall-repond-a-sonko-faire-croire-aux-senegalais-que-le-blocage-viendrait-du-president-de-la-republique-releve-dune-mise-en-scene-grossiere","status":"publish","type":"post","link":"https:\/\/www.nettali.com\/2025\/12\/08\/thierno-alassane-sall-repond-a-sonko-faire-croire-aux-senegalais-que-le-blocage-viendrait-du-president-de-la-republique-releve-dune-mise-en-scene-grossiere\/","title":{"rendered":"THIERNO ALASSANE SALL R\u00c9POND A SONKO-  \u00ab Faire croire aux S\u00e9n\u00e9galais, que le blocage viendrait du pr\u00e9sident de la R\u00e9publique, rel\u00e8ve d\u2019une mise en sc\u00e8ne grossi\u00e8re \u00bb"},"content":{"rendered":"<p><strong>NETTALI.COM-\u00a0Le d\u00e9put\u00e9 Thierno Alassane Sall estime que l\u2019obstacle majeur \u00e0 l\u2019\u00e9mergence de la v\u00e9rit\u00e9 sur les \u00e9v\u00e9nements survenus entre 2021 et 2024 demeure la loi d\u2019amnistie. Pour lui, faire croire aux militants de PASTEF, et plus largement aux S\u00e9n\u00e9galais, que le blocage viendrait du pr\u00e9sident de la R\u00e9publique rel\u00e8ve d\u2019une mise en sc\u00e8ne grossi\u00e8re.<\/strong><\/p>\n<p>Thierno Alassane Sall a une nouvelle fois exprim\u00e9 ses v\u00e9rit\u00e9s crues \u00e0 l'endroit du r\u00e9gime actuel. Dans une publication r\u00e9cente, il apporte la r\u00e9plique d'une certaine mani\u00e8re \u00e0 Ousmane Sonko qui lors de la journ\u00e9e des martyrs, c\u00e9l\u00e9br\u00e9e ce dimanche 7 d\u00e9cembre, r\u00e9clam\u00e9 justice pour les victimes des manifestations politiques de 2021 \u00e0 2024. Pour le leader de la R\u00e9publique des valeurs,\u00a0 \u00ab <em>le seul v\u00e9ritable obstacle \u00e0 la justice concernant ce qui s\u2019est pass\u00e9 entre 2021 et 2024 demeure la loi d\u2019amnistie\u00bb. <\/em>L'opposant soutient que <em>\u00ab le r\u00e9gime PASTEF a d\u00e9lib\u00e9r\u00e9ment refus\u00e9 de l\u2019abroger, et personne n\u2019est dupe de cette r\u00e9alit\u00e9<\/em><\/p>\n<p>Selon lui, les victimes, tout comme l\u2019\u00c9tat du S\u00e9n\u00e9gal, n\u2019ont besoin que d\u2019une chose : la suppression de cet obstacle juridique. Tant que la loi d\u2019amnistie subsiste, le procureur, les magistrats et tout citoyen d\u00e9sireux de saisir la justice restent prisonniers d\u2019un brouillard l\u00e9gal soigneusement entretenu. \u00ab O<em>n leur demande d\u2019agir, tout en leur interdisant d\u2019agir. Cette loi doit \u00eatre abrog\u00e9e, purement et simplement<\/em> \u00bb, a-t-il martel\u00e9.<\/p>\n<p>Pour le parlementaire opposant, faire croire aux militants de PASTEF, et plus largement aux S\u00e9n\u00e9galais, que le blocage viendrait du pr\u00e9sident de la R\u00e9publique rel\u00e8ve d\u2019une mise en sc\u00e8ne grossi\u00e8re.<\/p>\n<p>Thierno Alassane Sall conclut sans d\u00e9tour : \u00ab <em>C\u2019est le sport favori du leader de PASTEF : la manipulation. Toujours d\u00e9placer la responsabilit\u00e9 pour mieux dissimuler la v\u00e9rit\u00e9. Ousmane Sonko a toujours eu besoin d\u2019un adversaire pour exister politiquement. Macky Sall n\u2019\u00e9tant plus l\u00e0, il a d\u00e9sormais d\u00e9sign\u00e9 Bassirou Diomaye Faye comme nouvelle cible<\/em> \u00bb.<\/p>\n<div class='share-to-whatsapp-wrapper'><div class='share-on-whsp'>PARTAGER SUR : <\/div><a data-text='THIERNO ALASSANE SALL R\u00c9POND A SONKO-  \u00ab Faire croire aux S\u00e9n\u00e9galais, que le blocage viendrait du pr\u00e9sident de la R\u00e9publique, rel\u00e8ve d\u2019une mise en sc\u00e8ne grossi\u00e8re \u00bb' data-link='https:\/\/www.nettali.com\/2025\/12\/08\/thierno-alassane-sall-repond-a-sonko-faire-croire-aux-senegalais-que-le-blocage-viendrait-du-president-de-la-republique-releve-dune-mise-en-scene-grossiere\/' class='whatsapp-button whatsapp-share'>WhatsApp<\/a><div class='clear '><\/div><\/div>","protected":false},"excerpt":{"rendered":"<p>NETTALI.COM-\u00a0Le d\u00e9put\u00e9 Thierno Alassane Sall estime que l\u2019obstacle majeur \u00e0 l\u2019\u00e9mergence de la v\u00e9rit\u00e9 sur les \u00e9v\u00e9nements survenus entre 2021 et 2024 demeure la loi d\u2019amnistie. Pour lui, faire croire aux militants de PASTEF, et plus largement aux S\u00e9n\u00e9galais, que le blocage viendrait du pr\u00e9sident de la R\u00e9publique rel\u00e8ve d\u2019une mise en sc\u00e8ne grossi\u00e8re. Thierno [&hellip;]<\/p>\n","protected":false},"author":6,"featured_media":155705,"comment_status":"open","ping_status":"open","sticky":false,"template":"","format":"standard","meta":{"_et_pb_use_builder":"","_et_pb_old_content":""},"categories":[2],"tags":[],"yoast_head":"<!-- This site is optimized with the Yoast SEO Premium plugin v17.8 (Yoast SEO v17.8) - https:\/\/yoast.com\/wordpress\/plugins\/seo\/ -->\n<title>THIERNO ALASSANE SALL R\u00c9POND A SONKO- \u00ab Faire croire aux S\u00e9n\u00e9galais, que le blocage viendrait du pr\u00e9sident de la R\u00e9publique, rel\u00e8ve d\u2019une mise en sc\u00e8ne grossi\u00e8re \u00bb | Nettali.com<\/title>\n<meta name=\"robots\" content=\"index, follow, max-snippet:-1, max-image-preview:large, max-video-preview:-1\" \/>\n<link rel=\"canonical\" href=\"https:\/\/www.nettali.com\/2025\/12\/08\/thierno-alassane-sall-repond-a-sonko-faire-croire-aux-senegalais-que-le-blocage-viendrait-du-president-de-la-republique-releve-dune-mise-en-scene-grossiere\/\" \/>\n<meta property=\"og:locale\" content=\"fr_FR\" \/>\n<meta property=\"og:type\" content=\"article\" \/>\n<meta property=\"og:title\" content=\"THIERNO ALASSANE SALL R\u00c9POND A SONKO- \u00ab Faire croire aux S\u00e9n\u00e9galais, que le blocage viendrait du pr\u00e9sident de la R\u00e9publique, rel\u00e8ve d\u2019une mise en sc\u00e8ne grossi\u00e8re \u00bb\" \/>\n<meta property=\"og:description\" content=\"NETTALI.COM-\u00a0Le d\u00e9put\u00e9 Thierno Alassane Sall estime que l\u2019obstacle majeur \u00e0 l\u2019\u00e9mergence de la v\u00e9rit\u00e9 sur les \u00e9v\u00e9nements survenus entre 2021 et 2024 demeure la loi d\u2019amnistie. Pour lui, faire croire aux militants de PASTEF, et plus largement aux S\u00e9n\u00e9galais, que le blocage viendrait du pr\u00e9sident de la R\u00e9publique rel\u00e8ve d\u2019une mise en sc\u00e8ne grossi\u00e8re. Thierno [&hellip;]\" \/>\n<meta property=\"og:url\" content=\"https:\/\/www.nettali.com\/2025\/12\/08\/thierno-alassane-sall-repond-a-sonko-faire-croire-aux-senegalais-que-le-blocage-viendrait-du-president-de-la-republique-releve-dune-mise-en-scene-grossiere\/\" \/>\n<meta property=\"og:site_name\" content=\"Nettali.com\" \/>\n<meta property=\"article:publisher\" content=\"https:\/\/www.facebook.com\/nettalicom\" \/>\n<meta property=\"article:published_time\" content=\"2025-12-08T20:29:31+00:00\" \/>\n<meta property=\"article:modified_time\" content=\"2025-12-08T20:32:30+00:00\" \/>\n<meta property=\"og:image\" content=\"https:\/\/www.nettali.com\/wp-content\/uploads\/2025\/06\/Thierno-Alassane-Sall.jpg\" \/>\n\t<meta property=\"og:image:width\" content=\"1066\" \/>\n\t<meta property=\"og:image:height\" content=\"693\" \/>\n<meta name=\"twitter:card\" content=\"summary_large_image\" \/>\n<meta name=\"twitter:label1\" content=\"\u00c9crit par\" \/>\n\t<meta name=\"twitter:data1\" content=\"Fatou\" \/>\n\t<meta name=\"twitter:label2\" content=\"Dur\u00e9e de lecture estim\u00e9e\" \/>\n\t<meta name=\"twitter:data2\" content=\"2 minutes\" \/>\n<script type=\"application\/ld+json\" class=\"yoast-schema-graph\">{\"@context\":\"https:\/\/schema.org\",\"@graph\":[{\"@type\":\"WebSite\",\"@id\":\"https:\/\/www.nettali.com\/#website\",\"url\":\"https:\/\/www.nettali.com\/\",\"name\":\"Nettali.com\",\"description\":\"Le rendez-vous critique du Net\",\"potentialAction\":[{\"@type\":\"SearchAction\",\"target\":{\"@type\":\"EntryPoint\",\"urlTemplate\":\"https:\/\/www.nettali.com\/?s={search_term_string}\"},\"query-input\":\"required name=search_term_string\"}],\"inLanguage\":\"fr-FR\"},{\"@type\":\"ImageObject\",\"@id\":\"https:\/\/www.nettali.com\/2025\/12\/08\/thierno-alassane-sall-repond-a-sonko-faire-croire-aux-senegalais-que-le-blocage-viendrait-du-president-de-la-republique-releve-dune-mise-en-scene-grossiere\/#primaryimage\",\"inLanguage\":\"fr-FR\",\"url\":\"https:\/\/www.nettali.com\/wp-content\/uploads\/2025\/06\/Thierno-Alassane-Sall.jpg\",\"contentUrl\":\"https:\/\/www.nettali.com\/wp-content\/uploads\/2025\/06\/Thierno-Alassane-Sall.jpg\",\"width\":1066,\"height\":693},{\"@type\":\"WebPage\",\"@id\":\"https:\/\/www.nettali.com\/2025\/12\/08\/thierno-alassane-sall-repond-a-sonko-faire-croire-aux-senegalais-que-le-blocage-viendrait-du-president-de-la-republique-releve-dune-mise-en-scene-grossiere\/#webpage\",\"url\":\"https:\/\/www.nettali.com\/2025\/12\/08\/thierno-alassane-sall-repond-a-sonko-faire-croire-aux-senegalais-que-le-blocage-viendrait-du-president-de-la-republique-releve-dune-mise-en-scene-grossiere\/\",\"name\":\"THIERNO ALASSANE SALL R\\u00c9POND A SONKO- \\u00ab Faire croire aux S\\u00e9n\\u00e9galais, que le blocage viendrait du pr\\u00e9sident de la R\\u00e9publique, rel\\u00e8ve d\\u2019une mise en sc\\u00e8ne grossi\\u00e8re \\u00bb | Nettali.com\",\"isPartOf\":{\"@id\":\"https:\/\/www.nettali.com\/#website\"},\"primaryImageOfPage\":{\"@id\":\"https:\/\/www.nettali.com\/2025\/12\/08\/thierno-alassane-sall-repond-a-sonko-faire-croire-aux-senegalais-que-le-blocage-viendrait-du-president-de-la-republique-releve-dune-mise-en-scene-grossiere\/#primaryimage\"},\"datePublished\":\"2025-12-08T20:29:31+00:00\",\"dateModified\":\"2025-12-08T20:32:30+00:00\",\"author\":{\"@id\":\"https:\/\/www.nettali.com\/#\/schema\/person\/418274a86bdf87caff7a3ef476bd0bbf\"},\"breadcrumb\":{\"@id\":\"https:\/\/www.nettali.com\/2025\/12\/08\/thierno-alassane-sall-repond-a-sonko-faire-croire-aux-senegalais-que-le-blocage-viendrait-du-president-de-la-republique-releve-dune-mise-en-scene-grossiere\/#breadcrumb\"},\"inLanguage\":\"fr-FR\",\"potentialAction\":[{\"@type\":\"ReadAction\",\"target\":[\"https:\/\/www.nettali.com\/2025\/12\/08\/thierno-alassane-sall-repond-a-sonko-faire-croire-aux-senegalais-que-le-blocage-viendrait-du-president-de-la-republique-releve-dune-mise-en-scene-grossiere\/\"]}]},{\"@type\":\"BreadcrumbList\",\"@id\":\"https:\/\/www.nettali.com\/2025\/12\/08\/thierno-alassane-sall-repond-a-sonko-faire-croire-aux-senegalais-que-le-blocage-viendrait-du-president-de-la-republique-releve-dune-mise-en-scene-grossiere\/#breadcrumb\",\"itemListElement\":[{\"@type\":\"ListItem\",\"position\":1,\"name\":\"Accueil\",\"item\":\"https:\/\/www.nettali.com\/\"},{\"@type\":\"ListItem\",\"position\":2,\"name\":\"THIERNO ALASSANE SALL R\\u00c9POND A SONKO- \\u00ab Faire croire aux S\\u00e9n\\u00e9galais, que le blocage viendrait du pr\\u00e9sident de la R\\u00e9publique, rel\\u00e8ve d\\u2019une mise en sc\\u00e8ne grossi\\u00e8re \\u00bb\"}]},{\"@type\":\"Person\",\"@id\":\"https:\/\/www.nettali.com\/#\/schema\/person\/418274a86bdf87caff7a3ef476bd0bbf\",\"name\":\"Fatou\",\"image\":{\"@type\":\"ImageObject\",\"@id\":\"https:\/\/www.nettali.com\/#personlogo\",\"inLanguage\":\"fr-FR\",\"url\":\"https:\/\/secure.gravatar.com\/avatar\/5a9442a2bee7b4dcf167cab035858e9a?s=96&d=mm&r=g\",\"contentUrl\":\"https:\/\/secure.gravatar.com\/avatar\/5a9442a2bee7b4dcf167cab035858e9a?s=96&d=mm&r=g\",\"caption\":\"Fatou\"},\"sameAs\":[\"https:\/\/www.nettali.com\"]}]}<\/script>\n<!-- \/ Yoast SEO Premium plugin. -->","yoast_head_json":{"title":"THIERNO ALASSANE SALL R\u00c9POND A SONKO- \u00ab Faire croire aux S\u00e9n\u00e9galais, que le blocage viendrait du pr\u00e9sident de la R\u00e9publique, rel\u00e8ve d\u2019une mise en sc\u00e8ne grossi\u00e8re \u00bb | Nettali.com","robots":{"index":"index","follow":"follow","max-snippet":"max-snippet:-1","max-image-preview":"max-image-preview:large","max-video-preview":"max-video-preview:-1"},"canonical":"https:\/\/www.nettali.com\/2025\/12\/08\/thierno-alassane-sall-repond-a-sonko-faire-croire-aux-senegalais-que-le-blocage-viendrait-du-president-de-la-republique-releve-dune-mise-en-scene-grossiere\/","og_locale":"fr_FR","og_type":"article","og_title":"THIERNO ALASSANE SALL R\u00c9POND A SONKO- \u00ab Faire croire aux S\u00e9n\u00e9galais, que le blocage viendrait du pr\u00e9sident de la R\u00e9publique, rel\u00e8ve d\u2019une mise en sc\u00e8ne grossi\u00e8re \u00bb","og_description":"NETTALI.COM-\u00a0Le d\u00e9put\u00e9 Thierno Alassane Sall estime que l\u2019obstacle majeur \u00e0 l\u2019\u00e9mergence de la v\u00e9rit\u00e9 sur les \u00e9v\u00e9nements survenus entre 2021 et 2024 demeure la loi d\u2019amnistie. Pour lui, faire croire aux militants de PASTEF, et plus largement aux S\u00e9n\u00e9galais, que le blocage viendrait du pr\u00e9sident de la R\u00e9publique rel\u00e8ve d\u2019une mise en sc\u00e8ne grossi\u00e8re. Thierno [&hellip;]","og_url":"https:\/\/www.nettali.com\/2025\/12\/08\/thierno-alassane-sall-repond-a-sonko-faire-croire-aux-senegalais-que-le-blocage-viendrait-du-president-de-la-republique-releve-dune-mise-en-scene-grossiere\/","og_site_name":"Nettali.com","article_publisher":"https:\/\/www.facebook.com\/nettalicom","article_published_time":"2025-12-08T20:29:31+00:00","article_modified_time":"2025-12-08T20:32:30+00:00","og_image":[{"width":1066,"height":693,"url":"https:\/\/www.nettali.com\/wp-content\/uploads\/2025\/06\/Thierno-Alassane-Sall.jpg","type":"image\/jpeg"}],"twitter_card":"summary_large_image","twitter_misc":{"\u00c9crit par":"Fatou","Dur\u00e9e de lecture estim\u00e9e":"2 minutes"},"schema":{"@context":"https:\/\/schema.org","@graph":[{"@type":"WebSite","@id":"https:\/\/www.nettali.com\/#website","url":"https:\/\/www.nettali.com\/","name":"Nettali.com","description":"Le rendez-vous critique du Net","potentialAction":[{"@type":"SearchAction","target":{"@type":"EntryPoint","urlTemplate":"https:\/\/www.nettali.com\/?s={search_term_string}"},"query-input":"required name=search_term_string"}],"inLanguage":"fr-FR"},{"@type":"ImageObject","@id":"https:\/\/www.nettali.com\/2025\/12\/08\/thierno-alassane-sall-repond-a-sonko-faire-croire-aux-senegalais-que-le-blocage-viendrait-du-president-de-la-republique-releve-dune-mise-en-scene-grossiere\/#primaryimage","inLanguage":"fr-FR","url":"https:\/\/www.nettali.com\/wp-content\/uploads\/2025\/06\/Thierno-Alassane-Sall.jpg","contentUrl":"https:\/\/www.nettali.com\/wp-content\/uploads\/2025\/06\/Thierno-Alassane-Sall.jpg","width":1066,"height":693},{"@type":"WebPage","@id":"https:\/\/www.nettali.com\/2025\/12\/08\/thierno-alassane-sall-repond-a-sonko-faire-croire-aux-senegalais-que-le-blocage-viendrait-du-president-de-la-republique-releve-dune-mise-en-scene-grossiere\/#webpage","url":"https:\/\/www.nettali.com\/2025\/12\/08\/thierno-alassane-sall-repond-a-sonko-faire-croire-aux-senegalais-que-le-blocage-viendrait-du-president-de-la-republique-releve-dune-mise-en-scene-grossiere\/","name":"THIERNO ALASSANE SALL R\u00c9POND A SONKO- \u00ab Faire croire aux S\u00e9n\u00e9galais, que le blocage viendrait du pr\u00e9sident de la R\u00e9publique, rel\u00e8ve d\u2019une mise en sc\u00e8ne grossi\u00e8re \u00bb | Nettali.com","isPartOf":{"@id":"https:\/\/www.nettali.com\/#website"},"primaryImageOfPage":{"@id":"https:\/\/www.nettali.com\/2025\/12\/08\/thierno-alassane-sall-repond-a-sonko-faire-croire-aux-senegalais-que-le-blocage-viendrait-du-president-de-la-republique-releve-dune-mise-en-scene-grossiere\/#primaryimage"},"datePublished":"2025-12-08T20:29:31+00:00","dateModified":"2025-12-08T20:32:30+00:00","author":{"@id":"https:\/\/www.nettali.com\/#\/schema\/person\/418274a86bdf87caff7a3ef476bd0bbf"},"breadcrumb":{"@id":"https:\/\/www.nettali.com\/2025\/12\/08\/thierno-alassane-sall-repond-a-sonko-faire-croire-aux-senegalais-que-le-blocage-viendrait-du-president-de-la-republique-releve-dune-mise-en-scene-grossiere\/#breadcrumb"},"inLanguage":"fr-FR","potentialAction":[{"@type":"ReadAction","target":["https:\/\/www.nettali.com\/2025\/12\/08\/thierno-alassane-sall-repond-a-sonko-faire-croire-aux-senegalais-que-le-blocage-viendrait-du-president-de-la-republique-releve-dune-mise-en-scene-grossiere\/"]}]},{"@type":"BreadcrumbList","@id":"https:\/\/www.nettali.com\/2025\/12\/08\/thierno-alassane-sall-repond-a-sonko-faire-croire-aux-senegalais-que-le-blocage-viendrait-du-president-de-la-republique-releve-dune-mise-en-scene-grossiere\/#breadcrumb","itemListElement":[{"@type":"ListItem","position":1,"name":"Accueil","item":"https:\/\/www.nettali.com\/"},{"@type":"ListItem","position":2,"name":"THIERNO ALASSANE SALL R\u00c9POND A SONKO- \u00ab Faire croire aux S\u00e9n\u00e9galais, que le blocage viendrait du pr\u00e9sident de la R\u00e9publique, rel\u00e8ve d\u2019une mise en sc\u00e8ne grossi\u00e8re \u00bb"}]},{"@type":"Person","@id":"https:\/\/www.nettali.com\/#\/schema\/person\/418274a86bdf87caff7a3ef476bd0bbf","name":"Fatou","image":{"@type":"ImageObject","@id":"https:\/\/www.nettali.com\/#personlogo","inLanguage":"fr-FR","url":"https:\/\/secure.gravatar.com\/avatar\/5a9442a2bee7b4dcf167cab035858e9a?s=96&d=mm&r=g","contentUrl":"https:\/\/secure.gravatar.com\/avatar\/5a9442a2bee7b4dcf167cab035858e9a?s=96&d=mm&r=g","caption":"Fatou"},"sameAs":["https:\/\/www.nettali.com"]}]}},"_links":{"self":[{"href":"https:\/\/www.nettali.com\/rest\/wp\/v2\/posts\/166005"}],"collection":[{"href":"https:\/\/www.nettali.com\/rest\/wp\/v2\/posts"}],"about":[{"href":"https:\/\/www.nettali.com\/rest\/wp\/v2\/types\/post"}],"author":[{"embeddable":true,"href":"https:\/\/www.nettali.com\/rest\/wp\/v2\/users\/6"}],"replies":[{"embeddable":true,"href":"https:\/\/www.nettali.com\/rest\/wp\/v2\/comments?post=166005"}],"version-history":[{"count":1,"href":"https:\/\/www.nettali.com\/rest\/wp\/v2\/posts\/166005\/revisions"}],"predecessor-version":[{"id":166006,"href":"https:\/\/www.nettali.com\/rest\/wp\/v2\/posts\/166005\/revisions\/166006"}],"wp:featuredmedia":[{"embeddable":true,"href":"https:\/\/www.nettali.com\/rest\/wp\/v2\/media\/155705"}],"wp:attachment":[{"href":"https:\/\/www.nettali.com\/rest\/wp\/v2\/media?parent=166005"}],"wp:term":[{"taxonomy":"category","embeddable":true,"href":"https:\/\/www.nettali.com\/rest\/wp\/v2\/categories?post=166005"},{"taxonomy":"post_tag","embeddable":true,"href":"https:\/\/www.nettali.com\/rest\/wp\/v2\/tags?post=166005"}],"curies":[{"name":"wp","href":"https:\/\/api.w.org\/{rel}","templated":true}]}}