{"id":166001,"date":"2025-12-08T19:20:57","date_gmt":"2025-12-08T19:20:57","guid":{"rendered":"https:\/\/www.nettali.com\/?p=166001"},"modified":"2025-12-08T19:20:57","modified_gmt":"2025-12-08T19:20:57","slug":"universite-gaston-berger-de-saint-louis-la-coordination-des-etudiants-decide-de-suspendre-son-mot-dordre-de-greve","status":"publish","type":"post","link":"https:\/\/www.nettali.com\/2025\/12\/08\/universite-gaston-berger-de-saint-louis-la-coordination-des-etudiants-decide-de-suspendre-son-mot-dordre-de-greve\/","title":{"rendered":"UNIVERSIT\u00c9 GASTON BERGER DE SAINT-LOUIS : La Coordination des \u00e9tudiants d\u00e9cide de suspendre son mot d\u2019ordre de gr\u00e8ve"},"content":{"rendered":"<p><strong>NETTALI.COM-La Coordination des \u00e9tudiants de Saint-Louis (CESL) a d\u00e9cid\u00e9 de lever temporairement son mot d\u2019ordre de gr\u00e8ve en attendant la concr\u00e9tisation des promesses des autorit\u00e9s. Dans un communiqu\u00e9, la CESL annonce avoir d\u00e9cid\u00e9 de suspendre temporairement son mouvement.<\/strong><\/p>\n<p>\u00ab <em>Une d\u00e9l\u00e9gation des \u00e9tudiants de l\u2019Universit\u00e9 Gaston Berger (UGB) avait rencontr\u00e9 le pr\u00e9sident de l\u2019Assembl\u00e9e nationale, El Malick Ndiaye, et le ministre de l\u2019Enseignement sup\u00e9rieur, de la Recherche et de l\u2019Innovation, Daouda Ngom, le 4 d\u00e9cembre dernier. Ce s\u00e9jour \u00e0 Dakar a permis \u00e0 la d\u00e9l\u00e9gation de l\u2019UGB de s\u2019entretenir avec ces deux autorit\u00e9s, mais aussi d\u2019\u00e9changer par correspondance avec le Premier ministre Ousmane Sonko<\/em> \u00bb,\u00a0 pr\u00e9cise le communiqu\u00e9 des \u00e9tudiants.<\/p>\n<p>C'est sur cette base, les \u00e9tudiants ont pris la d\u00e9cision de lever temporairement leur mot d\u2019ordre apr\u00e8s deux semaines de mouvement, en attendant le \u00ab <em>respect des engagements pris par les autorit\u00e9s, que sont l\u2019installation prochaine d\u2019un satellite pour am\u00e9liorer la connexion Internet, la reprise des chantiers et le paiement des bourses et subventions, avec des rappels pr\u00e9vus d\u00e8s janvier et f\u00e9vrier 2026<\/em> \u00bb, indique le texte.<\/p>\n<p>La Coordination des \u00e9tudiants de Saint-Louis a invit\u00e9, en cons\u00e9quence, les \u00e9tudiants \u00e0 reprendre les cours. Toutefois, en cas de non-respect des promesses faites, elle dit se r\u00e9server le droit de reprendre la mobilisation.<\/p>\n<div class='share-to-whatsapp-wrapper'><div class='share-on-whsp'>PARTAGER SUR : <\/div><a data-text='UNIVERSIT\u00c9 GASTON BERGER DE SAINT-LOUIS : La Coordination des \u00e9tudiants d\u00e9cide de suspendre son mot d\u2019ordre de gr\u00e8ve' data-link='https:\/\/www.nettali.com\/2025\/12\/08\/universite-gaston-berger-de-saint-louis-la-coordination-des-etudiants-decide-de-suspendre-son-mot-dordre-de-greve\/' class='whatsapp-button whatsapp-share'>WhatsApp<\/a><div class='clear '><\/div><\/div>","protected":false},"excerpt":{"rendered":"<p>NETTALI.COM-La Coordination des \u00e9tudiants de Saint-Louis (CESL) a d\u00e9cid\u00e9 de lever temporairement son mot d\u2019ordre de gr\u00e8ve en attendant la concr\u00e9tisation des promesses des autorit\u00e9s. Dans un communiqu\u00e9, la CESL annonce avoir d\u00e9cid\u00e9 de suspendre temporairement son mouvement. \u00ab Une d\u00e9l\u00e9gation des \u00e9tudiants de l\u2019Universit\u00e9 Gaston Berger (UGB) avait rencontr\u00e9 le pr\u00e9sident de l\u2019Assembl\u00e9e nationale, [&hellip;]<\/p>\n","protected":false},"author":6,"featured_media":5945,"comment_status":"open","ping_status":"open","sticky":false,"template":"","format":"standard","meta":{"_et_pb_use_builder":"","_et_pb_old_content":""},"categories":[3],"tags":[],"yoast_head":"<!-- This site is optimized with the Yoast SEO Premium plugin v17.8 (Yoast SEO v17.8) - https:\/\/yoast.com\/wordpress\/plugins\/seo\/ -->\n<title>UNIVERSIT\u00c9 GASTON BERGER DE SAINT-LOUIS : La Coordination des \u00e9tudiants d\u00e9cide de suspendre son mot d\u2019ordre de gr\u00e8ve | Nettali.com<\/title>\n<meta name=\"robots\" content=\"index, follow, max-snippet:-1, max-image-preview:large, max-video-preview:-1\" \/>\n<link rel=\"canonical\" href=\"https:\/\/www.nettali.com\/2025\/12\/08\/universite-gaston-berger-de-saint-louis-la-coordination-des-etudiants-decide-de-suspendre-son-mot-dordre-de-greve\/\" \/>\n<meta property=\"og:locale\" content=\"fr_FR\" \/>\n<meta property=\"og:type\" content=\"article\" \/>\n<meta property=\"og:title\" content=\"UNIVERSIT\u00c9 GASTON BERGER DE SAINT-LOUIS : La Coordination des \u00e9tudiants d\u00e9cide de suspendre son mot d\u2019ordre de gr\u00e8ve\" \/>\n<meta property=\"og:description\" content=\"NETTALI.COM-La Coordination des \u00e9tudiants de Saint-Louis (CESL) a d\u00e9cid\u00e9 de lever temporairement son mot d\u2019ordre de gr\u00e8ve en attendant la concr\u00e9tisation des promesses des autorit\u00e9s. Dans un communiqu\u00e9, la CESL annonce avoir d\u00e9cid\u00e9 de suspendre temporairement son mouvement. \u00ab Une d\u00e9l\u00e9gation des \u00e9tudiants de l\u2019Universit\u00e9 Gaston Berger (UGB) avait rencontr\u00e9 le pr\u00e9sident de l\u2019Assembl\u00e9e nationale, [&hellip;]\" \/>\n<meta property=\"og:url\" content=\"https:\/\/www.nettali.com\/2025\/12\/08\/universite-gaston-berger-de-saint-louis-la-coordination-des-etudiants-decide-de-suspendre-son-mot-dordre-de-greve\/\" \/>\n<meta property=\"og:site_name\" content=\"Nettali.com\" \/>\n<meta property=\"article:publisher\" content=\"https:\/\/www.facebook.com\/nettalicom\" \/>\n<meta property=\"article:published_time\" content=\"2025-12-08T19:20:57+00:00\" \/>\n<meta property=\"og:image\" content=\"https:\/\/www.nettali.com\/wp-content\/uploads\/2019\/04\/ugb_saintlouis-770x470.jpg\" \/>\n\t<meta property=\"og:image:width\" content=\"770\" \/>\n\t<meta property=\"og:image:height\" content=\"470\" \/>\n<meta name=\"twitter:card\" content=\"summary_large_image\" \/>\n<meta name=\"twitter:label1\" content=\"\u00c9crit par\" \/>\n\t<meta name=\"twitter:data1\" content=\"Fatou\" \/>\n\t<meta name=\"twitter:label2\" content=\"Dur\u00e9e de lecture estim\u00e9e\" \/>\n\t<meta name=\"twitter:data2\" content=\"2 minutes\" \/>\n<script type=\"application\/ld+json\" class=\"yoast-schema-graph\">{\"@context\":\"https:\/\/schema.org\",\"@graph\":[{\"@type\":\"WebSite\",\"@id\":\"https:\/\/www.nettali.com\/#website\",\"url\":\"https:\/\/www.nettali.com\/\",\"name\":\"Nettali.com\",\"description\":\"Le rendez-vous critique du Net\",\"potentialAction\":[{\"@type\":\"SearchAction\",\"target\":{\"@type\":\"EntryPoint\",\"urlTemplate\":\"https:\/\/www.nettali.com\/?s={search_term_string}\"},\"query-input\":\"required name=search_term_string\"}],\"inLanguage\":\"fr-FR\"},{\"@type\":\"ImageObject\",\"@id\":\"https:\/\/www.nettali.com\/2025\/12\/08\/universite-gaston-berger-de-saint-louis-la-coordination-des-etudiants-decide-de-suspendre-son-mot-dordre-de-greve\/#primaryimage\",\"inLanguage\":\"fr-FR\",\"url\":\"https:\/\/www.nettali.com\/wp-content\/uploads\/2019\/04\/ugb_saintlouis-770x470.jpg\",\"contentUrl\":\"https:\/\/www.nettali.com\/wp-content\/uploads\/2019\/04\/ugb_saintlouis-770x470.jpg\",\"width\":770,\"height\":470},{\"@type\":\"WebPage\",\"@id\":\"https:\/\/www.nettali.com\/2025\/12\/08\/universite-gaston-berger-de-saint-louis-la-coordination-des-etudiants-decide-de-suspendre-son-mot-dordre-de-greve\/#webpage\",\"url\":\"https:\/\/www.nettali.com\/2025\/12\/08\/universite-gaston-berger-de-saint-louis-la-coordination-des-etudiants-decide-de-suspendre-son-mot-dordre-de-greve\/\",\"name\":\"UNIVERSIT\\u00c9 GASTON BERGER DE SAINT-LOUIS : La Coordination des \\u00e9tudiants d\\u00e9cide de suspendre son mot d\\u2019ordre de gr\\u00e8ve | Nettali.com\",\"isPartOf\":{\"@id\":\"https:\/\/www.nettali.com\/#website\"},\"primaryImageOfPage\":{\"@id\":\"https:\/\/www.nettali.com\/2025\/12\/08\/universite-gaston-berger-de-saint-louis-la-coordination-des-etudiants-decide-de-suspendre-son-mot-dordre-de-greve\/#primaryimage\"},\"datePublished\":\"2025-12-08T19:20:57+00:00\",\"dateModified\":\"2025-12-08T19:20:57+00:00\",\"author\":{\"@id\":\"https:\/\/www.nettali.com\/#\/schema\/person\/418274a86bdf87caff7a3ef476bd0bbf\"},\"breadcrumb\":{\"@id\":\"https:\/\/www.nettali.com\/2025\/12\/08\/universite-gaston-berger-de-saint-louis-la-coordination-des-etudiants-decide-de-suspendre-son-mot-dordre-de-greve\/#breadcrumb\"},\"inLanguage\":\"fr-FR\",\"potentialAction\":[{\"@type\":\"ReadAction\",\"target\":[\"https:\/\/www.nettali.com\/2025\/12\/08\/universite-gaston-berger-de-saint-louis-la-coordination-des-etudiants-decide-de-suspendre-son-mot-dordre-de-greve\/\"]}]},{\"@type\":\"BreadcrumbList\",\"@id\":\"https:\/\/www.nettali.com\/2025\/12\/08\/universite-gaston-berger-de-saint-louis-la-coordination-des-etudiants-decide-de-suspendre-son-mot-dordre-de-greve\/#breadcrumb\",\"itemListElement\":[{\"@type\":\"ListItem\",\"position\":1,\"name\":\"Accueil\",\"item\":\"https:\/\/www.nettali.com\/\"},{\"@type\":\"ListItem\",\"position\":2,\"name\":\"UNIVERSIT\\u00c9 GASTON BERGER DE SAINT-LOUIS : La Coordination des \\u00e9tudiants d\\u00e9cide de suspendre son mot d\\u2019ordre de gr\\u00e8ve\"}]},{\"@type\":\"Person\",\"@id\":\"https:\/\/www.nettali.com\/#\/schema\/person\/418274a86bdf87caff7a3ef476bd0bbf\",\"name\":\"Fatou\",\"image\":{\"@type\":\"ImageObject\",\"@id\":\"https:\/\/www.nettali.com\/#personlogo\",\"inLanguage\":\"fr-FR\",\"url\":\"https:\/\/secure.gravatar.com\/avatar\/5a9442a2bee7b4dcf167cab035858e9a?s=96&d=mm&r=g\",\"contentUrl\":\"https:\/\/secure.gravatar.com\/avatar\/5a9442a2bee7b4dcf167cab035858e9a?s=96&d=mm&r=g\",\"caption\":\"Fatou\"},\"sameAs\":[\"https:\/\/www.nettali.com\"]}]}<\/script>\n<!-- \/ Yoast SEO Premium plugin. -->","yoast_head_json":{"title":"UNIVERSIT\u00c9 GASTON BERGER DE SAINT-LOUIS : La Coordination des \u00e9tudiants d\u00e9cide de suspendre son mot d\u2019ordre de gr\u00e8ve | Nettali.com","robots":{"index":"index","follow":"follow","max-snippet":"max-snippet:-1","max-image-preview":"max-image-preview:large","max-video-preview":"max-video-preview:-1"},"canonical":"https:\/\/www.nettali.com\/2025\/12\/08\/universite-gaston-berger-de-saint-louis-la-coordination-des-etudiants-decide-de-suspendre-son-mot-dordre-de-greve\/","og_locale":"fr_FR","og_type":"article","og_title":"UNIVERSIT\u00c9 GASTON BERGER DE SAINT-LOUIS : La Coordination des \u00e9tudiants d\u00e9cide de suspendre son mot d\u2019ordre de gr\u00e8ve","og_description":"NETTALI.COM-La Coordination des \u00e9tudiants de Saint-Louis (CESL) a d\u00e9cid\u00e9 de lever temporairement son mot d\u2019ordre de gr\u00e8ve en attendant la concr\u00e9tisation des promesses des autorit\u00e9s. Dans un communiqu\u00e9, la CESL annonce avoir d\u00e9cid\u00e9 de suspendre temporairement son mouvement. \u00ab Une d\u00e9l\u00e9gation des \u00e9tudiants de l\u2019Universit\u00e9 Gaston Berger (UGB) avait rencontr\u00e9 le pr\u00e9sident de l\u2019Assembl\u00e9e nationale, [&hellip;]","og_url":"https:\/\/www.nettali.com\/2025\/12\/08\/universite-gaston-berger-de-saint-louis-la-coordination-des-etudiants-decide-de-suspendre-son-mot-dordre-de-greve\/","og_site_name":"Nettali.com","article_publisher":"https:\/\/www.facebook.com\/nettalicom","article_published_time":"2025-12-08T19:20:57+00:00","og_image":[{"width":770,"height":470,"url":"https:\/\/www.nettali.com\/wp-content\/uploads\/2019\/04\/ugb_saintlouis-770x470.jpg","type":"image\/jpeg"}],"twitter_card":"summary_large_image","twitter_misc":{"\u00c9crit par":"Fatou","Dur\u00e9e de lecture estim\u00e9e":"2 minutes"},"schema":{"@context":"https:\/\/schema.org","@graph":[{"@type":"WebSite","@id":"https:\/\/www.nettali.com\/#website","url":"https:\/\/www.nettali.com\/","name":"Nettali.com","description":"Le rendez-vous critique du Net","potentialAction":[{"@type":"SearchAction","target":{"@type":"EntryPoint","urlTemplate":"https:\/\/www.nettali.com\/?s={search_term_string}"},"query-input":"required name=search_term_string"}],"inLanguage":"fr-FR"},{"@type":"ImageObject","@id":"https:\/\/www.nettali.com\/2025\/12\/08\/universite-gaston-berger-de-saint-louis-la-coordination-des-etudiants-decide-de-suspendre-son-mot-dordre-de-greve\/#primaryimage","inLanguage":"fr-FR","url":"https:\/\/www.nettali.com\/wp-content\/uploads\/2019\/04\/ugb_saintlouis-770x470.jpg","contentUrl":"https:\/\/www.nettali.com\/wp-content\/uploads\/2019\/04\/ugb_saintlouis-770x470.jpg","width":770,"height":470},{"@type":"WebPage","@id":"https:\/\/www.nettali.com\/2025\/12\/08\/universite-gaston-berger-de-saint-louis-la-coordination-des-etudiants-decide-de-suspendre-son-mot-dordre-de-greve\/#webpage","url":"https:\/\/www.nettali.com\/2025\/12\/08\/universite-gaston-berger-de-saint-louis-la-coordination-des-etudiants-decide-de-suspendre-son-mot-dordre-de-greve\/","name":"UNIVERSIT\u00c9 GASTON BERGER DE SAINT-LOUIS : La Coordination des \u00e9tudiants d\u00e9cide de suspendre son mot d\u2019ordre de gr\u00e8ve | Nettali.com","isPartOf":{"@id":"https:\/\/www.nettali.com\/#website"},"primaryImageOfPage":{"@id":"https:\/\/www.nettali.com\/2025\/12\/08\/universite-gaston-berger-de-saint-louis-la-coordination-des-etudiants-decide-de-suspendre-son-mot-dordre-de-greve\/#primaryimage"},"datePublished":"2025-12-08T19:20:57+00:00","dateModified":"2025-12-08T19:20:57+00:00","author":{"@id":"https:\/\/www.nettali.com\/#\/schema\/person\/418274a86bdf87caff7a3ef476bd0bbf"},"breadcrumb":{"@id":"https:\/\/www.nettali.com\/2025\/12\/08\/universite-gaston-berger-de-saint-louis-la-coordination-des-etudiants-decide-de-suspendre-son-mot-dordre-de-greve\/#breadcrumb"},"inLanguage":"fr-FR","potentialAction":[{"@type":"ReadAction","target":["https:\/\/www.nettali.com\/2025\/12\/08\/universite-gaston-berger-de-saint-louis-la-coordination-des-etudiants-decide-de-suspendre-son-mot-dordre-de-greve\/"]}]},{"@type":"BreadcrumbList","@id":"https:\/\/www.nettali.com\/2025\/12\/08\/universite-gaston-berger-de-saint-louis-la-coordination-des-etudiants-decide-de-suspendre-son-mot-dordre-de-greve\/#breadcrumb","itemListElement":[{"@type":"ListItem","position":1,"name":"Accueil","item":"https:\/\/www.nettali.com\/"},{"@type":"ListItem","position":2,"name":"UNIVERSIT\u00c9 GASTON BERGER DE SAINT-LOUIS : La Coordination des \u00e9tudiants d\u00e9cide de suspendre son mot d\u2019ordre de gr\u00e8ve"}]},{"@type":"Person","@id":"https:\/\/www.nettali.com\/#\/schema\/person\/418274a86bdf87caff7a3ef476bd0bbf","name":"Fatou","image":{"@type":"ImageObject","@id":"https:\/\/www.nettali.com\/#personlogo","inLanguage":"fr-FR","url":"https:\/\/secure.gravatar.com\/avatar\/5a9442a2bee7b4dcf167cab035858e9a?s=96&d=mm&r=g","contentUrl":"https:\/\/secure.gravatar.com\/avatar\/5a9442a2bee7b4dcf167cab035858e9a?s=96&d=mm&r=g","caption":"Fatou"},"sameAs":["https:\/\/www.nettali.com"]}]}},"_links":{"self":[{"href":"https:\/\/www.nettali.com\/rest\/wp\/v2\/posts\/166001"}],"collection":[{"href":"https:\/\/www.nettali.com\/rest\/wp\/v2\/posts"}],"about":[{"href":"https:\/\/www.nettali.com\/rest\/wp\/v2\/types\/post"}],"author":[{"embeddable":true,"href":"https:\/\/www.nettali.com\/rest\/wp\/v2\/users\/6"}],"replies":[{"embeddable":true,"href":"https:\/\/www.nettali.com\/rest\/wp\/v2\/comments?post=166001"}],"version-history":[{"count":1,"href":"https:\/\/www.nettali.com\/rest\/wp\/v2\/posts\/166001\/revisions"}],"predecessor-version":[{"id":166002,"href":"https:\/\/www.nettali.com\/rest\/wp\/v2\/posts\/166001\/revisions\/166002"}],"wp:featuredmedia":[{"embeddable":true,"href":"https:\/\/www.nettali.com\/rest\/wp\/v2\/media\/5945"}],"wp:attachment":[{"href":"https:\/\/www.nettali.com\/rest\/wp\/v2\/media?parent=166001"}],"wp:term":[{"taxonomy":"category","embeddable":true,"href":"https:\/\/www.nettali.com\/rest\/wp\/v2\/categories?post=166001"},{"taxonomy":"post_tag","embeddable":true,"href":"https:\/\/www.nettali.com\/rest\/wp\/v2\/tags?post=166001"}],"curies":[{"name":"wp","href":"https:\/\/api.w.org\/{rel}","templated":true}]}}