{"id":165998,"date":"2025-12-08T17:19:07","date_gmt":"2025-12-08T17:19:07","guid":{"rendered":"https:\/\/www.nettali.com\/?p=165998"},"modified":"2025-12-08T18:59:14","modified_gmt":"2025-12-08T18:59:14","slug":"ministere-des-forces-armees-une-hausse-de-23-milliards-de-fcfa-pour-renforcer-la-securite","status":"publish","type":"post","link":"https:\/\/www.nettali.com\/2025\/12\/08\/ministere-des-forces-armees-une-hausse-de-23-milliards-de-fcfa-pour-renforcer-la-securite\/","title":{"rendered":"MINIST\u00c8RE DES FORCES ARM\u00c9ES - Une hausse de 23 milliards de FCfa pour renforcer la s\u00e9curit\u00e9"},"content":{"rendered":"<p><strong>NETTALI.COM - Adopt\u00e9 ce week-end, le budget du minist\u00e8re des Forces arm\u00e9es pour l\u2019ann\u00e9e 2026 a connu une hausse de 23 milliards de FCfa. Une enveloppe qui, entre autres, permettra de renforcer la s\u00e9curit\u00e9 du pays \u00e0 l\u2019int\u00e9rieur comme dans les fronti\u00e8res.<\/strong><\/p>\n<p>Le budget du minist\u00e8re des Forces arm\u00e9es a \u00e9t\u00e9 adopt\u00e9, le samedi 6 d\u00e9cembre, par les d\u00e9put\u00e9s. Il est arr\u00eat\u00e9 \u00e0 437.946.280.405 FCfa en autorisations d\u2019engagement et \u00e0 338.389.760.405 FCfa en cr\u00e9dits de paiement. Compar\u00e9e \u00e0 celle de 2025, l\u2019enveloppe a connu une hausse de 23 milliards de FCfa. Venu d\u00e9fendre ledit budget, le ministre des Forces arm\u00e9es, le g\u00e9n\u00e9ral Birame Diop, a rappel\u00e9 que la mission premi\u00e8re des Forces arm\u00e9es est de d\u00e9fendre l\u2019int\u00e9grit\u00e9 du territoire national et de prot\u00e9ger les populations et leurs biens. <em>\u00ab C\u2019est leur raison d\u2019\u00eatre \u00bb<\/em>, a-t-il insist\u00e9. Avant d\u2019ajouter : <em>\u00ab Toute notre architecture de d\u00e9fense et de s\u00e9curit\u00e9 est articul\u00e9e autour d\u2019une seule finalit\u00e9 : assurer en tout lieu et en toutes circonstances nos missions constitutionnelles qui sont essentielles \u00e0 la vie de la nation \u00bb<\/em>.<\/p>\n<p>Selon lui, l\u2019environnement sous r\u00e9gional impose d\u2019\u00eatre proactif. <em>\u00ab La persistance de la menace terroriste, de la grande criminalit\u00e9 organis\u00e9e et transnationale et des trafics illicites (armes, drogues, \u00eatres humains), combin\u00e9e \u00e0 l\u2019instabilit\u00e9 politique chronique, n\u00e9cessite une vigilance accrue dans nos fronti\u00e8res ainsi qu\u2019une coop\u00e9ration renforc\u00e9e avec les pays voisins \u00bb<\/em>, a-t-il expliqu\u00e9.<\/p>\n<h3><strong>\u00ab Pas de place \u00e0 l\u2019improvisation \u00bb<\/strong><\/h3>\n<p>\u00c0 l\u2019int\u00e9rieur, poursuit-il, les menaces \u00e0 la s\u00e9curit\u00e9 des personnes et des biens restent une pr\u00e9occupation majeure des autorit\u00e9s et des populations. Il fait remarquer que la d\u00e9linquance urbaine et rurale, l\u2019ins\u00e9curit\u00e9 routi\u00e8re, le trafic, notamment de drogue, appellent de la part des forces arm\u00e9es une r\u00e9ponse vigoureuse afin de pr\u00e9server la s\u00e9curit\u00e9 publique. Il en est de m\u00eame des d\u00e9fis croissants li\u00e9s \u00e0 l\u2019usage de nouvelles technologies, la cybercriminalit\u00e9 et la d\u00e9sinformation, qui, selon lui, contribuent \u00e0 fragiliser le tissu social. <em>\u00ab Face \u00e0 tous ces risques, il n\u2019y a pas de place \u00e0 l\u2019improvisation. La s\u00e9curit\u00e9 n\u2019est jamais acquise. Elle se construit et se finance \u00bb<\/em>, a indiqu\u00e9 le ministre Birame Diop, rappelant que, depuis plusieurs ann\u00e9es, les forces arm\u00e9es se sont engag\u00e9es dans une dynamique de mont\u00e9e en puissance touchant \u00e0 la fois l\u2019organisation, le dispositif et les capacit\u00e9s.<\/p>\n<p><em>\u00ab Les arm\u00e9es et la gendarmerie nationale ont consid\u00e9rablement renforc\u00e9 leur pr\u00e9sence dans les zones frontali\u00e8res, particuli\u00e8rement dans les r\u00e9gions orientales, dans le cadre du pivot Est, pour faire face aux risques li\u00e9s au terrorisme dans la sous-r\u00e9gion et dans la r\u00e9gion de Casamance \u00bb<\/em>, a-t-il d\u00e9clar\u00e9. Par ailleurs, il a renseign\u00e9 que la gendarmerie nationale a poursuivi l\u2019intensification de son maillage territorial. Plusieurs brigades et compagnies de gendarmerie ont \u00e9t\u00e9 inaugur\u00e9es ces derni\u00e8res ann\u00e9es, notamment dans les zones p\u00e9riurbaines et rurales, afin d\u2019am\u00e9liorer l\u2019offre de s\u00e9curit\u00e9 de proximit\u00e9. Les arm\u00e9es ont \u00e9galement mis sur pied de nouvelles unit\u00e9s et renforc\u00e9 leurs capacit\u00e9s pour prendre en compte l\u2019ensemble du spectre des menaces dans les espaces terrestres, a\u00e9riens et maritimes.<\/p>\n<div class='share-to-whatsapp-wrapper'><div class='share-on-whsp'>PARTAGER SUR : <\/div><a data-text='MINIST\u00c8RE DES FORCES ARM\u00c9ES - Une hausse de 23 milliards de FCfa pour renforcer la s\u00e9curit\u00e9' data-link='https:\/\/www.nettali.com\/2025\/12\/08\/ministere-des-forces-armees-une-hausse-de-23-milliards-de-fcfa-pour-renforcer-la-securite\/' class='whatsapp-button whatsapp-share'>WhatsApp<\/a><div class='clear '><\/div><\/div>","protected":false},"excerpt":{"rendered":"<p>NETTALI.COM - Adopt\u00e9 ce week-end, le budget du minist\u00e8re des Forces arm\u00e9es pour l\u2019ann\u00e9e 2026 a connu une hausse de 23 milliards de FCfa. Une enveloppe qui, entre autres, permettra de renforcer la s\u00e9curit\u00e9 du pays \u00e0 l\u2019int\u00e9rieur comme dans les fronti\u00e8res. Le budget du minist\u00e8re des Forces arm\u00e9es a \u00e9t\u00e9 adopt\u00e9, le samedi 6 [&hellip;]<\/p>\n","protected":false},"author":4,"featured_media":166000,"comment_status":"open","ping_status":"open","sticky":false,"template":"","format":"standard","meta":{"_et_pb_use_builder":"","_et_pb_old_content":""},"categories":[3],"tags":[],"yoast_head":"<!-- This site is optimized with the Yoast SEO Premium plugin v17.8 (Yoast SEO v17.8) - https:\/\/yoast.com\/wordpress\/plugins\/seo\/ -->\n<title>MINIST\u00c8RE DES FORCES ARM\u00c9ES - Une hausse de 23 milliards de FCfa pour renforcer la s\u00e9curit\u00e9 | Nettali.com<\/title>\n<meta name=\"robots\" content=\"index, follow, max-snippet:-1, max-image-preview:large, max-video-preview:-1\" \/>\n<link rel=\"canonical\" href=\"https:\/\/www.nettali.com\/2025\/12\/08\/ministere-des-forces-armees-une-hausse-de-23-milliards-de-fcfa-pour-renforcer-la-securite\/\" \/>\n<meta property=\"og:locale\" content=\"fr_FR\" \/>\n<meta property=\"og:type\" content=\"article\" \/>\n<meta property=\"og:title\" content=\"MINIST\u00c8RE DES FORCES ARM\u00c9ES - Une hausse de 23 milliards de FCfa pour renforcer la s\u00e9curit\u00e9\" \/>\n<meta property=\"og:description\" content=\"NETTALI.COM - Adopt\u00e9 ce week-end, le budget du minist\u00e8re des Forces arm\u00e9es pour l\u2019ann\u00e9e 2026 a connu une hausse de 23 milliards de FCfa. Une enveloppe qui, entre autres, permettra de renforcer la s\u00e9curit\u00e9 du pays \u00e0 l\u2019int\u00e9rieur comme dans les fronti\u00e8res. Le budget du minist\u00e8re des Forces arm\u00e9es a \u00e9t\u00e9 adopt\u00e9, le samedi 6 [&hellip;]\" \/>\n<meta property=\"og:url\" content=\"https:\/\/www.nettali.com\/2025\/12\/08\/ministere-des-forces-armees-une-hausse-de-23-milliards-de-fcfa-pour-renforcer-la-securite\/\" \/>\n<meta property=\"og:site_name\" content=\"Nettali.com\" \/>\n<meta property=\"article:publisher\" content=\"https:\/\/www.facebook.com\/nettalicom\" \/>\n<meta property=\"article:published_time\" content=\"2025-12-08T17:19:07+00:00\" \/>\n<meta property=\"article:modified_time\" content=\"2025-12-08T18:59:14+00:00\" \/>\n<meta property=\"og:image\" content=\"https:\/\/www.nettali.com\/wp-content\/uploads\/2025\/12\/Birame-Diop-1.png\" \/>\n\t<meta property=\"og:image:width\" content=\"888\" \/>\n\t<meta property=\"og:image:height\" content=\"527\" \/>\n<meta name=\"twitter:card\" content=\"summary_large_image\" \/>\n<meta name=\"twitter:label1\" content=\"\u00c9crit par\" \/>\n\t<meta name=\"twitter:data1\" content=\"Daouda\" \/>\n\t<meta name=\"twitter:label2\" content=\"Dur\u00e9e de lecture estim\u00e9e\" \/>\n\t<meta name=\"twitter:data2\" content=\"3 minutes\" \/>\n<script type=\"application\/ld+json\" class=\"yoast-schema-graph\">{\"@context\":\"https:\/\/schema.org\",\"@graph\":[{\"@type\":\"WebSite\",\"@id\":\"https:\/\/www.nettali.com\/#website\",\"url\":\"https:\/\/www.nettali.com\/\",\"name\":\"Nettali.com\",\"description\":\"Le rendez-vous critique du Net\",\"potentialAction\":[{\"@type\":\"SearchAction\",\"target\":{\"@type\":\"EntryPoint\",\"urlTemplate\":\"https:\/\/www.nettali.com\/?s={search_term_string}\"},\"query-input\":\"required name=search_term_string\"}],\"inLanguage\":\"fr-FR\"},{\"@type\":\"ImageObject\",\"@id\":\"https:\/\/www.nettali.com\/2025\/12\/08\/ministere-des-forces-armees-une-hausse-de-23-milliards-de-fcfa-pour-renforcer-la-securite\/#primaryimage\",\"inLanguage\":\"fr-FR\",\"url\":\"https:\/\/www.nettali.com\/wp-content\/uploads\/2025\/12\/Birame-Diop-1.png\",\"contentUrl\":\"https:\/\/www.nettali.com\/wp-content\/uploads\/2025\/12\/Birame-Diop-1.png\",\"width\":888,\"height\":527},{\"@type\":\"WebPage\",\"@id\":\"https:\/\/www.nettali.com\/2025\/12\/08\/ministere-des-forces-armees-une-hausse-de-23-milliards-de-fcfa-pour-renforcer-la-securite\/#webpage\",\"url\":\"https:\/\/www.nettali.com\/2025\/12\/08\/ministere-des-forces-armees-une-hausse-de-23-milliards-de-fcfa-pour-renforcer-la-securite\/\",\"name\":\"MINIST\\u00c8RE DES FORCES ARM\\u00c9ES - Une hausse de 23 milliards de FCfa pour renforcer la s\\u00e9curit\\u00e9 | Nettali.com\",\"isPartOf\":{\"@id\":\"https:\/\/www.nettali.com\/#website\"},\"primaryImageOfPage\":{\"@id\":\"https:\/\/www.nettali.com\/2025\/12\/08\/ministere-des-forces-armees-une-hausse-de-23-milliards-de-fcfa-pour-renforcer-la-securite\/#primaryimage\"},\"datePublished\":\"2025-12-08T17:19:07+00:00\",\"dateModified\":\"2025-12-08T18:59:14+00:00\",\"author\":{\"@id\":\"https:\/\/www.nettali.com\/#\/schema\/person\/3317e0bb3aa1da309fbf7b2780901bf4\"},\"breadcrumb\":{\"@id\":\"https:\/\/www.nettali.com\/2025\/12\/08\/ministere-des-forces-armees-une-hausse-de-23-milliards-de-fcfa-pour-renforcer-la-securite\/#breadcrumb\"},\"inLanguage\":\"fr-FR\",\"potentialAction\":[{\"@type\":\"ReadAction\",\"target\":[\"https:\/\/www.nettali.com\/2025\/12\/08\/ministere-des-forces-armees-une-hausse-de-23-milliards-de-fcfa-pour-renforcer-la-securite\/\"]}]},{\"@type\":\"BreadcrumbList\",\"@id\":\"https:\/\/www.nettali.com\/2025\/12\/08\/ministere-des-forces-armees-une-hausse-de-23-milliards-de-fcfa-pour-renforcer-la-securite\/#breadcrumb\",\"itemListElement\":[{\"@type\":\"ListItem\",\"position\":1,\"name\":\"Accueil\",\"item\":\"https:\/\/www.nettali.com\/\"},{\"@type\":\"ListItem\",\"position\":2,\"name\":\"MINIST\\u00c8RE DES FORCES ARM\\u00c9ES - Une hausse de 23 milliards de FCfa pour renforcer la s\\u00e9curit\\u00e9\"}]},{\"@type\":\"Person\",\"@id\":\"https:\/\/www.nettali.com\/#\/schema\/person\/3317e0bb3aa1da309fbf7b2780901bf4\",\"name\":\"Daouda\",\"image\":{\"@type\":\"ImageObject\",\"@id\":\"https:\/\/www.nettali.com\/#personlogo\",\"inLanguage\":\"fr-FR\",\"url\":\"https:\/\/secure.gravatar.com\/avatar\/8d143b5a49345098ddcfee1c49c2f47c?s=96&d=mm&r=g\",\"contentUrl\":\"https:\/\/secure.gravatar.com\/avatar\/8d143b5a49345098ddcfee1c49c2f47c?s=96&d=mm&r=g\",\"caption\":\"Daouda\"},\"sameAs\":[\"https:\/\/www.nettali.com\"]}]}<\/script>\n<!-- \/ Yoast SEO Premium plugin. -->","yoast_head_json":{"title":"MINIST\u00c8RE DES FORCES ARM\u00c9ES - Une hausse de 23 milliards de FCfa pour renforcer la s\u00e9curit\u00e9 | Nettali.com","robots":{"index":"index","follow":"follow","max-snippet":"max-snippet:-1","max-image-preview":"max-image-preview:large","max-video-preview":"max-video-preview:-1"},"canonical":"https:\/\/www.nettali.com\/2025\/12\/08\/ministere-des-forces-armees-une-hausse-de-23-milliards-de-fcfa-pour-renforcer-la-securite\/","og_locale":"fr_FR","og_type":"article","og_title":"MINIST\u00c8RE DES FORCES ARM\u00c9ES - Une hausse de 23 milliards de FCfa pour renforcer la s\u00e9curit\u00e9","og_description":"NETTALI.COM - Adopt\u00e9 ce week-end, le budget du minist\u00e8re des Forces arm\u00e9es pour l\u2019ann\u00e9e 2026 a connu une hausse de 23 milliards de FCfa. Une enveloppe qui, entre autres, permettra de renforcer la s\u00e9curit\u00e9 du pays \u00e0 l\u2019int\u00e9rieur comme dans les fronti\u00e8res. Le budget du minist\u00e8re des Forces arm\u00e9es a \u00e9t\u00e9 adopt\u00e9, le samedi 6 [&hellip;]","og_url":"https:\/\/www.nettali.com\/2025\/12\/08\/ministere-des-forces-armees-une-hausse-de-23-milliards-de-fcfa-pour-renforcer-la-securite\/","og_site_name":"Nettali.com","article_publisher":"https:\/\/www.facebook.com\/nettalicom","article_published_time":"2025-12-08T17:19:07+00:00","article_modified_time":"2025-12-08T18:59:14+00:00","og_image":[{"width":888,"height":527,"url":"https:\/\/www.nettali.com\/wp-content\/uploads\/2025\/12\/Birame-Diop-1.png","type":"image\/png"}],"twitter_card":"summary_large_image","twitter_misc":{"\u00c9crit par":"Daouda","Dur\u00e9e de lecture estim\u00e9e":"3 minutes"},"schema":{"@context":"https:\/\/schema.org","@graph":[{"@type":"WebSite","@id":"https:\/\/www.nettali.com\/#website","url":"https:\/\/www.nettali.com\/","name":"Nettali.com","description":"Le rendez-vous critique du Net","potentialAction":[{"@type":"SearchAction","target":{"@type":"EntryPoint","urlTemplate":"https:\/\/www.nettali.com\/?s={search_term_string}"},"query-input":"required name=search_term_string"}],"inLanguage":"fr-FR"},{"@type":"ImageObject","@id":"https:\/\/www.nettali.com\/2025\/12\/08\/ministere-des-forces-armees-une-hausse-de-23-milliards-de-fcfa-pour-renforcer-la-securite\/#primaryimage","inLanguage":"fr-FR","url":"https:\/\/www.nettali.com\/wp-content\/uploads\/2025\/12\/Birame-Diop-1.png","contentUrl":"https:\/\/www.nettali.com\/wp-content\/uploads\/2025\/12\/Birame-Diop-1.png","width":888,"height":527},{"@type":"WebPage","@id":"https:\/\/www.nettali.com\/2025\/12\/08\/ministere-des-forces-armees-une-hausse-de-23-milliards-de-fcfa-pour-renforcer-la-securite\/#webpage","url":"https:\/\/www.nettali.com\/2025\/12\/08\/ministere-des-forces-armees-une-hausse-de-23-milliards-de-fcfa-pour-renforcer-la-securite\/","name":"MINIST\u00c8RE DES FORCES ARM\u00c9ES - Une hausse de 23 milliards de FCfa pour renforcer la s\u00e9curit\u00e9 | Nettali.com","isPartOf":{"@id":"https:\/\/www.nettali.com\/#website"},"primaryImageOfPage":{"@id":"https:\/\/www.nettali.com\/2025\/12\/08\/ministere-des-forces-armees-une-hausse-de-23-milliards-de-fcfa-pour-renforcer-la-securite\/#primaryimage"},"datePublished":"2025-12-08T17:19:07+00:00","dateModified":"2025-12-08T18:59:14+00:00","author":{"@id":"https:\/\/www.nettali.com\/#\/schema\/person\/3317e0bb3aa1da309fbf7b2780901bf4"},"breadcrumb":{"@id":"https:\/\/www.nettali.com\/2025\/12\/08\/ministere-des-forces-armees-une-hausse-de-23-milliards-de-fcfa-pour-renforcer-la-securite\/#breadcrumb"},"inLanguage":"fr-FR","potentialAction":[{"@type":"ReadAction","target":["https:\/\/www.nettali.com\/2025\/12\/08\/ministere-des-forces-armees-une-hausse-de-23-milliards-de-fcfa-pour-renforcer-la-securite\/"]}]},{"@type":"BreadcrumbList","@id":"https:\/\/www.nettali.com\/2025\/12\/08\/ministere-des-forces-armees-une-hausse-de-23-milliards-de-fcfa-pour-renforcer-la-securite\/#breadcrumb","itemListElement":[{"@type":"ListItem","position":1,"name":"Accueil","item":"https:\/\/www.nettali.com\/"},{"@type":"ListItem","position":2,"name":"MINIST\u00c8RE DES FORCES ARM\u00c9ES - Une hausse de 23 milliards de FCfa pour renforcer la s\u00e9curit\u00e9"}]},{"@type":"Person","@id":"https:\/\/www.nettali.com\/#\/schema\/person\/3317e0bb3aa1da309fbf7b2780901bf4","name":"Daouda","image":{"@type":"ImageObject","@id":"https:\/\/www.nettali.com\/#personlogo","inLanguage":"fr-FR","url":"https:\/\/secure.gravatar.com\/avatar\/8d143b5a49345098ddcfee1c49c2f47c?s=96&d=mm&r=g","contentUrl":"https:\/\/secure.gravatar.com\/avatar\/8d143b5a49345098ddcfee1c49c2f47c?s=96&d=mm&r=g","caption":"Daouda"},"sameAs":["https:\/\/www.nettali.com"]}]}},"_links":{"self":[{"href":"https:\/\/www.nettali.com\/rest\/wp\/v2\/posts\/165998"}],"collection":[{"href":"https:\/\/www.nettali.com\/rest\/wp\/v2\/posts"}],"about":[{"href":"https:\/\/www.nettali.com\/rest\/wp\/v2\/types\/post"}],"author":[{"embeddable":true,"href":"https:\/\/www.nettali.com\/rest\/wp\/v2\/users\/4"}],"replies":[{"embeddable":true,"href":"https:\/\/www.nettali.com\/rest\/wp\/v2\/comments?post=165998"}],"version-history":[{"count":1,"href":"https:\/\/www.nettali.com\/rest\/wp\/v2\/posts\/165998\/revisions"}],"predecessor-version":[{"id":166003,"href":"https:\/\/www.nettali.com\/rest\/wp\/v2\/posts\/165998\/revisions\/166003"}],"wp:featuredmedia":[{"embeddable":true,"href":"https:\/\/www.nettali.com\/rest\/wp\/v2\/media\/166000"}],"wp:attachment":[{"href":"https:\/\/www.nettali.com\/rest\/wp\/v2\/media?parent=165998"}],"wp:term":[{"taxonomy":"category","embeddable":true,"href":"https:\/\/www.nettali.com\/rest\/wp\/v2\/categories?post=165998"},{"taxonomy":"post_tag","embeddable":true,"href":"https:\/\/www.nettali.com\/rest\/wp\/v2\/tags?post=165998"}],"curies":[{"name":"wp","href":"https:\/\/api.w.org\/{rel}","templated":true}]}}