{"id":165996,"date":"2025-12-08T12:17:08","date_gmt":"2025-12-08T12:17:08","guid":{"rendered":"https:\/\/www.nettali.com\/?p=165996"},"modified":"2025-12-08T12:17:08","modified_gmt":"2025-12-08T12:17:08","slug":"liverpool-salah-ecarte-du-groupe","status":"publish","type":"post","link":"https:\/\/www.nettali.com\/2025\/12\/08\/liverpool-salah-ecarte-du-groupe\/","title":{"rendered":"LIVERPOOL - Salah \u00e9cart\u00e9 du groupe"},"content":{"rendered":"<div class=\"chapo\"><strong>NETTALI.COM - Selon les informations de RMC Sport, Mohamed Salah (33 ans) ne sera pas retenu dans le groupe de Liverpool pour le choc sur le terrain de l\u2019Inter Milan, mardi (21h) en Ligue des champions. Une sanction apr\u00e8s ses d\u00e9clarations incendiaires ce week-end.<\/strong><\/div>\n<p>Une sanction pour\u00a0Mohamed Salah. Selon les informations de RMC Sport, la superstar \u00e9gyptienne ne sera pas retenue dans le groupe de\u00a0Liverpool\u00a0pour le choc sur le terrain de l\u2019Inter Milan ce mardi en\u00a0Ligue des champions. Ce choix fort d\u2019Arne Slot\u00a0intervient deux jours apr\u00e8s les d\u00e9clarations publiques et incendiaires du joueur se plaignant d\u2019avoir \u00e9t\u00e9 laiss\u00e9 sur le banc lors du match nul des Reds \u00e0 Leeds (3-3), samedi en Premier League.<\/p>\n<div id=\"teads-slot-1\" class=\"tead-inread-placeholder\">\n<div class=\"teads-adCall\"><strong>Trois fois rempla\u00e7ant lors des trois derniers matchs<\/strong><\/div>\n<\/div>\n<p>Prolong\u00e9 l\u2019\u00e9t\u00e9 dernier apr\u00e8s un long feuilleton sur la suite de son aventure avec le champion d\u2019Angleterre,\u00a0Mohamed Salah\u00a0vit tr\u00e8s mal ce d\u00e9classement apr\u00e8s avoir \u00e9t\u00e9 plac\u00e9 sur le banc lors des trois derniers matchs de championnat. Avant Leeds, il n\u2019\u00e9tait pas entr\u00e9 en jeu face \u00e0 West Ham le 30 novembre, avant d\u2019\u00eatre seulement lanc\u00e9 en seconde p\u00e9riode contre Sunderland (1-1). Le joueur ne se sent pourtant pas comme \"le probl\u00e8me\" de la mauvaise passe actuelle des co\u00e9quipiers de Hugo Ekitike.<\/p>\n<div id=\"sas_76194_s\" class=\"bloc_center_full\">\n<div id=\"sas_76194_container\">\n<div id=\"sas_76194\" class=\"display_ad\"><em>\"J'ai l'impression que le club m'a laiss\u00e9 tomber\"<\/em>, a-t-il lanc\u00e9.<\/div>\n<\/div>\n<\/div>\n<p><em>\"C'est vraiment ce que je ressens. Je pense qu'il est \u00e9vident que quelqu'un a voulu me faire porter toute la responsabilit\u00e9. On m'a fait beaucoup de promesses cet \u00e9t\u00e9 et pour l'instant, je suis sur le banc depuis trois matchs, donc je ne peux pas dire qu'ils aient tenu leurs promesses. J'ai dit \u00e0 plusieurs reprises que j'avais de bonnes relations avec l'entra\u00eeneur et, tout \u00e0 coup, nous n'avons plus aucune relation. Je ne sais pas pourquoi, mais il me semble que quelqu'un ne veut pas de moi au club. C'est inacceptable pour moi. Je ne comprends pas pourquoi cela m'arrive. Je ne comprends pas.\"<\/em><\/p>\n<h2 id=\"5c42i\" class=\"subheading\">Il laisse planer le doute sur son avenir<\/h2>\n<p>La l\u00e9gende des Reds, au club depuis 2017, traverse une\u00a0saison compliqu\u00e9e avec seulement cinq buts et trois passes d\u00e9cisives en 19 matchs. <em>\"J'ai tant fait pour ce club\"<\/em>, a-t-il d\u00e9plor\u00e9. <em>\"Le respect, c'est ce que je veux obtenir. Je n'ai pas besoin de me battre tous les jours pour conserver ma place, car je l'ai m\u00e9rit\u00e9e. Je ne suis pas meilleur que les autres, mais j'ai gagn\u00e9 ma place. C'est le football. C'est comme \u00e7a. Apr\u00e8s tout ce que j'ai fait pour le club, \u00e7a fait vraiment mal. Vous pouvez l'imaginer, vraiment.\"<\/em><\/p>\n<div id=\"teads-slot-2\" class=\"tead-inread-placeholder\">\n<div class=\"teads-adCall\">Mohamed Salah a conclu sa longue diatribe en d\u00e9crivant son avenir comme tr\u00e8s incertain sur les bords de la Mersey alors qu\u2019il va prochainement s\u2019envoler pour disputer la\u00a0Coupe d\u2019Afrique des Nations, apr\u00e8s la rencontre contre Brighton, le 16 d\u00e9cembre prochain. <em>\"J'ai appel\u00e9 ma m\u00e8re ce vendredi. Vous (les journalistes, NDLR) ne saviez pas si j'allais \u00eatre titulaire [contre Leeds] ou non, mais moi, je le savais\", a-t-il ajout\u00e9. \"Je lui ai dit de venir au match contre Brighton. Je ne sais pas si je vais jouer ou non, mais je vais en profiter. Dans ma t\u00eate, je vais profiter de ce match parce que je ne sais pas ce qui va se passer maintenant. Je serai \u00e0 Anfield pour dire au revoir aux fans et partir pour la Coupe d'Afrique. Je ne sais pas ce qui va se passer quand je serai l\u00e0-bas.\"<\/em><\/div>\n<div class=\"teads-adCall\">Ses propos ont \u00e9t\u00e9 fortement critiqu\u00e9s par des suiveurs et d\u2019anciennes gloires du club qui lui reprochent notamment de se focaliser sur sa situation personnelle en plein c\u0153ur d\u2019une grosse crise de r\u00e9sultats de l\u2019\u00e9quipe.<\/div>\n<\/div>\n<div class=\"embed embed_dossier\">\n<div class=\"embed_dossier_container\"><\/div>\n<\/div>\n<div class='share-to-whatsapp-wrapper'><div class='share-on-whsp'>PARTAGER SUR : <\/div><a data-text='LIVERPOOL - Salah \u00e9cart\u00e9 du groupe' data-link='https:\/\/www.nettali.com\/2025\/12\/08\/liverpool-salah-ecarte-du-groupe\/' class='whatsapp-button whatsapp-share'>WhatsApp<\/a><div class='clear '><\/div><\/div>","protected":false},"excerpt":{"rendered":"<p>NETTALI.COM - Selon les informations de RMC Sport, Mohamed Salah (33 ans) ne sera pas retenu dans le groupe de Liverpool pour le choc sur le terrain de l\u2019Inter Milan, mardi (21h) en Ligue des champions. Une sanction apr\u00e8s ses d\u00e9clarations incendiaires ce week-end. Une sanction pour\u00a0Mohamed Salah. Selon les informations de RMC Sport, la [&hellip;]<\/p>\n","protected":false},"author":4,"featured_media":150871,"comment_status":"open","ping_status":"open","sticky":false,"template":"","format":"standard","meta":{"_et_pb_use_builder":"","_et_pb_old_content":""},"categories":[6],"tags":[],"yoast_head":"<!-- This site is optimized with the Yoast SEO Premium plugin v17.8 (Yoast SEO v17.8) - https:\/\/yoast.com\/wordpress\/plugins\/seo\/ -->\n<title>LIVERPOOL - Salah \u00e9cart\u00e9 du groupe | Nettali.com<\/title>\n<meta name=\"robots\" content=\"index, follow, max-snippet:-1, max-image-preview:large, max-video-preview:-1\" \/>\n<link rel=\"canonical\" href=\"https:\/\/www.nettali.com\/2025\/12\/08\/liverpool-salah-ecarte-du-groupe\/\" \/>\n<meta property=\"og:locale\" content=\"fr_FR\" \/>\n<meta property=\"og:type\" content=\"article\" \/>\n<meta property=\"og:title\" content=\"LIVERPOOL - Salah \u00e9cart\u00e9 du groupe\" \/>\n<meta property=\"og:description\" content=\"NETTALI.COM - Selon les informations de RMC Sport, Mohamed Salah (33 ans) ne sera pas retenu dans le groupe de Liverpool pour le choc sur le terrain de l\u2019Inter Milan, mardi (21h) en Ligue des champions. Une sanction apr\u00e8s ses d\u00e9clarations incendiaires ce week-end. Une sanction pour\u00a0Mohamed Salah. Selon les informations de RMC Sport, la [&hellip;]\" \/>\n<meta property=\"og:url\" content=\"https:\/\/www.nettali.com\/2025\/12\/08\/liverpool-salah-ecarte-du-groupe\/\" \/>\n<meta property=\"og:site_name\" content=\"Nettali.com\" \/>\n<meta property=\"article:publisher\" content=\"https:\/\/www.facebook.com\/nettalicom\" \/>\n<meta property=\"article:published_time\" content=\"2025-12-08T12:17:08+00:00\" \/>\n<meta property=\"og:image\" content=\"https:\/\/www.nettali.com\/wp-content\/uploads\/2025\/03\/Liverpool-apres-leur-elimination-de-la-Ligue-des-champions-Mohamed-Salah-et-ses-coequipiers-echouent-a-nouveau-1024x683-1.jpeg\" \/>\n\t<meta property=\"og:image:width\" content=\"1024\" \/>\n\t<meta property=\"og:image:height\" content=\"683\" \/>\n<meta name=\"twitter:card\" content=\"summary_large_image\" \/>\n<meta name=\"twitter:label1\" content=\"\u00c9crit par\" \/>\n\t<meta name=\"twitter:data1\" content=\"Daouda\" \/>\n\t<meta name=\"twitter:label2\" content=\"Dur\u00e9e de lecture estim\u00e9e\" \/>\n\t<meta name=\"twitter:data2\" content=\"3 minutes\" \/>\n<script type=\"application\/ld+json\" class=\"yoast-schema-graph\">{\"@context\":\"https:\/\/schema.org\",\"@graph\":[{\"@type\":\"WebSite\",\"@id\":\"https:\/\/www.nettali.com\/#website\",\"url\":\"https:\/\/www.nettali.com\/\",\"name\":\"Nettali.com\",\"description\":\"Le rendez-vous critique du Net\",\"potentialAction\":[{\"@type\":\"SearchAction\",\"target\":{\"@type\":\"EntryPoint\",\"urlTemplate\":\"https:\/\/www.nettali.com\/?s={search_term_string}\"},\"query-input\":\"required name=search_term_string\"}],\"inLanguage\":\"fr-FR\"},{\"@type\":\"ImageObject\",\"@id\":\"https:\/\/www.nettali.com\/2025\/12\/08\/liverpool-salah-ecarte-du-groupe\/#primaryimage\",\"inLanguage\":\"fr-FR\",\"url\":\"https:\/\/www.nettali.com\/wp-content\/uploads\/2025\/03\/Liverpool-apres-leur-elimination-de-la-Ligue-des-champions-Mohamed-Salah-et-ses-coequipiers-echouent-a-nouveau-1024x683-1.jpeg\",\"contentUrl\":\"https:\/\/www.nettali.com\/wp-content\/uploads\/2025\/03\/Liverpool-apres-leur-elimination-de-la-Ligue-des-champions-Mohamed-Salah-et-ses-coequipiers-echouent-a-nouveau-1024x683-1.jpeg\",\"width\":1024,\"height\":683},{\"@type\":\"WebPage\",\"@id\":\"https:\/\/www.nettali.com\/2025\/12\/08\/liverpool-salah-ecarte-du-groupe\/#webpage\",\"url\":\"https:\/\/www.nettali.com\/2025\/12\/08\/liverpool-salah-ecarte-du-groupe\/\",\"name\":\"LIVERPOOL - Salah \\u00e9cart\\u00e9 du groupe | Nettali.com\",\"isPartOf\":{\"@id\":\"https:\/\/www.nettali.com\/#website\"},\"primaryImageOfPage\":{\"@id\":\"https:\/\/www.nettali.com\/2025\/12\/08\/liverpool-salah-ecarte-du-groupe\/#primaryimage\"},\"datePublished\":\"2025-12-08T12:17:08+00:00\",\"dateModified\":\"2025-12-08T12:17:08+00:00\",\"author\":{\"@id\":\"https:\/\/www.nettali.com\/#\/schema\/person\/3317e0bb3aa1da309fbf7b2780901bf4\"},\"breadcrumb\":{\"@id\":\"https:\/\/www.nettali.com\/2025\/12\/08\/liverpool-salah-ecarte-du-groupe\/#breadcrumb\"},\"inLanguage\":\"fr-FR\",\"potentialAction\":[{\"@type\":\"ReadAction\",\"target\":[\"https:\/\/www.nettali.com\/2025\/12\/08\/liverpool-salah-ecarte-du-groupe\/\"]}]},{\"@type\":\"BreadcrumbList\",\"@id\":\"https:\/\/www.nettali.com\/2025\/12\/08\/liverpool-salah-ecarte-du-groupe\/#breadcrumb\",\"itemListElement\":[{\"@type\":\"ListItem\",\"position\":1,\"name\":\"Accueil\",\"item\":\"https:\/\/www.nettali.com\/\"},{\"@type\":\"ListItem\",\"position\":2,\"name\":\"LIVERPOOL - Salah \\u00e9cart\\u00e9 du groupe\"}]},{\"@type\":\"Person\",\"@id\":\"https:\/\/www.nettali.com\/#\/schema\/person\/3317e0bb3aa1da309fbf7b2780901bf4\",\"name\":\"Daouda\",\"image\":{\"@type\":\"ImageObject\",\"@id\":\"https:\/\/www.nettali.com\/#personlogo\",\"inLanguage\":\"fr-FR\",\"url\":\"https:\/\/secure.gravatar.com\/avatar\/8d143b5a49345098ddcfee1c49c2f47c?s=96&d=mm&r=g\",\"contentUrl\":\"https:\/\/secure.gravatar.com\/avatar\/8d143b5a49345098ddcfee1c49c2f47c?s=96&d=mm&r=g\",\"caption\":\"Daouda\"},\"sameAs\":[\"https:\/\/www.nettali.com\"]}]}<\/script>\n<!-- \/ Yoast SEO Premium plugin. -->","yoast_head_json":{"title":"LIVERPOOL - Salah \u00e9cart\u00e9 du groupe | Nettali.com","robots":{"index":"index","follow":"follow","max-snippet":"max-snippet:-1","max-image-preview":"max-image-preview:large","max-video-preview":"max-video-preview:-1"},"canonical":"https:\/\/www.nettali.com\/2025\/12\/08\/liverpool-salah-ecarte-du-groupe\/","og_locale":"fr_FR","og_type":"article","og_title":"LIVERPOOL - Salah \u00e9cart\u00e9 du groupe","og_description":"NETTALI.COM - Selon les informations de RMC Sport, Mohamed Salah (33 ans) ne sera pas retenu dans le groupe de Liverpool pour le choc sur le terrain de l\u2019Inter Milan, mardi (21h) en Ligue des champions. Une sanction apr\u00e8s ses d\u00e9clarations incendiaires ce week-end. Une sanction pour\u00a0Mohamed Salah. Selon les informations de RMC Sport, la [&hellip;]","og_url":"https:\/\/www.nettali.com\/2025\/12\/08\/liverpool-salah-ecarte-du-groupe\/","og_site_name":"Nettali.com","article_publisher":"https:\/\/www.facebook.com\/nettalicom","article_published_time":"2025-12-08T12:17:08+00:00","og_image":[{"width":1024,"height":683,"url":"https:\/\/www.nettali.com\/wp-content\/uploads\/2025\/03\/Liverpool-apres-leur-elimination-de-la-Ligue-des-champions-Mohamed-Salah-et-ses-coequipiers-echouent-a-nouveau-1024x683-1.jpeg","type":"image\/jpeg"}],"twitter_card":"summary_large_image","twitter_misc":{"\u00c9crit par":"Daouda","Dur\u00e9e de lecture estim\u00e9e":"3 minutes"},"schema":{"@context":"https:\/\/schema.org","@graph":[{"@type":"WebSite","@id":"https:\/\/www.nettali.com\/#website","url":"https:\/\/www.nettali.com\/","name":"Nettali.com","description":"Le rendez-vous critique du Net","potentialAction":[{"@type":"SearchAction","target":{"@type":"EntryPoint","urlTemplate":"https:\/\/www.nettali.com\/?s={search_term_string}"},"query-input":"required name=search_term_string"}],"inLanguage":"fr-FR"},{"@type":"ImageObject","@id":"https:\/\/www.nettali.com\/2025\/12\/08\/liverpool-salah-ecarte-du-groupe\/#primaryimage","inLanguage":"fr-FR","url":"https:\/\/www.nettali.com\/wp-content\/uploads\/2025\/03\/Liverpool-apres-leur-elimination-de-la-Ligue-des-champions-Mohamed-Salah-et-ses-coequipiers-echouent-a-nouveau-1024x683-1.jpeg","contentUrl":"https:\/\/www.nettali.com\/wp-content\/uploads\/2025\/03\/Liverpool-apres-leur-elimination-de-la-Ligue-des-champions-Mohamed-Salah-et-ses-coequipiers-echouent-a-nouveau-1024x683-1.jpeg","width":1024,"height":683},{"@type":"WebPage","@id":"https:\/\/www.nettali.com\/2025\/12\/08\/liverpool-salah-ecarte-du-groupe\/#webpage","url":"https:\/\/www.nettali.com\/2025\/12\/08\/liverpool-salah-ecarte-du-groupe\/","name":"LIVERPOOL - Salah \u00e9cart\u00e9 du groupe | Nettali.com","isPartOf":{"@id":"https:\/\/www.nettali.com\/#website"},"primaryImageOfPage":{"@id":"https:\/\/www.nettali.com\/2025\/12\/08\/liverpool-salah-ecarte-du-groupe\/#primaryimage"},"datePublished":"2025-12-08T12:17:08+00:00","dateModified":"2025-12-08T12:17:08+00:00","author":{"@id":"https:\/\/www.nettali.com\/#\/schema\/person\/3317e0bb3aa1da309fbf7b2780901bf4"},"breadcrumb":{"@id":"https:\/\/www.nettali.com\/2025\/12\/08\/liverpool-salah-ecarte-du-groupe\/#breadcrumb"},"inLanguage":"fr-FR","potentialAction":[{"@type":"ReadAction","target":["https:\/\/www.nettali.com\/2025\/12\/08\/liverpool-salah-ecarte-du-groupe\/"]}]},{"@type":"BreadcrumbList","@id":"https:\/\/www.nettali.com\/2025\/12\/08\/liverpool-salah-ecarte-du-groupe\/#breadcrumb","itemListElement":[{"@type":"ListItem","position":1,"name":"Accueil","item":"https:\/\/www.nettali.com\/"},{"@type":"ListItem","position":2,"name":"LIVERPOOL - Salah \u00e9cart\u00e9 du groupe"}]},{"@type":"Person","@id":"https:\/\/www.nettali.com\/#\/schema\/person\/3317e0bb3aa1da309fbf7b2780901bf4","name":"Daouda","image":{"@type":"ImageObject","@id":"https:\/\/www.nettali.com\/#personlogo","inLanguage":"fr-FR","url":"https:\/\/secure.gravatar.com\/avatar\/8d143b5a49345098ddcfee1c49c2f47c?s=96&d=mm&r=g","contentUrl":"https:\/\/secure.gravatar.com\/avatar\/8d143b5a49345098ddcfee1c49c2f47c?s=96&d=mm&r=g","caption":"Daouda"},"sameAs":["https:\/\/www.nettali.com"]}]}},"_links":{"self":[{"href":"https:\/\/www.nettali.com\/rest\/wp\/v2\/posts\/165996"}],"collection":[{"href":"https:\/\/www.nettali.com\/rest\/wp\/v2\/posts"}],"about":[{"href":"https:\/\/www.nettali.com\/rest\/wp\/v2\/types\/post"}],"author":[{"embeddable":true,"href":"https:\/\/www.nettali.com\/rest\/wp\/v2\/users\/4"}],"replies":[{"embeddable":true,"href":"https:\/\/www.nettali.com\/rest\/wp\/v2\/comments?post=165996"}],"version-history":[{"count":1,"href":"https:\/\/www.nettali.com\/rest\/wp\/v2\/posts\/165996\/revisions"}],"predecessor-version":[{"id":165997,"href":"https:\/\/www.nettali.com\/rest\/wp\/v2\/posts\/165996\/revisions\/165997"}],"wp:featuredmedia":[{"embeddable":true,"href":"https:\/\/www.nettali.com\/rest\/wp\/v2\/media\/150871"}],"wp:attachment":[{"href":"https:\/\/www.nettali.com\/rest\/wp\/v2\/media?parent=165996"}],"wp:term":[{"taxonomy":"category","embeddable":true,"href":"https:\/\/www.nettali.com\/rest\/wp\/v2\/categories?post=165996"},{"taxonomy":"post_tag","embeddable":true,"href":"https:\/\/www.nettali.com\/rest\/wp\/v2\/tags?post=165996"}],"curies":[{"name":"wp","href":"https:\/\/api.w.org\/{rel}","templated":true}]}}