{"id":165994,"date":"2025-12-08T15:04:52","date_gmt":"2025-12-08T15:04:52","guid":{"rendered":"https:\/\/www.nettali.com\/?p=165994"},"modified":"2025-12-08T12:08:32","modified_gmt":"2025-12-08T12:08:32","slug":"cheikh-oumar-diagne-accuse-le-gouvernement-dasphyxier-la-presse","status":"publish","type":"post","link":"https:\/\/www.nettali.com\/2025\/12\/08\/cheikh-oumar-diagne-accuse-le-gouvernement-dasphyxier-la-presse\/","title":{"rendered":"Cheikh Oumar Diagne accuse le gouvernement d\u2019asphyxier la presse"},"content":{"rendered":"<p><strong>NETTALI.COM - Lors d\u2019une conf\u00e9rence \u00e0 Gu\u00e9diawaye, l\u2019ancien responsable \u00e0 la Pr\u00e9sidence a d\u00e9nonc\u00e9 une politique fiscale \u201c\u00e9touffante\u201d envers les m\u00e9dias et point\u00e9 une s\u00e9rie de d\u00e9cisions gouvernementales qu\u2019il juge pr\u00e9judiciables aux populations.<\/strong><\/p>\n<p>Sans citer directement les autorit\u00e9s, Cheikh Oumar Diagne a insinu\u00e9 que le gouvernement chercherait \u00e0 affaiblir les m\u00e9dias pour gouverner \u00ab dans l\u2019opacit\u00e9 \u00bb. Selon lui, la politique fiscale actuelle, combin\u00e9e \u00e0 l\u2019absence de soutien public, a plong\u00e9 plusieurs r\u00e9dactions dans une situation critique.<\/p>\n<p>Au-del\u00e0 de la crise m\u00e9diatique, Diagne a d\u00e9plor\u00e9 la suppression des bourses familiales, qu\u2019il qualifie \u00ab d\u2019oxyg\u00e8ne de 400 000 familles \u00bb, et d\u00e9nonc\u00e9 l\u2019\u00e9tat du secteur du BTP, \u00ab sacrifi\u00e9 et laiss\u00e9 \u00e0 l\u2019abandon \u00bb. Il a enfin alert\u00e9 sur une \u00ab explosion de la pauvret\u00e9 \u00bb qu\u2019il situe entre 2021 et 2025.<\/p>\n<div class='share-to-whatsapp-wrapper'><div class='share-on-whsp'>PARTAGER SUR : <\/div><a data-text='Cheikh Oumar Diagne accuse le gouvernement d\u2019asphyxier la presse' data-link='https:\/\/www.nettali.com\/2025\/12\/08\/cheikh-oumar-diagne-accuse-le-gouvernement-dasphyxier-la-presse\/' class='whatsapp-button whatsapp-share'>WhatsApp<\/a><div class='clear '><\/div><\/div>","protected":false},"excerpt":{"rendered":"<p>NETTALI.COM - Lors d\u2019une conf\u00e9rence \u00e0 Gu\u00e9diawaye, l\u2019ancien responsable \u00e0 la Pr\u00e9sidence a d\u00e9nonc\u00e9 une politique fiscale \u201c\u00e9touffante\u201d envers les m\u00e9dias et point\u00e9 une s\u00e9rie de d\u00e9cisions gouvernementales qu\u2019il juge pr\u00e9judiciables aux populations. Sans citer directement les autorit\u00e9s, Cheikh Oumar Diagne a insinu\u00e9 que le gouvernement chercherait \u00e0 affaiblir les m\u00e9dias pour gouverner \u00ab dans [&hellip;]<\/p>\n","protected":false},"author":4,"featured_media":84396,"comment_status":"open","ping_status":"open","sticky":false,"template":"","format":"standard","meta":{"_et_pb_use_builder":"","_et_pb_old_content":""},"categories":[2],"tags":[],"yoast_head":"<!-- This site is optimized with the Yoast SEO Premium plugin v17.8 (Yoast SEO v17.8) - https:\/\/yoast.com\/wordpress\/plugins\/seo\/ -->\n<title>Cheikh Oumar Diagne accuse le gouvernement d\u2019asphyxier la presse | Nettali.com<\/title>\n<meta name=\"robots\" content=\"index, follow, max-snippet:-1, max-image-preview:large, max-video-preview:-1\" \/>\n<link rel=\"canonical\" href=\"https:\/\/www.nettali.com\/2025\/12\/08\/cheikh-oumar-diagne-accuse-le-gouvernement-dasphyxier-la-presse\/\" \/>\n<meta property=\"og:locale\" content=\"fr_FR\" \/>\n<meta property=\"og:type\" content=\"article\" \/>\n<meta property=\"og:title\" content=\"Cheikh Oumar Diagne accuse le gouvernement d\u2019asphyxier la presse\" \/>\n<meta property=\"og:description\" content=\"NETTALI.COM - Lors d\u2019une conf\u00e9rence \u00e0 Gu\u00e9diawaye, l\u2019ancien responsable \u00e0 la Pr\u00e9sidence a d\u00e9nonc\u00e9 une politique fiscale \u201c\u00e9touffante\u201d envers les m\u00e9dias et point\u00e9 une s\u00e9rie de d\u00e9cisions gouvernementales qu\u2019il juge pr\u00e9judiciables aux populations. Sans citer directement les autorit\u00e9s, Cheikh Oumar Diagne a insinu\u00e9 que le gouvernement chercherait \u00e0 affaiblir les m\u00e9dias pour gouverner \u00ab dans [&hellip;]\" \/>\n<meta property=\"og:url\" content=\"https:\/\/www.nettali.com\/2025\/12\/08\/cheikh-oumar-diagne-accuse-le-gouvernement-dasphyxier-la-presse\/\" \/>\n<meta property=\"og:site_name\" content=\"Nettali.com\" \/>\n<meta property=\"article:publisher\" content=\"https:\/\/www.facebook.com\/nettalicom\" \/>\n<meta property=\"article:published_time\" content=\"2025-12-08T15:04:52+00:00\" \/>\n<meta property=\"article:modified_time\" content=\"2025-12-08T12:08:32+00:00\" \/>\n<meta property=\"og:image\" content=\"https:\/\/www.nettali.com\/wp-content\/uploads\/2022\/04\/Cheikh-Oumar-Diagne-e1647966698489-1140x570-1.jpeg\" \/>\n\t<meta property=\"og:image:width\" content=\"1140\" \/>\n\t<meta property=\"og:image:height\" content=\"570\" \/>\n<meta name=\"twitter:card\" content=\"summary_large_image\" \/>\n<meta name=\"twitter:label1\" content=\"\u00c9crit par\" \/>\n\t<meta name=\"twitter:data1\" content=\"Daouda\" \/>\n\t<meta name=\"twitter:label2\" content=\"Dur\u00e9e de lecture estim\u00e9e\" \/>\n\t<meta name=\"twitter:data2\" content=\"1 minute\" \/>\n<script type=\"application\/ld+json\" class=\"yoast-schema-graph\">{\"@context\":\"https:\/\/schema.org\",\"@graph\":[{\"@type\":\"WebSite\",\"@id\":\"https:\/\/www.nettali.com\/#website\",\"url\":\"https:\/\/www.nettali.com\/\",\"name\":\"Nettali.com\",\"description\":\"Le rendez-vous critique du Net\",\"potentialAction\":[{\"@type\":\"SearchAction\",\"target\":{\"@type\":\"EntryPoint\",\"urlTemplate\":\"https:\/\/www.nettali.com\/?s={search_term_string}\"},\"query-input\":\"required name=search_term_string\"}],\"inLanguage\":\"fr-FR\"},{\"@type\":\"ImageObject\",\"@id\":\"https:\/\/www.nettali.com\/2025\/12\/08\/cheikh-oumar-diagne-accuse-le-gouvernement-dasphyxier-la-presse\/#primaryimage\",\"inLanguage\":\"fr-FR\",\"url\":\"https:\/\/www.nettali.com\/wp-content\/uploads\/2022\/04\/Cheikh-Oumar-Diagne-e1647966698489-1140x570-1.jpeg\",\"contentUrl\":\"https:\/\/www.nettali.com\/wp-content\/uploads\/2022\/04\/Cheikh-Oumar-Diagne-e1647966698489-1140x570-1.jpeg\",\"width\":1140,\"height\":570},{\"@type\":\"WebPage\",\"@id\":\"https:\/\/www.nettali.com\/2025\/12\/08\/cheikh-oumar-diagne-accuse-le-gouvernement-dasphyxier-la-presse\/#webpage\",\"url\":\"https:\/\/www.nettali.com\/2025\/12\/08\/cheikh-oumar-diagne-accuse-le-gouvernement-dasphyxier-la-presse\/\",\"name\":\"Cheikh Oumar Diagne accuse le gouvernement d\\u2019asphyxier la presse | Nettali.com\",\"isPartOf\":{\"@id\":\"https:\/\/www.nettali.com\/#website\"},\"primaryImageOfPage\":{\"@id\":\"https:\/\/www.nettali.com\/2025\/12\/08\/cheikh-oumar-diagne-accuse-le-gouvernement-dasphyxier-la-presse\/#primaryimage\"},\"datePublished\":\"2025-12-08T15:04:52+00:00\",\"dateModified\":\"2025-12-08T12:08:32+00:00\",\"author\":{\"@id\":\"https:\/\/www.nettali.com\/#\/schema\/person\/3317e0bb3aa1da309fbf7b2780901bf4\"},\"breadcrumb\":{\"@id\":\"https:\/\/www.nettali.com\/2025\/12\/08\/cheikh-oumar-diagne-accuse-le-gouvernement-dasphyxier-la-presse\/#breadcrumb\"},\"inLanguage\":\"fr-FR\",\"potentialAction\":[{\"@type\":\"ReadAction\",\"target\":[\"https:\/\/www.nettali.com\/2025\/12\/08\/cheikh-oumar-diagne-accuse-le-gouvernement-dasphyxier-la-presse\/\"]}]},{\"@type\":\"BreadcrumbList\",\"@id\":\"https:\/\/www.nettali.com\/2025\/12\/08\/cheikh-oumar-diagne-accuse-le-gouvernement-dasphyxier-la-presse\/#breadcrumb\",\"itemListElement\":[{\"@type\":\"ListItem\",\"position\":1,\"name\":\"Accueil\",\"item\":\"https:\/\/www.nettali.com\/\"},{\"@type\":\"ListItem\",\"position\":2,\"name\":\"Cheikh Oumar Diagne accuse le gouvernement d\\u2019asphyxier la presse\"}]},{\"@type\":\"Person\",\"@id\":\"https:\/\/www.nettali.com\/#\/schema\/person\/3317e0bb3aa1da309fbf7b2780901bf4\",\"name\":\"Daouda\",\"image\":{\"@type\":\"ImageObject\",\"@id\":\"https:\/\/www.nettali.com\/#personlogo\",\"inLanguage\":\"fr-FR\",\"url\":\"https:\/\/secure.gravatar.com\/avatar\/8d143b5a49345098ddcfee1c49c2f47c?s=96&d=mm&r=g\",\"contentUrl\":\"https:\/\/secure.gravatar.com\/avatar\/8d143b5a49345098ddcfee1c49c2f47c?s=96&d=mm&r=g\",\"caption\":\"Daouda\"},\"sameAs\":[\"https:\/\/www.nettali.com\"]}]}<\/script>\n<!-- \/ Yoast SEO Premium plugin. -->","yoast_head_json":{"title":"Cheikh Oumar Diagne accuse le gouvernement d\u2019asphyxier la presse | Nettali.com","robots":{"index":"index","follow":"follow","max-snippet":"max-snippet:-1","max-image-preview":"max-image-preview:large","max-video-preview":"max-video-preview:-1"},"canonical":"https:\/\/www.nettali.com\/2025\/12\/08\/cheikh-oumar-diagne-accuse-le-gouvernement-dasphyxier-la-presse\/","og_locale":"fr_FR","og_type":"article","og_title":"Cheikh Oumar Diagne accuse le gouvernement d\u2019asphyxier la presse","og_description":"NETTALI.COM - Lors d\u2019une conf\u00e9rence \u00e0 Gu\u00e9diawaye, l\u2019ancien responsable \u00e0 la Pr\u00e9sidence a d\u00e9nonc\u00e9 une politique fiscale \u201c\u00e9touffante\u201d envers les m\u00e9dias et point\u00e9 une s\u00e9rie de d\u00e9cisions gouvernementales qu\u2019il juge pr\u00e9judiciables aux populations. Sans citer directement les autorit\u00e9s, Cheikh Oumar Diagne a insinu\u00e9 que le gouvernement chercherait \u00e0 affaiblir les m\u00e9dias pour gouverner \u00ab dans [&hellip;]","og_url":"https:\/\/www.nettali.com\/2025\/12\/08\/cheikh-oumar-diagne-accuse-le-gouvernement-dasphyxier-la-presse\/","og_site_name":"Nettali.com","article_publisher":"https:\/\/www.facebook.com\/nettalicom","article_published_time":"2025-12-08T15:04:52+00:00","article_modified_time":"2025-12-08T12:08:32+00:00","og_image":[{"width":1140,"height":570,"url":"https:\/\/www.nettali.com\/wp-content\/uploads\/2022\/04\/Cheikh-Oumar-Diagne-e1647966698489-1140x570-1.jpeg","type":"image\/jpeg"}],"twitter_card":"summary_large_image","twitter_misc":{"\u00c9crit par":"Daouda","Dur\u00e9e de lecture estim\u00e9e":"1 minute"},"schema":{"@context":"https:\/\/schema.org","@graph":[{"@type":"WebSite","@id":"https:\/\/www.nettali.com\/#website","url":"https:\/\/www.nettali.com\/","name":"Nettali.com","description":"Le rendez-vous critique du Net","potentialAction":[{"@type":"SearchAction","target":{"@type":"EntryPoint","urlTemplate":"https:\/\/www.nettali.com\/?s={search_term_string}"},"query-input":"required name=search_term_string"}],"inLanguage":"fr-FR"},{"@type":"ImageObject","@id":"https:\/\/www.nettali.com\/2025\/12\/08\/cheikh-oumar-diagne-accuse-le-gouvernement-dasphyxier-la-presse\/#primaryimage","inLanguage":"fr-FR","url":"https:\/\/www.nettali.com\/wp-content\/uploads\/2022\/04\/Cheikh-Oumar-Diagne-e1647966698489-1140x570-1.jpeg","contentUrl":"https:\/\/www.nettali.com\/wp-content\/uploads\/2022\/04\/Cheikh-Oumar-Diagne-e1647966698489-1140x570-1.jpeg","width":1140,"height":570},{"@type":"WebPage","@id":"https:\/\/www.nettali.com\/2025\/12\/08\/cheikh-oumar-diagne-accuse-le-gouvernement-dasphyxier-la-presse\/#webpage","url":"https:\/\/www.nettali.com\/2025\/12\/08\/cheikh-oumar-diagne-accuse-le-gouvernement-dasphyxier-la-presse\/","name":"Cheikh Oumar Diagne accuse le gouvernement d\u2019asphyxier la presse | Nettali.com","isPartOf":{"@id":"https:\/\/www.nettali.com\/#website"},"primaryImageOfPage":{"@id":"https:\/\/www.nettali.com\/2025\/12\/08\/cheikh-oumar-diagne-accuse-le-gouvernement-dasphyxier-la-presse\/#primaryimage"},"datePublished":"2025-12-08T15:04:52+00:00","dateModified":"2025-12-08T12:08:32+00:00","author":{"@id":"https:\/\/www.nettali.com\/#\/schema\/person\/3317e0bb3aa1da309fbf7b2780901bf4"},"breadcrumb":{"@id":"https:\/\/www.nettali.com\/2025\/12\/08\/cheikh-oumar-diagne-accuse-le-gouvernement-dasphyxier-la-presse\/#breadcrumb"},"inLanguage":"fr-FR","potentialAction":[{"@type":"ReadAction","target":["https:\/\/www.nettali.com\/2025\/12\/08\/cheikh-oumar-diagne-accuse-le-gouvernement-dasphyxier-la-presse\/"]}]},{"@type":"BreadcrumbList","@id":"https:\/\/www.nettali.com\/2025\/12\/08\/cheikh-oumar-diagne-accuse-le-gouvernement-dasphyxier-la-presse\/#breadcrumb","itemListElement":[{"@type":"ListItem","position":1,"name":"Accueil","item":"https:\/\/www.nettali.com\/"},{"@type":"ListItem","position":2,"name":"Cheikh Oumar Diagne accuse le gouvernement d\u2019asphyxier la presse"}]},{"@type":"Person","@id":"https:\/\/www.nettali.com\/#\/schema\/person\/3317e0bb3aa1da309fbf7b2780901bf4","name":"Daouda","image":{"@type":"ImageObject","@id":"https:\/\/www.nettali.com\/#personlogo","inLanguage":"fr-FR","url":"https:\/\/secure.gravatar.com\/avatar\/8d143b5a49345098ddcfee1c49c2f47c?s=96&d=mm&r=g","contentUrl":"https:\/\/secure.gravatar.com\/avatar\/8d143b5a49345098ddcfee1c49c2f47c?s=96&d=mm&r=g","caption":"Daouda"},"sameAs":["https:\/\/www.nettali.com"]}]}},"_links":{"self":[{"href":"https:\/\/www.nettali.com\/rest\/wp\/v2\/posts\/165994"}],"collection":[{"href":"https:\/\/www.nettali.com\/rest\/wp\/v2\/posts"}],"about":[{"href":"https:\/\/www.nettali.com\/rest\/wp\/v2\/types\/post"}],"author":[{"embeddable":true,"href":"https:\/\/www.nettali.com\/rest\/wp\/v2\/users\/4"}],"replies":[{"embeddable":true,"href":"https:\/\/www.nettali.com\/rest\/wp\/v2\/comments?post=165994"}],"version-history":[{"count":1,"href":"https:\/\/www.nettali.com\/rest\/wp\/v2\/posts\/165994\/revisions"}],"predecessor-version":[{"id":165995,"href":"https:\/\/www.nettali.com\/rest\/wp\/v2\/posts\/165994\/revisions\/165995"}],"wp:featuredmedia":[{"embeddable":true,"href":"https:\/\/www.nettali.com\/rest\/wp\/v2\/media\/84396"}],"wp:attachment":[{"href":"https:\/\/www.nettali.com\/rest\/wp\/v2\/media?parent=165994"}],"wp:term":[{"taxonomy":"category","embeddable":true,"href":"https:\/\/www.nettali.com\/rest\/wp\/v2\/categories?post=165994"},{"taxonomy":"post_tag","embeddable":true,"href":"https:\/\/www.nettali.com\/rest\/wp\/v2\/tags?post=165994"}],"curies":[{"name":"wp","href":"https:\/\/api.w.org\/{rel}","templated":true}]}}