{"id":165984,"date":"2025-12-08T13:40:09","date_gmt":"2025-12-08T13:40:09","guid":{"rendered":"https:\/\/www.nettali.com\/?p=165984"},"modified":"2025-12-08T12:10:07","modified_gmt":"2025-12-08T12:10:07","slug":"cameroun-brys-accuse-etoo-davoir-ecarte-des-cadres-pour-la-can","status":"publish","type":"post","link":"https:\/\/www.nettali.com\/2025\/12\/08\/cameroun-brys-accuse-etoo-davoir-ecarte-des-cadres-pour-la-can\/","title":{"rendered":"CAMEROUN - Brys accuse Eto\u2019o d\u2019avoir \u00e9cart\u00e9 des cadres pour la CAN"},"content":{"rendered":"<p><strong>NETTALI.COM -\u00a0<\/strong> Quelques jours apr\u00e8s son \u00e9viction du banc des Lions Indomptables, Marc Brys a de nouveau attaqu\u00e9 frontalement Samuel Eto\u2019o, qu\u2019il accuse d\u2019\u00eatre responsable de l\u2019absence de plusieurs cadres dans la liste du Cameroun pour la CAN 2025.<\/p>\n<p>Interrog\u00e9 par Afrik- Foot, l\u2019entra\u00eeneur belge a estim\u00e9 qu\u2019Andr\u00e9 Onana et Vincent Aboubakar, pourtant figures majeures de la s\u00e9lection, avaient \u00e9t\u00e9 \u00e9cart\u00e9s pour des raisons extra-sportives. Selon lui, ce n\u2019est pas le nouveau s\u00e9lectionneur David Pagou qui a choisi le groupe, mais bien le pr\u00e9sident de la FECAFOOT, pour qui les joueurs les plus influents du vestiaire seraient devenus \u201ctrop g\u00eanants\u201d.<\/p>\n<p>\u201c<em>Eto\u2019o a \u00e9vinc\u00e9 des joueurs importants, des leaders, car c\u2019est \u00e9videmment lui qui a fait cette liste, a accus\u00e9 le technicien belge. Comment peut-on aller disputer un tel tournoi sans un gardien de niveau mondial, ou sans Aboubakar ? Parce que ce sont des joueurs qui ont du caract\u00e8re, qui tiennent t\u00eate au pr\u00e9sident. C\u2019est incroyable, mais \u00e7a ne m\u2019\u00e9tonne pas venant de quelqu\u2019un de narcissique, qui pense qu\u2019il est le plus beau.<\/em>\u201d<\/p>\n<p>\u201c<em>Ni de la f\u00e9d\u00e9ration, ni du minist\u00e8re des Sports. Moi, je suis sous contrat avec ce dernier. C\u2019est lui qui m\u2019a nomm\u00e9, c\u2019est lui qui verse mon salaire, c\u2019est donc lui qui doit me dire si je suis limog\u00e9. Pour l\u2019instant, je suis dans l\u2019attente. Je ne sais pas pourquoi il n\u2019y a aucune r\u00e9action du c\u00f4t\u00e9 du minist\u00e8re des Sports. J\u2019attends qu\u2019on me dise ce qu\u2019il en est. Si effectivement on me dit que je ne suis plus le s\u00e9lectionneur du Cameroun, alors il faut le faire officiellement et me payer ce qu\u2019on me doit, et aussi payer ce qui est d\u00fb aux membres de mon staff technique qui ont \u00e9t\u00e9 renvoy\u00e9s.<\/em>\u201d<\/p>\n<div class='share-to-whatsapp-wrapper'><div class='share-on-whsp'>PARTAGER SUR : <\/div><a data-text='CAMEROUN - Brys accuse Eto\u2019o d\u2019avoir \u00e9cart\u00e9 des cadres pour la CAN' data-link='https:\/\/www.nettali.com\/2025\/12\/08\/cameroun-brys-accuse-etoo-davoir-ecarte-des-cadres-pour-la-can\/' class='whatsapp-button whatsapp-share'>WhatsApp<\/a><div class='clear '><\/div><\/div>","protected":false},"excerpt":{"rendered":"<p>NETTALI.COM -\u00a0 Quelques jours apr\u00e8s son \u00e9viction du banc des Lions Indomptables, Marc Brys a de nouveau attaqu\u00e9 frontalement Samuel Eto\u2019o, qu\u2019il accuse d\u2019\u00eatre responsable de l\u2019absence de plusieurs cadres dans la liste du Cameroun pour la CAN 2025. Interrog\u00e9 par Afrik- Foot, l\u2019entra\u00eeneur belge a estim\u00e9 qu\u2019Andr\u00e9 Onana et Vincent Aboubakar, pourtant figures majeures [&hellip;]<\/p>\n","protected":false},"author":2,"featured_media":165985,"comment_status":"open","ping_status":"open","sticky":false,"template":"","format":"standard","meta":{"_et_pb_use_builder":"","_et_pb_old_content":""},"categories":[6],"tags":[],"yoast_head":"<!-- This site is optimized with the Yoast SEO Premium plugin v17.8 (Yoast SEO v17.8) - https:\/\/yoast.com\/wordpress\/plugins\/seo\/ -->\n<title>CAMEROUN - Brys accuse Eto\u2019o d\u2019avoir \u00e9cart\u00e9 des cadres pour la CAN | Nettali.com<\/title>\n<meta name=\"robots\" content=\"index, follow, max-snippet:-1, max-image-preview:large, max-video-preview:-1\" \/>\n<link rel=\"canonical\" href=\"https:\/\/www.nettali.com\/2025\/12\/08\/cameroun-brys-accuse-etoo-davoir-ecarte-des-cadres-pour-la-can\/\" \/>\n<meta property=\"og:locale\" content=\"fr_FR\" \/>\n<meta property=\"og:type\" content=\"article\" \/>\n<meta property=\"og:title\" content=\"CAMEROUN - Brys accuse Eto\u2019o d\u2019avoir \u00e9cart\u00e9 des cadres pour la CAN\" \/>\n<meta property=\"og:description\" content=\"NETTALI.COM -\u00a0 Quelques jours apr\u00e8s son \u00e9viction du banc des Lions Indomptables, Marc Brys a de nouveau attaqu\u00e9 frontalement Samuel Eto\u2019o, qu\u2019il accuse d\u2019\u00eatre responsable de l\u2019absence de plusieurs cadres dans la liste du Cameroun pour la CAN 2025. Interrog\u00e9 par Afrik- Foot, l\u2019entra\u00eeneur belge a estim\u00e9 qu\u2019Andr\u00e9 Onana et Vincent Aboubakar, pourtant figures majeures [&hellip;]\" \/>\n<meta property=\"og:url\" content=\"https:\/\/www.nettali.com\/2025\/12\/08\/cameroun-brys-accuse-etoo-davoir-ecarte-des-cadres-pour-la-can\/\" \/>\n<meta property=\"og:site_name\" content=\"Nettali.com\" \/>\n<meta property=\"article:publisher\" content=\"https:\/\/www.facebook.com\/nettalicom\" \/>\n<meta property=\"article:published_time\" content=\"2025-12-08T13:40:09+00:00\" \/>\n<meta property=\"article:modified_time\" content=\"2025-12-08T12:10:07+00:00\" \/>\n<meta property=\"og:image\" content=\"https:\/\/www.nettali.com\/wp-content\/uploads\/2025\/12\/cameroun-6656422a7efdb.jpg\" \/>\n\t<meta property=\"og:image:width\" content=\"1200\" \/>\n\t<meta property=\"og:image:height\" content=\"900\" \/>\n<meta name=\"twitter:card\" content=\"summary_large_image\" \/>\n<meta name=\"twitter:label1\" content=\"\u00c9crit par\" \/>\n\t<meta name=\"twitter:data1\" content=\"CK\" \/>\n\t<meta name=\"twitter:label2\" content=\"Dur\u00e9e de lecture estim\u00e9e\" \/>\n\t<meta name=\"twitter:data2\" content=\"2 minutes\" \/>\n<script type=\"application\/ld+json\" class=\"yoast-schema-graph\">{\"@context\":\"https:\/\/schema.org\",\"@graph\":[{\"@type\":\"WebSite\",\"@id\":\"https:\/\/www.nettali.com\/#website\",\"url\":\"https:\/\/www.nettali.com\/\",\"name\":\"Nettali.com\",\"description\":\"Le rendez-vous critique du Net\",\"potentialAction\":[{\"@type\":\"SearchAction\",\"target\":{\"@type\":\"EntryPoint\",\"urlTemplate\":\"https:\/\/www.nettali.com\/?s={search_term_string}\"},\"query-input\":\"required name=search_term_string\"}],\"inLanguage\":\"fr-FR\"},{\"@type\":\"ImageObject\",\"@id\":\"https:\/\/www.nettali.com\/2025\/12\/08\/cameroun-brys-accuse-etoo-davoir-ecarte-des-cadres-pour-la-can\/#primaryimage\",\"inLanguage\":\"fr-FR\",\"url\":\"https:\/\/www.nettali.com\/wp-content\/uploads\/2025\/12\/cameroun-6656422a7efdb.jpg\",\"contentUrl\":\"https:\/\/www.nettali.com\/wp-content\/uploads\/2025\/12\/cameroun-6656422a7efdb.jpg\",\"width\":1200,\"height\":900},{\"@type\":\"WebPage\",\"@id\":\"https:\/\/www.nettali.com\/2025\/12\/08\/cameroun-brys-accuse-etoo-davoir-ecarte-des-cadres-pour-la-can\/#webpage\",\"url\":\"https:\/\/www.nettali.com\/2025\/12\/08\/cameroun-brys-accuse-etoo-davoir-ecarte-des-cadres-pour-la-can\/\",\"name\":\"CAMEROUN - Brys accuse Eto\\u2019o d\\u2019avoir \\u00e9cart\\u00e9 des cadres pour la CAN | Nettali.com\",\"isPartOf\":{\"@id\":\"https:\/\/www.nettali.com\/#website\"},\"primaryImageOfPage\":{\"@id\":\"https:\/\/www.nettali.com\/2025\/12\/08\/cameroun-brys-accuse-etoo-davoir-ecarte-des-cadres-pour-la-can\/#primaryimage\"},\"datePublished\":\"2025-12-08T13:40:09+00:00\",\"dateModified\":\"2025-12-08T12:10:07+00:00\",\"author\":{\"@id\":\"https:\/\/www.nettali.com\/#\/schema\/person\/d8ac7b7e27ddad43f1c0d2ef090d7f71\"},\"breadcrumb\":{\"@id\":\"https:\/\/www.nettali.com\/2025\/12\/08\/cameroun-brys-accuse-etoo-davoir-ecarte-des-cadres-pour-la-can\/#breadcrumb\"},\"inLanguage\":\"fr-FR\",\"potentialAction\":[{\"@type\":\"ReadAction\",\"target\":[\"https:\/\/www.nettali.com\/2025\/12\/08\/cameroun-brys-accuse-etoo-davoir-ecarte-des-cadres-pour-la-can\/\"]}]},{\"@type\":\"BreadcrumbList\",\"@id\":\"https:\/\/www.nettali.com\/2025\/12\/08\/cameroun-brys-accuse-etoo-davoir-ecarte-des-cadres-pour-la-can\/#breadcrumb\",\"itemListElement\":[{\"@type\":\"ListItem\",\"position\":1,\"name\":\"Accueil\",\"item\":\"https:\/\/www.nettali.com\/\"},{\"@type\":\"ListItem\",\"position\":2,\"name\":\"CAMEROUN - Brys accuse Eto\\u2019o d\\u2019avoir \\u00e9cart\\u00e9 des cadres pour la CAN\"}]},{\"@type\":\"Person\",\"@id\":\"https:\/\/www.nettali.com\/#\/schema\/person\/d8ac7b7e27ddad43f1c0d2ef090d7f71\",\"name\":\"CK\",\"image\":{\"@type\":\"ImageObject\",\"@id\":\"https:\/\/www.nettali.com\/#personlogo\",\"inLanguage\":\"fr-FR\",\"url\":\"https:\/\/secure.gravatar.com\/avatar\/1d8d5118b9327d94da7cd4ce7f17fec2?s=96&d=mm&r=g\",\"contentUrl\":\"https:\/\/secure.gravatar.com\/avatar\/1d8d5118b9327d94da7cd4ce7f17fec2?s=96&d=mm&r=g\",\"caption\":\"CK\"},\"sameAs\":[\"https:\/\/www.nettali.com\"]}]}<\/script>\n<!-- \/ Yoast SEO Premium plugin. -->","yoast_head_json":{"title":"CAMEROUN - Brys accuse Eto\u2019o d\u2019avoir \u00e9cart\u00e9 des cadres pour la CAN | Nettali.com","robots":{"index":"index","follow":"follow","max-snippet":"max-snippet:-1","max-image-preview":"max-image-preview:large","max-video-preview":"max-video-preview:-1"},"canonical":"https:\/\/www.nettali.com\/2025\/12\/08\/cameroun-brys-accuse-etoo-davoir-ecarte-des-cadres-pour-la-can\/","og_locale":"fr_FR","og_type":"article","og_title":"CAMEROUN - Brys accuse Eto\u2019o d\u2019avoir \u00e9cart\u00e9 des cadres pour la CAN","og_description":"NETTALI.COM -\u00a0 Quelques jours apr\u00e8s son \u00e9viction du banc des Lions Indomptables, Marc Brys a de nouveau attaqu\u00e9 frontalement Samuel Eto\u2019o, qu\u2019il accuse d\u2019\u00eatre responsable de l\u2019absence de plusieurs cadres dans la liste du Cameroun pour la CAN 2025. Interrog\u00e9 par Afrik- Foot, l\u2019entra\u00eeneur belge a estim\u00e9 qu\u2019Andr\u00e9 Onana et Vincent Aboubakar, pourtant figures majeures [&hellip;]","og_url":"https:\/\/www.nettali.com\/2025\/12\/08\/cameroun-brys-accuse-etoo-davoir-ecarte-des-cadres-pour-la-can\/","og_site_name":"Nettali.com","article_publisher":"https:\/\/www.facebook.com\/nettalicom","article_published_time":"2025-12-08T13:40:09+00:00","article_modified_time":"2025-12-08T12:10:07+00:00","og_image":[{"width":1200,"height":900,"url":"https:\/\/www.nettali.com\/wp-content\/uploads\/2025\/12\/cameroun-6656422a7efdb.jpg","type":"image\/jpeg"}],"twitter_card":"summary_large_image","twitter_misc":{"\u00c9crit par":"CK","Dur\u00e9e de lecture estim\u00e9e":"2 minutes"},"schema":{"@context":"https:\/\/schema.org","@graph":[{"@type":"WebSite","@id":"https:\/\/www.nettali.com\/#website","url":"https:\/\/www.nettali.com\/","name":"Nettali.com","description":"Le rendez-vous critique du Net","potentialAction":[{"@type":"SearchAction","target":{"@type":"EntryPoint","urlTemplate":"https:\/\/www.nettali.com\/?s={search_term_string}"},"query-input":"required name=search_term_string"}],"inLanguage":"fr-FR"},{"@type":"ImageObject","@id":"https:\/\/www.nettali.com\/2025\/12\/08\/cameroun-brys-accuse-etoo-davoir-ecarte-des-cadres-pour-la-can\/#primaryimage","inLanguage":"fr-FR","url":"https:\/\/www.nettali.com\/wp-content\/uploads\/2025\/12\/cameroun-6656422a7efdb.jpg","contentUrl":"https:\/\/www.nettali.com\/wp-content\/uploads\/2025\/12\/cameroun-6656422a7efdb.jpg","width":1200,"height":900},{"@type":"WebPage","@id":"https:\/\/www.nettali.com\/2025\/12\/08\/cameroun-brys-accuse-etoo-davoir-ecarte-des-cadres-pour-la-can\/#webpage","url":"https:\/\/www.nettali.com\/2025\/12\/08\/cameroun-brys-accuse-etoo-davoir-ecarte-des-cadres-pour-la-can\/","name":"CAMEROUN - Brys accuse Eto\u2019o d\u2019avoir \u00e9cart\u00e9 des cadres pour la CAN | Nettali.com","isPartOf":{"@id":"https:\/\/www.nettali.com\/#website"},"primaryImageOfPage":{"@id":"https:\/\/www.nettali.com\/2025\/12\/08\/cameroun-brys-accuse-etoo-davoir-ecarte-des-cadres-pour-la-can\/#primaryimage"},"datePublished":"2025-12-08T13:40:09+00:00","dateModified":"2025-12-08T12:10:07+00:00","author":{"@id":"https:\/\/www.nettali.com\/#\/schema\/person\/d8ac7b7e27ddad43f1c0d2ef090d7f71"},"breadcrumb":{"@id":"https:\/\/www.nettali.com\/2025\/12\/08\/cameroun-brys-accuse-etoo-davoir-ecarte-des-cadres-pour-la-can\/#breadcrumb"},"inLanguage":"fr-FR","potentialAction":[{"@type":"ReadAction","target":["https:\/\/www.nettali.com\/2025\/12\/08\/cameroun-brys-accuse-etoo-davoir-ecarte-des-cadres-pour-la-can\/"]}]},{"@type":"BreadcrumbList","@id":"https:\/\/www.nettali.com\/2025\/12\/08\/cameroun-brys-accuse-etoo-davoir-ecarte-des-cadres-pour-la-can\/#breadcrumb","itemListElement":[{"@type":"ListItem","position":1,"name":"Accueil","item":"https:\/\/www.nettali.com\/"},{"@type":"ListItem","position":2,"name":"CAMEROUN - Brys accuse Eto\u2019o d\u2019avoir \u00e9cart\u00e9 des cadres pour la CAN"}]},{"@type":"Person","@id":"https:\/\/www.nettali.com\/#\/schema\/person\/d8ac7b7e27ddad43f1c0d2ef090d7f71","name":"CK","image":{"@type":"ImageObject","@id":"https:\/\/www.nettali.com\/#personlogo","inLanguage":"fr-FR","url":"https:\/\/secure.gravatar.com\/avatar\/1d8d5118b9327d94da7cd4ce7f17fec2?s=96&d=mm&r=g","contentUrl":"https:\/\/secure.gravatar.com\/avatar\/1d8d5118b9327d94da7cd4ce7f17fec2?s=96&d=mm&r=g","caption":"CK"},"sameAs":["https:\/\/www.nettali.com"]}]}},"_links":{"self":[{"href":"https:\/\/www.nettali.com\/rest\/wp\/v2\/posts\/165984"}],"collection":[{"href":"https:\/\/www.nettali.com\/rest\/wp\/v2\/posts"}],"about":[{"href":"https:\/\/www.nettali.com\/rest\/wp\/v2\/types\/post"}],"author":[{"embeddable":true,"href":"https:\/\/www.nettali.com\/rest\/wp\/v2\/users\/2"}],"replies":[{"embeddable":true,"href":"https:\/\/www.nettali.com\/rest\/wp\/v2\/comments?post=165984"}],"version-history":[{"count":2,"href":"https:\/\/www.nettali.com\/rest\/wp\/v2\/posts\/165984\/revisions"}],"predecessor-version":[{"id":165992,"href":"https:\/\/www.nettali.com\/rest\/wp\/v2\/posts\/165984\/revisions\/165992"}],"wp:featuredmedia":[{"embeddable":true,"href":"https:\/\/www.nettali.com\/rest\/wp\/v2\/media\/165985"}],"wp:attachment":[{"href":"https:\/\/www.nettali.com\/rest\/wp\/v2\/media?parent=165984"}],"wp:term":[{"taxonomy":"category","embeddable":true,"href":"https:\/\/www.nettali.com\/rest\/wp\/v2\/categories?post=165984"},{"taxonomy":"post_tag","embeddable":true,"href":"https:\/\/www.nettali.com\/rest\/wp\/v2\/tags?post=165984"}],"curies":[{"name":"wp","href":"https:\/\/api.w.org\/{rel}","templated":true}]}}