{"id":165952,"date":"2025-12-08T01:33:24","date_gmt":"2025-12-08T01:33:24","guid":{"rendered":"https:\/\/www.nettali.com\/?p=165952"},"modified":"2025-12-12T08:07:54","modified_gmt":"2025-12-12T08:07:54","slug":"coups-de-pilon-de-la-brouille-a-la-dissonance","status":"publish","type":"post","link":"https:\/\/www.nettali.com\/2025\/12\/08\/coups-de-pilon-de-la-brouille-a-la-dissonance\/","title":{"rendered":"COUPS DE PILON - De la brouille \u00e0 la dissonance\u2026"},"content":{"rendered":"<p><strong>NETTALI.COM - <\/strong>\"<em>Un besoin de clarifications et aujourd'hui, tout est clair<\/em>\", c\u2019est ce qu\u2019a r\u00e9cemment d\u00e9clar\u00e9 le Premier ministre devant les d\u00e9put\u00e9s, dans le cadre de la derni\u00e8re s\u00e9ance de questions d\u2019actualit\u00e9s des d\u00e9put\u00e9s. \"T<em>out se passe bien entre nous, il n'y a aucun probl\u00e8me. Chacun peut avoir sa d\u00e9marche politique.<\/em>\", a-t-il poursuivi.<\/p>\n<p>Mais, au-del\u00e0 de ce qui appara\u00eet comme une entente de fa\u00e7ade, difficile de comprendre pourquoi Ousmane Sonko ressent un tel besoin de nous pr\u00e9ciser qu\u2019il \"<em>ne travaille pas pour le Pr\u00e9sident Bassirou Diomaye Faye, mais pour le S\u00e9n\u00e9gal<\/em>\", ajoutant m\u00eame qu\u2019il \"<em>est sous sa tutelle, et que tous ses actes seront attribu\u00e9s \u00e0 son mandat<\/em>\". Il y a en effet chez lui, comme une position de premier ministre qu\u2019il vit mal pour le leader charismatique du Pastef qu\u2019il est et qui devrait dicter la ligne de la gouvernance via le parti.<\/p>\n<p>Des questions d\u2019actualit\u00e9s \u00e0 l\u2019h\u00e9micycle qui ont d\u2019ailleurs \u00e9t\u00e9 interpr\u00e9t\u00e9es par certains observateurs comme une volont\u00e9 des d\u00e9put\u00e9s, d\u2019offrir une tribune \u00e0 Ousmane Sonko, dans le but de lui permettre d\u2019op\u00e9rer une remontada, apr\u00e8s la claque re\u00e7ue de Diomaye, suite \u00e0 son T\u00e9ra meeting du 8 novembre. Le pr\u00e9sident de la r\u00e9publique a non seulement confirm\u00e9 Aminata Tour\u00e9 comme superviseur de la coalition Diomaye, mais a, en plus d\u00e9mont\u00e9 les accusations contre elle et Abdourahmane Diouf. Le tonitruant d\u00e9put\u00e9 Bara Ndiaye qui relatait ainsi, sur sa page facebook, les retomb\u00e9es de la mission de m\u00e9diation du bureau politique du Pastef, au palais, nous a d'ailleurs appris que le pr\u00e9sident n'a fait aucune concession.<\/p>\n<p>Il sera en tout cas bien difficile de convaincre qu'il n'y aucun nuage entre les deux, d'autant plus que, lors de l\u2019examen du budget du minist\u00e8re de l\u2019Environnement du mardi 2 d\u00e9cembre, les attaques contre Abdourakhmane Diouf - qui avait commis le seul p\u00each\u00e9 d\u2019avoir pr\u00f4n\u00e9 la r\u00e9conciliation nationale et pr\u00e9venu contre toute justice des vainqueurs -, se sont poursuivies avec des propos particuli\u00e8rement acerbes du d\u00e9put\u00e9 Bara Ndiaye. Surtout que ce n\u2019est plus un secret que le d\u00e9put\u00e9 d\u00e9fend par-dessus tout, le Premier ministre.<\/p>\n<p>Face \u00e0 ce dernier, le parlementaire a senti le besoin de lui faire savoir que \" <em>tous ceux qui sont dans la salle sont en col\u00e8re<\/em> \" contre le ministre. Le d\u00e9put\u00e9 ne s\u2019est pas arr\u00eat\u00e9 l\u00e0 puisqu\u2019il a inscrit son intervention dans un cadre politique plus large, \u00e9voquant l\u2019autorit\u00e9 du Premier ministre Ousmane Sonko, estimant au passage que \"<em>c\u2019est sa parole et sa cr\u00e9dibilit\u00e9 qui ont fait de nous des d\u00e9put\u00e9s, et de Bassirou Diomaye Faye un chef d\u2019\u00c9tat.<\/em>\" Bara Ndiaye a d\u2019ailleurs accus\u00e9 le ministre de ne pas accorder au Premier ministre le respect qui lui est d\u00fb. \" <em>Si vous ne le respectez pas, nous ne pouvons pas vous appr\u00e9cier. Ousmane Sonko n\u2019est pas une marionnette. Si vous voulez cheminer avec lui, appliquez ses instructions \u00e0 la lettre.\"<\/em>, en \u00e9tendant au passage cet avertissement aux plus hautes autorit\u00e9s : \"<em>Cela concerne m\u00eame le Pr\u00e9sident Faye.<\/em> \", a-t-il ajout\u00e9.<\/p>\n<p>On croit r\u00eaver ! Comment un d\u00e9put\u00e9 peut-il s\u2019autoriser un tel niveau de libert\u00e9 de ton au point de parler de cette mani\u00e8re-l\u00e0 du pr\u00e9sident de la R\u00e9publique ? Abdourahmane Diouf avec le bon sens de la r\u00e9partie qu\u2019on lui conna\u00eet, ne le suivra pas sur le terrain de la pol\u00e9mique, il lui ass\u00e8nera juste une petite phrase bien s\u00e8che : \"<em>dilatons les c\u0153urs et travaillons pour l\u2019int\u00e9r\u00eat du S\u00e9n\u00e9gal<\/em>\".<\/p>\n<p>Non seulement le d\u00e9put\u00e9 \u00e9tait hors sujet, puisque le ministre n\u2019\u00e9tait non seulement pas l\u00e0 pour parler de politique politicienne, mais plut\u00f4t pour \u00e9voquer le budget 2026 de son minist\u00e8re. Et en aucun cas de rapports personnels. Mais c\u2019\u00e9tait sans compter avec le ministre des finances Cheikh Diba qui l\u2019a f\u00e9licit\u00e9 et n\u2019a pas tari d\u2019\u00e9loges \u00e0 l\u2019endroit du ministre de l\u2019environnement. \"<em>Il est brillant. Il est organis\u00e9 et sait ce qu\u2019il fait, o\u00f9 il va et comment y aller, et il a des \u00e9quipes brillantes qui savent ce qu\u2019il faut faire\u2026<\/em> \"<\/p>\n<p>De quoi corriger le d\u00e9put\u00e9 dont on se demande s\u2019il conna\u00eet encore la raison de sa pr\u00e9sence \u00e0 l\u2019h\u00e9micycle. L\u2019on devrait tout de m\u00eame s'arr\u00eater et s\u2019interroger sur les travers qu\u2019emprunte notre assembl\u00e9e nationale avec un tradipraticien, fabricant de ceinture anti prison (ayant pourtant fait la prison : Ndlr), \u00e9lu d\u00e9put\u00e9 et qui fait la pluie et le beau temps dans l'h\u00e9micycle en se permettant n'importe quelle sorte de d\u00e9claration. La repr\u00e9sentation nationale m\u00e9rite quand m\u00eame bien mieux que ce que l\u2019on offre aux citoyens. De l\u2019honorabilit\u00e9 et de la retenue attach\u00e9es \u00e0 la dignit\u00e9 de la fonction.<\/p>\n<p><strong>Une dissonance de plus en plus not\u00e9e au sommet<\/strong><\/p>\n<p>Au-del\u00e0 du diff\u00e9rend not\u00e9, la dissonance au sommet de l\u2019Etat, est de plus en plus manifeste et s\u2019\u00e9tend m\u00eame jusqu\u2019\u00e0 l\u2019int\u00e9rieur du gouvernement. L\u2019affaire Embalo est venue nous confirmer cet \u00e9tat de fait. R\u00e9pondant \u00e0 l\u2019Assembl\u00e9e nationale, \u00e0 la question du d\u00e9put\u00e9 Abdoulaye Tall de Pastef, lors de la s\u00e9ance de questions au gouvernement, le Premier ministre Ousmane Sonko nous a fait savoir que le coup d'Etat qui a renvers\u00e9 Umaro Sissoko Embalo n'en est pas un, estimant que \"<em>tout le monde sait que ce qui s\u2019est pass\u00e9 en Guin\u00e9e-Bissau est une combine<\/em>\" et que \"<em>le processus electoral doit aboutir<\/em>\", avant de demander la lib\u00e9ration des leaders politiques arr\u00eat\u00e9s par les militaires. Un commentaire qui vient contredire l\u2019acte pos\u00e9 par le pr\u00e9sident Diomaye Faye, alors qu\u2019un communiqu\u00e9 du minist\u00e8re de l\u2019Int\u00e9gration africaine, des Affaires \u00e9trang\u00e8res et des S\u00e9n\u00e9galais de l'ext\u00e9rieur datant du jeudi 27 novembre, venait d\u2019annoncer la nouvelle selon laquelle, \"<em>un a\u00e9ronef a \u00e9t\u00e9 affr\u00e9t\u00e9 par le gouvernement S\u00e9n\u00e9galais pour se rendre \u00e0 Bissau, afin de contribuer \u00e0 cette op\u00e9ration de rapatriement<\/em>\", jeudi ?<\/p>\n<p>La m\u00eame source a d\u2019ailleurs rendu compte d'\u00e9changes entre chefs d'Etat de la sous-r\u00e9gion portant sur la lib\u00e9ration du pr\u00e9sident Embal\u00f2 et de certains de ses compagnons, de tous les acteurs politiques arr\u00eat\u00e9s, ainsi que la r\u00e9ouverture des fronti\u00e8res pour faciliter l'exfiltration et le rapatriement, y compris des membres des diff\u00e9rentes missions d'observation \u00e9lectorales. \"<em>Cela a permis l'arriv\u00e9e au S\u00e9n\u00e9gal sain et sauf du pr\u00e9sident Umaro Sissoko Embalo<\/em>\", a inform\u00e9 le gouvernement s\u00e9n\u00e9galais. Ce qui t\u00e9moigne d\u2019une double discours au sommet de l\u2019Etat et qui d\u00e9cr\u00e9dibilise non seulement notre diplomatie et d\u00e9cr\u00e9dibilise l\u2019autorit\u00e9 du chef de l\u2019Etat dont la diplomatie s\u00e9n\u00e9galaise rel\u00e8ve.<\/p>\n<p>Mais quelle mauvaise id\u00e9e que celle d\u2019avoir communiqu\u00e9 sur cette dette dite cach\u00e9e ? Les commentaires des ministres de l\u2019\u00e9conomie et de celui des finances qui surviennent bien tard, confirment d\u2019ailleurs que ce d\u00e9bat entretenu par le Premier ministre n\u2019aurait jamais d\u00fb atterrir sur la place publique, surtout que les deux en sont venus \u00e0 le contredire sur ce qui avait fait l\u2019effet d\u2019une bombe dans le monde entier, avec \u00e0 la clef, la note du S\u00e9n\u00e9gal entra\u00een\u00e9e dans un cycle infernal de baisse.<\/p>\n<p>Le ministre de l\u2019\u00c9conomie, du Plan et de la Coop\u00e9ration, Abdourahmane Sarr, a en tout cas fermement rejet\u00e9, vendredi \u00e0 l\u2019Assembl\u00e9e nationale, les accusations faisant \u00e9tat d\u2019une pr\u00e9tendue \u00ab dette cach\u00e9e \u00bb de l\u2019\u00c9tat. Interpell\u00e9 lors de la s\u00e9ance de questions d\u2019actualit\u00e9 pr\u00e9sid\u00e9e par le Premier ministre Ousmane Sonko, le ministre a balay\u00e9 la controverse d\u2019un revers de main, estimant que le d\u00e9bat repose sur une incompr\u00e9hension des m\u00e9canismes de gestion de la dette publique, affirmant qu\u2019aucune dette ne peut \u00eatre qualifi\u00e9e de \" cach\u00e9e \" si l\u2019\u00c9tat en assure r\u00e9guli\u00e8rement le remboursement. Selon lui, la pol\u00e9mique n\u2019a \" <em>aucun fondement<\/em> \" puisque les engagements incrimin\u00e9s \u00e9taient bel et bien connus de l\u2019administration, m\u00eame si les donn\u00e9es les concernant n\u2019\u00e9taient pas correctement consolid\u00e9es dans les statistiques officielles.<\/p>\n<p>Abdourahmane Sarr explique que la diff\u00e9rence entre les 75 % de dette initialement annonc\u00e9s et les 119 % identifi\u00e9s apr\u00e8s correction provient d\u2019\u00ab erreurs de remont\u00e9e de donn\u00e9es \u00bb et non d\u2019une dissimulation d\u00e9lib\u00e9r\u00e9e. \" <em>Si vous savez qu\u2019une dette existe et que vous la payez, elle n\u2019est pas cach\u00e9e. La r\u00e9vision des chiffres rel\u00e8ve d\u2019un processus normal d\u2019assainissement<\/em> \", a-t-il insist\u00e9. Le ministre a ainsi appel\u00e9 \u00e0 d\u00e9passer les pol\u00e9miques pour se concentrer sur la mise en \u0153uvre de r\u00e9formes structurelles destin\u00e9es \u00e0 assainir durablement les finances publiques et renforcer la transparence dans la gestion des engagements de l\u2019\u00c9tat.<\/p>\n<p>M\u00eame son de cloche chez le ministre des Finances et du Budget, Cheikh Diba qui a, \u00e0 son tour, fermement \u00e9cart\u00e9, samedi \u00e0 l\u2019Assembl\u00e9e nationale, les accusations persistantes autour d\u2019une suppos\u00e9e \u00ab dette cach\u00e9e \u00bb de l\u2019\u00c9tat. Face aux d\u00e9put\u00e9s r\u00e9unis pour l\u2019ouverture du marathon budg\u00e9taire, il a qualifi\u00e9 ce d\u00e9bat de \u00ab st\u00e9rile \u00bb, \u00ab d\u00e9pass\u00e9 \u00bb et d\u00e9sormais sans fondement. Il a rappel\u00e9 que les interrogations sur un \u00e9ventuel \u00e9cart entre les chiffres de la dette transmis aux partenaires internationaux \u2014 notamment le Fonds Mon\u00e9taire International (FMI) \u2014 et ceux d\u00e9tenus en interne, avaient \u00e9t\u00e9 soulev\u00e9es d\u00e8s l\u2019arriv\u00e9e de la nouvelle administration. Toutefois, il estime que le traitement rigoureux du dossier rend d\u00e9sormais caduc tout soup\u00e7on de dissimulation.<\/p>\n<p>A la v\u00e9rit\u00e9, ils n\u2019auraient jamais d\u00fb laisser le premier ministre prosp\u00e9rer sur ce terrain de la dette dite cach\u00e9e. Une posture des deux ministre toutefois appr\u00e9ci\u00e9e par Ali Ngouille Ndiaye, invit\u00e9 de Ma\u00efmouna Ndour Faye sur la 7 TV, qui pense que le premier ministre n\u2019aurait jamais d\u00fb parler de cette histoire de \"dette cach\u00e9e \" et qu\u2019il faille \" <em>classer cette affaire de dette cach\u00e9e \"<\/em>.<\/p>\n<p>Celui-ci estime d\u2019ailleurs qu\u2019El Aminou LO, en tant que secr\u00e9taire g\u00e9n\u00e9ral du gouvernement et ancien directeur national de la banque centrale, conna\u00eet bien la question de la dette bancaire et sa mise en \u0153uvre. Selon l\u2019ancien ministre sous Macky Sall et ancien directeur du cr\u00e9dit \u00e0 la BHS, si l\u2019ex-SG du gouvernement avait expliqu\u00e9 au PM la r\u00e9alit\u00e9 des choses, celui-ci n\u2019aurait certainement pas consid\u00e9r\u00e9 qu\u2019avec la dette bancaire, qu'on a affaire \u00e0 de la dette cach\u00e9e. Il n\u2019aurait, selon lui, jamais d\u00fb laisser le PM communiquer dessus, \u00e9tant entendu que tout passe chez le secr\u00e9taire g\u00e9n\u00e9ral pour aboutir chez le premier ministre. Ali Ngouille pr\u00e9cise d\u2019ailleurs que les banques ont un niveau d\u2019engagement pour chaque client qu\u2019elles ne peuvent d\u00e9passer, \u00e9tant entendu que la Bceao conna\u00eet les fonds propres de chaque banque. Ce qui veut en d\u2019autres termes dire que si l\u2019Etat emprunte, cela appara\u00eet dans les fonds propres de la banque et que si cela d\u00e9passe 25%, la banque centrale va demander la raison.<\/p>\n<p>Et m\u00eame sur la question de la dette, les deux ont une posture diff\u00e9rente, Ousmane Sonko veut se d\u00e9partir du FMI et ne veut point entendre parler de restructuration de la dette, comme annonc\u00e9 lors de son meeting ; \u00e0 l\u2019oppos\u00e9 Diomaye Faye, le pr\u00e9sident de la r\u00e9publique tente toujours de raccrocher les wagons avec l\u2019institution, surtout qu\u2019on apprend \u00e0 travers certains m\u00e9dias que le pr\u00e9sident Ouattara est entr\u00e9 en sc\u00e8ne dans le but d\u2019interc\u00e9der en faveur du S\u00e9n\u00e9gal.<\/p>\n<p>De m\u00eame sur la question de l\u2019extradition de Madiambal, m\u00eame si le pr\u00e9sident n\u2019a pas \u00e9t\u00e9 entendu, le PM lui s\u2019est arrog\u00e9 un r\u00f4le qui n\u2019est pas le sien en brandissant la r\u00e9ciprocit\u00e9, soutenant que si la France ne s\u2019ex\u00e9cute pas (dans l\u2019affaire Madiambal Diagne), il ne va pas non plus extrader aucun fran\u00e7ais r\u00e9clam\u00e9 par son pays. Il ignore peut \u00eatre qu\u2019au S\u00e9n\u00e9gal, en aucun moment, le Premier ministre n\u2019intervient dans le processus d\u2019extradition. Dans notre l\u00e9gislation, apr\u00e8s l\u2019avis favorable de la chambre d\u2019accusation de la Cour d\u2019appel de Dakar, c\u2019est le Pr\u00e9sident de la R\u00e9publique qui signe un d\u00e9cret d\u2019extradition et non le Premier ministre (comme en France).<\/p>\n<p><strong>Aminata Tour\u00e9, la femme \u00e0 abattre !<\/strong><\/p>\n<p>Dans la relation Diomaye-Sonko, il n\u2019 y a en effet que les na\u00effs pour croire qu\u2019il n\u2019 y a point de nuages. Et l\u2019obsession d\u2019Ousmane Sonko \u00e0 vouloir accabler par tous les moyens, Aminata Tour\u00e9, alors que le pr\u00e9sident lui-m\u00eame a estim\u00e9 qu\u2019il n\u2019 y a pas de quoi fouetter un chat, est manifeste. Le fait qu\u2019il embraie \u00e0 nouveau sur le rapport du Conseil \u00e9conomique, Social et environnemental, lors de son passage \u00e0 l\u2019Assembl\u00e9e nationale, est en effet loin d\u2019\u00eatre fortuit.<\/p>\n<p>\" <em>Ce rapport-l\u00e0, c\u2019est le r\u00e9gime pr\u00e9c\u00e9dent qui l\u2019a fait et pas nous. Le pr\u00e9sident pr\u00e9c\u00e9dent a \u00e9crit lu et approuv\u00e9, sauf la recommandation N\u00b02... Le premier ministre de l\u2019\u00e9poque Amadou Ba avait commenc\u00e9 \u00e0 ex\u00e9cuter le rapport. Il avait \u00e9crit au ministre des finances, Moustapha Ba, \u00e0 Abdoulaye Daouda Diallo, le pr\u00e9sident du Conseil \u00e9conomique et social de l\u2019\u00e9poque, il l\u2019avait transmis \u00e0 la pr\u00e9sidente sortante. Il avait \u00e9crit pour qu\u2019on saisisse la justice. Tout cela a \u00e9t\u00e9 \u00e9crit le 3 juillet 2023. Donc, il n\u2019est pas question de tergiverser sur la question de savoir si le rapport sera ex\u00e9cut\u00e9 ou pas. Moi je ne connais que la continuit\u00e9 de l\u2019Etat, c\u2019est pourquoi quand je suis arriv\u00e9, j\u2019ai fait ce que je devais faire. Ce qui devait aller en justice, je l\u2019ai transmis ; ce qui devait aller ailleurs aussi parce que cela doit se passer comme les autres rapports. Je ne sais pas qui est coupable ou pas cependant\u2026<\/em> \"<\/p>\n<p>Toujours est-il que dans la proc\u00e9dure, les rapports de l\u2019Inspection g\u00e9n\u00e9rale d\u2019Etat (Ige) sont exclusivement r\u00e9serv\u00e9s au pr\u00e9sident de la R\u00e9publique. Pour qu\u2019il y ait une suite judiciaire, il faut que le chef de l\u2019Etat prenne un d\u00e9cret de d\u00e9classification du rapport, comme ce fut le cas dans l\u2019affaire des chantiers de Thi\u00e8s. Or, jusqu\u2019\u00e0 pr\u00e9sent, un tel d\u00e9cret n\u2019existe dans l\u2019affaire Mimi Tour\u00e9.<\/p>\n<p>La question aujourd'hui, est plut\u00f4t de savoir si Ousmane Sonko aurait eu la m\u00eame posture si la supervision de la coalition Diomaye Pr\u00e9sident n\u2019avait pas \u00e9t\u00e9 confi\u00e9 \u00e0 Aminata Tour\u00e9. Que l\u2019on sache, il est Premier ministre depuis l\u2019av\u00e8nement du nouveau r\u00e9gime et on ne l\u2019a jamais entendu \u00e9voquer ce dossier.<\/p>\n<p>Confirm\u00e9e \u00e0 la t\u00eate de sa coalition, la tr\u00e8s combattive trotskyste, en plus d'avoir une bonne exp\u00e9rience politique et de terrain, n\u2019est pas une novice en politique : de chez Landing Savan\u00e9 en 1993 qu\u2019elle a rejoint apr\u00e8s avoir \u00e9t\u00e9 sa directrice de campagne, \u00e0 ses postes de ministre de la justice, Premier ministre, envoy\u00e9e sp\u00e9ciale, Pr\u00e9sidente du Conseil \u00e9conomique, social et environnemental, directrice de campagne sous Macky Sall, jusqu\u2019\u00e0 son soutien public en plein meeting du Pastef durant les p\u00e9riodes d\u2019opposition, au terrain d\u2019Acapes alors qu\u2019elle venait \u00e0 peine de quitter l\u2019a\u00e9roport et son r\u00f4le actuelle de Haute repr\u00e9sentante du PR et \u00e9galement coordonnatrice de la coalition \u00ab Diomaye pr\u00e9sident \u00bb.<\/p>\n<p>Ayib Daff\u00e9, le Secr\u00e9taire g\u00e9n\u00e9ral de Pastef et pr\u00e9sident du groupe parlementaire, conscient de son envergure, la d\u00e9crit comme un \"<em>facteur de division parce qu'elle n'a pas de bons rapports avec Pastef<\/em>\", l\u00e0 o\u00f9 ce cher Waly Diouf Bodiang qui ne doit pas trop \u00eatre pr\u00e9occup\u00e9 par son gros challenge au Port, l\u2019a poursuivie avec ses railleries sur les r\u00e9seaux sociaux, lui pr\u00e9disant une mort prochaine, une fois \"<em>sa p\u00eache aux crabes contamin\u00e9s<\/em> \", estimant que son \"<em>machin mort-n\u00e9<\/em> \" sera \"<em>neutralis\u00e9<\/em> \", sans forcer leur talent.<\/p>\n<p>Le chef de cabinet du pr\u00e9sident Basirou Diomaye Faye, Barro est lui r\u00e9cemment sorti de l\u2019ombre pour r\u00e9clamer le respect du au pr\u00e9sident de la r\u00e9publique alors qu\u2019au m\u00eame moment cheikh Bara Ndiaye est sur tous les fronts pour le critiquer, au point o\u00f9 le CNRA a d\u2019ailleurs r\u00e9cemment rappel\u00e9 la cha\u00eene de t\u00e9l\u00e9vision o\u00f9 il s\u2019exprimait et le d\u00e9put\u00e9 \u00e0 l\u2019ordre, suite \u00e0 la diffusion de propos jug\u00e9s irrespectueux et irr\u00e9v\u00e9rencieux \u00e0 l'endroit du Pr\u00e9sident de la R\u00e9publique.<\/p>\n<p><strong>Retourner \u00e0 l'orthodoxie\u00a0<\/strong><\/p>\n<p>La montagne de l\u2019apr\u00e8s 8 novembre tel que sc\u00e9naris\u00e9 par Ousmane Sonko, en avant, pendant et apr\u00e8s 8 novembre, n\u2019aura finalement accouch\u00e9 que d\u2019une douche bien glaciale et un retour tr\u00e8s rapide du PM \u00e0 la table du conseil des ministres. Une situation que le chroniqueur Ibou Fall a d\u2019ailleurs interpr\u00e9t\u00e9 comme une capitulation. Un affrontement \u00e0 distance qui aura en somme, donn\u00e9 un gros coup de frayeur \u00e0 tous ces pro-Sonko, nomm\u00e9s gr\u00e2ce \u00e0 la signature du pr\u00e9sident de la r\u00e9publique et qui se souciaient bien plus, en ces moments de suspens, plut\u00f4t de leur fromage que du don de soi, car ayant \u00e0 peine commenc\u00e9 \u00e0 go\u00fbter aux d\u00e9lices du pouvoir. Le suspens qu\u2019ont v\u00e9cu les Past\u00e9fens fut en tout cas bien plus long que le cours d\u2019un fleuve \u00e0 remonter !<\/p>\n<p>Au-del\u00e0, cette dissonance et cette dualit\u00e9 au sommet du pouvoir sont en effet loin d\u2019\u00eatre tenables qu\u2019il faille vite retourner vite \u00e0 l\u2019orthodoxie dans l\u2019exercice du pouvoir, avec un Premier ministre qui ne peut \u00eatre que sous l\u2019autorit\u00e9 du chef de l\u2019Etat, tout en \u00e9tant en m\u00eame temps son fusible. Ce qui se donne \u00e0 voir en termes de signaux contradictoires jusque m\u00eame au sein du gouvernement chez les ministres dont certains sont qualifi\u00e9s de pro pr\u00e9sident et d\u2019autres de pro premier ministre, au moment o\u00f9 2 \u00e0 3 quotidiens du 5 d\u00e9cembre, \u00e9voquent un \u00ab premier ministre super fort \u00bb, est fort \u00e9tonnant. A la v\u00e9rit\u00e9, l\u2019on a plut\u00f4t affaire au fond \u00e0 une r\u00e9organisation de la primature, dans une logique de coh\u00e9rence et d'apporter davantage d\u2019efficacit\u00e9. Et l'on ne peut ne pas se demander si un \"PM super fort\" cohabiterait avec un ministre dont il a demand\u00e9 le limogeage apr\u00e8s des accusations et qui est maintenu dans un gouvernement ? Ou des ministres qui en arrivent \u00e0 \u00e9mettre sur des fr\u00e9quences diff\u00e9rentes du chef du gouvernement ?<\/p>\n<p>Le temps passe et le premier ministre Ousmane Sonko continue \u00e0 encha\u00eener les meetings et prises de parole \u00e0 l'Assembl\u00e9e, avec toujours le m\u00eame style, le m\u00eame ton offensif et accusateur. \"<em>Aujourd'hui Bassirou Diomaye Faye est le pr\u00e9sident de la r\u00e9publique gr\u00e2ce \u00e0 Dieu. Il faut que nous patriotes,\u00a0 apprenons la mesure. Il y a des probl\u00e8mes et personne ne dira le contraire. J'ai \u00e9t\u00e9 moi-m\u00eame le premier \u00e0 vous dire qu'il y a des probl\u00e8mes. Il y a des choses que l'on croyait ne pas pouvoir nous arriver. Nous avons des divergences, le pr\u00e9sident Diomaye et moi, en mati\u00e8re d'orientation , mais, on ne doit pas oublier qu'au moment des \u00e9preuves, il a pris certaines positions et des risques qu'il a pris\u00a0 et qu'on ne peut pas effacer. Donc les diff\u00e9rends d'aujourd'hui et les divergences, on doit pouvoir les g\u00e9rer , car tous ceux qui sont l\u00e0, savent pourquoi ils se sont engag\u00e9s...<\/em>\", a d\u00e9clar\u00e9 Ousmane Sonko lors de la journ\u00e9e d\u00e9di\u00e9e aux martyrs. Se projetant d\u00e9j\u00e0 sur 2029, il a aussi estim\u00e9 que personne ne peut l'emp\u00eacher d'\u00eatre candidat et qu'il faille, selon les propos repris par des m\u00e9dias\u00a0 du 8 d\u00e9cembre, \"<em>nettoyer<\/em>\" la justice m\u00eame s'il conc\u00e8de l'existence de \"<em>juges justes, int\u00e8gres et patriotes\"<\/em>.<\/p>\n<p>Entre le \"<em>Il n' y aucun probl\u00e8me...<\/em>\" de l'Assembl\u00e9e et le \"<em>il y a des probl\u00e8me...<\/em>\" de la journ\u00e9e des martyrs, lequel croire ?<\/p>\n<p>Au-del\u00e0, il y a finalement comme un ex\u00e9cutif \u00e0 deux t\u00eates, ou plus exactement deux forces qui s\u2019opposent \u00e0 travers une orientation politique et \u00e9conomique diff\u00e9rente. La question, c\u2019est jusqu\u2019\u00e0 quand ? Car tout cela au fond, se fait au d\u00e9triment de la gouvernance et la d\u00e9cr\u00e9dibilise fortement.<\/p>\n<p>&nbsp;<\/p>\n<p>&nbsp;<\/p>\n<div class='share-to-whatsapp-wrapper'><div class='share-on-whsp'>PARTAGER SUR : <\/div><a data-text='COUPS DE PILON - De la brouille \u00e0 la dissonance\u2026' data-link='https:\/\/www.nettali.com\/2025\/12\/08\/coups-de-pilon-de-la-brouille-a-la-dissonance\/' class='whatsapp-button whatsapp-share'>WhatsApp<\/a><div class='clear '><\/div><\/div>","protected":false},"excerpt":{"rendered":"<p>NETTALI.COM - \"Un besoin de clarifications et aujourd'hui, tout est clair\", c\u2019est ce qu\u2019a r\u00e9cemment d\u00e9clar\u00e9 le Premier ministre devant les d\u00e9put\u00e9s, dans le cadre de la derni\u00e8re s\u00e9ance de questions d\u2019actualit\u00e9s des d\u00e9put\u00e9s. \"Tout se passe bien entre nous, il n'y a aucun probl\u00e8me. Chacun peut avoir sa d\u00e9marche politique.\", a-t-il poursuivi. Mais, au-del\u00e0 [&hellip;]<\/p>\n","protected":false},"author":2,"featured_media":165798,"comment_status":"open","ping_status":"open","sticky":false,"template":"","format":"standard","meta":{"_et_pb_use_builder":"","_et_pb_old_content":""},"categories":[34932],"tags":[],"yoast_head":"<!-- This site is optimized with the Yoast SEO Premium plugin v17.8 (Yoast SEO v17.8) - https:\/\/yoast.com\/wordpress\/plugins\/seo\/ -->\n<title>COUPS DE PILON - De la brouille \u00e0 la dissonance\u2026 | Nettali.com<\/title>\n<meta name=\"robots\" content=\"index, follow, max-snippet:-1, max-image-preview:large, max-video-preview:-1\" \/>\n<link rel=\"canonical\" href=\"https:\/\/www.nettali.com\/2025\/12\/08\/coups-de-pilon-de-la-brouille-a-la-dissonance\/\" \/>\n<meta property=\"og:locale\" content=\"fr_FR\" \/>\n<meta property=\"og:type\" content=\"article\" \/>\n<meta property=\"og:title\" content=\"COUPS DE PILON - De la brouille \u00e0 la dissonance\u2026\" \/>\n<meta property=\"og:description\" content=\"NETTALI.COM - &quot;Un besoin de clarifications et aujourd&#039;hui, tout est clair&quot;, c\u2019est ce qu\u2019a r\u00e9cemment d\u00e9clar\u00e9 le Premier ministre devant les d\u00e9put\u00e9s, dans le cadre de la derni\u00e8re s\u00e9ance de questions d\u2019actualit\u00e9s des d\u00e9put\u00e9s. &quot;Tout se passe bien entre nous, il n&#039;y a aucun probl\u00e8me. Chacun peut avoir sa d\u00e9marche politique.&quot;, a-t-il poursuivi. Mais, au-del\u00e0 [&hellip;]\" \/>\n<meta property=\"og:url\" content=\"https:\/\/www.nettali.com\/2025\/12\/08\/coups-de-pilon-de-la-brouille-a-la-dissonance\/\" \/>\n<meta property=\"og:site_name\" content=\"Nettali.com\" \/>\n<meta property=\"article:publisher\" content=\"https:\/\/www.facebook.com\/nettalicom\" \/>\n<meta property=\"article:published_time\" content=\"2025-12-08T01:33:24+00:00\" \/>\n<meta property=\"article:modified_time\" content=\"2025-12-12T08:07:54+00:00\" \/>\n<meta property=\"og:image\" content=\"https:\/\/www.nettali.com\/wp-content\/uploads\/2025\/12\/faye-toure-diouf-ndiaye-bodian-sonko.jpg\" \/>\n\t<meta property=\"og:image:width\" content=\"1280\" \/>\n\t<meta property=\"og:image:height\" content=\"600\" \/>\n<meta name=\"twitter:card\" content=\"summary_large_image\" \/>\n<meta name=\"twitter:label1\" content=\"\u00c9crit par\" \/>\n\t<meta name=\"twitter:data1\" content=\"CK\" \/>\n\t<meta name=\"twitter:label2\" content=\"Dur\u00e9e de lecture estim\u00e9e\" \/>\n\t<meta name=\"twitter:data2\" content=\"16 minutes\" \/>\n<script type=\"application\/ld+json\" class=\"yoast-schema-graph\">{\"@context\":\"https:\/\/schema.org\",\"@graph\":[{\"@type\":\"WebSite\",\"@id\":\"https:\/\/www.nettali.com\/#website\",\"url\":\"https:\/\/www.nettali.com\/\",\"name\":\"Nettali.com\",\"description\":\"Le rendez-vous critique du Net\",\"potentialAction\":[{\"@type\":\"SearchAction\",\"target\":{\"@type\":\"EntryPoint\",\"urlTemplate\":\"https:\/\/www.nettali.com\/?s={search_term_string}\"},\"query-input\":\"required name=search_term_string\"}],\"inLanguage\":\"fr-FR\"},{\"@type\":\"ImageObject\",\"@id\":\"https:\/\/www.nettali.com\/2025\/12\/08\/coups-de-pilon-de-la-brouille-a-la-dissonance\/#primaryimage\",\"inLanguage\":\"fr-FR\",\"url\":\"https:\/\/www.nettali.com\/wp-content\/uploads\/2025\/12\/faye-toure-diouf-ndiaye-bodian-sonko.jpg\",\"contentUrl\":\"https:\/\/www.nettali.com\/wp-content\/uploads\/2025\/12\/faye-toure-diouf-ndiaye-bodian-sonko.jpg\",\"width\":1280,\"height\":600},{\"@type\":\"WebPage\",\"@id\":\"https:\/\/www.nettali.com\/2025\/12\/08\/coups-de-pilon-de-la-brouille-a-la-dissonance\/#webpage\",\"url\":\"https:\/\/www.nettali.com\/2025\/12\/08\/coups-de-pilon-de-la-brouille-a-la-dissonance\/\",\"name\":\"COUPS DE PILON - De la brouille \\u00e0 la dissonance\\u2026 | Nettali.com\",\"isPartOf\":{\"@id\":\"https:\/\/www.nettali.com\/#website\"},\"primaryImageOfPage\":{\"@id\":\"https:\/\/www.nettali.com\/2025\/12\/08\/coups-de-pilon-de-la-brouille-a-la-dissonance\/#primaryimage\"},\"datePublished\":\"2025-12-08T01:33:24+00:00\",\"dateModified\":\"2025-12-12T08:07:54+00:00\",\"author\":{\"@id\":\"https:\/\/www.nettali.com\/#\/schema\/person\/d8ac7b7e27ddad43f1c0d2ef090d7f71\"},\"breadcrumb\":{\"@id\":\"https:\/\/www.nettali.com\/2025\/12\/08\/coups-de-pilon-de-la-brouille-a-la-dissonance\/#breadcrumb\"},\"inLanguage\":\"fr-FR\",\"potentialAction\":[{\"@type\":\"ReadAction\",\"target\":[\"https:\/\/www.nettali.com\/2025\/12\/08\/coups-de-pilon-de-la-brouille-a-la-dissonance\/\"]}]},{\"@type\":\"BreadcrumbList\",\"@id\":\"https:\/\/www.nettali.com\/2025\/12\/08\/coups-de-pilon-de-la-brouille-a-la-dissonance\/#breadcrumb\",\"itemListElement\":[{\"@type\":\"ListItem\",\"position\":1,\"name\":\"Accueil\",\"item\":\"https:\/\/www.nettali.com\/\"},{\"@type\":\"ListItem\",\"position\":2,\"name\":\"COUPS DE PILON - De la brouille \\u00e0 la dissonance\\u2026\"}]},{\"@type\":\"Person\",\"@id\":\"https:\/\/www.nettali.com\/#\/schema\/person\/d8ac7b7e27ddad43f1c0d2ef090d7f71\",\"name\":\"CK\",\"image\":{\"@type\":\"ImageObject\",\"@id\":\"https:\/\/www.nettali.com\/#personlogo\",\"inLanguage\":\"fr-FR\",\"url\":\"https:\/\/secure.gravatar.com\/avatar\/1d8d5118b9327d94da7cd4ce7f17fec2?s=96&d=mm&r=g\",\"contentUrl\":\"https:\/\/secure.gravatar.com\/avatar\/1d8d5118b9327d94da7cd4ce7f17fec2?s=96&d=mm&r=g\",\"caption\":\"CK\"},\"sameAs\":[\"https:\/\/www.nettali.com\"]}]}<\/script>\n<!-- \/ Yoast SEO Premium plugin. -->","yoast_head_json":{"title":"COUPS DE PILON - De la brouille \u00e0 la dissonance\u2026 | Nettali.com","robots":{"index":"index","follow":"follow","max-snippet":"max-snippet:-1","max-image-preview":"max-image-preview:large","max-video-preview":"max-video-preview:-1"},"canonical":"https:\/\/www.nettali.com\/2025\/12\/08\/coups-de-pilon-de-la-brouille-a-la-dissonance\/","og_locale":"fr_FR","og_type":"article","og_title":"COUPS DE PILON - De la brouille \u00e0 la dissonance\u2026","og_description":"NETTALI.COM - \"Un besoin de clarifications et aujourd'hui, tout est clair\", c\u2019est ce qu\u2019a r\u00e9cemment d\u00e9clar\u00e9 le Premier ministre devant les d\u00e9put\u00e9s, dans le cadre de la derni\u00e8re s\u00e9ance de questions d\u2019actualit\u00e9s des d\u00e9put\u00e9s. \"Tout se passe bien entre nous, il n'y a aucun probl\u00e8me. Chacun peut avoir sa d\u00e9marche politique.\", a-t-il poursuivi. Mais, au-del\u00e0 [&hellip;]","og_url":"https:\/\/www.nettali.com\/2025\/12\/08\/coups-de-pilon-de-la-brouille-a-la-dissonance\/","og_site_name":"Nettali.com","article_publisher":"https:\/\/www.facebook.com\/nettalicom","article_published_time":"2025-12-08T01:33:24+00:00","article_modified_time":"2025-12-12T08:07:54+00:00","og_image":[{"width":1280,"height":600,"url":"https:\/\/www.nettali.com\/wp-content\/uploads\/2025\/12\/faye-toure-diouf-ndiaye-bodian-sonko.jpg","type":"image\/jpeg"}],"twitter_card":"summary_large_image","twitter_misc":{"\u00c9crit par":"CK","Dur\u00e9e de lecture estim\u00e9e":"16 minutes"},"schema":{"@context":"https:\/\/schema.org","@graph":[{"@type":"WebSite","@id":"https:\/\/www.nettali.com\/#website","url":"https:\/\/www.nettali.com\/","name":"Nettali.com","description":"Le rendez-vous critique du Net","potentialAction":[{"@type":"SearchAction","target":{"@type":"EntryPoint","urlTemplate":"https:\/\/www.nettali.com\/?s={search_term_string}"},"query-input":"required name=search_term_string"}],"inLanguage":"fr-FR"},{"@type":"ImageObject","@id":"https:\/\/www.nettali.com\/2025\/12\/08\/coups-de-pilon-de-la-brouille-a-la-dissonance\/#primaryimage","inLanguage":"fr-FR","url":"https:\/\/www.nettali.com\/wp-content\/uploads\/2025\/12\/faye-toure-diouf-ndiaye-bodian-sonko.jpg","contentUrl":"https:\/\/www.nettali.com\/wp-content\/uploads\/2025\/12\/faye-toure-diouf-ndiaye-bodian-sonko.jpg","width":1280,"height":600},{"@type":"WebPage","@id":"https:\/\/www.nettali.com\/2025\/12\/08\/coups-de-pilon-de-la-brouille-a-la-dissonance\/#webpage","url":"https:\/\/www.nettali.com\/2025\/12\/08\/coups-de-pilon-de-la-brouille-a-la-dissonance\/","name":"COUPS DE PILON - De la brouille \u00e0 la dissonance\u2026 | Nettali.com","isPartOf":{"@id":"https:\/\/www.nettali.com\/#website"},"primaryImageOfPage":{"@id":"https:\/\/www.nettali.com\/2025\/12\/08\/coups-de-pilon-de-la-brouille-a-la-dissonance\/#primaryimage"},"datePublished":"2025-12-08T01:33:24+00:00","dateModified":"2025-12-12T08:07:54+00:00","author":{"@id":"https:\/\/www.nettali.com\/#\/schema\/person\/d8ac7b7e27ddad43f1c0d2ef090d7f71"},"breadcrumb":{"@id":"https:\/\/www.nettali.com\/2025\/12\/08\/coups-de-pilon-de-la-brouille-a-la-dissonance\/#breadcrumb"},"inLanguage":"fr-FR","potentialAction":[{"@type":"ReadAction","target":["https:\/\/www.nettali.com\/2025\/12\/08\/coups-de-pilon-de-la-brouille-a-la-dissonance\/"]}]},{"@type":"BreadcrumbList","@id":"https:\/\/www.nettali.com\/2025\/12\/08\/coups-de-pilon-de-la-brouille-a-la-dissonance\/#breadcrumb","itemListElement":[{"@type":"ListItem","position":1,"name":"Accueil","item":"https:\/\/www.nettali.com\/"},{"@type":"ListItem","position":2,"name":"COUPS DE PILON - De la brouille \u00e0 la dissonance\u2026"}]},{"@type":"Person","@id":"https:\/\/www.nettali.com\/#\/schema\/person\/d8ac7b7e27ddad43f1c0d2ef090d7f71","name":"CK","image":{"@type":"ImageObject","@id":"https:\/\/www.nettali.com\/#personlogo","inLanguage":"fr-FR","url":"https:\/\/secure.gravatar.com\/avatar\/1d8d5118b9327d94da7cd4ce7f17fec2?s=96&d=mm&r=g","contentUrl":"https:\/\/secure.gravatar.com\/avatar\/1d8d5118b9327d94da7cd4ce7f17fec2?s=96&d=mm&r=g","caption":"CK"},"sameAs":["https:\/\/www.nettali.com"]}]}},"_links":{"self":[{"href":"https:\/\/www.nettali.com\/rest\/wp\/v2\/posts\/165952"}],"collection":[{"href":"https:\/\/www.nettali.com\/rest\/wp\/v2\/posts"}],"about":[{"href":"https:\/\/www.nettali.com\/rest\/wp\/v2\/types\/post"}],"author":[{"embeddable":true,"href":"https:\/\/www.nettali.com\/rest\/wp\/v2\/users\/2"}],"replies":[{"embeddable":true,"href":"https:\/\/www.nettali.com\/rest\/wp\/v2\/comments?post=165952"}],"version-history":[{"count":5,"href":"https:\/\/www.nettali.com\/rest\/wp\/v2\/posts\/165952\/revisions"}],"predecessor-version":[{"id":165982,"href":"https:\/\/www.nettali.com\/rest\/wp\/v2\/posts\/165952\/revisions\/165982"}],"wp:featuredmedia":[{"embeddable":true,"href":"https:\/\/www.nettali.com\/rest\/wp\/v2\/media\/165798"}],"wp:attachment":[{"href":"https:\/\/www.nettali.com\/rest\/wp\/v2\/media?parent=165952"}],"wp:term":[{"taxonomy":"category","embeddable":true,"href":"https:\/\/www.nettali.com\/rest\/wp\/v2\/categories?post=165952"},{"taxonomy":"post_tag","embeddable":true,"href":"https:\/\/www.nettali.com\/rest\/wp\/v2\/tags?post=165952"}],"curies":[{"name":"wp","href":"https:\/\/api.w.org\/{rel}","templated":true}]}}