{"id":165941,"date":"2025-12-07T20:36:04","date_gmt":"2025-12-07T20:36:04","guid":{"rendered":"https:\/\/www.nettali.com\/?p=165941"},"modified":"2025-12-07T20:36:04","modified_gmt":"2025-12-07T20:36:04","slug":"senegal-vs-france-kun-aguero-implique-dans-un-commentaire-raciste","status":"publish","type":"post","link":"https:\/\/www.nettali.com\/2025\/12\/07\/senegal-vs-france-kun-aguero-implique-dans-un-commentaire-raciste\/","title":{"rendered":"S\u00c9N\u00c9GAL VS FRANCE - Kun Aguero impliqu\u00e9 dans un commentaire raciste"},"content":{"rendered":"<p><strong>NETTALI.COM - L\u2019ancien footballeur argentin est impliqu\u00e9 dans une affaire jug\u00e9e raciste. En effet, Sergio Kun Aguero a \u00e9clat\u00e9 de rire en entendant un commentaire malheureux sur le match qui opposera le S\u00e9n\u00e9gal \u00e0 la France, lors de la Coupe du Monde 2026.<\/strong><\/p>\n<p>D\u00e9cid\u00e9ment, les rapports entre la France et l'Argentine ne sont plus les m\u00eames depuis ce fameux 18 d\u00e9cembre 2022 et la finale de la derni\u00e8re Coupe du monde (3-3, 2-4 t.a.b). Alors qu'Enzo Fernandez s'\u00e9tait d\u00e9j\u00e0 distingu\u00e9 apr\u00e8s la finale de la Copa America en entonnant un chant raciste \u00e0 l'encontre des joueurs fran\u00e7ais, c'est d\u00e9sormais Sergio Ag\u00fcero qui fait pol\u00e9mique depuis quelques heures.<\/p>\n<p>Pr\u00e9sent en visio aux c\u00f4t\u00e9s d'influenceurs pour r\u00e9agir au tirage au sort effectu\u00e9 vendredi, l'ancien attaquant de Manchester City et du FC Barcelone a demand\u00e9 aux autres personnes pr\u00e9sentes sur ce live \"qui a \u00e9t\u00e9 tir\u00e9 en compagnie de la France ?\". Les autres r\u00e9pondent alors le S\u00e9n\u00e9gal.<br \/>\nFacundo Iriondo, streameur argentin et pr\u00e9sum\u00e9 fan de River Plate, lance alors \u00e0 son tour : \"<em>France-S\u00e9n\u00e9gal ! C\u2019est l\u2019\u00e9quipe premi\u00e8re contre la r\u00e9serve<\/em>\". Une r\u00e9ponse inattendue qui a provoqu\u00e9 l\u2019hilarit\u00e9 des participants, y compris celle d\u2019Aguero lui-m\u00eame.<\/p>\n<p>Une nouvelle blague raciste qui ne risque pas d'am\u00e9liorer les rapports entre les deux \u00e9quipes. On se rappelle des tensions lors des derniers Jeux Olympiques o\u00f9 Fran\u00e7ais et Argentins s'\u00e9taient invectiv\u00e9s durant une majeure partie de la rencontre.<\/p>\n<div class='share-to-whatsapp-wrapper'><div class='share-on-whsp'>PARTAGER SUR : <\/div><a data-text='S\u00c9N\u00c9GAL VS FRANCE - Kun Aguero impliqu\u00e9 dans un commentaire raciste' data-link='https:\/\/www.nettali.com\/2025\/12\/07\/senegal-vs-france-kun-aguero-implique-dans-un-commentaire-raciste\/' class='whatsapp-button whatsapp-share'>WhatsApp<\/a><div class='clear '><\/div><\/div>","protected":false},"excerpt":{"rendered":"<p>NETTALI.COM - L\u2019ancien footballeur argentin est impliqu\u00e9 dans une affaire jug\u00e9e raciste. En effet, Sergio Kun Aguero a \u00e9clat\u00e9 de rire en entendant un commentaire malheureux sur le match qui opposera le S\u00e9n\u00e9gal \u00e0 la France, lors de la Coupe du Monde 2026. D\u00e9cid\u00e9ment, les rapports entre la France et l'Argentine ne sont plus les [&hellip;]<\/p>\n","protected":false},"author":5,"featured_media":165942,"comment_status":"open","ping_status":"open","sticky":false,"template":"","format":"standard","meta":{"_et_pb_use_builder":"","_et_pb_old_content":""},"categories":[6],"tags":[],"yoast_head":"<!-- This site is optimized with the Yoast SEO Premium plugin v17.8 (Yoast SEO v17.8) - https:\/\/yoast.com\/wordpress\/plugins\/seo\/ -->\n<title>S\u00c9N\u00c9GAL VS FRANCE - Kun Aguero impliqu\u00e9 dans un commentaire raciste | Nettali.com<\/title>\n<meta name=\"robots\" content=\"index, follow, max-snippet:-1, max-image-preview:large, max-video-preview:-1\" \/>\n<link rel=\"canonical\" href=\"https:\/\/www.nettali.com\/2025\/12\/07\/senegal-vs-france-kun-aguero-implique-dans-un-commentaire-raciste\/\" \/>\n<meta property=\"og:locale\" content=\"fr_FR\" \/>\n<meta property=\"og:type\" content=\"article\" \/>\n<meta property=\"og:title\" content=\"S\u00c9N\u00c9GAL VS FRANCE - Kun Aguero impliqu\u00e9 dans un commentaire raciste\" \/>\n<meta property=\"og:description\" content=\"NETTALI.COM - L\u2019ancien footballeur argentin est impliqu\u00e9 dans une affaire jug\u00e9e raciste. En effet, Sergio Kun Aguero a \u00e9clat\u00e9 de rire en entendant un commentaire malheureux sur le match qui opposera le S\u00e9n\u00e9gal \u00e0 la France, lors de la Coupe du Monde 2026. D\u00e9cid\u00e9ment, les rapports entre la France et l&#039;Argentine ne sont plus les [&hellip;]\" \/>\n<meta property=\"og:url\" content=\"https:\/\/www.nettali.com\/2025\/12\/07\/senegal-vs-france-kun-aguero-implique-dans-un-commentaire-raciste\/\" \/>\n<meta property=\"og:site_name\" content=\"Nettali.com\" \/>\n<meta property=\"article:publisher\" content=\"https:\/\/www.facebook.com\/nettalicom\" \/>\n<meta property=\"article:published_time\" content=\"2025-12-07T20:36:04+00:00\" \/>\n<meta property=\"og:image\" content=\"https:\/\/www.nettali.com\/wp-content\/uploads\/2025\/12\/images-16.jpeg\" \/>\n\t<meta property=\"og:image:width\" content=\"738\" \/>\n\t<meta property=\"og:image:height\" content=\"415\" \/>\n<meta name=\"twitter:card\" content=\"summary_large_image\" \/>\n<meta name=\"twitter:label1\" content=\"\u00c9crit par\" \/>\n\t<meta name=\"twitter:data1\" content=\"Ibrahima\" \/>\n\t<meta name=\"twitter:label2\" content=\"Dur\u00e9e de lecture estim\u00e9e\" \/>\n\t<meta name=\"twitter:data2\" content=\"2 minutes\" \/>\n<script type=\"application\/ld+json\" class=\"yoast-schema-graph\">{\"@context\":\"https:\/\/schema.org\",\"@graph\":[{\"@type\":\"WebSite\",\"@id\":\"https:\/\/www.nettali.com\/#website\",\"url\":\"https:\/\/www.nettali.com\/\",\"name\":\"Nettali.com\",\"description\":\"Le rendez-vous critique du Net\",\"potentialAction\":[{\"@type\":\"SearchAction\",\"target\":{\"@type\":\"EntryPoint\",\"urlTemplate\":\"https:\/\/www.nettali.com\/?s={search_term_string}\"},\"query-input\":\"required name=search_term_string\"}],\"inLanguage\":\"fr-FR\"},{\"@type\":\"ImageObject\",\"@id\":\"https:\/\/www.nettali.com\/2025\/12\/07\/senegal-vs-france-kun-aguero-implique-dans-un-commentaire-raciste\/#primaryimage\",\"inLanguage\":\"fr-FR\",\"url\":\"https:\/\/www.nettali.com\/wp-content\/uploads\/2025\/12\/images-16.jpeg\",\"contentUrl\":\"https:\/\/www.nettali.com\/wp-content\/uploads\/2025\/12\/images-16.jpeg\",\"width\":738,\"height\":415},{\"@type\":\"WebPage\",\"@id\":\"https:\/\/www.nettali.com\/2025\/12\/07\/senegal-vs-france-kun-aguero-implique-dans-un-commentaire-raciste\/#webpage\",\"url\":\"https:\/\/www.nettali.com\/2025\/12\/07\/senegal-vs-france-kun-aguero-implique-dans-un-commentaire-raciste\/\",\"name\":\"S\\u00c9N\\u00c9GAL VS FRANCE - Kun Aguero impliqu\\u00e9 dans un commentaire raciste | Nettali.com\",\"isPartOf\":{\"@id\":\"https:\/\/www.nettali.com\/#website\"},\"primaryImageOfPage\":{\"@id\":\"https:\/\/www.nettali.com\/2025\/12\/07\/senegal-vs-france-kun-aguero-implique-dans-un-commentaire-raciste\/#primaryimage\"},\"datePublished\":\"2025-12-07T20:36:04+00:00\",\"dateModified\":\"2025-12-07T20:36:04+00:00\",\"author\":{\"@id\":\"https:\/\/www.nettali.com\/#\/schema\/person\/bb147657c2986240405a608162b9bb23\"},\"breadcrumb\":{\"@id\":\"https:\/\/www.nettali.com\/2025\/12\/07\/senegal-vs-france-kun-aguero-implique-dans-un-commentaire-raciste\/#breadcrumb\"},\"inLanguage\":\"fr-FR\",\"potentialAction\":[{\"@type\":\"ReadAction\",\"target\":[\"https:\/\/www.nettali.com\/2025\/12\/07\/senegal-vs-france-kun-aguero-implique-dans-un-commentaire-raciste\/\"]}]},{\"@type\":\"BreadcrumbList\",\"@id\":\"https:\/\/www.nettali.com\/2025\/12\/07\/senegal-vs-france-kun-aguero-implique-dans-un-commentaire-raciste\/#breadcrumb\",\"itemListElement\":[{\"@type\":\"ListItem\",\"position\":1,\"name\":\"Accueil\",\"item\":\"https:\/\/www.nettali.com\/\"},{\"@type\":\"ListItem\",\"position\":2,\"name\":\"S\\u00c9N\\u00c9GAL VS FRANCE - Kun Aguero impliqu\\u00e9 dans un commentaire raciste\"}]},{\"@type\":\"Person\",\"@id\":\"https:\/\/www.nettali.com\/#\/schema\/person\/bb147657c2986240405a608162b9bb23\",\"name\":\"Ibrahima\",\"image\":{\"@type\":\"ImageObject\",\"@id\":\"https:\/\/www.nettali.com\/#personlogo\",\"inLanguage\":\"fr-FR\",\"url\":\"https:\/\/secure.gravatar.com\/avatar\/26a8a81f09f0dd7624c9d5c36c9ba3a2?s=96&d=mm&r=g\",\"contentUrl\":\"https:\/\/secure.gravatar.com\/avatar\/26a8a81f09f0dd7624c9d5c36c9ba3a2?s=96&d=mm&r=g\",\"caption\":\"Ibrahima\"},\"sameAs\":[\"https:\/\/www.nettali.com\"]}]}<\/script>\n<!-- \/ Yoast SEO Premium plugin. -->","yoast_head_json":{"title":"S\u00c9N\u00c9GAL VS FRANCE - Kun Aguero impliqu\u00e9 dans un commentaire raciste | Nettali.com","robots":{"index":"index","follow":"follow","max-snippet":"max-snippet:-1","max-image-preview":"max-image-preview:large","max-video-preview":"max-video-preview:-1"},"canonical":"https:\/\/www.nettali.com\/2025\/12\/07\/senegal-vs-france-kun-aguero-implique-dans-un-commentaire-raciste\/","og_locale":"fr_FR","og_type":"article","og_title":"S\u00c9N\u00c9GAL VS FRANCE - Kun Aguero impliqu\u00e9 dans un commentaire raciste","og_description":"NETTALI.COM - L\u2019ancien footballeur argentin est impliqu\u00e9 dans une affaire jug\u00e9e raciste. En effet, Sergio Kun Aguero a \u00e9clat\u00e9 de rire en entendant un commentaire malheureux sur le match qui opposera le S\u00e9n\u00e9gal \u00e0 la France, lors de la Coupe du Monde 2026. D\u00e9cid\u00e9ment, les rapports entre la France et l'Argentine ne sont plus les [&hellip;]","og_url":"https:\/\/www.nettali.com\/2025\/12\/07\/senegal-vs-france-kun-aguero-implique-dans-un-commentaire-raciste\/","og_site_name":"Nettali.com","article_publisher":"https:\/\/www.facebook.com\/nettalicom","article_published_time":"2025-12-07T20:36:04+00:00","og_image":[{"width":738,"height":415,"url":"https:\/\/www.nettali.com\/wp-content\/uploads\/2025\/12\/images-16.jpeg","type":"image\/jpeg"}],"twitter_card":"summary_large_image","twitter_misc":{"\u00c9crit par":"Ibrahima","Dur\u00e9e de lecture estim\u00e9e":"2 minutes"},"schema":{"@context":"https:\/\/schema.org","@graph":[{"@type":"WebSite","@id":"https:\/\/www.nettali.com\/#website","url":"https:\/\/www.nettali.com\/","name":"Nettali.com","description":"Le rendez-vous critique du Net","potentialAction":[{"@type":"SearchAction","target":{"@type":"EntryPoint","urlTemplate":"https:\/\/www.nettali.com\/?s={search_term_string}"},"query-input":"required name=search_term_string"}],"inLanguage":"fr-FR"},{"@type":"ImageObject","@id":"https:\/\/www.nettali.com\/2025\/12\/07\/senegal-vs-france-kun-aguero-implique-dans-un-commentaire-raciste\/#primaryimage","inLanguage":"fr-FR","url":"https:\/\/www.nettali.com\/wp-content\/uploads\/2025\/12\/images-16.jpeg","contentUrl":"https:\/\/www.nettali.com\/wp-content\/uploads\/2025\/12\/images-16.jpeg","width":738,"height":415},{"@type":"WebPage","@id":"https:\/\/www.nettali.com\/2025\/12\/07\/senegal-vs-france-kun-aguero-implique-dans-un-commentaire-raciste\/#webpage","url":"https:\/\/www.nettali.com\/2025\/12\/07\/senegal-vs-france-kun-aguero-implique-dans-un-commentaire-raciste\/","name":"S\u00c9N\u00c9GAL VS FRANCE - Kun Aguero impliqu\u00e9 dans un commentaire raciste | Nettali.com","isPartOf":{"@id":"https:\/\/www.nettali.com\/#website"},"primaryImageOfPage":{"@id":"https:\/\/www.nettali.com\/2025\/12\/07\/senegal-vs-france-kun-aguero-implique-dans-un-commentaire-raciste\/#primaryimage"},"datePublished":"2025-12-07T20:36:04+00:00","dateModified":"2025-12-07T20:36:04+00:00","author":{"@id":"https:\/\/www.nettali.com\/#\/schema\/person\/bb147657c2986240405a608162b9bb23"},"breadcrumb":{"@id":"https:\/\/www.nettali.com\/2025\/12\/07\/senegal-vs-france-kun-aguero-implique-dans-un-commentaire-raciste\/#breadcrumb"},"inLanguage":"fr-FR","potentialAction":[{"@type":"ReadAction","target":["https:\/\/www.nettali.com\/2025\/12\/07\/senegal-vs-france-kun-aguero-implique-dans-un-commentaire-raciste\/"]}]},{"@type":"BreadcrumbList","@id":"https:\/\/www.nettali.com\/2025\/12\/07\/senegal-vs-france-kun-aguero-implique-dans-un-commentaire-raciste\/#breadcrumb","itemListElement":[{"@type":"ListItem","position":1,"name":"Accueil","item":"https:\/\/www.nettali.com\/"},{"@type":"ListItem","position":2,"name":"S\u00c9N\u00c9GAL VS FRANCE - Kun Aguero impliqu\u00e9 dans un commentaire raciste"}]},{"@type":"Person","@id":"https:\/\/www.nettali.com\/#\/schema\/person\/bb147657c2986240405a608162b9bb23","name":"Ibrahima","image":{"@type":"ImageObject","@id":"https:\/\/www.nettali.com\/#personlogo","inLanguage":"fr-FR","url":"https:\/\/secure.gravatar.com\/avatar\/26a8a81f09f0dd7624c9d5c36c9ba3a2?s=96&d=mm&r=g","contentUrl":"https:\/\/secure.gravatar.com\/avatar\/26a8a81f09f0dd7624c9d5c36c9ba3a2?s=96&d=mm&r=g","caption":"Ibrahima"},"sameAs":["https:\/\/www.nettali.com"]}]}},"_links":{"self":[{"href":"https:\/\/www.nettali.com\/rest\/wp\/v2\/posts\/165941"}],"collection":[{"href":"https:\/\/www.nettali.com\/rest\/wp\/v2\/posts"}],"about":[{"href":"https:\/\/www.nettali.com\/rest\/wp\/v2\/types\/post"}],"author":[{"embeddable":true,"href":"https:\/\/www.nettali.com\/rest\/wp\/v2\/users\/5"}],"replies":[{"embeddable":true,"href":"https:\/\/www.nettali.com\/rest\/wp\/v2\/comments?post=165941"}],"version-history":[{"count":3,"href":"https:\/\/www.nettali.com\/rest\/wp\/v2\/posts\/165941\/revisions"}],"predecessor-version":[{"id":165947,"href":"https:\/\/www.nettali.com\/rest\/wp\/v2\/posts\/165941\/revisions\/165947"}],"wp:featuredmedia":[{"embeddable":true,"href":"https:\/\/www.nettali.com\/rest\/wp\/v2\/media\/165942"}],"wp:attachment":[{"href":"https:\/\/www.nettali.com\/rest\/wp\/v2\/media?parent=165941"}],"wp:term":[{"taxonomy":"category","embeddable":true,"href":"https:\/\/www.nettali.com\/rest\/wp\/v2\/categories?post=165941"},{"taxonomy":"post_tag","embeddable":true,"href":"https:\/\/www.nettali.com\/rest\/wp\/v2\/tags?post=165941"}],"curies":[{"name":"wp","href":"https:\/\/api.w.org\/{rel}","templated":true}]}}