{"id":165920,"date":"2025-12-06T22:47:02","date_gmt":"2025-12-06T22:47:02","guid":{"rendered":"https:\/\/www.nettali.com\/?p=165920"},"modified":"2025-12-08T09:57:22","modified_gmt":"2025-12-08T09:57:22","slug":"baisse-officielle-des-prix-du-carburant-le-gouvernement-allege-la-facture-des-menages","status":"publish","type":"post","link":"https:\/\/www.nettali.com\/2025\/12\/06\/baisse-officielle-des-prix-du-carburant-le-gouvernement-allege-la-facture-des-menages\/","title":{"rendered":"CONSOMMATION - Le gouvernement baisse le prix du carburant"},"content":{"rendered":"<p data-start=\"97\" data-end=\"341\"><strong data-start=\"97\" data-end=\"341\">NETTALI.COM - \u00c0 compter de ce samedi \u00e0 18h, les prix du carburant connaissent une baisse notable : le supercarburant passe \u00e0 920 FCFA le litre et le gazole \u00e0 680 FCFA. Une mesure destin\u00e9e \u00e0 renforcer le pouvoir d\u2019achat des S\u00e9n\u00e9galais, selon les autorit\u00e9s.<\/strong><\/p>\n<p data-start=\"343\" data-end=\"634\">Le Minist\u00e8re de l\u2019\u00c9nergie, du P\u00e9trole et des Mines, via la Commission de R\u00e9gulation du Secteur de l\u2019\u00c9nergie (CRSE), a annonc\u00e9 ce samedi une r\u00e9duction officielle des prix des hydrocarbures. Une d\u00e9cision qui intervient dans un contexte \u00e9conomique marqu\u00e9 par une forte pression sur les m\u00e9nages.<\/p>\n<p data-start=\"636\" data-end=\"888\">Cette baisse avait \u00e9t\u00e9 anticip\u00e9e apr\u00e8s l\u2019engagement pris par le ministre de l\u2019\u00c9nergie, Birame Soul\u00e8ye Diop, lors de son passage \u00e0 l\u2019Assembl\u00e9e nationale. Il avait promis une r\u00e9duction des prix dans un d\u00e9lai de 15 jours \u2014 promesse d\u00e9sormais mat\u00e9rialis\u00e9e.<\/p>\n<p data-start=\"890\" data-end=\"1220\" data-is-last-node=\"\" data-is-only-node=\"\">Selon le gouvernement, cette mesure s\u2019inscrit dans une strat\u00e9gie plus large visant \u00e0 r\u00e9duire durablement le co\u00fbt de la vie, am\u00e9liorer le pouvoir d\u2019achat et prot\u00e9ger les populations les plus vuln\u00e9rables. Elle repr\u00e9sente \u00e9galement un signal politique fort dans un climat social marqu\u00e9 par des revendications \u00e9conomiques croissantes.<\/p>\n<p>&nbsp;<\/p>\n<div class='share-to-whatsapp-wrapper'><div class='share-on-whsp'>PARTAGER SUR : <\/div><a data-text='CONSOMMATION - Le gouvernement baisse le prix du carburant' data-link='https:\/\/www.nettali.com\/2025\/12\/06\/baisse-officielle-des-prix-du-carburant-le-gouvernement-allege-la-facture-des-menages\/' class='whatsapp-button whatsapp-share'>WhatsApp<\/a><div class='clear '><\/div><\/div>","protected":false},"excerpt":{"rendered":"<p>NETTALI.COM - \u00c0 compter de ce samedi \u00e0 18h, les prix du carburant connaissent une baisse notable : le supercarburant passe \u00e0 920 FCFA le litre et le gazole \u00e0 680 FCFA. Une mesure destin\u00e9e \u00e0 renforcer le pouvoir d\u2019achat des S\u00e9n\u00e9galais, selon les autorit\u00e9s. Le Minist\u00e8re de l\u2019\u00c9nergie, du P\u00e9trole et des Mines, via [&hellip;]<\/p>\n","protected":false},"author":4,"featured_media":87564,"comment_status":"open","ping_status":"open","sticky":false,"template":"","format":"standard","meta":{"_et_pb_use_builder":"","_et_pb_old_content":""},"categories":[4],"tags":[],"yoast_head":"<!-- This site is optimized with the Yoast SEO Premium plugin v17.8 (Yoast SEO v17.8) - https:\/\/yoast.com\/wordpress\/plugins\/seo\/ -->\n<title>CONSOMMATION - Le gouvernement baisse le prix du carburant | Nettali.com<\/title>\n<meta name=\"robots\" content=\"index, follow, max-snippet:-1, max-image-preview:large, max-video-preview:-1\" \/>\n<link rel=\"canonical\" href=\"https:\/\/www.nettali.com\/2025\/12\/06\/baisse-officielle-des-prix-du-carburant-le-gouvernement-allege-la-facture-des-menages\/\" \/>\n<meta property=\"og:locale\" content=\"fr_FR\" \/>\n<meta property=\"og:type\" content=\"article\" \/>\n<meta property=\"og:title\" content=\"CONSOMMATION - Le gouvernement baisse le prix du carburant\" \/>\n<meta property=\"og:description\" content=\"NETTALI.COM - \u00c0 compter de ce samedi \u00e0 18h, les prix du carburant connaissent une baisse notable : le supercarburant passe \u00e0 920 FCFA le litre et le gazole \u00e0 680 FCFA. Une mesure destin\u00e9e \u00e0 renforcer le pouvoir d\u2019achat des S\u00e9n\u00e9galais, selon les autorit\u00e9s. Le Minist\u00e8re de l\u2019\u00c9nergie, du P\u00e9trole et des Mines, via [&hellip;]\" \/>\n<meta property=\"og:url\" content=\"https:\/\/www.nettali.com\/2025\/12\/06\/baisse-officielle-des-prix-du-carburant-le-gouvernement-allege-la-facture-des-menages\/\" \/>\n<meta property=\"og:site_name\" content=\"Nettali.com\" \/>\n<meta property=\"article:publisher\" content=\"https:\/\/www.facebook.com\/nettalicom\" \/>\n<meta property=\"article:published_time\" content=\"2025-12-06T22:47:02+00:00\" \/>\n<meta property=\"article:modified_time\" content=\"2025-12-08T09:57:22+00:00\" \/>\n<meta property=\"og:image\" content=\"https:\/\/www.nettali.com\/wp-content\/uploads\/2022\/06\/carburant.jpg\" \/>\n\t<meta property=\"og:image:width\" content=\"1250\" \/>\n\t<meta property=\"og:image:height\" content=\"625\" \/>\n<meta name=\"twitter:card\" content=\"summary_large_image\" \/>\n<meta name=\"twitter:label1\" content=\"\u00c9crit par\" \/>\n\t<meta name=\"twitter:data1\" content=\"Daouda\" \/>\n\t<meta name=\"twitter:label2\" content=\"Dur\u00e9e de lecture estim\u00e9e\" \/>\n\t<meta name=\"twitter:data2\" content=\"1 minute\" \/>\n<script type=\"application\/ld+json\" class=\"yoast-schema-graph\">{\"@context\":\"https:\/\/schema.org\",\"@graph\":[{\"@type\":\"WebSite\",\"@id\":\"https:\/\/www.nettali.com\/#website\",\"url\":\"https:\/\/www.nettali.com\/\",\"name\":\"Nettali.com\",\"description\":\"Le rendez-vous critique du Net\",\"potentialAction\":[{\"@type\":\"SearchAction\",\"target\":{\"@type\":\"EntryPoint\",\"urlTemplate\":\"https:\/\/www.nettali.com\/?s={search_term_string}\"},\"query-input\":\"required name=search_term_string\"}],\"inLanguage\":\"fr-FR\"},{\"@type\":\"ImageObject\",\"@id\":\"https:\/\/www.nettali.com\/2025\/12\/06\/baisse-officielle-des-prix-du-carburant-le-gouvernement-allege-la-facture-des-menages\/#primaryimage\",\"inLanguage\":\"fr-FR\",\"url\":\"https:\/\/www.nettali.com\/wp-content\/uploads\/2022\/06\/carburant.jpg\",\"contentUrl\":\"https:\/\/www.nettali.com\/wp-content\/uploads\/2022\/06\/carburant.jpg\",\"width\":1250,\"height\":625},{\"@type\":\"WebPage\",\"@id\":\"https:\/\/www.nettali.com\/2025\/12\/06\/baisse-officielle-des-prix-du-carburant-le-gouvernement-allege-la-facture-des-menages\/#webpage\",\"url\":\"https:\/\/www.nettali.com\/2025\/12\/06\/baisse-officielle-des-prix-du-carburant-le-gouvernement-allege-la-facture-des-menages\/\",\"name\":\"CONSOMMATION - Le gouvernement baisse le prix du carburant | Nettali.com\",\"isPartOf\":{\"@id\":\"https:\/\/www.nettali.com\/#website\"},\"primaryImageOfPage\":{\"@id\":\"https:\/\/www.nettali.com\/2025\/12\/06\/baisse-officielle-des-prix-du-carburant-le-gouvernement-allege-la-facture-des-menages\/#primaryimage\"},\"datePublished\":\"2025-12-06T22:47:02+00:00\",\"dateModified\":\"2025-12-08T09:57:22+00:00\",\"author\":{\"@id\":\"https:\/\/www.nettali.com\/#\/schema\/person\/3317e0bb3aa1da309fbf7b2780901bf4\"},\"breadcrumb\":{\"@id\":\"https:\/\/www.nettali.com\/2025\/12\/06\/baisse-officielle-des-prix-du-carburant-le-gouvernement-allege-la-facture-des-menages\/#breadcrumb\"},\"inLanguage\":\"fr-FR\",\"potentialAction\":[{\"@type\":\"ReadAction\",\"target\":[\"https:\/\/www.nettali.com\/2025\/12\/06\/baisse-officielle-des-prix-du-carburant-le-gouvernement-allege-la-facture-des-menages\/\"]}]},{\"@type\":\"BreadcrumbList\",\"@id\":\"https:\/\/www.nettali.com\/2025\/12\/06\/baisse-officielle-des-prix-du-carburant-le-gouvernement-allege-la-facture-des-menages\/#breadcrumb\",\"itemListElement\":[{\"@type\":\"ListItem\",\"position\":1,\"name\":\"Accueil\",\"item\":\"https:\/\/www.nettali.com\/\"},{\"@type\":\"ListItem\",\"position\":2,\"name\":\"CONSOMMATION - Le gouvernement baisse le prix du carburant\"}]},{\"@type\":\"Person\",\"@id\":\"https:\/\/www.nettali.com\/#\/schema\/person\/3317e0bb3aa1da309fbf7b2780901bf4\",\"name\":\"Daouda\",\"image\":{\"@type\":\"ImageObject\",\"@id\":\"https:\/\/www.nettali.com\/#personlogo\",\"inLanguage\":\"fr-FR\",\"url\":\"https:\/\/secure.gravatar.com\/avatar\/8d143b5a49345098ddcfee1c49c2f47c?s=96&d=mm&r=g\",\"contentUrl\":\"https:\/\/secure.gravatar.com\/avatar\/8d143b5a49345098ddcfee1c49c2f47c?s=96&d=mm&r=g\",\"caption\":\"Daouda\"},\"sameAs\":[\"https:\/\/www.nettali.com\"]}]}<\/script>\n<!-- \/ Yoast SEO Premium plugin. -->","yoast_head_json":{"title":"CONSOMMATION - Le gouvernement baisse le prix du carburant | Nettali.com","robots":{"index":"index","follow":"follow","max-snippet":"max-snippet:-1","max-image-preview":"max-image-preview:large","max-video-preview":"max-video-preview:-1"},"canonical":"https:\/\/www.nettali.com\/2025\/12\/06\/baisse-officielle-des-prix-du-carburant-le-gouvernement-allege-la-facture-des-menages\/","og_locale":"fr_FR","og_type":"article","og_title":"CONSOMMATION - Le gouvernement baisse le prix du carburant","og_description":"NETTALI.COM - \u00c0 compter de ce samedi \u00e0 18h, les prix du carburant connaissent une baisse notable : le supercarburant passe \u00e0 920 FCFA le litre et le gazole \u00e0 680 FCFA. Une mesure destin\u00e9e \u00e0 renforcer le pouvoir d\u2019achat des S\u00e9n\u00e9galais, selon les autorit\u00e9s. Le Minist\u00e8re de l\u2019\u00c9nergie, du P\u00e9trole et des Mines, via [&hellip;]","og_url":"https:\/\/www.nettali.com\/2025\/12\/06\/baisse-officielle-des-prix-du-carburant-le-gouvernement-allege-la-facture-des-menages\/","og_site_name":"Nettali.com","article_publisher":"https:\/\/www.facebook.com\/nettalicom","article_published_time":"2025-12-06T22:47:02+00:00","article_modified_time":"2025-12-08T09:57:22+00:00","og_image":[{"width":1250,"height":625,"url":"https:\/\/www.nettali.com\/wp-content\/uploads\/2022\/06\/carburant.jpg","type":"image\/jpeg"}],"twitter_card":"summary_large_image","twitter_misc":{"\u00c9crit par":"Daouda","Dur\u00e9e de lecture estim\u00e9e":"1 minute"},"schema":{"@context":"https:\/\/schema.org","@graph":[{"@type":"WebSite","@id":"https:\/\/www.nettali.com\/#website","url":"https:\/\/www.nettali.com\/","name":"Nettali.com","description":"Le rendez-vous critique du Net","potentialAction":[{"@type":"SearchAction","target":{"@type":"EntryPoint","urlTemplate":"https:\/\/www.nettali.com\/?s={search_term_string}"},"query-input":"required name=search_term_string"}],"inLanguage":"fr-FR"},{"@type":"ImageObject","@id":"https:\/\/www.nettali.com\/2025\/12\/06\/baisse-officielle-des-prix-du-carburant-le-gouvernement-allege-la-facture-des-menages\/#primaryimage","inLanguage":"fr-FR","url":"https:\/\/www.nettali.com\/wp-content\/uploads\/2022\/06\/carburant.jpg","contentUrl":"https:\/\/www.nettali.com\/wp-content\/uploads\/2022\/06\/carburant.jpg","width":1250,"height":625},{"@type":"WebPage","@id":"https:\/\/www.nettali.com\/2025\/12\/06\/baisse-officielle-des-prix-du-carburant-le-gouvernement-allege-la-facture-des-menages\/#webpage","url":"https:\/\/www.nettali.com\/2025\/12\/06\/baisse-officielle-des-prix-du-carburant-le-gouvernement-allege-la-facture-des-menages\/","name":"CONSOMMATION - Le gouvernement baisse le prix du carburant | Nettali.com","isPartOf":{"@id":"https:\/\/www.nettali.com\/#website"},"primaryImageOfPage":{"@id":"https:\/\/www.nettali.com\/2025\/12\/06\/baisse-officielle-des-prix-du-carburant-le-gouvernement-allege-la-facture-des-menages\/#primaryimage"},"datePublished":"2025-12-06T22:47:02+00:00","dateModified":"2025-12-08T09:57:22+00:00","author":{"@id":"https:\/\/www.nettali.com\/#\/schema\/person\/3317e0bb3aa1da309fbf7b2780901bf4"},"breadcrumb":{"@id":"https:\/\/www.nettali.com\/2025\/12\/06\/baisse-officielle-des-prix-du-carburant-le-gouvernement-allege-la-facture-des-menages\/#breadcrumb"},"inLanguage":"fr-FR","potentialAction":[{"@type":"ReadAction","target":["https:\/\/www.nettali.com\/2025\/12\/06\/baisse-officielle-des-prix-du-carburant-le-gouvernement-allege-la-facture-des-menages\/"]}]},{"@type":"BreadcrumbList","@id":"https:\/\/www.nettali.com\/2025\/12\/06\/baisse-officielle-des-prix-du-carburant-le-gouvernement-allege-la-facture-des-menages\/#breadcrumb","itemListElement":[{"@type":"ListItem","position":1,"name":"Accueil","item":"https:\/\/www.nettali.com\/"},{"@type":"ListItem","position":2,"name":"CONSOMMATION - Le gouvernement baisse le prix du carburant"}]},{"@type":"Person","@id":"https:\/\/www.nettali.com\/#\/schema\/person\/3317e0bb3aa1da309fbf7b2780901bf4","name":"Daouda","image":{"@type":"ImageObject","@id":"https:\/\/www.nettali.com\/#personlogo","inLanguage":"fr-FR","url":"https:\/\/secure.gravatar.com\/avatar\/8d143b5a49345098ddcfee1c49c2f47c?s=96&d=mm&r=g","contentUrl":"https:\/\/secure.gravatar.com\/avatar\/8d143b5a49345098ddcfee1c49c2f47c?s=96&d=mm&r=g","caption":"Daouda"},"sameAs":["https:\/\/www.nettali.com"]}]}},"_links":{"self":[{"href":"https:\/\/www.nettali.com\/rest\/wp\/v2\/posts\/165920"}],"collection":[{"href":"https:\/\/www.nettali.com\/rest\/wp\/v2\/posts"}],"about":[{"href":"https:\/\/www.nettali.com\/rest\/wp\/v2\/types\/post"}],"author":[{"embeddable":true,"href":"https:\/\/www.nettali.com\/rest\/wp\/v2\/users\/4"}],"replies":[{"embeddable":true,"href":"https:\/\/www.nettali.com\/rest\/wp\/v2\/comments?post=165920"}],"version-history":[{"count":3,"href":"https:\/\/www.nettali.com\/rest\/wp\/v2\/posts\/165920\/revisions"}],"predecessor-version":[{"id":165937,"href":"https:\/\/www.nettali.com\/rest\/wp\/v2\/posts\/165920\/revisions\/165937"}],"wp:featuredmedia":[{"embeddable":true,"href":"https:\/\/www.nettali.com\/rest\/wp\/v2\/media\/87564"}],"wp:attachment":[{"href":"https:\/\/www.nettali.com\/rest\/wp\/v2\/media?parent=165920"}],"wp:term":[{"taxonomy":"category","embeddable":true,"href":"https:\/\/www.nettali.com\/rest\/wp\/v2\/categories?post=165920"},{"taxonomy":"post_tag","embeddable":true,"href":"https:\/\/www.nettali.com\/rest\/wp\/v2\/tags?post=165920"}],"curies":[{"name":"wp","href":"https:\/\/api.w.org\/{rel}","templated":true}]}}