{"id":165913,"date":"2025-12-06T22:30:36","date_gmt":"2025-12-06T22:30:36","guid":{"rendered":"https:\/\/www.nettali.com\/?p=165913"},"modified":"2025-12-06T22:30:36","modified_gmt":"2025-12-06T22:30:36","slug":"securite-aux-frontieres-les-deputes-alertent-sur-la-menace-djihadiste-le-ministre-des-forces-armees-rassure","status":"publish","type":"post","link":"https:\/\/www.nettali.com\/2025\/12\/06\/securite-aux-frontieres-les-deputes-alertent-sur-la-menace-djihadiste-le-ministre-des-forces-armees-rassure\/","title":{"rendered":"SECURIT\u00c9 AUX FRONTI\u00c8RES - Les d\u00e9put\u00e9s alertent sur la menace djihadiste, le ministre des Forces arm\u00e9es rassure"},"content":{"rendered":"<p data-start=\"209\" data-end=\"623\"><strong data-start=\"209\" data-end=\"623\">NETTALI.COM - Lors des travaux de commission consacr\u00e9s au budget 2026 du minist\u00e8re des Forces arm\u00e9es, les d\u00e9put\u00e9s ont exprim\u00e9 une vive inqui\u00e9tude face \u00e0 la recrudescence des attaques djihadistes pr\u00e8s de la fronti\u00e8re malienne. Ils ont interrog\u00e9 le ministre Birame Diop sur les capacit\u00e9s de surveillance, la pr\u00e9sence de groupes arm\u00e9s dans la sous-r\u00e9gion et les failles s\u00e9curitaires observ\u00e9es dans certaines zones frontali\u00e8res.<\/strong><\/p>\n<p data-start=\"696\" data-end=\"1028\">La mont\u00e9e des attaques \u00e0 proximit\u00e9 de la fronti\u00e8re avec le Mali a fortement pr\u00e9occup\u00e9 les d\u00e9put\u00e9s. Plusieurs d\u2019entre eux ont point\u00e9 du doigt l\u2019absence d\u2019intervention visible des Forces arm\u00e9es s\u00e9n\u00e9galaises lors de r\u00e9cents incidents, s\u2019interrogeant sur la capacit\u00e9 de r\u00e9action et les dispositifs de surveillance actuellement en place.<\/p>\n<p data-start=\"1030\" data-end=\"1252\">Ils ont \u00e9galement alert\u00e9 sur la pr\u00e9sence croissante d\u2019\u00e9trangers circulant avec de simples documents d\u2019identit\u00e9, une situation jug\u00e9e \u00ab \u00e0 haut risque \u00bb dans un contexte r\u00e9gional marqu\u00e9 par l\u2019expansion de groupes terroristes.<\/p>\n<p data-start=\"1364\" data-end=\"1456\">Pour faire face \u00e0 ces menaces, les parlementaires ont propos\u00e9 plusieurs mesures, notamment : la cr\u00e9ation d\u2019un deuxi\u00e8me poste de gendarmerie \u00e0 la fronti\u00e8re s\u00e9n\u00e9galo-malienne ; le renforcement des brigades de Saint-Louis, Barkedji et M\u00e9dina Yoro Foulah et un contr\u00f4le accru des motos \u201cDjakarta\u201d, souvent utilis\u00e9es pour transporter des personnes apr\u00e8s les premiers points de contr\u00f4le.<\/p>\n<p data-start=\"1841\" data-end=\"1934\">R\u00e9pondant aux pr\u00e9occupations, le ministre des Forces arm\u00e9es, Birame Diop, a tenu \u00e0 rassurer : <em>\u00ab Toutes les mesures sont prises pour garantir la s\u00e9curit\u00e9 aux fronti\u00e8res. \u00bb<\/em><\/p>\n<p data-start=\"2016\" data-end=\"2229\">Il a mis en avant le dispositif des <em>\u201ccases culturelles de citoyennet\u00e9 et de bon voisinage\u201d,<\/em> implant\u00e9es le long des fronti\u00e8res, un m\u00e9canisme de m\u00e9diation et de pr\u00e9vention des conflits salu\u00e9 dans la sous-r\u00e9gion.<\/p>\n<p data-start=\"2308\" data-end=\"2393\">Abordant la question d\u2019\u00e9ventuelles interventions au Mali, le ministre a rappel\u00e9 que : <em>\u00ab La complexit\u00e9 de la menace djihadiste impose des r\u00e9ponses africaines coordonn\u00e9es. \u00bb<\/em><\/p>\n<p data-start=\"2484\" data-end=\"2633\">Selon lui, la strat\u00e9gie de s\u00e9curit\u00e9 doit combiner pr\u00e9sence militaire et actions sociales au sein des populations, afin de pr\u00e9venir la radicalisation.<\/p>\n<p data-start=\"2699\" data-end=\"2844\">Les d\u00e9put\u00e9s ont enfin insist\u00e9 sur les besoins logistiques et humains : effectifs suppl\u00e9mentaires, mat\u00e9riel adapt\u00e9 et infrastructures modernis\u00e9es.<\/p>\n<p data-start=\"2846\" data-end=\"3061\">Le ministre a assur\u00e9 que plusieurs projets sont en cours, notamment le montage de v\u00e9hicules militaires, la cr\u00e9ation de nouvelles brigades et la poursuite de la mont\u00e9e en puissance de l\u2019arm\u00e9e s\u00e9n\u00e9galaise.<\/p>\n<div class='share-to-whatsapp-wrapper'><div class='share-on-whsp'>PARTAGER SUR : <\/div><a data-text='SECURIT\u00c9 AUX FRONTI\u00c8RES - Les d\u00e9put\u00e9s alertent sur la menace djihadiste, le ministre des Forces arm\u00e9es rassure' data-link='https:\/\/www.nettali.com\/2025\/12\/06\/securite-aux-frontieres-les-deputes-alertent-sur-la-menace-djihadiste-le-ministre-des-forces-armees-rassure\/' class='whatsapp-button whatsapp-share'>WhatsApp<\/a><div class='clear '><\/div><\/div>","protected":false},"excerpt":{"rendered":"<p>NETTALI.COM - Lors des travaux de commission consacr\u00e9s au budget 2026 du minist\u00e8re des Forces arm\u00e9es, les d\u00e9put\u00e9s ont exprim\u00e9 une vive inqui\u00e9tude face \u00e0 la recrudescence des attaques djihadistes pr\u00e8s de la fronti\u00e8re malienne. Ils ont interrog\u00e9 le ministre Birame Diop sur les capacit\u00e9s de surveillance, la pr\u00e9sence de groupes arm\u00e9s dans la sous-r\u00e9gion [&hellip;]<\/p>\n","protected":false},"author":4,"featured_media":163953,"comment_status":"open","ping_status":"open","sticky":false,"template":"","format":"standard","meta":{"_et_pb_use_builder":"","_et_pb_old_content":""},"categories":[3],"tags":[],"yoast_head":"<!-- This site is optimized with the Yoast SEO Premium plugin v17.8 (Yoast SEO v17.8) - https:\/\/yoast.com\/wordpress\/plugins\/seo\/ -->\n<title>SECURIT\u00c9 AUX FRONTI\u00c8RES - Les d\u00e9put\u00e9s alertent sur la menace djihadiste, le ministre des Forces arm\u00e9es rassure | Nettali.com<\/title>\n<meta name=\"robots\" content=\"index, follow, max-snippet:-1, max-image-preview:large, max-video-preview:-1\" \/>\n<link rel=\"canonical\" href=\"https:\/\/www.nettali.com\/2025\/12\/06\/securite-aux-frontieres-les-deputes-alertent-sur-la-menace-djihadiste-le-ministre-des-forces-armees-rassure\/\" \/>\n<meta property=\"og:locale\" content=\"fr_FR\" \/>\n<meta property=\"og:type\" content=\"article\" \/>\n<meta property=\"og:title\" content=\"SECURIT\u00c9 AUX FRONTI\u00c8RES - Les d\u00e9put\u00e9s alertent sur la menace djihadiste, le ministre des Forces arm\u00e9es rassure\" \/>\n<meta property=\"og:description\" content=\"NETTALI.COM - Lors des travaux de commission consacr\u00e9s au budget 2026 du minist\u00e8re des Forces arm\u00e9es, les d\u00e9put\u00e9s ont exprim\u00e9 une vive inqui\u00e9tude face \u00e0 la recrudescence des attaques djihadistes pr\u00e8s de la fronti\u00e8re malienne. Ils ont interrog\u00e9 le ministre Birame Diop sur les capacit\u00e9s de surveillance, la pr\u00e9sence de groupes arm\u00e9s dans la sous-r\u00e9gion [&hellip;]\" \/>\n<meta property=\"og:url\" content=\"https:\/\/www.nettali.com\/2025\/12\/06\/securite-aux-frontieres-les-deputes-alertent-sur-la-menace-djihadiste-le-ministre-des-forces-armees-rassure\/\" \/>\n<meta property=\"og:site_name\" content=\"Nettali.com\" \/>\n<meta property=\"article:publisher\" content=\"https:\/\/www.facebook.com\/nettalicom\" \/>\n<meta property=\"article:published_time\" content=\"2025-12-06T22:30:36+00:00\" \/>\n<meta property=\"og:image\" content=\"https:\/\/www.nettali.com\/wp-content\/uploads\/2025\/11\/Birame-Diop-appelle-a-des-strategies-efficaces-pour-une-meilleure-gouvernance-des-ressources-naturelles-en-Afrique.jpg\" \/>\n\t<meta property=\"og:image:width\" content=\"800\" \/>\n\t<meta property=\"og:image:height\" content=\"500\" \/>\n<meta name=\"twitter:card\" content=\"summary_large_image\" \/>\n<meta name=\"twitter:label1\" content=\"\u00c9crit par\" \/>\n\t<meta name=\"twitter:data1\" content=\"Daouda\" \/>\n\t<meta name=\"twitter:label2\" content=\"Dur\u00e9e de lecture estim\u00e9e\" \/>\n\t<meta name=\"twitter:data2\" content=\"2 minutes\" \/>\n<script type=\"application\/ld+json\" class=\"yoast-schema-graph\">{\"@context\":\"https:\/\/schema.org\",\"@graph\":[{\"@type\":\"WebSite\",\"@id\":\"https:\/\/www.nettali.com\/#website\",\"url\":\"https:\/\/www.nettali.com\/\",\"name\":\"Nettali.com\",\"description\":\"Le rendez-vous critique du Net\",\"potentialAction\":[{\"@type\":\"SearchAction\",\"target\":{\"@type\":\"EntryPoint\",\"urlTemplate\":\"https:\/\/www.nettali.com\/?s={search_term_string}\"},\"query-input\":\"required name=search_term_string\"}],\"inLanguage\":\"fr-FR\"},{\"@type\":\"ImageObject\",\"@id\":\"https:\/\/www.nettali.com\/2025\/12\/06\/securite-aux-frontieres-les-deputes-alertent-sur-la-menace-djihadiste-le-ministre-des-forces-armees-rassure\/#primaryimage\",\"inLanguage\":\"fr-FR\",\"url\":\"https:\/\/www.nettali.com\/wp-content\/uploads\/2025\/11\/Birame-Diop-appelle-a-des-strategies-efficaces-pour-une-meilleure-gouvernance-des-ressources-naturelles-en-Afrique.jpg\",\"contentUrl\":\"https:\/\/www.nettali.com\/wp-content\/uploads\/2025\/11\/Birame-Diop-appelle-a-des-strategies-efficaces-pour-une-meilleure-gouvernance-des-ressources-naturelles-en-Afrique.jpg\",\"width\":800,\"height\":500},{\"@type\":\"WebPage\",\"@id\":\"https:\/\/www.nettali.com\/2025\/12\/06\/securite-aux-frontieres-les-deputes-alertent-sur-la-menace-djihadiste-le-ministre-des-forces-armees-rassure\/#webpage\",\"url\":\"https:\/\/www.nettali.com\/2025\/12\/06\/securite-aux-frontieres-les-deputes-alertent-sur-la-menace-djihadiste-le-ministre-des-forces-armees-rassure\/\",\"name\":\"SECURIT\\u00c9 AUX FRONTI\\u00c8RES - Les d\\u00e9put\\u00e9s alertent sur la menace djihadiste, le ministre des Forces arm\\u00e9es rassure | Nettali.com\",\"isPartOf\":{\"@id\":\"https:\/\/www.nettali.com\/#website\"},\"primaryImageOfPage\":{\"@id\":\"https:\/\/www.nettali.com\/2025\/12\/06\/securite-aux-frontieres-les-deputes-alertent-sur-la-menace-djihadiste-le-ministre-des-forces-armees-rassure\/#primaryimage\"},\"datePublished\":\"2025-12-06T22:30:36+00:00\",\"dateModified\":\"2025-12-06T22:30:36+00:00\",\"author\":{\"@id\":\"https:\/\/www.nettali.com\/#\/schema\/person\/3317e0bb3aa1da309fbf7b2780901bf4\"},\"breadcrumb\":{\"@id\":\"https:\/\/www.nettali.com\/2025\/12\/06\/securite-aux-frontieres-les-deputes-alertent-sur-la-menace-djihadiste-le-ministre-des-forces-armees-rassure\/#breadcrumb\"},\"inLanguage\":\"fr-FR\",\"potentialAction\":[{\"@type\":\"ReadAction\",\"target\":[\"https:\/\/www.nettali.com\/2025\/12\/06\/securite-aux-frontieres-les-deputes-alertent-sur-la-menace-djihadiste-le-ministre-des-forces-armees-rassure\/\"]}]},{\"@type\":\"BreadcrumbList\",\"@id\":\"https:\/\/www.nettali.com\/2025\/12\/06\/securite-aux-frontieres-les-deputes-alertent-sur-la-menace-djihadiste-le-ministre-des-forces-armees-rassure\/#breadcrumb\",\"itemListElement\":[{\"@type\":\"ListItem\",\"position\":1,\"name\":\"Accueil\",\"item\":\"https:\/\/www.nettali.com\/\"},{\"@type\":\"ListItem\",\"position\":2,\"name\":\"SECURIT\\u00c9 AUX FRONTI\\u00c8RES - Les d\\u00e9put\\u00e9s alertent sur la menace djihadiste, le ministre des Forces arm\\u00e9es rassure\"}]},{\"@type\":\"Person\",\"@id\":\"https:\/\/www.nettali.com\/#\/schema\/person\/3317e0bb3aa1da309fbf7b2780901bf4\",\"name\":\"Daouda\",\"image\":{\"@type\":\"ImageObject\",\"@id\":\"https:\/\/www.nettali.com\/#personlogo\",\"inLanguage\":\"fr-FR\",\"url\":\"https:\/\/secure.gravatar.com\/avatar\/8d143b5a49345098ddcfee1c49c2f47c?s=96&d=mm&r=g\",\"contentUrl\":\"https:\/\/secure.gravatar.com\/avatar\/8d143b5a49345098ddcfee1c49c2f47c?s=96&d=mm&r=g\",\"caption\":\"Daouda\"},\"sameAs\":[\"https:\/\/www.nettali.com\"]}]}<\/script>\n<!-- \/ Yoast SEO Premium plugin. -->","yoast_head_json":{"title":"SECURIT\u00c9 AUX FRONTI\u00c8RES - Les d\u00e9put\u00e9s alertent sur la menace djihadiste, le ministre des Forces arm\u00e9es rassure | Nettali.com","robots":{"index":"index","follow":"follow","max-snippet":"max-snippet:-1","max-image-preview":"max-image-preview:large","max-video-preview":"max-video-preview:-1"},"canonical":"https:\/\/www.nettali.com\/2025\/12\/06\/securite-aux-frontieres-les-deputes-alertent-sur-la-menace-djihadiste-le-ministre-des-forces-armees-rassure\/","og_locale":"fr_FR","og_type":"article","og_title":"SECURIT\u00c9 AUX FRONTI\u00c8RES - Les d\u00e9put\u00e9s alertent sur la menace djihadiste, le ministre des Forces arm\u00e9es rassure","og_description":"NETTALI.COM - Lors des travaux de commission consacr\u00e9s au budget 2026 du minist\u00e8re des Forces arm\u00e9es, les d\u00e9put\u00e9s ont exprim\u00e9 une vive inqui\u00e9tude face \u00e0 la recrudescence des attaques djihadistes pr\u00e8s de la fronti\u00e8re malienne. Ils ont interrog\u00e9 le ministre Birame Diop sur les capacit\u00e9s de surveillance, la pr\u00e9sence de groupes arm\u00e9s dans la sous-r\u00e9gion [&hellip;]","og_url":"https:\/\/www.nettali.com\/2025\/12\/06\/securite-aux-frontieres-les-deputes-alertent-sur-la-menace-djihadiste-le-ministre-des-forces-armees-rassure\/","og_site_name":"Nettali.com","article_publisher":"https:\/\/www.facebook.com\/nettalicom","article_published_time":"2025-12-06T22:30:36+00:00","og_image":[{"width":800,"height":500,"url":"https:\/\/www.nettali.com\/wp-content\/uploads\/2025\/11\/Birame-Diop-appelle-a-des-strategies-efficaces-pour-une-meilleure-gouvernance-des-ressources-naturelles-en-Afrique.jpg","type":"image\/jpeg"}],"twitter_card":"summary_large_image","twitter_misc":{"\u00c9crit par":"Daouda","Dur\u00e9e de lecture estim\u00e9e":"2 minutes"},"schema":{"@context":"https:\/\/schema.org","@graph":[{"@type":"WebSite","@id":"https:\/\/www.nettali.com\/#website","url":"https:\/\/www.nettali.com\/","name":"Nettali.com","description":"Le rendez-vous critique du Net","potentialAction":[{"@type":"SearchAction","target":{"@type":"EntryPoint","urlTemplate":"https:\/\/www.nettali.com\/?s={search_term_string}"},"query-input":"required name=search_term_string"}],"inLanguage":"fr-FR"},{"@type":"ImageObject","@id":"https:\/\/www.nettali.com\/2025\/12\/06\/securite-aux-frontieres-les-deputes-alertent-sur-la-menace-djihadiste-le-ministre-des-forces-armees-rassure\/#primaryimage","inLanguage":"fr-FR","url":"https:\/\/www.nettali.com\/wp-content\/uploads\/2025\/11\/Birame-Diop-appelle-a-des-strategies-efficaces-pour-une-meilleure-gouvernance-des-ressources-naturelles-en-Afrique.jpg","contentUrl":"https:\/\/www.nettali.com\/wp-content\/uploads\/2025\/11\/Birame-Diop-appelle-a-des-strategies-efficaces-pour-une-meilleure-gouvernance-des-ressources-naturelles-en-Afrique.jpg","width":800,"height":500},{"@type":"WebPage","@id":"https:\/\/www.nettali.com\/2025\/12\/06\/securite-aux-frontieres-les-deputes-alertent-sur-la-menace-djihadiste-le-ministre-des-forces-armees-rassure\/#webpage","url":"https:\/\/www.nettali.com\/2025\/12\/06\/securite-aux-frontieres-les-deputes-alertent-sur-la-menace-djihadiste-le-ministre-des-forces-armees-rassure\/","name":"SECURIT\u00c9 AUX FRONTI\u00c8RES - Les d\u00e9put\u00e9s alertent sur la menace djihadiste, le ministre des Forces arm\u00e9es rassure | Nettali.com","isPartOf":{"@id":"https:\/\/www.nettali.com\/#website"},"primaryImageOfPage":{"@id":"https:\/\/www.nettali.com\/2025\/12\/06\/securite-aux-frontieres-les-deputes-alertent-sur-la-menace-djihadiste-le-ministre-des-forces-armees-rassure\/#primaryimage"},"datePublished":"2025-12-06T22:30:36+00:00","dateModified":"2025-12-06T22:30:36+00:00","author":{"@id":"https:\/\/www.nettali.com\/#\/schema\/person\/3317e0bb3aa1da309fbf7b2780901bf4"},"breadcrumb":{"@id":"https:\/\/www.nettali.com\/2025\/12\/06\/securite-aux-frontieres-les-deputes-alertent-sur-la-menace-djihadiste-le-ministre-des-forces-armees-rassure\/#breadcrumb"},"inLanguage":"fr-FR","potentialAction":[{"@type":"ReadAction","target":["https:\/\/www.nettali.com\/2025\/12\/06\/securite-aux-frontieres-les-deputes-alertent-sur-la-menace-djihadiste-le-ministre-des-forces-armees-rassure\/"]}]},{"@type":"BreadcrumbList","@id":"https:\/\/www.nettali.com\/2025\/12\/06\/securite-aux-frontieres-les-deputes-alertent-sur-la-menace-djihadiste-le-ministre-des-forces-armees-rassure\/#breadcrumb","itemListElement":[{"@type":"ListItem","position":1,"name":"Accueil","item":"https:\/\/www.nettali.com\/"},{"@type":"ListItem","position":2,"name":"SECURIT\u00c9 AUX FRONTI\u00c8RES - Les d\u00e9put\u00e9s alertent sur la menace djihadiste, le ministre des Forces arm\u00e9es rassure"}]},{"@type":"Person","@id":"https:\/\/www.nettali.com\/#\/schema\/person\/3317e0bb3aa1da309fbf7b2780901bf4","name":"Daouda","image":{"@type":"ImageObject","@id":"https:\/\/www.nettali.com\/#personlogo","inLanguage":"fr-FR","url":"https:\/\/secure.gravatar.com\/avatar\/8d143b5a49345098ddcfee1c49c2f47c?s=96&d=mm&r=g","contentUrl":"https:\/\/secure.gravatar.com\/avatar\/8d143b5a49345098ddcfee1c49c2f47c?s=96&d=mm&r=g","caption":"Daouda"},"sameAs":["https:\/\/www.nettali.com"]}]}},"_links":{"self":[{"href":"https:\/\/www.nettali.com\/rest\/wp\/v2\/posts\/165913"}],"collection":[{"href":"https:\/\/www.nettali.com\/rest\/wp\/v2\/posts"}],"about":[{"href":"https:\/\/www.nettali.com\/rest\/wp\/v2\/types\/post"}],"author":[{"embeddable":true,"href":"https:\/\/www.nettali.com\/rest\/wp\/v2\/users\/4"}],"replies":[{"embeddable":true,"href":"https:\/\/www.nettali.com\/rest\/wp\/v2\/comments?post=165913"}],"version-history":[{"count":1,"href":"https:\/\/www.nettali.com\/rest\/wp\/v2\/posts\/165913\/revisions"}],"predecessor-version":[{"id":165914,"href":"https:\/\/www.nettali.com\/rest\/wp\/v2\/posts\/165913\/revisions\/165914"}],"wp:featuredmedia":[{"embeddable":true,"href":"https:\/\/www.nettali.com\/rest\/wp\/v2\/media\/163953"}],"wp:attachment":[{"href":"https:\/\/www.nettali.com\/rest\/wp\/v2\/media?parent=165913"}],"wp:term":[{"taxonomy":"category","embeddable":true,"href":"https:\/\/www.nettali.com\/rest\/wp\/v2\/categories?post=165913"},{"taxonomy":"post_tag","embeddable":true,"href":"https:\/\/www.nettali.com\/rest\/wp\/v2\/tags?post=165913"}],"curies":[{"name":"wp","href":"https:\/\/api.w.org\/{rel}","templated":true}]}}