{"id":165909,"date":"2025-12-06T22:17:22","date_gmt":"2025-12-06T22:17:22","guid":{"rendered":"https:\/\/www.nettali.com\/?p=165909"},"modified":"2025-12-06T22:17:22","modified_gmt":"2025-12-06T22:17:22","slug":"crises-dans-les-universites-laeems-denonce-la-violence-et-appelle-letat-a-des-solutions-structurelles","status":"publish","type":"post","link":"https:\/\/www.nettali.com\/2025\/12\/06\/crises-dans-les-universites-laeems-denonce-la-violence-et-appelle-letat-a-des-solutions-structurelles\/","title":{"rendered":"CRISES DANS LES UNIVERSITES - L'AEEMS d\u00e9nonce la violence et appelle l'\u00c9tat \u00e0 des solutions structurelles"},"content":{"rendered":"<p><strong>NETTALI.COM- L'Association des \u00e9l\u00e8ves et \u00e9tudiants musulmans du S\u00e9n\u00e9gal (AEEMS) a exprim\u00e9, dans un communiqu\u00e9 dat\u00e9 du 6 d\u00e9cembre 2025, sa vive pr\u00e9occupation face aux tensions persistantes qui secouent les universit\u00e9s publiques, tensions exacerb\u00e9es par les affrontements r\u00e9cents entre les \u00e9tudiants et les forces de l'ordre. Elle d\u00e9nonce la violence et appelle l'\u00c9tat \u00e0 des solutions structurelles.<\/strong><\/p>\n<p>Les violences \u00e0 l\u2019Universit\u00e9 Cheikh Anta Diop exasp\u00e8rent l\u2019Association des \u00e9l\u00e8ves et \u00e9tudiants musulmans du S\u00e9n\u00e9gal (Aeems). L'organisation d\u00e9plore particuli\u00e8rement la\u00a0pr\u00e9sence des forces de l'ordre\u00a0au sein des campus universitaires. \u00ab\u00a0Ces espaces sont traditionnellement d\u00e9di\u00e9s \u00e0 la vie sociale estudiantine et sont cens\u00e9s offrir un environnement serein et propice \u00e0 la poursuite des \u00e9tudes\u00a0\u00bb, rappelle l\u2019Aeems. A son avis, \u00ab\u00a0<em>loin de pacifier la situation, cette pr\u00e9sence ne fait qu'accentuer les frictions et installer un climat d'inqui\u00e9tude qui nuit gravement au d\u00e9veloppement des activit\u00e9s acad\u00e9miques\u00a0<\/em>\u00bb.<\/p>\n<p>Face \u00e0 cette situation, l'Association invite toutes les parties prenantes \u00ab \u00e0 bannir le recours \u00e0 toute forme de violence et \u00e0 privil\u00e9gier le dialogue responsable, condition indispensable \u00e0 un r\u00e8glement d\u00e9finitif des probl\u00e8mes \u00bb. Car, pour Issa Baboucar Di\u00e9dhiou et ses camarades \u00e9l\u00e8ves et \u00e9tudiants, \u00ab <em>la pr\u00e9servation des vies et de la stabilit\u00e9 de l'espace universitaire doit absolument primer sur toute autre consid\u00e9ration\u00a0<\/em>\u00bb.<\/p>\n<p>Dans cette dynamique de stabilit\u00e9 de l\u2019espace universitaire, ils exhortent \u00ab\u00a0<em>les \u00e9tudiants \u00e0 faire preuve de\u00a0retenue face aux infrastructures universitaires<\/em>\u00a0\u00bb. \u00ab\u00a0Toute man\u0153uvre destructrice compromet durablement le bon d\u00e9roulement de l'ann\u00e9e acad\u00e9mique, ce qui va \u00e0 l'encontre de l'int\u00e9r\u00eat commun\u00a0\u00bb, soulignent-ils.<\/p>\n<p>La responsabilit\u00e9 de l\u2019Etat dans cette crise est \u00e9galement point\u00e9e puisqu\u2019il est invit\u00e9 \u00ab\u00a0<em>\u00e0 trouver des\u00a0solutions structurelles et p\u00e9rennes\u00a0aux crises universitaires, notamment celles li\u00e9es aux bourses et aux conditions sociales<\/em>\u00a0\u00bb. Pour l\u2019Aeems, \u00ab\u00a0<em>ces solutions doivent \u00eatre port\u00e9es par une\u00a0gouvernance proactive\u00a0et une\u00a0communication transparente\u00a0de la part des autorit\u00e9s<\/em>\u00a0\u00bb.<\/p>\n<p>Pour finir, l'AEEMS lance un appel \u00e0 tous les acteurs pour qu'ils cultivent le sens du devoir et fassent preuve de responsabilit\u00e9, afin que l'avenir de l'\u00e9tudiant et les installations sur les campus, biens communs \u00e0 toutes les g\u00e9n\u00e9rations, soient strictement pr\u00e9serv\u00e9s.<\/p>\n<div class='share-to-whatsapp-wrapper'><div class='share-on-whsp'>PARTAGER SUR : <\/div><a data-text='CRISES DANS LES UNIVERSITES - L'AEEMS d\u00e9nonce la violence et appelle l'\u00c9tat \u00e0 des solutions structurelles' data-link='https:\/\/www.nettali.com\/2025\/12\/06\/crises-dans-les-universites-laeems-denonce-la-violence-et-appelle-letat-a-des-solutions-structurelles\/' class='whatsapp-button whatsapp-share'>WhatsApp<\/a><div class='clear '><\/div><\/div>","protected":false},"excerpt":{"rendered":"<p>NETTALI.COM- L'Association des \u00e9l\u00e8ves et \u00e9tudiants musulmans du S\u00e9n\u00e9gal (AEEMS) a exprim\u00e9, dans un communiqu\u00e9 dat\u00e9 du 6 d\u00e9cembre 2025, sa vive pr\u00e9occupation face aux tensions persistantes qui secouent les universit\u00e9s publiques, tensions exacerb\u00e9es par les affrontements r\u00e9cents entre les \u00e9tudiants et les forces de l'ordre. Elle d\u00e9nonce la violence et appelle l'\u00c9tat \u00e0 des [&hellip;]<\/p>\n","protected":false},"author":6,"featured_media":161256,"comment_status":"open","ping_status":"open","sticky":false,"template":"","format":"standard","meta":{"_et_pb_use_builder":"","_et_pb_old_content":""},"categories":[3],"tags":[],"yoast_head":"<!-- This site is optimized with the Yoast SEO Premium plugin v17.8 (Yoast SEO v17.8) - https:\/\/yoast.com\/wordpress\/plugins\/seo\/ -->\n<title>CRISES DANS LES UNIVERSITES - L&#039;AEEMS d\u00e9nonce la violence et appelle l&#039;\u00c9tat \u00e0 des solutions structurelles | Nettali.com<\/title>\n<meta name=\"robots\" content=\"index, follow, max-snippet:-1, max-image-preview:large, max-video-preview:-1\" \/>\n<link rel=\"canonical\" href=\"https:\/\/www.nettali.com\/2025\/12\/06\/crises-dans-les-universites-laeems-denonce-la-violence-et-appelle-letat-a-des-solutions-structurelles\/\" \/>\n<meta property=\"og:locale\" content=\"fr_FR\" \/>\n<meta property=\"og:type\" content=\"article\" \/>\n<meta property=\"og:title\" content=\"CRISES DANS LES UNIVERSITES - L&#039;AEEMS d\u00e9nonce la violence et appelle l&#039;\u00c9tat \u00e0 des solutions structurelles\" \/>\n<meta property=\"og:description\" content=\"NETTALI.COM- L&#039;Association des \u00e9l\u00e8ves et \u00e9tudiants musulmans du S\u00e9n\u00e9gal (AEEMS) a exprim\u00e9, dans un communiqu\u00e9 dat\u00e9 du 6 d\u00e9cembre 2025, sa vive pr\u00e9occupation face aux tensions persistantes qui secouent les universit\u00e9s publiques, tensions exacerb\u00e9es par les affrontements r\u00e9cents entre les \u00e9tudiants et les forces de l&#039;ordre. Elle d\u00e9nonce la violence et appelle l&#039;\u00c9tat \u00e0 des [&hellip;]\" \/>\n<meta property=\"og:url\" content=\"https:\/\/www.nettali.com\/2025\/12\/06\/crises-dans-les-universites-laeems-denonce-la-violence-et-appelle-letat-a-des-solutions-structurelles\/\" \/>\n<meta property=\"og:site_name\" content=\"Nettali.com\" \/>\n<meta property=\"article:publisher\" content=\"https:\/\/www.facebook.com\/nettalicom\" \/>\n<meta property=\"article:published_time\" content=\"2025-12-06T22:17:22+00:00\" \/>\n<meta property=\"og:image\" content=\"https:\/\/www.nettali.com\/wp-content\/uploads\/2025\/09\/Aeems.jpg\" \/>\n\t<meta property=\"og:image:width\" content=\"2196\" \/>\n\t<meta property=\"og:image:height\" content=\"2105\" \/>\n<meta name=\"twitter:card\" content=\"summary_large_image\" \/>\n<meta name=\"twitter:label1\" content=\"\u00c9crit par\" \/>\n\t<meta name=\"twitter:data1\" content=\"Fatou\" \/>\n\t<meta name=\"twitter:label2\" content=\"Dur\u00e9e de lecture estim\u00e9e\" \/>\n\t<meta name=\"twitter:data2\" content=\"2 minutes\" \/>\n<script type=\"application\/ld+json\" class=\"yoast-schema-graph\">{\"@context\":\"https:\/\/schema.org\",\"@graph\":[{\"@type\":\"WebSite\",\"@id\":\"https:\/\/www.nettali.com\/#website\",\"url\":\"https:\/\/www.nettali.com\/\",\"name\":\"Nettali.com\",\"description\":\"Le rendez-vous critique du Net\",\"potentialAction\":[{\"@type\":\"SearchAction\",\"target\":{\"@type\":\"EntryPoint\",\"urlTemplate\":\"https:\/\/www.nettali.com\/?s={search_term_string}\"},\"query-input\":\"required name=search_term_string\"}],\"inLanguage\":\"fr-FR\"},{\"@type\":\"ImageObject\",\"@id\":\"https:\/\/www.nettali.com\/2025\/12\/06\/crises-dans-les-universites-laeems-denonce-la-violence-et-appelle-letat-a-des-solutions-structurelles\/#primaryimage\",\"inLanguage\":\"fr-FR\",\"url\":\"https:\/\/www.nettali.com\/wp-content\/uploads\/2025\/09\/Aeems.jpg\",\"contentUrl\":\"https:\/\/www.nettali.com\/wp-content\/uploads\/2025\/09\/Aeems.jpg\",\"width\":2196,\"height\":2105},{\"@type\":\"WebPage\",\"@id\":\"https:\/\/www.nettali.com\/2025\/12\/06\/crises-dans-les-universites-laeems-denonce-la-violence-et-appelle-letat-a-des-solutions-structurelles\/#webpage\",\"url\":\"https:\/\/www.nettali.com\/2025\/12\/06\/crises-dans-les-universites-laeems-denonce-la-violence-et-appelle-letat-a-des-solutions-structurelles\/\",\"name\":\"CRISES DANS LES UNIVERSITES - L'AEEMS d\\u00e9nonce la violence et appelle l'\\u00c9tat \\u00e0 des solutions structurelles | Nettali.com\",\"isPartOf\":{\"@id\":\"https:\/\/www.nettali.com\/#website\"},\"primaryImageOfPage\":{\"@id\":\"https:\/\/www.nettali.com\/2025\/12\/06\/crises-dans-les-universites-laeems-denonce-la-violence-et-appelle-letat-a-des-solutions-structurelles\/#primaryimage\"},\"datePublished\":\"2025-12-06T22:17:22+00:00\",\"dateModified\":\"2025-12-06T22:17:22+00:00\",\"author\":{\"@id\":\"https:\/\/www.nettali.com\/#\/schema\/person\/418274a86bdf87caff7a3ef476bd0bbf\"},\"breadcrumb\":{\"@id\":\"https:\/\/www.nettali.com\/2025\/12\/06\/crises-dans-les-universites-laeems-denonce-la-violence-et-appelle-letat-a-des-solutions-structurelles\/#breadcrumb\"},\"inLanguage\":\"fr-FR\",\"potentialAction\":[{\"@type\":\"ReadAction\",\"target\":[\"https:\/\/www.nettali.com\/2025\/12\/06\/crises-dans-les-universites-laeems-denonce-la-violence-et-appelle-letat-a-des-solutions-structurelles\/\"]}]},{\"@type\":\"BreadcrumbList\",\"@id\":\"https:\/\/www.nettali.com\/2025\/12\/06\/crises-dans-les-universites-laeems-denonce-la-violence-et-appelle-letat-a-des-solutions-structurelles\/#breadcrumb\",\"itemListElement\":[{\"@type\":\"ListItem\",\"position\":1,\"name\":\"Accueil\",\"item\":\"https:\/\/www.nettali.com\/\"},{\"@type\":\"ListItem\",\"position\":2,\"name\":\"CRISES DANS LES UNIVERSITES - L'AEEMS d\\u00e9nonce la violence et appelle l'\\u00c9tat \\u00e0 des solutions structurelles\"}]},{\"@type\":\"Person\",\"@id\":\"https:\/\/www.nettali.com\/#\/schema\/person\/418274a86bdf87caff7a3ef476bd0bbf\",\"name\":\"Fatou\",\"image\":{\"@type\":\"ImageObject\",\"@id\":\"https:\/\/www.nettali.com\/#personlogo\",\"inLanguage\":\"fr-FR\",\"url\":\"https:\/\/secure.gravatar.com\/avatar\/5a9442a2bee7b4dcf167cab035858e9a?s=96&d=mm&r=g\",\"contentUrl\":\"https:\/\/secure.gravatar.com\/avatar\/5a9442a2bee7b4dcf167cab035858e9a?s=96&d=mm&r=g\",\"caption\":\"Fatou\"},\"sameAs\":[\"https:\/\/www.nettali.com\"]}]}<\/script>\n<!-- \/ Yoast SEO Premium plugin. -->","yoast_head_json":{"title":"CRISES DANS LES UNIVERSITES - L'AEEMS d\u00e9nonce la violence et appelle l'\u00c9tat \u00e0 des solutions structurelles | Nettali.com","robots":{"index":"index","follow":"follow","max-snippet":"max-snippet:-1","max-image-preview":"max-image-preview:large","max-video-preview":"max-video-preview:-1"},"canonical":"https:\/\/www.nettali.com\/2025\/12\/06\/crises-dans-les-universites-laeems-denonce-la-violence-et-appelle-letat-a-des-solutions-structurelles\/","og_locale":"fr_FR","og_type":"article","og_title":"CRISES DANS LES UNIVERSITES - L'AEEMS d\u00e9nonce la violence et appelle l'\u00c9tat \u00e0 des solutions structurelles","og_description":"NETTALI.COM- L'Association des \u00e9l\u00e8ves et \u00e9tudiants musulmans du S\u00e9n\u00e9gal (AEEMS) a exprim\u00e9, dans un communiqu\u00e9 dat\u00e9 du 6 d\u00e9cembre 2025, sa vive pr\u00e9occupation face aux tensions persistantes qui secouent les universit\u00e9s publiques, tensions exacerb\u00e9es par les affrontements r\u00e9cents entre les \u00e9tudiants et les forces de l'ordre. Elle d\u00e9nonce la violence et appelle l'\u00c9tat \u00e0 des [&hellip;]","og_url":"https:\/\/www.nettali.com\/2025\/12\/06\/crises-dans-les-universites-laeems-denonce-la-violence-et-appelle-letat-a-des-solutions-structurelles\/","og_site_name":"Nettali.com","article_publisher":"https:\/\/www.facebook.com\/nettalicom","article_published_time":"2025-12-06T22:17:22+00:00","og_image":[{"width":2196,"height":2105,"url":"https:\/\/www.nettali.com\/wp-content\/uploads\/2025\/09\/Aeems.jpg","type":"image\/jpeg"}],"twitter_card":"summary_large_image","twitter_misc":{"\u00c9crit par":"Fatou","Dur\u00e9e de lecture estim\u00e9e":"2 minutes"},"schema":{"@context":"https:\/\/schema.org","@graph":[{"@type":"WebSite","@id":"https:\/\/www.nettali.com\/#website","url":"https:\/\/www.nettali.com\/","name":"Nettali.com","description":"Le rendez-vous critique du Net","potentialAction":[{"@type":"SearchAction","target":{"@type":"EntryPoint","urlTemplate":"https:\/\/www.nettali.com\/?s={search_term_string}"},"query-input":"required name=search_term_string"}],"inLanguage":"fr-FR"},{"@type":"ImageObject","@id":"https:\/\/www.nettali.com\/2025\/12\/06\/crises-dans-les-universites-laeems-denonce-la-violence-et-appelle-letat-a-des-solutions-structurelles\/#primaryimage","inLanguage":"fr-FR","url":"https:\/\/www.nettali.com\/wp-content\/uploads\/2025\/09\/Aeems.jpg","contentUrl":"https:\/\/www.nettali.com\/wp-content\/uploads\/2025\/09\/Aeems.jpg","width":2196,"height":2105},{"@type":"WebPage","@id":"https:\/\/www.nettali.com\/2025\/12\/06\/crises-dans-les-universites-laeems-denonce-la-violence-et-appelle-letat-a-des-solutions-structurelles\/#webpage","url":"https:\/\/www.nettali.com\/2025\/12\/06\/crises-dans-les-universites-laeems-denonce-la-violence-et-appelle-letat-a-des-solutions-structurelles\/","name":"CRISES DANS LES UNIVERSITES - L'AEEMS d\u00e9nonce la violence et appelle l'\u00c9tat \u00e0 des solutions structurelles | Nettali.com","isPartOf":{"@id":"https:\/\/www.nettali.com\/#website"},"primaryImageOfPage":{"@id":"https:\/\/www.nettali.com\/2025\/12\/06\/crises-dans-les-universites-laeems-denonce-la-violence-et-appelle-letat-a-des-solutions-structurelles\/#primaryimage"},"datePublished":"2025-12-06T22:17:22+00:00","dateModified":"2025-12-06T22:17:22+00:00","author":{"@id":"https:\/\/www.nettali.com\/#\/schema\/person\/418274a86bdf87caff7a3ef476bd0bbf"},"breadcrumb":{"@id":"https:\/\/www.nettali.com\/2025\/12\/06\/crises-dans-les-universites-laeems-denonce-la-violence-et-appelle-letat-a-des-solutions-structurelles\/#breadcrumb"},"inLanguage":"fr-FR","potentialAction":[{"@type":"ReadAction","target":["https:\/\/www.nettali.com\/2025\/12\/06\/crises-dans-les-universites-laeems-denonce-la-violence-et-appelle-letat-a-des-solutions-structurelles\/"]}]},{"@type":"BreadcrumbList","@id":"https:\/\/www.nettali.com\/2025\/12\/06\/crises-dans-les-universites-laeems-denonce-la-violence-et-appelle-letat-a-des-solutions-structurelles\/#breadcrumb","itemListElement":[{"@type":"ListItem","position":1,"name":"Accueil","item":"https:\/\/www.nettali.com\/"},{"@type":"ListItem","position":2,"name":"CRISES DANS LES UNIVERSITES - L'AEEMS d\u00e9nonce la violence et appelle l'\u00c9tat \u00e0 des solutions structurelles"}]},{"@type":"Person","@id":"https:\/\/www.nettali.com\/#\/schema\/person\/418274a86bdf87caff7a3ef476bd0bbf","name":"Fatou","image":{"@type":"ImageObject","@id":"https:\/\/www.nettali.com\/#personlogo","inLanguage":"fr-FR","url":"https:\/\/secure.gravatar.com\/avatar\/5a9442a2bee7b4dcf167cab035858e9a?s=96&d=mm&r=g","contentUrl":"https:\/\/secure.gravatar.com\/avatar\/5a9442a2bee7b4dcf167cab035858e9a?s=96&d=mm&r=g","caption":"Fatou"},"sameAs":["https:\/\/www.nettali.com"]}]}},"_links":{"self":[{"href":"https:\/\/www.nettali.com\/rest\/wp\/v2\/posts\/165909"}],"collection":[{"href":"https:\/\/www.nettali.com\/rest\/wp\/v2\/posts"}],"about":[{"href":"https:\/\/www.nettali.com\/rest\/wp\/v2\/types\/post"}],"author":[{"embeddable":true,"href":"https:\/\/www.nettali.com\/rest\/wp\/v2\/users\/6"}],"replies":[{"embeddable":true,"href":"https:\/\/www.nettali.com\/rest\/wp\/v2\/comments?post=165909"}],"version-history":[{"count":3,"href":"https:\/\/www.nettali.com\/rest\/wp\/v2\/posts\/165909\/revisions"}],"predecessor-version":[{"id":165912,"href":"https:\/\/www.nettali.com\/rest\/wp\/v2\/posts\/165909\/revisions\/165912"}],"wp:featuredmedia":[{"embeddable":true,"href":"https:\/\/www.nettali.com\/rest\/wp\/v2\/media\/161256"}],"wp:attachment":[{"href":"https:\/\/www.nettali.com\/rest\/wp\/v2\/media?parent=165909"}],"wp:term":[{"taxonomy":"category","embeddable":true,"href":"https:\/\/www.nettali.com\/rest\/wp\/v2\/categories?post=165909"},{"taxonomy":"post_tag","embeddable":true,"href":"https:\/\/www.nettali.com\/rest\/wp\/v2\/tags?post=165909"}],"curies":[{"name":"wp","href":"https:\/\/api.w.org\/{rel}","templated":true}]}}