{"id":165906,"date":"2025-12-06T09:17:34","date_gmt":"2025-12-06T09:17:34","guid":{"rendered":"https:\/\/www.nettali.com\/?p=165906"},"modified":"2025-12-06T09:17:34","modified_gmt":"2025-12-06T09:17:34","slug":"edf-lloris-juge-le-senegal-et-la-norvege","status":"publish","type":"post","link":"https:\/\/www.nettali.com\/2025\/12\/06\/edf-lloris-juge-le-senegal-et-la-norvege\/","title":{"rendered":"EDF - Lloris juge le S\u00e9n\u00e9gal et la Norv\u00e8ge"},"content":{"rendered":"<p><strong>NETTALI.COM -<\/strong> Le tirage au sort de la Coupe du monde 2026 effectu\u00e9 ce vendredi a r\u00e9serv\u00e9 un programme cors\u00e9 \u00e0 l'\u00e9quipe de France : elle affrontera le S\u00e9n\u00e9gal, la Norv\u00e8ge et un barragiste (Irak, Bolivie ou Suriname). Sur M6, l'ancien gardien et capitaine des Bleus Hugo Lloris (38 ans, 145 s\u00e9lections) a analys\u00e9 les adversaires des Tricolores.<\/p>\n<p>\u201c<em>Le S\u00e9n\u00e9gal ? Je pense \u00e0 de mauvais souvenirs, cette Coupe du monde 2002 que j'ai suivie en tant que supporter. C'est du costaud, il y avait de grandes nations dans ce chapeau 2, le S\u00e9n\u00e9gal en fait partie. Ce sera un vrai d\u00e9fi physique et athl\u00e9tique face \u00e0 une tr\u00e8s bonne \u00e9quipe. La Norv\u00e8ge ? C'est une nation jeune avec des joueurs phares comme Erling Haaland et Martin \u00d8degaard qui repr\u00e9sentent cette g\u00e9n\u00e9ration talentueuse. C'est du lourd pour les Bleus. (...) Je ne suis pas forc\u00e9ment inquiet, mais j'esp\u00e8re qu'ils ne laisseront pas trop d'\u00e9nergie dans cette phase de groupes<\/em>\u201d, a jug\u00e9 le portier du Los Angeles FC. Les Bleus seront fix\u00e9s sur leur dernier adversaire au printemps.<\/p>\n<div class='share-to-whatsapp-wrapper'><div class='share-on-whsp'>PARTAGER SUR : <\/div><a data-text='EDF - Lloris juge le S\u00e9n\u00e9gal et la Norv\u00e8ge' data-link='https:\/\/www.nettali.com\/2025\/12\/06\/edf-lloris-juge-le-senegal-et-la-norvege\/' class='whatsapp-button whatsapp-share'>WhatsApp<\/a><div class='clear '><\/div><\/div>","protected":false},"excerpt":{"rendered":"<p>NETTALI.COM - Le tirage au sort de la Coupe du monde 2026 effectu\u00e9 ce vendredi a r\u00e9serv\u00e9 un programme cors\u00e9 \u00e0 l'\u00e9quipe de France : elle affrontera le S\u00e9n\u00e9gal, la Norv\u00e8ge et un barragiste (Irak, Bolivie ou Suriname). Sur M6, l'ancien gardien et capitaine des Bleus Hugo Lloris (38 ans, 145 s\u00e9lections) a analys\u00e9 les [&hellip;]<\/p>\n","protected":false},"author":2,"featured_media":165907,"comment_status":"open","ping_status":"open","sticky":false,"template":"","format":"standard","meta":{"_et_pb_use_builder":"","_et_pb_old_content":""},"categories":[6],"tags":[],"yoast_head":"<!-- This site is optimized with the Yoast SEO Premium plugin v17.8 (Yoast SEO v17.8) - https:\/\/yoast.com\/wordpress\/plugins\/seo\/ -->\n<title>EDF - Lloris juge le S\u00e9n\u00e9gal et la Norv\u00e8ge | Nettali.com<\/title>\n<meta name=\"robots\" content=\"index, follow, max-snippet:-1, max-image-preview:large, max-video-preview:-1\" \/>\n<link rel=\"canonical\" href=\"https:\/\/www.nettali.com\/2025\/12\/06\/edf-lloris-juge-le-senegal-et-la-norvege\/\" \/>\n<meta property=\"og:locale\" content=\"fr_FR\" \/>\n<meta property=\"og:type\" content=\"article\" \/>\n<meta property=\"og:title\" content=\"EDF - Lloris juge le S\u00e9n\u00e9gal et la Norv\u00e8ge\" \/>\n<meta property=\"og:description\" content=\"NETTALI.COM - Le tirage au sort de la Coupe du monde 2026 effectu\u00e9 ce vendredi a r\u00e9serv\u00e9 un programme cors\u00e9 \u00e0 l&#039;\u00e9quipe de France : elle affrontera le S\u00e9n\u00e9gal, la Norv\u00e8ge et un barragiste (Irak, Bolivie ou Suriname). Sur M6, l&#039;ancien gardien et capitaine des Bleus Hugo Lloris (38 ans, 145 s\u00e9lections) a analys\u00e9 les [&hellip;]\" \/>\n<meta property=\"og:url\" content=\"https:\/\/www.nettali.com\/2025\/12\/06\/edf-lloris-juge-le-senegal-et-la-norvege\/\" \/>\n<meta property=\"og:site_name\" content=\"Nettali.com\" \/>\n<meta property=\"article:publisher\" content=\"https:\/\/www.facebook.com\/nettalicom\" \/>\n<meta property=\"article:published_time\" content=\"2025-12-06T09:17:34+00:00\" \/>\n<meta property=\"og:image\" content=\"https:\/\/www.nettali.com\/wp-content\/uploads\/2025\/12\/Hugo-Lloris-795706.jpg\" \/>\n\t<meta property=\"og:image:width\" content=\"590\" \/>\n\t<meta property=\"og:image:height\" content=\"350\" \/>\n<meta name=\"twitter:card\" content=\"summary_large_image\" \/>\n<meta name=\"twitter:label1\" content=\"\u00c9crit par\" \/>\n\t<meta name=\"twitter:data1\" content=\"CK\" \/>\n\t<meta name=\"twitter:label2\" content=\"Dur\u00e9e de lecture estim\u00e9e\" \/>\n\t<meta name=\"twitter:data2\" content=\"1 minute\" \/>\n<script type=\"application\/ld+json\" class=\"yoast-schema-graph\">{\"@context\":\"https:\/\/schema.org\",\"@graph\":[{\"@type\":\"WebSite\",\"@id\":\"https:\/\/www.nettali.com\/#website\",\"url\":\"https:\/\/www.nettali.com\/\",\"name\":\"Nettali.com\",\"description\":\"Le rendez-vous critique du Net\",\"potentialAction\":[{\"@type\":\"SearchAction\",\"target\":{\"@type\":\"EntryPoint\",\"urlTemplate\":\"https:\/\/www.nettali.com\/?s={search_term_string}\"},\"query-input\":\"required name=search_term_string\"}],\"inLanguage\":\"fr-FR\"},{\"@type\":\"ImageObject\",\"@id\":\"https:\/\/www.nettali.com\/2025\/12\/06\/edf-lloris-juge-le-senegal-et-la-norvege\/#primaryimage\",\"inLanguage\":\"fr-FR\",\"url\":\"https:\/\/www.nettali.com\/wp-content\/uploads\/2025\/12\/Hugo-Lloris-795706.jpg\",\"contentUrl\":\"https:\/\/www.nettali.com\/wp-content\/uploads\/2025\/12\/Hugo-Lloris-795706.jpg\",\"width\":590,\"height\":350},{\"@type\":\"WebPage\",\"@id\":\"https:\/\/www.nettali.com\/2025\/12\/06\/edf-lloris-juge-le-senegal-et-la-norvege\/#webpage\",\"url\":\"https:\/\/www.nettali.com\/2025\/12\/06\/edf-lloris-juge-le-senegal-et-la-norvege\/\",\"name\":\"EDF - Lloris juge le S\\u00e9n\\u00e9gal et la Norv\\u00e8ge | Nettali.com\",\"isPartOf\":{\"@id\":\"https:\/\/www.nettali.com\/#website\"},\"primaryImageOfPage\":{\"@id\":\"https:\/\/www.nettali.com\/2025\/12\/06\/edf-lloris-juge-le-senegal-et-la-norvege\/#primaryimage\"},\"datePublished\":\"2025-12-06T09:17:34+00:00\",\"dateModified\":\"2025-12-06T09:17:34+00:00\",\"author\":{\"@id\":\"https:\/\/www.nettali.com\/#\/schema\/person\/d8ac7b7e27ddad43f1c0d2ef090d7f71\"},\"breadcrumb\":{\"@id\":\"https:\/\/www.nettali.com\/2025\/12\/06\/edf-lloris-juge-le-senegal-et-la-norvege\/#breadcrumb\"},\"inLanguage\":\"fr-FR\",\"potentialAction\":[{\"@type\":\"ReadAction\",\"target\":[\"https:\/\/www.nettali.com\/2025\/12\/06\/edf-lloris-juge-le-senegal-et-la-norvege\/\"]}]},{\"@type\":\"BreadcrumbList\",\"@id\":\"https:\/\/www.nettali.com\/2025\/12\/06\/edf-lloris-juge-le-senegal-et-la-norvege\/#breadcrumb\",\"itemListElement\":[{\"@type\":\"ListItem\",\"position\":1,\"name\":\"Accueil\",\"item\":\"https:\/\/www.nettali.com\/\"},{\"@type\":\"ListItem\",\"position\":2,\"name\":\"EDF - Lloris juge le S\\u00e9n\\u00e9gal et la Norv\\u00e8ge\"}]},{\"@type\":\"Person\",\"@id\":\"https:\/\/www.nettali.com\/#\/schema\/person\/d8ac7b7e27ddad43f1c0d2ef090d7f71\",\"name\":\"CK\",\"image\":{\"@type\":\"ImageObject\",\"@id\":\"https:\/\/www.nettali.com\/#personlogo\",\"inLanguage\":\"fr-FR\",\"url\":\"https:\/\/secure.gravatar.com\/avatar\/1d8d5118b9327d94da7cd4ce7f17fec2?s=96&d=mm&r=g\",\"contentUrl\":\"https:\/\/secure.gravatar.com\/avatar\/1d8d5118b9327d94da7cd4ce7f17fec2?s=96&d=mm&r=g\",\"caption\":\"CK\"},\"sameAs\":[\"https:\/\/www.nettali.com\"]}]}<\/script>\n<!-- \/ Yoast SEO Premium plugin. -->","yoast_head_json":{"title":"EDF - Lloris juge le S\u00e9n\u00e9gal et la Norv\u00e8ge | Nettali.com","robots":{"index":"index","follow":"follow","max-snippet":"max-snippet:-1","max-image-preview":"max-image-preview:large","max-video-preview":"max-video-preview:-1"},"canonical":"https:\/\/www.nettali.com\/2025\/12\/06\/edf-lloris-juge-le-senegal-et-la-norvege\/","og_locale":"fr_FR","og_type":"article","og_title":"EDF - Lloris juge le S\u00e9n\u00e9gal et la Norv\u00e8ge","og_description":"NETTALI.COM - Le tirage au sort de la Coupe du monde 2026 effectu\u00e9 ce vendredi a r\u00e9serv\u00e9 un programme cors\u00e9 \u00e0 l'\u00e9quipe de France : elle affrontera le S\u00e9n\u00e9gal, la Norv\u00e8ge et un barragiste (Irak, Bolivie ou Suriname). Sur M6, l'ancien gardien et capitaine des Bleus Hugo Lloris (38 ans, 145 s\u00e9lections) a analys\u00e9 les [&hellip;]","og_url":"https:\/\/www.nettali.com\/2025\/12\/06\/edf-lloris-juge-le-senegal-et-la-norvege\/","og_site_name":"Nettali.com","article_publisher":"https:\/\/www.facebook.com\/nettalicom","article_published_time":"2025-12-06T09:17:34+00:00","og_image":[{"width":590,"height":350,"url":"https:\/\/www.nettali.com\/wp-content\/uploads\/2025\/12\/Hugo-Lloris-795706.jpg","type":"image\/jpeg"}],"twitter_card":"summary_large_image","twitter_misc":{"\u00c9crit par":"CK","Dur\u00e9e de lecture estim\u00e9e":"1 minute"},"schema":{"@context":"https:\/\/schema.org","@graph":[{"@type":"WebSite","@id":"https:\/\/www.nettali.com\/#website","url":"https:\/\/www.nettali.com\/","name":"Nettali.com","description":"Le rendez-vous critique du Net","potentialAction":[{"@type":"SearchAction","target":{"@type":"EntryPoint","urlTemplate":"https:\/\/www.nettali.com\/?s={search_term_string}"},"query-input":"required name=search_term_string"}],"inLanguage":"fr-FR"},{"@type":"ImageObject","@id":"https:\/\/www.nettali.com\/2025\/12\/06\/edf-lloris-juge-le-senegal-et-la-norvege\/#primaryimage","inLanguage":"fr-FR","url":"https:\/\/www.nettali.com\/wp-content\/uploads\/2025\/12\/Hugo-Lloris-795706.jpg","contentUrl":"https:\/\/www.nettali.com\/wp-content\/uploads\/2025\/12\/Hugo-Lloris-795706.jpg","width":590,"height":350},{"@type":"WebPage","@id":"https:\/\/www.nettali.com\/2025\/12\/06\/edf-lloris-juge-le-senegal-et-la-norvege\/#webpage","url":"https:\/\/www.nettali.com\/2025\/12\/06\/edf-lloris-juge-le-senegal-et-la-norvege\/","name":"EDF - Lloris juge le S\u00e9n\u00e9gal et la Norv\u00e8ge | Nettali.com","isPartOf":{"@id":"https:\/\/www.nettali.com\/#website"},"primaryImageOfPage":{"@id":"https:\/\/www.nettali.com\/2025\/12\/06\/edf-lloris-juge-le-senegal-et-la-norvege\/#primaryimage"},"datePublished":"2025-12-06T09:17:34+00:00","dateModified":"2025-12-06T09:17:34+00:00","author":{"@id":"https:\/\/www.nettali.com\/#\/schema\/person\/d8ac7b7e27ddad43f1c0d2ef090d7f71"},"breadcrumb":{"@id":"https:\/\/www.nettali.com\/2025\/12\/06\/edf-lloris-juge-le-senegal-et-la-norvege\/#breadcrumb"},"inLanguage":"fr-FR","potentialAction":[{"@type":"ReadAction","target":["https:\/\/www.nettali.com\/2025\/12\/06\/edf-lloris-juge-le-senegal-et-la-norvege\/"]}]},{"@type":"BreadcrumbList","@id":"https:\/\/www.nettali.com\/2025\/12\/06\/edf-lloris-juge-le-senegal-et-la-norvege\/#breadcrumb","itemListElement":[{"@type":"ListItem","position":1,"name":"Accueil","item":"https:\/\/www.nettali.com\/"},{"@type":"ListItem","position":2,"name":"EDF - Lloris juge le S\u00e9n\u00e9gal et la Norv\u00e8ge"}]},{"@type":"Person","@id":"https:\/\/www.nettali.com\/#\/schema\/person\/d8ac7b7e27ddad43f1c0d2ef090d7f71","name":"CK","image":{"@type":"ImageObject","@id":"https:\/\/www.nettali.com\/#personlogo","inLanguage":"fr-FR","url":"https:\/\/secure.gravatar.com\/avatar\/1d8d5118b9327d94da7cd4ce7f17fec2?s=96&d=mm&r=g","contentUrl":"https:\/\/secure.gravatar.com\/avatar\/1d8d5118b9327d94da7cd4ce7f17fec2?s=96&d=mm&r=g","caption":"CK"},"sameAs":["https:\/\/www.nettali.com"]}]}},"_links":{"self":[{"href":"https:\/\/www.nettali.com\/rest\/wp\/v2\/posts\/165906"}],"collection":[{"href":"https:\/\/www.nettali.com\/rest\/wp\/v2\/posts"}],"about":[{"href":"https:\/\/www.nettali.com\/rest\/wp\/v2\/types\/post"}],"author":[{"embeddable":true,"href":"https:\/\/www.nettali.com\/rest\/wp\/v2\/users\/2"}],"replies":[{"embeddable":true,"href":"https:\/\/www.nettali.com\/rest\/wp\/v2\/comments?post=165906"}],"version-history":[{"count":1,"href":"https:\/\/www.nettali.com\/rest\/wp\/v2\/posts\/165906\/revisions"}],"predecessor-version":[{"id":165908,"href":"https:\/\/www.nettali.com\/rest\/wp\/v2\/posts\/165906\/revisions\/165908"}],"wp:featuredmedia":[{"embeddable":true,"href":"https:\/\/www.nettali.com\/rest\/wp\/v2\/media\/165907"}],"wp:attachment":[{"href":"https:\/\/www.nettali.com\/rest\/wp\/v2\/media?parent=165906"}],"wp:term":[{"taxonomy":"category","embeddable":true,"href":"https:\/\/www.nettali.com\/rest\/wp\/v2\/categories?post=165906"},{"taxonomy":"post_tag","embeddable":true,"href":"https:\/\/www.nettali.com\/rest\/wp\/v2\/tags?post=165906"}],"curies":[{"name":"wp","href":"https:\/\/api.w.org\/{rel}","templated":true}]}}