{"id":165903,"date":"2025-12-06T09:11:13","date_gmt":"2025-12-06T09:11:13","guid":{"rendered":"https:\/\/www.nettali.com\/?p=165903"},"modified":"2025-12-06T22:57:04","modified_gmt":"2025-12-06T22:57:04","slug":"ferdinand-coly-ancien-international-senegalais-on-se-chambrera-gentiment-entre-francais-et-senegalais","status":"publish","type":"post","link":"https:\/\/www.nettali.com\/2025\/12\/06\/ferdinand-coly-ancien-international-senegalais-on-se-chambrera-gentiment-entre-francais-et-senegalais\/","title":{"rendered":"FERDINAND COLY (ANCIEN INTERNATIONAL S\u00c9N\u00c9GALAIS) : \"On se chambrera gentiment entre Fran\u00e7ais et S\u00e9n\u00e9galais\""},"content":{"rendered":"<p><strong>NETTALI.COM -\u00a0<\/strong> \u201c<em>Oui, je suis vraiment tr\u00e8s heureux. Ce sont deux pays tr\u00e8s li\u00e9s : beaucoup de S\u00e9n\u00e9galais jouent en France ou y ont jou\u00e9 r\u00e9cemment. J\u2019\u00e9tais vraiment ravi quand j\u2019ai appris qu\u2019il y aurait dans six mois le second France - S\u00e9n\u00e9gal de l\u2019histoire. Les Fran\u00e7ais seront sans doute beaucoup plus prudents. Je me rappelle qu\u2019au tirage au sort des groupes pour 2002, alors que je jouais \u00e0 Lens, mes co\u00e9quipiers fran\u00e7ais me chambraient gentiment en pr\u00e9tendant que la France de Zidane allait nous \u00e9craser. Cela m\u2019\u00e9tonnerait que les joueurs s\u00e9n\u00e9galais \u00e9voluant en France entendent cela ces prochains jours. Didier Deschamps n\u2019est pas du genre \u00e0 sous-estimer ses adversaires, et il sait que le S\u00e9n\u00e9gal est l\u2019une des meilleures s\u00e9lections africaines. Mais le plus plaisant, c\u2019est qu\u2019\u00e0 mesure que le match approchera, les \u00e9changes amicaux entre Fran\u00e7ais et S\u00e9n\u00e9galais s\u2019intensifieront. Toujours avec respect, car je le r\u00e9p\u00e8te, les liens entre nos deux nations restent ind\u00e9fectibles.<\/em>\u201d<\/p>\n<div class='share-to-whatsapp-wrapper'><div class='share-on-whsp'>PARTAGER SUR : <\/div><a data-text='FERDINAND COLY (ANCIEN INTERNATIONAL S\u00c9N\u00c9GALAIS) : \"On se chambrera gentiment entre Fran\u00e7ais et S\u00e9n\u00e9galais\"' data-link='https:\/\/www.nettali.com\/2025\/12\/06\/ferdinand-coly-ancien-international-senegalais-on-se-chambrera-gentiment-entre-francais-et-senegalais\/' class='whatsapp-button whatsapp-share'>WhatsApp<\/a><div class='clear '><\/div><\/div>","protected":false},"excerpt":{"rendered":"<p>NETTALI.COM -\u00a0 \u201cOui, je suis vraiment tr\u00e8s heureux. Ce sont deux pays tr\u00e8s li\u00e9s : beaucoup de S\u00e9n\u00e9galais jouent en France ou y ont jou\u00e9 r\u00e9cemment. J\u2019\u00e9tais vraiment ravi quand j\u2019ai appris qu\u2019il y aurait dans six mois le second France - S\u00e9n\u00e9gal de l\u2019histoire. Les Fran\u00e7ais seront sans doute beaucoup plus prudents. Je me [&hellip;]<\/p>\n","protected":false},"author":2,"featured_media":165904,"comment_status":"open","ping_status":"open","sticky":false,"template":"","format":"standard","meta":{"_et_pb_use_builder":"","_et_pb_old_content":""},"categories":[6],"tags":[],"yoast_head":"<!-- This site is optimized with the Yoast SEO Premium plugin v17.8 (Yoast SEO v17.8) - https:\/\/yoast.com\/wordpress\/plugins\/seo\/ -->\n<title>FERDINAND COLY (ANCIEN INTERNATIONAL S\u00c9N\u00c9GALAIS) : &quot;On se chambrera gentiment entre Fran\u00e7ais et S\u00e9n\u00e9galais&quot; | Nettali.com<\/title>\n<meta name=\"robots\" content=\"index, follow, max-snippet:-1, max-image-preview:large, max-video-preview:-1\" \/>\n<link rel=\"canonical\" href=\"https:\/\/www.nettali.com\/2025\/12\/06\/ferdinand-coly-ancien-international-senegalais-on-se-chambrera-gentiment-entre-francais-et-senegalais\/\" \/>\n<meta property=\"og:locale\" content=\"fr_FR\" \/>\n<meta property=\"og:type\" content=\"article\" \/>\n<meta property=\"og:title\" content=\"FERDINAND COLY (ANCIEN INTERNATIONAL S\u00c9N\u00c9GALAIS) : &quot;On se chambrera gentiment entre Fran\u00e7ais et S\u00e9n\u00e9galais&quot;\" \/>\n<meta property=\"og:description\" content=\"NETTALI.COM -\u00a0 \u201cOui, je suis vraiment tr\u00e8s heureux. Ce sont deux pays tr\u00e8s li\u00e9s : beaucoup de S\u00e9n\u00e9galais jouent en France ou y ont jou\u00e9 r\u00e9cemment. J\u2019\u00e9tais vraiment ravi quand j\u2019ai appris qu\u2019il y aurait dans six mois le second France - S\u00e9n\u00e9gal de l\u2019histoire. Les Fran\u00e7ais seront sans doute beaucoup plus prudents. Je me [&hellip;]\" \/>\n<meta property=\"og:url\" content=\"https:\/\/www.nettali.com\/2025\/12\/06\/ferdinand-coly-ancien-international-senegalais-on-se-chambrera-gentiment-entre-francais-et-senegalais\/\" \/>\n<meta property=\"og:site_name\" content=\"Nettali.com\" \/>\n<meta property=\"article:publisher\" content=\"https:\/\/www.facebook.com\/nettalicom\" \/>\n<meta property=\"article:published_time\" content=\"2025-12-06T09:11:13+00:00\" \/>\n<meta property=\"article:modified_time\" content=\"2025-12-06T22:57:04+00:00\" \/>\n<meta property=\"og:image\" content=\"https:\/\/www.nettali.com\/wp-content\/uploads\/2025\/12\/Ferdinand-Coly.jpg\" \/>\n\t<meta property=\"og:image:width\" content=\"850\" \/>\n\t<meta property=\"og:image:height\" content=\"550\" \/>\n<meta name=\"twitter:card\" content=\"summary_large_image\" \/>\n<meta name=\"twitter:label1\" content=\"\u00c9crit par\" \/>\n\t<meta name=\"twitter:data1\" content=\"CK\" \/>\n\t<meta name=\"twitter:label2\" content=\"Dur\u00e9e de lecture estim\u00e9e\" \/>\n\t<meta name=\"twitter:data2\" content=\"1 minute\" \/>\n<script type=\"application\/ld+json\" class=\"yoast-schema-graph\">{\"@context\":\"https:\/\/schema.org\",\"@graph\":[{\"@type\":\"WebSite\",\"@id\":\"https:\/\/www.nettali.com\/#website\",\"url\":\"https:\/\/www.nettali.com\/\",\"name\":\"Nettali.com\",\"description\":\"Le rendez-vous critique du Net\",\"potentialAction\":[{\"@type\":\"SearchAction\",\"target\":{\"@type\":\"EntryPoint\",\"urlTemplate\":\"https:\/\/www.nettali.com\/?s={search_term_string}\"},\"query-input\":\"required name=search_term_string\"}],\"inLanguage\":\"fr-FR\"},{\"@type\":\"ImageObject\",\"@id\":\"https:\/\/www.nettali.com\/2025\/12\/06\/ferdinand-coly-ancien-international-senegalais-on-se-chambrera-gentiment-entre-francais-et-senegalais\/#primaryimage\",\"inLanguage\":\"fr-FR\",\"url\":\"https:\/\/www.nettali.com\/wp-content\/uploads\/2025\/12\/Ferdinand-Coly.jpg\",\"contentUrl\":\"https:\/\/www.nettali.com\/wp-content\/uploads\/2025\/12\/Ferdinand-Coly.jpg\",\"width\":850,\"height\":550},{\"@type\":\"WebPage\",\"@id\":\"https:\/\/www.nettali.com\/2025\/12\/06\/ferdinand-coly-ancien-international-senegalais-on-se-chambrera-gentiment-entre-francais-et-senegalais\/#webpage\",\"url\":\"https:\/\/www.nettali.com\/2025\/12\/06\/ferdinand-coly-ancien-international-senegalais-on-se-chambrera-gentiment-entre-francais-et-senegalais\/\",\"name\":\"FERDINAND COLY (ANCIEN INTERNATIONAL S\\u00c9N\\u00c9GALAIS) : \\\"On se chambrera gentiment entre Fran\\u00e7ais et S\\u00e9n\\u00e9galais\\\" | Nettali.com\",\"isPartOf\":{\"@id\":\"https:\/\/www.nettali.com\/#website\"},\"primaryImageOfPage\":{\"@id\":\"https:\/\/www.nettali.com\/2025\/12\/06\/ferdinand-coly-ancien-international-senegalais-on-se-chambrera-gentiment-entre-francais-et-senegalais\/#primaryimage\"},\"datePublished\":\"2025-12-06T09:11:13+00:00\",\"dateModified\":\"2025-12-06T22:57:04+00:00\",\"author\":{\"@id\":\"https:\/\/www.nettali.com\/#\/schema\/person\/d8ac7b7e27ddad43f1c0d2ef090d7f71\"},\"breadcrumb\":{\"@id\":\"https:\/\/www.nettali.com\/2025\/12\/06\/ferdinand-coly-ancien-international-senegalais-on-se-chambrera-gentiment-entre-francais-et-senegalais\/#breadcrumb\"},\"inLanguage\":\"fr-FR\",\"potentialAction\":[{\"@type\":\"ReadAction\",\"target\":[\"https:\/\/www.nettali.com\/2025\/12\/06\/ferdinand-coly-ancien-international-senegalais-on-se-chambrera-gentiment-entre-francais-et-senegalais\/\"]}]},{\"@type\":\"BreadcrumbList\",\"@id\":\"https:\/\/www.nettali.com\/2025\/12\/06\/ferdinand-coly-ancien-international-senegalais-on-se-chambrera-gentiment-entre-francais-et-senegalais\/#breadcrumb\",\"itemListElement\":[{\"@type\":\"ListItem\",\"position\":1,\"name\":\"Accueil\",\"item\":\"https:\/\/www.nettali.com\/\"},{\"@type\":\"ListItem\",\"position\":2,\"name\":\"FERDINAND COLY (ANCIEN INTERNATIONAL S\\u00c9N\\u00c9GALAIS) : \\\"On se chambrera gentiment entre Fran\\u00e7ais et S\\u00e9n\\u00e9galais\\\"\"}]},{\"@type\":\"Person\",\"@id\":\"https:\/\/www.nettali.com\/#\/schema\/person\/d8ac7b7e27ddad43f1c0d2ef090d7f71\",\"name\":\"CK\",\"image\":{\"@type\":\"ImageObject\",\"@id\":\"https:\/\/www.nettali.com\/#personlogo\",\"inLanguage\":\"fr-FR\",\"url\":\"https:\/\/secure.gravatar.com\/avatar\/1d8d5118b9327d94da7cd4ce7f17fec2?s=96&d=mm&r=g\",\"contentUrl\":\"https:\/\/secure.gravatar.com\/avatar\/1d8d5118b9327d94da7cd4ce7f17fec2?s=96&d=mm&r=g\",\"caption\":\"CK\"},\"sameAs\":[\"https:\/\/www.nettali.com\"]}]}<\/script>\n<!-- \/ Yoast SEO Premium plugin. -->","yoast_head_json":{"title":"FERDINAND COLY (ANCIEN INTERNATIONAL S\u00c9N\u00c9GALAIS) : \"On se chambrera gentiment entre Fran\u00e7ais et S\u00e9n\u00e9galais\" | Nettali.com","robots":{"index":"index","follow":"follow","max-snippet":"max-snippet:-1","max-image-preview":"max-image-preview:large","max-video-preview":"max-video-preview:-1"},"canonical":"https:\/\/www.nettali.com\/2025\/12\/06\/ferdinand-coly-ancien-international-senegalais-on-se-chambrera-gentiment-entre-francais-et-senegalais\/","og_locale":"fr_FR","og_type":"article","og_title":"FERDINAND COLY (ANCIEN INTERNATIONAL S\u00c9N\u00c9GALAIS) : \"On se chambrera gentiment entre Fran\u00e7ais et S\u00e9n\u00e9galais\"","og_description":"NETTALI.COM -\u00a0 \u201cOui, je suis vraiment tr\u00e8s heureux. Ce sont deux pays tr\u00e8s li\u00e9s : beaucoup de S\u00e9n\u00e9galais jouent en France ou y ont jou\u00e9 r\u00e9cemment. J\u2019\u00e9tais vraiment ravi quand j\u2019ai appris qu\u2019il y aurait dans six mois le second France - S\u00e9n\u00e9gal de l\u2019histoire. Les Fran\u00e7ais seront sans doute beaucoup plus prudents. Je me [&hellip;]","og_url":"https:\/\/www.nettali.com\/2025\/12\/06\/ferdinand-coly-ancien-international-senegalais-on-se-chambrera-gentiment-entre-francais-et-senegalais\/","og_site_name":"Nettali.com","article_publisher":"https:\/\/www.facebook.com\/nettalicom","article_published_time":"2025-12-06T09:11:13+00:00","article_modified_time":"2025-12-06T22:57:04+00:00","og_image":[{"width":850,"height":550,"url":"https:\/\/www.nettali.com\/wp-content\/uploads\/2025\/12\/Ferdinand-Coly.jpg","type":"image\/jpeg"}],"twitter_card":"summary_large_image","twitter_misc":{"\u00c9crit par":"CK","Dur\u00e9e de lecture estim\u00e9e":"1 minute"},"schema":{"@context":"https:\/\/schema.org","@graph":[{"@type":"WebSite","@id":"https:\/\/www.nettali.com\/#website","url":"https:\/\/www.nettali.com\/","name":"Nettali.com","description":"Le rendez-vous critique du Net","potentialAction":[{"@type":"SearchAction","target":{"@type":"EntryPoint","urlTemplate":"https:\/\/www.nettali.com\/?s={search_term_string}"},"query-input":"required name=search_term_string"}],"inLanguage":"fr-FR"},{"@type":"ImageObject","@id":"https:\/\/www.nettali.com\/2025\/12\/06\/ferdinand-coly-ancien-international-senegalais-on-se-chambrera-gentiment-entre-francais-et-senegalais\/#primaryimage","inLanguage":"fr-FR","url":"https:\/\/www.nettali.com\/wp-content\/uploads\/2025\/12\/Ferdinand-Coly.jpg","contentUrl":"https:\/\/www.nettali.com\/wp-content\/uploads\/2025\/12\/Ferdinand-Coly.jpg","width":850,"height":550},{"@type":"WebPage","@id":"https:\/\/www.nettali.com\/2025\/12\/06\/ferdinand-coly-ancien-international-senegalais-on-se-chambrera-gentiment-entre-francais-et-senegalais\/#webpage","url":"https:\/\/www.nettali.com\/2025\/12\/06\/ferdinand-coly-ancien-international-senegalais-on-se-chambrera-gentiment-entre-francais-et-senegalais\/","name":"FERDINAND COLY (ANCIEN INTERNATIONAL S\u00c9N\u00c9GALAIS) : \"On se chambrera gentiment entre Fran\u00e7ais et S\u00e9n\u00e9galais\" | Nettali.com","isPartOf":{"@id":"https:\/\/www.nettali.com\/#website"},"primaryImageOfPage":{"@id":"https:\/\/www.nettali.com\/2025\/12\/06\/ferdinand-coly-ancien-international-senegalais-on-se-chambrera-gentiment-entre-francais-et-senegalais\/#primaryimage"},"datePublished":"2025-12-06T09:11:13+00:00","dateModified":"2025-12-06T22:57:04+00:00","author":{"@id":"https:\/\/www.nettali.com\/#\/schema\/person\/d8ac7b7e27ddad43f1c0d2ef090d7f71"},"breadcrumb":{"@id":"https:\/\/www.nettali.com\/2025\/12\/06\/ferdinand-coly-ancien-international-senegalais-on-se-chambrera-gentiment-entre-francais-et-senegalais\/#breadcrumb"},"inLanguage":"fr-FR","potentialAction":[{"@type":"ReadAction","target":["https:\/\/www.nettali.com\/2025\/12\/06\/ferdinand-coly-ancien-international-senegalais-on-se-chambrera-gentiment-entre-francais-et-senegalais\/"]}]},{"@type":"BreadcrumbList","@id":"https:\/\/www.nettali.com\/2025\/12\/06\/ferdinand-coly-ancien-international-senegalais-on-se-chambrera-gentiment-entre-francais-et-senegalais\/#breadcrumb","itemListElement":[{"@type":"ListItem","position":1,"name":"Accueil","item":"https:\/\/www.nettali.com\/"},{"@type":"ListItem","position":2,"name":"FERDINAND COLY (ANCIEN INTERNATIONAL S\u00c9N\u00c9GALAIS) : \"On se chambrera gentiment entre Fran\u00e7ais et S\u00e9n\u00e9galais\""}]},{"@type":"Person","@id":"https:\/\/www.nettali.com\/#\/schema\/person\/d8ac7b7e27ddad43f1c0d2ef090d7f71","name":"CK","image":{"@type":"ImageObject","@id":"https:\/\/www.nettali.com\/#personlogo","inLanguage":"fr-FR","url":"https:\/\/secure.gravatar.com\/avatar\/1d8d5118b9327d94da7cd4ce7f17fec2?s=96&d=mm&r=g","contentUrl":"https:\/\/secure.gravatar.com\/avatar\/1d8d5118b9327d94da7cd4ce7f17fec2?s=96&d=mm&r=g","caption":"CK"},"sameAs":["https:\/\/www.nettali.com"]}]}},"_links":{"self":[{"href":"https:\/\/www.nettali.com\/rest\/wp\/v2\/posts\/165903"}],"collection":[{"href":"https:\/\/www.nettali.com\/rest\/wp\/v2\/posts"}],"about":[{"href":"https:\/\/www.nettali.com\/rest\/wp\/v2\/types\/post"}],"author":[{"embeddable":true,"href":"https:\/\/www.nettali.com\/rest\/wp\/v2\/users\/2"}],"replies":[{"embeddable":true,"href":"https:\/\/www.nettali.com\/rest\/wp\/v2\/comments?post=165903"}],"version-history":[{"count":2,"href":"https:\/\/www.nettali.com\/rest\/wp\/v2\/posts\/165903\/revisions"}],"predecessor-version":[{"id":165928,"href":"https:\/\/www.nettali.com\/rest\/wp\/v2\/posts\/165903\/revisions\/165928"}],"wp:featuredmedia":[{"embeddable":true,"href":"https:\/\/www.nettali.com\/rest\/wp\/v2\/media\/165904"}],"wp:attachment":[{"href":"https:\/\/www.nettali.com\/rest\/wp\/v2\/media?parent=165903"}],"wp:term":[{"taxonomy":"category","embeddable":true,"href":"https:\/\/www.nettali.com\/rest\/wp\/v2\/categories?post=165903"},{"taxonomy":"post_tag","embeddable":true,"href":"https:\/\/www.nettali.com\/rest\/wp\/v2\/tags?post=165903"}],"curies":[{"name":"wp","href":"https:\/\/api.w.org\/{rel}","templated":true}]}}