{"id":165889,"date":"2025-12-06T08:54:45","date_gmt":"2025-12-06T08:54:45","guid":{"rendered":"https:\/\/www.nettali.com\/?p=165889"},"modified":"2025-12-06T22:58:20","modified_gmt":"2025-12-06T22:58:20","slug":"deschamps-il-y-a-un-rapport-fraternel-avec-le-senegal","status":"publish","type":"post","link":"https:\/\/www.nettali.com\/2025\/12\/06\/deschamps-il-y-a-un-rapport-fraternel-avec-le-senegal\/","title":{"rendered":"DESCHAMPS : \"Il y a un rapport fraternel avec le S\u00e9n\u00e9gal\""},"content":{"rendered":"<p><strong>NETTALI.COM - Le s\u00e9lectionneur est conscient que l'\u00e9quipe de France devra \u00eatre performante d\u00e8s la phase de groupes de la Coupe du monde 2026, avec le S\u00e9n\u00e9gal, la Norv\u00e8ge et un troisi\u00e8me adversaire pas encore connu.<\/strong><\/p>\n<p>\"<em>On ne conna\u00eet pas encore l'identit\u00e9 du troisi\u00e8me adversaire, mais avec le S\u00e9n\u00e9gal et la Norv\u00e8ge, ce groupe I fait partie des plus difficiles sinon le plus difficile. On sait \u00e0 quoi s'attendre. Aujourd'hui, on a les r\u00e9ponses. Les identit\u00e9s des adversaires, les dates des matches, pas encore tout \u00e0 fait les lieux m\u00eame si on sait d\u00e9j\u00e0 la zone dans laquelle on jouera<\/em>\", a d\u00e9clar\u00e9 Didier Deschamps.<\/p>\n<p>\"<em>Le S\u00e9n\u00e9gal en 2002 (d\u00e9faite 0-1) ? Houlala, je n'y \u00e9tais pas. J'\u00e9tais devant ma t\u00e9l\u00e9. Pour les S\u00e9n\u00e9galais, cela reste un bon souvenir. Apr\u00e8s, il y a un rapport fraternel avec le S\u00e9n\u00e9gal. C'est surtout une \u00e9quipe nationale comp\u00e9titive. Et je ne vais pas vous dire autre chose de la Norv\u00e8ge apr\u00e8s sa phase de qualification. Elle fait partie des tr\u00e8s bonnes \u00e9quipes europ\u00e9ennes<\/em>\", a analys\u00e9 le s\u00e9lectionneur des Bleus.<\/p>\n<p>\"<em>Nous, on a de l'ambition \u00e9videmment, avec l'humilit\u00e9 n\u00e9cessaire. Mais il faudra qu'on soit performant d\u00e8s le d\u00e9part avant de penser \u00e0 la suite. Un seul fuseau horaire ? Il y a toujours pire dans la vie. On est dans un secteur bien d\u00e9fini m\u00eame si les temp\u00e9ratures peuvent \u00eatre \u00e9lev\u00e9es. Pas de stade couvert. On attendra de savoir les horaires de match aussi. Il faudra s'adapter<\/em>\", a not\u00e9 le champion du monde 98.<\/p>\n<div class='share-to-whatsapp-wrapper'><div class='share-on-whsp'>PARTAGER SUR : <\/div><a data-text='DESCHAMPS : \"Il y a un rapport fraternel avec le S\u00e9n\u00e9gal\"' data-link='https:\/\/www.nettali.com\/2025\/12\/06\/deschamps-il-y-a-un-rapport-fraternel-avec-le-senegal\/' class='whatsapp-button whatsapp-share'>WhatsApp<\/a><div class='clear '><\/div><\/div>","protected":false},"excerpt":{"rendered":"<p>NETTALI.COM - Le s\u00e9lectionneur est conscient que l'\u00e9quipe de France devra \u00eatre performante d\u00e8s la phase de groupes de la Coupe du monde 2026, avec le S\u00e9n\u00e9gal, la Norv\u00e8ge et un troisi\u00e8me adversaire pas encore connu. \"On ne conna\u00eet pas encore l'identit\u00e9 du troisi\u00e8me adversaire, mais avec le S\u00e9n\u00e9gal et la Norv\u00e8ge, ce groupe I [&hellip;]<\/p>\n","protected":false},"author":5,"featured_media":165890,"comment_status":"open","ping_status":"open","sticky":false,"template":"","format":"standard","meta":{"_et_pb_use_builder":"","_et_pb_old_content":""},"categories":[6],"tags":[],"yoast_head":"<!-- This site is optimized with the Yoast SEO Premium plugin v17.8 (Yoast SEO v17.8) - https:\/\/yoast.com\/wordpress\/plugins\/seo\/ -->\n<title>DESCHAMPS : &quot;Il y a un rapport fraternel avec le S\u00e9n\u00e9gal&quot; | Nettali.com<\/title>\n<meta name=\"robots\" content=\"index, follow, max-snippet:-1, max-image-preview:large, max-video-preview:-1\" \/>\n<link rel=\"canonical\" href=\"https:\/\/www.nettali.com\/2025\/12\/06\/deschamps-il-y-a-un-rapport-fraternel-avec-le-senegal\/\" \/>\n<meta property=\"og:locale\" content=\"fr_FR\" \/>\n<meta property=\"og:type\" content=\"article\" \/>\n<meta property=\"og:title\" content=\"DESCHAMPS : &quot;Il y a un rapport fraternel avec le S\u00e9n\u00e9gal&quot;\" \/>\n<meta property=\"og:description\" content=\"NETTALI.COM - Le s\u00e9lectionneur est conscient que l&#039;\u00e9quipe de France devra \u00eatre performante d\u00e8s la phase de groupes de la Coupe du monde 2026, avec le S\u00e9n\u00e9gal, la Norv\u00e8ge et un troisi\u00e8me adversaire pas encore connu. &quot;On ne conna\u00eet pas encore l&#039;identit\u00e9 du troisi\u00e8me adversaire, mais avec le S\u00e9n\u00e9gal et la Norv\u00e8ge, ce groupe I [&hellip;]\" \/>\n<meta property=\"og:url\" content=\"https:\/\/www.nettali.com\/2025\/12\/06\/deschamps-il-y-a-un-rapport-fraternel-avec-le-senegal\/\" \/>\n<meta property=\"og:site_name\" content=\"Nettali.com\" \/>\n<meta property=\"article:publisher\" content=\"https:\/\/www.facebook.com\/nettalicom\" \/>\n<meta property=\"article:published_time\" content=\"2025-12-06T08:54:45+00:00\" \/>\n<meta property=\"article:modified_time\" content=\"2025-12-06T22:58:20+00:00\" \/>\n<meta property=\"og:image\" content=\"https:\/\/www.nettali.com\/wp-content\/uploads\/2025\/12\/deschamps-tirage-1.jpg\" \/>\n\t<meta property=\"og:image:width\" content=\"1280\" \/>\n\t<meta property=\"og:image:height\" content=\"670\" \/>\n<meta name=\"twitter:card\" content=\"summary_large_image\" \/>\n<meta name=\"twitter:label1\" content=\"\u00c9crit par\" \/>\n\t<meta name=\"twitter:data1\" content=\"Ibrahima\" \/>\n\t<meta name=\"twitter:label2\" content=\"Dur\u00e9e de lecture estim\u00e9e\" \/>\n\t<meta name=\"twitter:data2\" content=\"2 minutes\" \/>\n<script type=\"application\/ld+json\" class=\"yoast-schema-graph\">{\"@context\":\"https:\/\/schema.org\",\"@graph\":[{\"@type\":\"WebSite\",\"@id\":\"https:\/\/www.nettali.com\/#website\",\"url\":\"https:\/\/www.nettali.com\/\",\"name\":\"Nettali.com\",\"description\":\"Le rendez-vous critique du Net\",\"potentialAction\":[{\"@type\":\"SearchAction\",\"target\":{\"@type\":\"EntryPoint\",\"urlTemplate\":\"https:\/\/www.nettali.com\/?s={search_term_string}\"},\"query-input\":\"required name=search_term_string\"}],\"inLanguage\":\"fr-FR\"},{\"@type\":\"ImageObject\",\"@id\":\"https:\/\/www.nettali.com\/2025\/12\/06\/deschamps-il-y-a-un-rapport-fraternel-avec-le-senegal\/#primaryimage\",\"inLanguage\":\"fr-FR\",\"url\":\"https:\/\/www.nettali.com\/wp-content\/uploads\/2025\/12\/deschamps-tirage-1.jpg\",\"contentUrl\":\"https:\/\/www.nettali.com\/wp-content\/uploads\/2025\/12\/deschamps-tirage-1.jpg\",\"width\":1280,\"height\":670},{\"@type\":\"WebPage\",\"@id\":\"https:\/\/www.nettali.com\/2025\/12\/06\/deschamps-il-y-a-un-rapport-fraternel-avec-le-senegal\/#webpage\",\"url\":\"https:\/\/www.nettali.com\/2025\/12\/06\/deschamps-il-y-a-un-rapport-fraternel-avec-le-senegal\/\",\"name\":\"DESCHAMPS : \\\"Il y a un rapport fraternel avec le S\\u00e9n\\u00e9gal\\\" | Nettali.com\",\"isPartOf\":{\"@id\":\"https:\/\/www.nettali.com\/#website\"},\"primaryImageOfPage\":{\"@id\":\"https:\/\/www.nettali.com\/2025\/12\/06\/deschamps-il-y-a-un-rapport-fraternel-avec-le-senegal\/#primaryimage\"},\"datePublished\":\"2025-12-06T08:54:45+00:00\",\"dateModified\":\"2025-12-06T22:58:20+00:00\",\"author\":{\"@id\":\"https:\/\/www.nettali.com\/#\/schema\/person\/bb147657c2986240405a608162b9bb23\"},\"breadcrumb\":{\"@id\":\"https:\/\/www.nettali.com\/2025\/12\/06\/deschamps-il-y-a-un-rapport-fraternel-avec-le-senegal\/#breadcrumb\"},\"inLanguage\":\"fr-FR\",\"potentialAction\":[{\"@type\":\"ReadAction\",\"target\":[\"https:\/\/www.nettali.com\/2025\/12\/06\/deschamps-il-y-a-un-rapport-fraternel-avec-le-senegal\/\"]}]},{\"@type\":\"BreadcrumbList\",\"@id\":\"https:\/\/www.nettali.com\/2025\/12\/06\/deschamps-il-y-a-un-rapport-fraternel-avec-le-senegal\/#breadcrumb\",\"itemListElement\":[{\"@type\":\"ListItem\",\"position\":1,\"name\":\"Accueil\",\"item\":\"https:\/\/www.nettali.com\/\"},{\"@type\":\"ListItem\",\"position\":2,\"name\":\"DESCHAMPS : \\\"Il y a un rapport fraternel avec le S\\u00e9n\\u00e9gal\\\"\"}]},{\"@type\":\"Person\",\"@id\":\"https:\/\/www.nettali.com\/#\/schema\/person\/bb147657c2986240405a608162b9bb23\",\"name\":\"Ibrahima\",\"image\":{\"@type\":\"ImageObject\",\"@id\":\"https:\/\/www.nettali.com\/#personlogo\",\"inLanguage\":\"fr-FR\",\"url\":\"https:\/\/secure.gravatar.com\/avatar\/26a8a81f09f0dd7624c9d5c36c9ba3a2?s=96&d=mm&r=g\",\"contentUrl\":\"https:\/\/secure.gravatar.com\/avatar\/26a8a81f09f0dd7624c9d5c36c9ba3a2?s=96&d=mm&r=g\",\"caption\":\"Ibrahima\"},\"sameAs\":[\"https:\/\/www.nettali.com\"]}]}<\/script>\n<!-- \/ Yoast SEO Premium plugin. -->","yoast_head_json":{"title":"DESCHAMPS : \"Il y a un rapport fraternel avec le S\u00e9n\u00e9gal\" | Nettali.com","robots":{"index":"index","follow":"follow","max-snippet":"max-snippet:-1","max-image-preview":"max-image-preview:large","max-video-preview":"max-video-preview:-1"},"canonical":"https:\/\/www.nettali.com\/2025\/12\/06\/deschamps-il-y-a-un-rapport-fraternel-avec-le-senegal\/","og_locale":"fr_FR","og_type":"article","og_title":"DESCHAMPS : \"Il y a un rapport fraternel avec le S\u00e9n\u00e9gal\"","og_description":"NETTALI.COM - Le s\u00e9lectionneur est conscient que l'\u00e9quipe de France devra \u00eatre performante d\u00e8s la phase de groupes de la Coupe du monde 2026, avec le S\u00e9n\u00e9gal, la Norv\u00e8ge et un troisi\u00e8me adversaire pas encore connu. \"On ne conna\u00eet pas encore l'identit\u00e9 du troisi\u00e8me adversaire, mais avec le S\u00e9n\u00e9gal et la Norv\u00e8ge, ce groupe I [&hellip;]","og_url":"https:\/\/www.nettali.com\/2025\/12\/06\/deschamps-il-y-a-un-rapport-fraternel-avec-le-senegal\/","og_site_name":"Nettali.com","article_publisher":"https:\/\/www.facebook.com\/nettalicom","article_published_time":"2025-12-06T08:54:45+00:00","article_modified_time":"2025-12-06T22:58:20+00:00","og_image":[{"width":1280,"height":670,"url":"https:\/\/www.nettali.com\/wp-content\/uploads\/2025\/12\/deschamps-tirage-1.jpg","type":"image\/jpeg"}],"twitter_card":"summary_large_image","twitter_misc":{"\u00c9crit par":"Ibrahima","Dur\u00e9e de lecture estim\u00e9e":"2 minutes"},"schema":{"@context":"https:\/\/schema.org","@graph":[{"@type":"WebSite","@id":"https:\/\/www.nettali.com\/#website","url":"https:\/\/www.nettali.com\/","name":"Nettali.com","description":"Le rendez-vous critique du Net","potentialAction":[{"@type":"SearchAction","target":{"@type":"EntryPoint","urlTemplate":"https:\/\/www.nettali.com\/?s={search_term_string}"},"query-input":"required name=search_term_string"}],"inLanguage":"fr-FR"},{"@type":"ImageObject","@id":"https:\/\/www.nettali.com\/2025\/12\/06\/deschamps-il-y-a-un-rapport-fraternel-avec-le-senegal\/#primaryimage","inLanguage":"fr-FR","url":"https:\/\/www.nettali.com\/wp-content\/uploads\/2025\/12\/deschamps-tirage-1.jpg","contentUrl":"https:\/\/www.nettali.com\/wp-content\/uploads\/2025\/12\/deschamps-tirage-1.jpg","width":1280,"height":670},{"@type":"WebPage","@id":"https:\/\/www.nettali.com\/2025\/12\/06\/deschamps-il-y-a-un-rapport-fraternel-avec-le-senegal\/#webpage","url":"https:\/\/www.nettali.com\/2025\/12\/06\/deschamps-il-y-a-un-rapport-fraternel-avec-le-senegal\/","name":"DESCHAMPS : \"Il y a un rapport fraternel avec le S\u00e9n\u00e9gal\" | Nettali.com","isPartOf":{"@id":"https:\/\/www.nettali.com\/#website"},"primaryImageOfPage":{"@id":"https:\/\/www.nettali.com\/2025\/12\/06\/deschamps-il-y-a-un-rapport-fraternel-avec-le-senegal\/#primaryimage"},"datePublished":"2025-12-06T08:54:45+00:00","dateModified":"2025-12-06T22:58:20+00:00","author":{"@id":"https:\/\/www.nettali.com\/#\/schema\/person\/bb147657c2986240405a608162b9bb23"},"breadcrumb":{"@id":"https:\/\/www.nettali.com\/2025\/12\/06\/deschamps-il-y-a-un-rapport-fraternel-avec-le-senegal\/#breadcrumb"},"inLanguage":"fr-FR","potentialAction":[{"@type":"ReadAction","target":["https:\/\/www.nettali.com\/2025\/12\/06\/deschamps-il-y-a-un-rapport-fraternel-avec-le-senegal\/"]}]},{"@type":"BreadcrumbList","@id":"https:\/\/www.nettali.com\/2025\/12\/06\/deschamps-il-y-a-un-rapport-fraternel-avec-le-senegal\/#breadcrumb","itemListElement":[{"@type":"ListItem","position":1,"name":"Accueil","item":"https:\/\/www.nettali.com\/"},{"@type":"ListItem","position":2,"name":"DESCHAMPS : \"Il y a un rapport fraternel avec le S\u00e9n\u00e9gal\""}]},{"@type":"Person","@id":"https:\/\/www.nettali.com\/#\/schema\/person\/bb147657c2986240405a608162b9bb23","name":"Ibrahima","image":{"@type":"ImageObject","@id":"https:\/\/www.nettali.com\/#personlogo","inLanguage":"fr-FR","url":"https:\/\/secure.gravatar.com\/avatar\/26a8a81f09f0dd7624c9d5c36c9ba3a2?s=96&d=mm&r=g","contentUrl":"https:\/\/secure.gravatar.com\/avatar\/26a8a81f09f0dd7624c9d5c36c9ba3a2?s=96&d=mm&r=g","caption":"Ibrahima"},"sameAs":["https:\/\/www.nettali.com"]}]}},"_links":{"self":[{"href":"https:\/\/www.nettali.com\/rest\/wp\/v2\/posts\/165889"}],"collection":[{"href":"https:\/\/www.nettali.com\/rest\/wp\/v2\/posts"}],"about":[{"href":"https:\/\/www.nettali.com\/rest\/wp\/v2\/types\/post"}],"author":[{"embeddable":true,"href":"https:\/\/www.nettali.com\/rest\/wp\/v2\/users\/5"}],"replies":[{"embeddable":true,"href":"https:\/\/www.nettali.com\/rest\/wp\/v2\/comments?post=165889"}],"version-history":[{"count":4,"href":"https:\/\/www.nettali.com\/rest\/wp\/v2\/posts\/165889\/revisions"}],"predecessor-version":[{"id":165930,"href":"https:\/\/www.nettali.com\/rest\/wp\/v2\/posts\/165889\/revisions\/165930"}],"wp:featuredmedia":[{"embeddable":true,"href":"https:\/\/www.nettali.com\/rest\/wp\/v2\/media\/165890"}],"wp:attachment":[{"href":"https:\/\/www.nettali.com\/rest\/wp\/v2\/media?parent=165889"}],"wp:term":[{"taxonomy":"category","embeddable":true,"href":"https:\/\/www.nettali.com\/rest\/wp\/v2\/categories?post=165889"},{"taxonomy":"post_tag","embeddable":true,"href":"https:\/\/www.nettali.com\/rest\/wp\/v2\/tags?post=165889"}],"curies":[{"name":"wp","href":"https:\/\/api.w.org\/{rel}","templated":true}]}}