{"id":165884,"date":"2025-12-06T08:24:27","date_gmt":"2025-12-06T08:24:27","guid":{"rendered":"https:\/\/www.nettali.com\/?p=165884"},"modified":"2025-12-06T08:24:27","modified_gmt":"2025-12-06T08:24:27","slug":"senegal-vs-france-les-reactions-de-pape-gueye-lamine-camara-et-moussa-niakhate","status":"publish","type":"post","link":"https:\/\/www.nettali.com\/2025\/12\/06\/senegal-vs-france-les-reactions-de-pape-gueye-lamine-camara-et-moussa-niakhate\/","title":{"rendered":"S\u00c9N\u00c9GAL VS FRANCE - Les r\u00e9actions de Pape Gu\u00e8ye, Lamine Camara et Moussa Niakhat\u00e9"},"content":{"rendered":"<p><strong>NETTALI.COM - L\u2019enthousiasme d\u00e9borde du c\u00f4t\u00e9 des internationaux s\u00e9n\u00e9galais qui ne cachent pas leur joie \u00e0 l\u2019id\u00e9e d\u2019affronter la France au Mondial 2026. Une rencontre que la bande \u00e0 Sadio Man\u00e9 attendait depuis toujours, et qu\u2019elle voit comme une confirmation.<\/strong><\/p>\n<p><em><strong>Moussa Niakhat\u00e9 - \"On vous a tap\u00e9s en 2002, c'est le moment de renouveler\"<\/strong><\/em><\/p>\n<p>\"<em>R\u00eave de tirer la France ? C\u2019est \u00e7a. Mon r\u00eave, c\u2019\u00e9tait qu\u2019il y ait France \u2013 S\u00e9n\u00e9gal. C\u2019est exceptionnel, cette confrontation, je l\u2019ai esp\u00e9r\u00e9e quand j\u2019\u00e9tais petit \u00e0 l\u2019\u00e9cole. \u00c0 chaque fois qu\u2019on d\u00e9battait avec mes amis\u2026 je disais \u00e0 mes amis, on vous a tap\u00e9s en 2002. \u00c7a fait 23 ans, \u00e0 un moment, cette excuse, je l\u2019ai assez essor\u00e9e, et l\u00e0 c\u2019est le moment de renouveler.<\/em>\"<\/p>\n<p>Les mots forts de Moussa Niakhat\u00e9, interrog\u00e9 par Winamax, r\u00e9sonnent comme une d\u00e9claration d\u2019amour \u00e0 cette affiche qui s\u2019annonce explosive. Dans le groupe I, aux c\u00f4t\u00e9s de la Norv\u00e8ge et d\u2019un adversaire encore \u00e0 d\u00e9terminer entre la Bolivie, le Suriname et l\u2019Irak, l\u2019ultime enjeu ne fait pas de doute : cette deuxi\u00e8me confrontation avec la France restera grav\u00e9e dans les m\u00e9moires.<\/p>\n<p>Le d\u00e9fenseur des Lions n\u2019a pas cach\u00e9 son \u00e9motion lors du tirage au sort.<br \/>\n\"<em>Je faisais la sieste. Je me suis lev\u00e9 puis je me suis pos\u00e9 dans mon lit, iPad et j\u2019\u00e9tais sur mon t\u00e9l\u00e9phone tranquille, et voil\u00e0, je regardais le tirage tranquille, et plus les pistes passaient, plus les chances de S\u00e9n\u00e9gal-France se r\u00e9duisaient, et quand j\u2019ai vu Shaquille O\u2019Neal tirer le papier, j\u2019\u00e9tais super content<\/em>\", dit-il.<\/p>\n<p>Un r\u00eave de jeunesse qui devient r\u00e9alit\u00e9 pour Moussa Niakhat\u00e9, n\u00e9 \u00e0 Roubaix. Cette affiche sera bien plus qu\u2019un simple match\u2026<\/p>\n<p><em><strong>Pape Gu\u00e8ye \"S\u00e9n\u00e9gal-France, c'est un match particulier\"<\/strong><\/em><\/p>\n<p>\"<em>C\u2019est vrai que c\u2019est un match particulier. D\u2019\u00eatre qualifi\u00e9 \u00e0 cette Coupe du monde, on s\u2019y attendait. On ne savait pas qu\u2019on allait tomber contre la France. Mais \u00e0 la Coupe du monde, il n\u2019y a que des grandes \u00e9quipes. Donc, fiert\u00e9. Fiert\u00e9 d\u00e9j\u00e0 aussi pour moi personnellement parce que je suis n\u00e9 en France, avec quelques amis qui sont de l\u2019autre c\u00f4t\u00e9. C\u2019est un plaisir de jouer pour le S\u00e9n\u00e9gal<\/em>\", a confi\u00e9 le joueur, visiblement touch\u00e9 par ce duel symbolique.<\/p>\n<p>Pape Gueye n\u2019a pas manqu\u00e9 d\u2019\u00e9voquer l\u2019h\u00e9ritage du fameux France\u2013S\u00e9n\u00e9gal de 2002, un match fondateur dans l\u2019histoire du football s\u00e9n\u00e9galais. \"<em>Bien s\u00fbr, c\u2019est \u00e0 ce match qu\u2019on pense. Le match qui reste dans la t\u00eate de tous les S\u00e9n\u00e9galais. C\u2019\u00e9tait un gros match. Nous, on \u00e9tait jeunes. Mais quand on a des joueurs comme El Hadj Diouf ou Lamine Diatta qui nous parlent de ce match en s\u00e9lection, on sait. On sait que \u00e7a a beaucoup compt\u00e9 pour le pays et on va esp\u00e9rer faire de m\u00eame\", <\/em>soutient l'ancien Marseillais.<\/p>\n<p>Serein mais d\u00e9termin\u00e9, Pape Gu\u00e8ye assure que le groupe abordera ce rendez-vous avec s\u00e9rieux : \"<em>On va bien se pr\u00e9parer tranquillement pour affronter cette grande nation.<\/em>\"<\/p>\n<p><strong><em>Lamine Camara \"Tr\u00e8s heureux d'affronter la France\"<\/em><\/strong><\/p>\n<p>\"<em>Je n\u2019ai pas encore regard\u00e9 car je suis d\u00e9\u00e7u du r\u00e9sultat donc je n\u2019ai pas \u00e9t\u00e9 sur mon t\u00e9l\u00e9phone. On sait tous que la France est une grande nation mais il faut se concentrer sur le Club et la CAN 2025, le Mondial est encore loin. Ce n\u2019est pas un mauvais tirage, on a le souvenir de ce fameux match S\u00e9n\u00e9gal-France en 2002 que je connais tr\u00e8s bien car El Hadji Diouf m\u2019envoie tout le temps ses vid\u00e9os de cette rencontre. Je serai tr\u00e8s heureux d\u2019affronter la France<\/em>\", a d\u00e9clar\u00e9 l'international s\u00e9n\u00e9galais de 21 ans.<\/p>\n<p>Le ton est donn\u00e9 : le S\u00e9n\u00e9gal arrive au Mondial 2026 avec respect\u2026 mais surtout avec ambition.<\/p>\n<div class='share-to-whatsapp-wrapper'><div class='share-on-whsp'>PARTAGER SUR : <\/div><a data-text='S\u00c9N\u00c9GAL VS FRANCE - Les r\u00e9actions de Pape Gu\u00e8ye, Lamine Camara et Moussa Niakhat\u00e9' data-link='https:\/\/www.nettali.com\/2025\/12\/06\/senegal-vs-france-les-reactions-de-pape-gueye-lamine-camara-et-moussa-niakhate\/' class='whatsapp-button whatsapp-share'>WhatsApp<\/a><div class='clear '><\/div><\/div>","protected":false},"excerpt":{"rendered":"<p>NETTALI.COM - L\u2019enthousiasme d\u00e9borde du c\u00f4t\u00e9 des internationaux s\u00e9n\u00e9galais qui ne cachent pas leur joie \u00e0 l\u2019id\u00e9e d\u2019affronter la France au Mondial 2026. Une rencontre que la bande \u00e0 Sadio Man\u00e9 attendait depuis toujours, et qu\u2019elle voit comme une confirmation. Moussa Niakhat\u00e9 - \"On vous a tap\u00e9s en 2002, c'est le moment de renouveler\" \"R\u00eave [&hellip;]<\/p>\n","protected":false},"author":5,"featured_media":165885,"comment_status":"open","ping_status":"open","sticky":false,"template":"","format":"standard","meta":{"_et_pb_use_builder":"","_et_pb_old_content":""},"categories":[6],"tags":[],"yoast_head":"<!-- This site is optimized with the Yoast SEO Premium plugin v17.8 (Yoast SEO v17.8) - https:\/\/yoast.com\/wordpress\/plugins\/seo\/ -->\n<title>S\u00c9N\u00c9GAL VS FRANCE - Les r\u00e9actions de Pape Gu\u00e8ye, Lamine Camara et Moussa Niakhat\u00e9 | Nettali.com<\/title>\n<meta name=\"robots\" content=\"index, follow, max-snippet:-1, max-image-preview:large, max-video-preview:-1\" \/>\n<link rel=\"canonical\" href=\"https:\/\/www.nettali.com\/2025\/12\/06\/senegal-vs-france-les-reactions-de-pape-gueye-lamine-camara-et-moussa-niakhate\/\" \/>\n<meta property=\"og:locale\" content=\"fr_FR\" \/>\n<meta property=\"og:type\" content=\"article\" \/>\n<meta property=\"og:title\" content=\"S\u00c9N\u00c9GAL VS FRANCE - Les r\u00e9actions de Pape Gu\u00e8ye, Lamine Camara et Moussa Niakhat\u00e9\" \/>\n<meta property=\"og:description\" content=\"NETTALI.COM - L\u2019enthousiasme d\u00e9borde du c\u00f4t\u00e9 des internationaux s\u00e9n\u00e9galais qui ne cachent pas leur joie \u00e0 l\u2019id\u00e9e d\u2019affronter la France au Mondial 2026. Une rencontre que la bande \u00e0 Sadio Man\u00e9 attendait depuis toujours, et qu\u2019elle voit comme une confirmation. Moussa Niakhat\u00e9 - &quot;On vous a tap\u00e9s en 2002, c&#039;est le moment de renouveler&quot; &quot;R\u00eave [&hellip;]\" \/>\n<meta property=\"og:url\" content=\"https:\/\/www.nettali.com\/2025\/12\/06\/senegal-vs-france-les-reactions-de-pape-gueye-lamine-camara-et-moussa-niakhate\/\" \/>\n<meta property=\"og:site_name\" content=\"Nettali.com\" \/>\n<meta property=\"article:publisher\" content=\"https:\/\/www.facebook.com\/nettalicom\" \/>\n<meta property=\"article:published_time\" content=\"2025-12-06T08:24:27+00:00\" \/>\n<meta property=\"og:image\" content=\"https:\/\/www.nettali.com\/wp-content\/uploads\/2025\/12\/Nampalys-Mendy.png\" \/>\n\t<meta property=\"og:image:width\" content=\"1024\" \/>\n\t<meta property=\"og:image:height\" content=\"643\" \/>\n<meta name=\"twitter:card\" content=\"summary_large_image\" \/>\n<meta name=\"twitter:label1\" content=\"\u00c9crit par\" \/>\n\t<meta name=\"twitter:data1\" content=\"Ibrahima\" \/>\n\t<meta name=\"twitter:label2\" content=\"Dur\u00e9e de lecture estim\u00e9e\" \/>\n\t<meta name=\"twitter:data2\" content=\"4 minutes\" \/>\n<script type=\"application\/ld+json\" class=\"yoast-schema-graph\">{\"@context\":\"https:\/\/schema.org\",\"@graph\":[{\"@type\":\"WebSite\",\"@id\":\"https:\/\/www.nettali.com\/#website\",\"url\":\"https:\/\/www.nettali.com\/\",\"name\":\"Nettali.com\",\"description\":\"Le rendez-vous critique du Net\",\"potentialAction\":[{\"@type\":\"SearchAction\",\"target\":{\"@type\":\"EntryPoint\",\"urlTemplate\":\"https:\/\/www.nettali.com\/?s={search_term_string}\"},\"query-input\":\"required name=search_term_string\"}],\"inLanguage\":\"fr-FR\"},{\"@type\":\"ImageObject\",\"@id\":\"https:\/\/www.nettali.com\/2025\/12\/06\/senegal-vs-france-les-reactions-de-pape-gueye-lamine-camara-et-moussa-niakhate\/#primaryimage\",\"inLanguage\":\"fr-FR\",\"url\":\"https:\/\/www.nettali.com\/wp-content\/uploads\/2025\/12\/Nampalys-Mendy.png\",\"contentUrl\":\"https:\/\/www.nettali.com\/wp-content\/uploads\/2025\/12\/Nampalys-Mendy.png\",\"width\":1024,\"height\":643},{\"@type\":\"WebPage\",\"@id\":\"https:\/\/www.nettali.com\/2025\/12\/06\/senegal-vs-france-les-reactions-de-pape-gueye-lamine-camara-et-moussa-niakhate\/#webpage\",\"url\":\"https:\/\/www.nettali.com\/2025\/12\/06\/senegal-vs-france-les-reactions-de-pape-gueye-lamine-camara-et-moussa-niakhate\/\",\"name\":\"S\\u00c9N\\u00c9GAL VS FRANCE - Les r\\u00e9actions de Pape Gu\\u00e8ye, Lamine Camara et Moussa Niakhat\\u00e9 | Nettali.com\",\"isPartOf\":{\"@id\":\"https:\/\/www.nettali.com\/#website\"},\"primaryImageOfPage\":{\"@id\":\"https:\/\/www.nettali.com\/2025\/12\/06\/senegal-vs-france-les-reactions-de-pape-gueye-lamine-camara-et-moussa-niakhate\/#primaryimage\"},\"datePublished\":\"2025-12-06T08:24:27+00:00\",\"dateModified\":\"2025-12-06T08:24:27+00:00\",\"author\":{\"@id\":\"https:\/\/www.nettali.com\/#\/schema\/person\/bb147657c2986240405a608162b9bb23\"},\"breadcrumb\":{\"@id\":\"https:\/\/www.nettali.com\/2025\/12\/06\/senegal-vs-france-les-reactions-de-pape-gueye-lamine-camara-et-moussa-niakhate\/#breadcrumb\"},\"inLanguage\":\"fr-FR\",\"potentialAction\":[{\"@type\":\"ReadAction\",\"target\":[\"https:\/\/www.nettali.com\/2025\/12\/06\/senegal-vs-france-les-reactions-de-pape-gueye-lamine-camara-et-moussa-niakhate\/\"]}]},{\"@type\":\"BreadcrumbList\",\"@id\":\"https:\/\/www.nettali.com\/2025\/12\/06\/senegal-vs-france-les-reactions-de-pape-gueye-lamine-camara-et-moussa-niakhate\/#breadcrumb\",\"itemListElement\":[{\"@type\":\"ListItem\",\"position\":1,\"name\":\"Accueil\",\"item\":\"https:\/\/www.nettali.com\/\"},{\"@type\":\"ListItem\",\"position\":2,\"name\":\"S\\u00c9N\\u00c9GAL VS FRANCE - Les r\\u00e9actions de Pape Gu\\u00e8ye, Lamine Camara et Moussa Niakhat\\u00e9\"}]},{\"@type\":\"Person\",\"@id\":\"https:\/\/www.nettali.com\/#\/schema\/person\/bb147657c2986240405a608162b9bb23\",\"name\":\"Ibrahima\",\"image\":{\"@type\":\"ImageObject\",\"@id\":\"https:\/\/www.nettali.com\/#personlogo\",\"inLanguage\":\"fr-FR\",\"url\":\"https:\/\/secure.gravatar.com\/avatar\/26a8a81f09f0dd7624c9d5c36c9ba3a2?s=96&d=mm&r=g\",\"contentUrl\":\"https:\/\/secure.gravatar.com\/avatar\/26a8a81f09f0dd7624c9d5c36c9ba3a2?s=96&d=mm&r=g\",\"caption\":\"Ibrahima\"},\"sameAs\":[\"https:\/\/www.nettali.com\"]}]}<\/script>\n<!-- \/ Yoast SEO Premium plugin. -->","yoast_head_json":{"title":"S\u00c9N\u00c9GAL VS FRANCE - Les r\u00e9actions de Pape Gu\u00e8ye, Lamine Camara et Moussa Niakhat\u00e9 | Nettali.com","robots":{"index":"index","follow":"follow","max-snippet":"max-snippet:-1","max-image-preview":"max-image-preview:large","max-video-preview":"max-video-preview:-1"},"canonical":"https:\/\/www.nettali.com\/2025\/12\/06\/senegal-vs-france-les-reactions-de-pape-gueye-lamine-camara-et-moussa-niakhate\/","og_locale":"fr_FR","og_type":"article","og_title":"S\u00c9N\u00c9GAL VS FRANCE - Les r\u00e9actions de Pape Gu\u00e8ye, Lamine Camara et Moussa Niakhat\u00e9","og_description":"NETTALI.COM - L\u2019enthousiasme d\u00e9borde du c\u00f4t\u00e9 des internationaux s\u00e9n\u00e9galais qui ne cachent pas leur joie \u00e0 l\u2019id\u00e9e d\u2019affronter la France au Mondial 2026. Une rencontre que la bande \u00e0 Sadio Man\u00e9 attendait depuis toujours, et qu\u2019elle voit comme une confirmation. Moussa Niakhat\u00e9 - \"On vous a tap\u00e9s en 2002, c'est le moment de renouveler\" \"R\u00eave [&hellip;]","og_url":"https:\/\/www.nettali.com\/2025\/12\/06\/senegal-vs-france-les-reactions-de-pape-gueye-lamine-camara-et-moussa-niakhate\/","og_site_name":"Nettali.com","article_publisher":"https:\/\/www.facebook.com\/nettalicom","article_published_time":"2025-12-06T08:24:27+00:00","og_image":[{"width":1024,"height":643,"url":"https:\/\/www.nettali.com\/wp-content\/uploads\/2025\/12\/Nampalys-Mendy.png","type":"image\/png"}],"twitter_card":"summary_large_image","twitter_misc":{"\u00c9crit par":"Ibrahima","Dur\u00e9e de lecture estim\u00e9e":"4 minutes"},"schema":{"@context":"https:\/\/schema.org","@graph":[{"@type":"WebSite","@id":"https:\/\/www.nettali.com\/#website","url":"https:\/\/www.nettali.com\/","name":"Nettali.com","description":"Le rendez-vous critique du Net","potentialAction":[{"@type":"SearchAction","target":{"@type":"EntryPoint","urlTemplate":"https:\/\/www.nettali.com\/?s={search_term_string}"},"query-input":"required name=search_term_string"}],"inLanguage":"fr-FR"},{"@type":"ImageObject","@id":"https:\/\/www.nettali.com\/2025\/12\/06\/senegal-vs-france-les-reactions-de-pape-gueye-lamine-camara-et-moussa-niakhate\/#primaryimage","inLanguage":"fr-FR","url":"https:\/\/www.nettali.com\/wp-content\/uploads\/2025\/12\/Nampalys-Mendy.png","contentUrl":"https:\/\/www.nettali.com\/wp-content\/uploads\/2025\/12\/Nampalys-Mendy.png","width":1024,"height":643},{"@type":"WebPage","@id":"https:\/\/www.nettali.com\/2025\/12\/06\/senegal-vs-france-les-reactions-de-pape-gueye-lamine-camara-et-moussa-niakhate\/#webpage","url":"https:\/\/www.nettali.com\/2025\/12\/06\/senegal-vs-france-les-reactions-de-pape-gueye-lamine-camara-et-moussa-niakhate\/","name":"S\u00c9N\u00c9GAL VS FRANCE - Les r\u00e9actions de Pape Gu\u00e8ye, Lamine Camara et Moussa Niakhat\u00e9 | Nettali.com","isPartOf":{"@id":"https:\/\/www.nettali.com\/#website"},"primaryImageOfPage":{"@id":"https:\/\/www.nettali.com\/2025\/12\/06\/senegal-vs-france-les-reactions-de-pape-gueye-lamine-camara-et-moussa-niakhate\/#primaryimage"},"datePublished":"2025-12-06T08:24:27+00:00","dateModified":"2025-12-06T08:24:27+00:00","author":{"@id":"https:\/\/www.nettali.com\/#\/schema\/person\/bb147657c2986240405a608162b9bb23"},"breadcrumb":{"@id":"https:\/\/www.nettali.com\/2025\/12\/06\/senegal-vs-france-les-reactions-de-pape-gueye-lamine-camara-et-moussa-niakhate\/#breadcrumb"},"inLanguage":"fr-FR","potentialAction":[{"@type":"ReadAction","target":["https:\/\/www.nettali.com\/2025\/12\/06\/senegal-vs-france-les-reactions-de-pape-gueye-lamine-camara-et-moussa-niakhate\/"]}]},{"@type":"BreadcrumbList","@id":"https:\/\/www.nettali.com\/2025\/12\/06\/senegal-vs-france-les-reactions-de-pape-gueye-lamine-camara-et-moussa-niakhate\/#breadcrumb","itemListElement":[{"@type":"ListItem","position":1,"name":"Accueil","item":"https:\/\/www.nettali.com\/"},{"@type":"ListItem","position":2,"name":"S\u00c9N\u00c9GAL VS FRANCE - Les r\u00e9actions de Pape Gu\u00e8ye, Lamine Camara et Moussa Niakhat\u00e9"}]},{"@type":"Person","@id":"https:\/\/www.nettali.com\/#\/schema\/person\/bb147657c2986240405a608162b9bb23","name":"Ibrahima","image":{"@type":"ImageObject","@id":"https:\/\/www.nettali.com\/#personlogo","inLanguage":"fr-FR","url":"https:\/\/secure.gravatar.com\/avatar\/26a8a81f09f0dd7624c9d5c36c9ba3a2?s=96&d=mm&r=g","contentUrl":"https:\/\/secure.gravatar.com\/avatar\/26a8a81f09f0dd7624c9d5c36c9ba3a2?s=96&d=mm&r=g","caption":"Ibrahima"},"sameAs":["https:\/\/www.nettali.com"]}]}},"_links":{"self":[{"href":"https:\/\/www.nettali.com\/rest\/wp\/v2\/posts\/165884"}],"collection":[{"href":"https:\/\/www.nettali.com\/rest\/wp\/v2\/posts"}],"about":[{"href":"https:\/\/www.nettali.com\/rest\/wp\/v2\/types\/post"}],"author":[{"embeddable":true,"href":"https:\/\/www.nettali.com\/rest\/wp\/v2\/users\/5"}],"replies":[{"embeddable":true,"href":"https:\/\/www.nettali.com\/rest\/wp\/v2\/comments?post=165884"}],"version-history":[{"count":1,"href":"https:\/\/www.nettali.com\/rest\/wp\/v2\/posts\/165884\/revisions"}],"predecessor-version":[{"id":165886,"href":"https:\/\/www.nettali.com\/rest\/wp\/v2\/posts\/165884\/revisions\/165886"}],"wp:featuredmedia":[{"embeddable":true,"href":"https:\/\/www.nettali.com\/rest\/wp\/v2\/media\/165885"}],"wp:attachment":[{"href":"https:\/\/www.nettali.com\/rest\/wp\/v2\/media?parent=165884"}],"wp:term":[{"taxonomy":"category","embeddable":true,"href":"https:\/\/www.nettali.com\/rest\/wp\/v2\/categories?post=165884"},{"taxonomy":"post_tag","embeddable":true,"href":"https:\/\/www.nettali.com\/rest\/wp\/v2\/tags?post=165884"}],"curies":[{"name":"wp","href":"https:\/\/api.w.org\/{rel}","templated":true}]}}