{"id":165879,"date":"2025-12-06T08:50:43","date_gmt":"2025-12-06T08:50:43","guid":{"rendered":"https:\/\/www.nettali.com\/?p=165879"},"modified":"2025-12-06T22:59:04","modified_gmt":"2025-12-06T22:59:04","slug":"affaire-aee-power-birame-souleye-se-refugie-derriere-la-justice-pour-esquive-linterpellation-de-tas","status":"publish","type":"post","link":"https:\/\/www.nettali.com\/2025\/12\/06\/affaire-aee-power-birame-souleye-se-refugie-derriere-la-justice-pour-esquive-linterpellation-de-tas\/","title":{"rendered":"AFFAIRE AEE POWER - Birame Soul\u00e8ye se \"r\u00e9fugie\" derri\u00e8re la justice pour esquive l'interpellation de TAS"},"content":{"rendered":"<p><strong>NETTALI.COM-\u00a0 Interpell\u00e9 directement sur le br\u00fblant dossier AEE Power lors de l\u2019examen du budget 2026 de son minist\u00e8re, le ministre de l\u2019\u00c9nergie, Birame Soul\u00e8ye Diop, a choisi d'adopter une position de retrait et de prudence, refusant cat\u00e9goriquement d\u2019entrer dans la pol\u00e9mique.<\/strong><\/p>\n<p>Face aux d\u00e9put\u00e9s, le ministre a justifi\u00e9 son silence par le fait que l'affaire est d\u00e9sormais entre les mains de la justice. \u00ab<em> Je ne voudrais pas r\u00e9pondre, parce que le dossier est pendant en justice. Je fais confiance \u00e0 la justice<\/em> \u00bb, a-t-il d\u00e9clar\u00e9, soulignant son respect pour l'institution judiciaire.<\/p>\n<p>S'adressant indirectement \u00e0 M. Sall, le ministre Diop a lanc\u00e9 un appel au calme, \u00e0 la prudence, et au respect strict des proc\u00e9dures judiciaires. Il a ainsi invit\u00e9 \u00e0 mettre fin au d\u00e9bat public et m\u00e9diatique autour de ce contentieux.<br \/>\n\u00ab<em> Si vous \u00eates dans la m\u00eame situation que moi, laissons le temps faire son cours. Il n\u2019est plus besoin d\u2019en parler dans les r\u00e9seaux et dans les grand-places \u00e0 longueur de journ\u00e9e<\/em> \u00bb, a-t-il affirm\u00e9, plaidant pour que les \u00e9changes se tiennent d\u00e9sormais exclusivement dans le cadre l\u00e9gal.<\/p>\n<p>Le ministre de l\u2019\u00c9nergie a conclu son intervention sur une note d'assurance, garantissant la transparence du processus. Birame Soul\u00e8ye Diop se montre confiant dans la capacit\u00e9 de la justice \u00e0 faire toute la lumi\u00e8re sur ce dossier, promettant que \u00ab tout sera clair \u00bb une fois que l\u2019enqu\u00eate et les proc\u00e9dures judiciaires seront arriv\u00e9es \u00e0 leur terme et qu'une d\u00e9cision aura \u00e9t\u00e9 rendue.<\/p>\n<p>Thierno Alassane Sall, a d\u00e9pos\u00e9 une plainte aupr\u00e8s du P\u00f4le Judiciaire Financier (Pjf).<br \/>\nLe grief principal de TAS porte sur un d\u00e9tournement pr\u00e9sum\u00e9 de fonds publics dans le cadre du contrat d\u2019\u00e9lectrification rurale attribu\u00e9 \u00e0 la soci\u00e9t\u00e9 AEE Power EPC par l\u2019ASER. Il s'agit d'un march\u00e9 strat\u00e9gique visant \u00e0 \u00e9lectrifier plusieurs centaines de villages ruraux.<\/p>\n<p>Selon les accusations de l\u2019ancien ministre une avance de d\u00e9marrage estim\u00e9e \u00e0 environ 37 milliards de francs CFA aurait \u00e9t\u00e9 vers\u00e9e \u00e0 AEE Power. C\u2019est pourquoi, TAS d\u00e9nonce une \u00ab supercherie \u00bb et s'interroge sur l'utilisation r\u00e9elle de cette avance. Selon lui et les informations relay\u00e9es par certains m\u00e9dias, une grande partie de ce montant ferait l'objet de zones d'ombre, et son utilisation n'a pas \u00e9t\u00e9 clairement justifi\u00e9e.<\/p>\n<div class='share-to-whatsapp-wrapper'><div class='share-on-whsp'>PARTAGER SUR : <\/div><a data-text='AFFAIRE AEE POWER - Birame Soul\u00e8ye se \"r\u00e9fugie\" derri\u00e8re la justice pour esquive l'interpellation de TAS' data-link='https:\/\/www.nettali.com\/2025\/12\/06\/affaire-aee-power-birame-souleye-se-refugie-derriere-la-justice-pour-esquive-linterpellation-de-tas\/' class='whatsapp-button whatsapp-share'>WhatsApp<\/a><div class='clear '><\/div><\/div>","protected":false},"excerpt":{"rendered":"<p>NETTALI.COM-\u00a0 Interpell\u00e9 directement sur le br\u00fblant dossier AEE Power lors de l\u2019examen du budget 2026 de son minist\u00e8re, le ministre de l\u2019\u00c9nergie, Birame Soul\u00e8ye Diop, a choisi d'adopter une position de retrait et de prudence, refusant cat\u00e9goriquement d\u2019entrer dans la pol\u00e9mique. Face aux d\u00e9put\u00e9s, le ministre a justifi\u00e9 son silence par le fait que l'affaire [&hellip;]<\/p>\n","protected":false},"author":6,"featured_media":155705,"comment_status":"open","ping_status":"open","sticky":false,"template":"","format":"standard","meta":{"_et_pb_use_builder":"","_et_pb_old_content":""},"categories":[2],"tags":[],"yoast_head":"<!-- This site is optimized with the Yoast SEO Premium plugin v17.8 (Yoast SEO v17.8) - https:\/\/yoast.com\/wordpress\/plugins\/seo\/ -->\n<title>AFFAIRE AEE POWER - Birame Soul\u00e8ye se &quot;r\u00e9fugie&quot; derri\u00e8re la justice pour esquive l&#039;interpellation de TAS | Nettali.com<\/title>\n<meta name=\"robots\" content=\"index, follow, max-snippet:-1, max-image-preview:large, max-video-preview:-1\" \/>\n<link rel=\"canonical\" href=\"https:\/\/www.nettali.com\/2025\/12\/06\/affaire-aee-power-birame-souleye-se-refugie-derriere-la-justice-pour-esquive-linterpellation-de-tas\/\" \/>\n<meta property=\"og:locale\" content=\"fr_FR\" \/>\n<meta property=\"og:type\" content=\"article\" \/>\n<meta property=\"og:title\" content=\"AFFAIRE AEE POWER - Birame Soul\u00e8ye se &quot;r\u00e9fugie&quot; derri\u00e8re la justice pour esquive l&#039;interpellation de TAS\" \/>\n<meta property=\"og:description\" content=\"NETTALI.COM-\u00a0 Interpell\u00e9 directement sur le br\u00fblant dossier AEE Power lors de l\u2019examen du budget 2026 de son minist\u00e8re, le ministre de l\u2019\u00c9nergie, Birame Soul\u00e8ye Diop, a choisi d&#039;adopter une position de retrait et de prudence, refusant cat\u00e9goriquement d\u2019entrer dans la pol\u00e9mique. Face aux d\u00e9put\u00e9s, le ministre a justifi\u00e9 son silence par le fait que l&#039;affaire [&hellip;]\" \/>\n<meta property=\"og:url\" content=\"https:\/\/www.nettali.com\/2025\/12\/06\/affaire-aee-power-birame-souleye-se-refugie-derriere-la-justice-pour-esquive-linterpellation-de-tas\/\" \/>\n<meta property=\"og:site_name\" content=\"Nettali.com\" \/>\n<meta property=\"article:publisher\" content=\"https:\/\/www.facebook.com\/nettalicom\" \/>\n<meta property=\"article:published_time\" content=\"2025-12-06T08:50:43+00:00\" \/>\n<meta property=\"article:modified_time\" content=\"2025-12-06T22:59:04+00:00\" \/>\n<meta property=\"og:image\" content=\"https:\/\/www.nettali.com\/wp-content\/uploads\/2025\/06\/Thierno-Alassane-Sall.jpg\" \/>\n\t<meta property=\"og:image:width\" content=\"1066\" \/>\n\t<meta property=\"og:image:height\" content=\"693\" \/>\n<meta name=\"twitter:card\" content=\"summary_large_image\" \/>\n<meta name=\"twitter:label1\" content=\"\u00c9crit par\" \/>\n\t<meta name=\"twitter:data1\" content=\"Fatou\" \/>\n\t<meta name=\"twitter:label2\" content=\"Dur\u00e9e de lecture estim\u00e9e\" \/>\n\t<meta name=\"twitter:data2\" content=\"2 minutes\" \/>\n<script type=\"application\/ld+json\" class=\"yoast-schema-graph\">{\"@context\":\"https:\/\/schema.org\",\"@graph\":[{\"@type\":\"WebSite\",\"@id\":\"https:\/\/www.nettali.com\/#website\",\"url\":\"https:\/\/www.nettali.com\/\",\"name\":\"Nettali.com\",\"description\":\"Le rendez-vous critique du Net\",\"potentialAction\":[{\"@type\":\"SearchAction\",\"target\":{\"@type\":\"EntryPoint\",\"urlTemplate\":\"https:\/\/www.nettali.com\/?s={search_term_string}\"},\"query-input\":\"required name=search_term_string\"}],\"inLanguage\":\"fr-FR\"},{\"@type\":\"ImageObject\",\"@id\":\"https:\/\/www.nettali.com\/2025\/12\/06\/affaire-aee-power-birame-souleye-se-refugie-derriere-la-justice-pour-esquive-linterpellation-de-tas\/#primaryimage\",\"inLanguage\":\"fr-FR\",\"url\":\"https:\/\/www.nettali.com\/wp-content\/uploads\/2025\/06\/Thierno-Alassane-Sall.jpg\",\"contentUrl\":\"https:\/\/www.nettali.com\/wp-content\/uploads\/2025\/06\/Thierno-Alassane-Sall.jpg\",\"width\":1066,\"height\":693},{\"@type\":\"WebPage\",\"@id\":\"https:\/\/www.nettali.com\/2025\/12\/06\/affaire-aee-power-birame-souleye-se-refugie-derriere-la-justice-pour-esquive-linterpellation-de-tas\/#webpage\",\"url\":\"https:\/\/www.nettali.com\/2025\/12\/06\/affaire-aee-power-birame-souleye-se-refugie-derriere-la-justice-pour-esquive-linterpellation-de-tas\/\",\"name\":\"AFFAIRE AEE POWER - Birame Soul\\u00e8ye se \\\"r\\u00e9fugie\\\" derri\\u00e8re la justice pour esquive l'interpellation de TAS | Nettali.com\",\"isPartOf\":{\"@id\":\"https:\/\/www.nettali.com\/#website\"},\"primaryImageOfPage\":{\"@id\":\"https:\/\/www.nettali.com\/2025\/12\/06\/affaire-aee-power-birame-souleye-se-refugie-derriere-la-justice-pour-esquive-linterpellation-de-tas\/#primaryimage\"},\"datePublished\":\"2025-12-06T08:50:43+00:00\",\"dateModified\":\"2025-12-06T22:59:04+00:00\",\"author\":{\"@id\":\"https:\/\/www.nettali.com\/#\/schema\/person\/418274a86bdf87caff7a3ef476bd0bbf\"},\"breadcrumb\":{\"@id\":\"https:\/\/www.nettali.com\/2025\/12\/06\/affaire-aee-power-birame-souleye-se-refugie-derriere-la-justice-pour-esquive-linterpellation-de-tas\/#breadcrumb\"},\"inLanguage\":\"fr-FR\",\"potentialAction\":[{\"@type\":\"ReadAction\",\"target\":[\"https:\/\/www.nettali.com\/2025\/12\/06\/affaire-aee-power-birame-souleye-se-refugie-derriere-la-justice-pour-esquive-linterpellation-de-tas\/\"]}]},{\"@type\":\"BreadcrumbList\",\"@id\":\"https:\/\/www.nettali.com\/2025\/12\/06\/affaire-aee-power-birame-souleye-se-refugie-derriere-la-justice-pour-esquive-linterpellation-de-tas\/#breadcrumb\",\"itemListElement\":[{\"@type\":\"ListItem\",\"position\":1,\"name\":\"Accueil\",\"item\":\"https:\/\/www.nettali.com\/\"},{\"@type\":\"ListItem\",\"position\":2,\"name\":\"AFFAIRE AEE POWER - Birame Soul\\u00e8ye se \\\"r\\u00e9fugie\\\" derri\\u00e8re la justice pour esquive l'interpellation de TAS\"}]},{\"@type\":\"Person\",\"@id\":\"https:\/\/www.nettali.com\/#\/schema\/person\/418274a86bdf87caff7a3ef476bd0bbf\",\"name\":\"Fatou\",\"image\":{\"@type\":\"ImageObject\",\"@id\":\"https:\/\/www.nettali.com\/#personlogo\",\"inLanguage\":\"fr-FR\",\"url\":\"https:\/\/secure.gravatar.com\/avatar\/5a9442a2bee7b4dcf167cab035858e9a?s=96&d=mm&r=g\",\"contentUrl\":\"https:\/\/secure.gravatar.com\/avatar\/5a9442a2bee7b4dcf167cab035858e9a?s=96&d=mm&r=g\",\"caption\":\"Fatou\"},\"sameAs\":[\"https:\/\/www.nettali.com\"]}]}<\/script>\n<!-- \/ Yoast SEO Premium plugin. -->","yoast_head_json":{"title":"AFFAIRE AEE POWER - Birame Soul\u00e8ye se \"r\u00e9fugie\" derri\u00e8re la justice pour esquive l'interpellation de TAS | Nettali.com","robots":{"index":"index","follow":"follow","max-snippet":"max-snippet:-1","max-image-preview":"max-image-preview:large","max-video-preview":"max-video-preview:-1"},"canonical":"https:\/\/www.nettali.com\/2025\/12\/06\/affaire-aee-power-birame-souleye-se-refugie-derriere-la-justice-pour-esquive-linterpellation-de-tas\/","og_locale":"fr_FR","og_type":"article","og_title":"AFFAIRE AEE POWER - Birame Soul\u00e8ye se \"r\u00e9fugie\" derri\u00e8re la justice pour esquive l'interpellation de TAS","og_description":"NETTALI.COM-\u00a0 Interpell\u00e9 directement sur le br\u00fblant dossier AEE Power lors de l\u2019examen du budget 2026 de son minist\u00e8re, le ministre de l\u2019\u00c9nergie, Birame Soul\u00e8ye Diop, a choisi d'adopter une position de retrait et de prudence, refusant cat\u00e9goriquement d\u2019entrer dans la pol\u00e9mique. Face aux d\u00e9put\u00e9s, le ministre a justifi\u00e9 son silence par le fait que l'affaire [&hellip;]","og_url":"https:\/\/www.nettali.com\/2025\/12\/06\/affaire-aee-power-birame-souleye-se-refugie-derriere-la-justice-pour-esquive-linterpellation-de-tas\/","og_site_name":"Nettali.com","article_publisher":"https:\/\/www.facebook.com\/nettalicom","article_published_time":"2025-12-06T08:50:43+00:00","article_modified_time":"2025-12-06T22:59:04+00:00","og_image":[{"width":1066,"height":693,"url":"https:\/\/www.nettali.com\/wp-content\/uploads\/2025\/06\/Thierno-Alassane-Sall.jpg","type":"image\/jpeg"}],"twitter_card":"summary_large_image","twitter_misc":{"\u00c9crit par":"Fatou","Dur\u00e9e de lecture estim\u00e9e":"2 minutes"},"schema":{"@context":"https:\/\/schema.org","@graph":[{"@type":"WebSite","@id":"https:\/\/www.nettali.com\/#website","url":"https:\/\/www.nettali.com\/","name":"Nettali.com","description":"Le rendez-vous critique du Net","potentialAction":[{"@type":"SearchAction","target":{"@type":"EntryPoint","urlTemplate":"https:\/\/www.nettali.com\/?s={search_term_string}"},"query-input":"required name=search_term_string"}],"inLanguage":"fr-FR"},{"@type":"ImageObject","@id":"https:\/\/www.nettali.com\/2025\/12\/06\/affaire-aee-power-birame-souleye-se-refugie-derriere-la-justice-pour-esquive-linterpellation-de-tas\/#primaryimage","inLanguage":"fr-FR","url":"https:\/\/www.nettali.com\/wp-content\/uploads\/2025\/06\/Thierno-Alassane-Sall.jpg","contentUrl":"https:\/\/www.nettali.com\/wp-content\/uploads\/2025\/06\/Thierno-Alassane-Sall.jpg","width":1066,"height":693},{"@type":"WebPage","@id":"https:\/\/www.nettali.com\/2025\/12\/06\/affaire-aee-power-birame-souleye-se-refugie-derriere-la-justice-pour-esquive-linterpellation-de-tas\/#webpage","url":"https:\/\/www.nettali.com\/2025\/12\/06\/affaire-aee-power-birame-souleye-se-refugie-derriere-la-justice-pour-esquive-linterpellation-de-tas\/","name":"AFFAIRE AEE POWER - Birame Soul\u00e8ye se \"r\u00e9fugie\" derri\u00e8re la justice pour esquive l'interpellation de TAS | Nettali.com","isPartOf":{"@id":"https:\/\/www.nettali.com\/#website"},"primaryImageOfPage":{"@id":"https:\/\/www.nettali.com\/2025\/12\/06\/affaire-aee-power-birame-souleye-se-refugie-derriere-la-justice-pour-esquive-linterpellation-de-tas\/#primaryimage"},"datePublished":"2025-12-06T08:50:43+00:00","dateModified":"2025-12-06T22:59:04+00:00","author":{"@id":"https:\/\/www.nettali.com\/#\/schema\/person\/418274a86bdf87caff7a3ef476bd0bbf"},"breadcrumb":{"@id":"https:\/\/www.nettali.com\/2025\/12\/06\/affaire-aee-power-birame-souleye-se-refugie-derriere-la-justice-pour-esquive-linterpellation-de-tas\/#breadcrumb"},"inLanguage":"fr-FR","potentialAction":[{"@type":"ReadAction","target":["https:\/\/www.nettali.com\/2025\/12\/06\/affaire-aee-power-birame-souleye-se-refugie-derriere-la-justice-pour-esquive-linterpellation-de-tas\/"]}]},{"@type":"BreadcrumbList","@id":"https:\/\/www.nettali.com\/2025\/12\/06\/affaire-aee-power-birame-souleye-se-refugie-derriere-la-justice-pour-esquive-linterpellation-de-tas\/#breadcrumb","itemListElement":[{"@type":"ListItem","position":1,"name":"Accueil","item":"https:\/\/www.nettali.com\/"},{"@type":"ListItem","position":2,"name":"AFFAIRE AEE POWER - Birame Soul\u00e8ye se \"r\u00e9fugie\" derri\u00e8re la justice pour esquive l'interpellation de TAS"}]},{"@type":"Person","@id":"https:\/\/www.nettali.com\/#\/schema\/person\/418274a86bdf87caff7a3ef476bd0bbf","name":"Fatou","image":{"@type":"ImageObject","@id":"https:\/\/www.nettali.com\/#personlogo","inLanguage":"fr-FR","url":"https:\/\/secure.gravatar.com\/avatar\/5a9442a2bee7b4dcf167cab035858e9a?s=96&d=mm&r=g","contentUrl":"https:\/\/secure.gravatar.com\/avatar\/5a9442a2bee7b4dcf167cab035858e9a?s=96&d=mm&r=g","caption":"Fatou"},"sameAs":["https:\/\/www.nettali.com"]}]}},"_links":{"self":[{"href":"https:\/\/www.nettali.com\/rest\/wp\/v2\/posts\/165879"}],"collection":[{"href":"https:\/\/www.nettali.com\/rest\/wp\/v2\/posts"}],"about":[{"href":"https:\/\/www.nettali.com\/rest\/wp\/v2\/types\/post"}],"author":[{"embeddable":true,"href":"https:\/\/www.nettali.com\/rest\/wp\/v2\/users\/6"}],"replies":[{"embeddable":true,"href":"https:\/\/www.nettali.com\/rest\/wp\/v2\/comments?post=165879"}],"version-history":[{"count":2,"href":"https:\/\/www.nettali.com\/rest\/wp\/v2\/posts\/165879\/revisions"}],"predecessor-version":[{"id":165932,"href":"https:\/\/www.nettali.com\/rest\/wp\/v2\/posts\/165879\/revisions\/165932"}],"wp:featuredmedia":[{"embeddable":true,"href":"https:\/\/www.nettali.com\/rest\/wp\/v2\/media\/155705"}],"wp:attachment":[{"href":"https:\/\/www.nettali.com\/rest\/wp\/v2\/media?parent=165879"}],"wp:term":[{"taxonomy":"category","embeddable":true,"href":"https:\/\/www.nettali.com\/rest\/wp\/v2\/categories?post=165879"},{"taxonomy":"post_tag","embeddable":true,"href":"https:\/\/www.nettali.com\/rest\/wp\/v2\/tags?post=165879"}],"curies":[{"name":"wp","href":"https:\/\/api.w.org\/{rel}","templated":true}]}}