{"id":165873,"date":"2025-12-06T08:29:36","date_gmt":"2025-12-06T08:29:36","guid":{"rendered":"https:\/\/www.nettali.com\/?p=165873"},"modified":"2025-12-06T08:29:37","modified_gmt":"2025-12-06T08:29:37","slug":"mondial-2026-le-senegal-retrouve-la-france-24-ans-apres","status":"publish","type":"post","link":"https:\/\/www.nettali.com\/2025\/12\/06\/mondial-2026-le-senegal-retrouve-la-france-24-ans-apres\/","title":{"rendered":"MONDIAL 2026 - Le S\u00e9n\u00e9gal retrouve la France 24 ans apr\u00e8s"},"content":{"rendered":"<p><strong>NETTALI.COM - C'est officiel, le S\u00e9n\u00e9gal conna\u00eet d\u00e9sormais ses adversaires \u00e0 la Coupe du Monde 2026. Log\u00e9s dans la poule I, les Lions de la T\u00e9ranga feront de fortes retrouvailles avec la France, un adversaire qu'ils n'ont plus jou\u00e9 depuis le Mondial 2002. La bande a Sadio Man\u00e9 partage leur groupe avec la Norv\u00e8ge d\u2019Erling Haaland et le vainqueur des barrages intercontinentaux (Bolivie, Irak ou Suriname).<\/strong><\/p>\n<p>Le S\u00e9n\u00e9gal est-il tomb\u00e9 dans la poule de la mort? Difficile de rependre par la n\u00e9gation.<br \/>\nEn effet, lors du tirage au sort de la Coupe du Monde 2026 (11 juin \u2013 19 juillet) effectu\u00e9 vendredi 5 d\u00e9cembre \u00e0 Washington, les Lions ont h\u00e9rit\u00e9 de la France et de la Norv\u00e8ge dans un groupe I. Celui-ci sera compl\u00e9t\u00e9 par l\u2019un des trois barragistes suivants : la Bolivie, le Suriname ou l\u2019Irak.<\/p>\n<p>A rappeler que les hommes de Pape Thiaw vont disputer leur match dans quatre villes possibles : Boston, New York, Philadelphie et\/ou Toronto.<\/p>\n<div class='share-to-whatsapp-wrapper'><div class='share-on-whsp'>PARTAGER SUR : <\/div><a data-text='MONDIAL 2026 - Le S\u00e9n\u00e9gal retrouve la France 24 ans apr\u00e8s' data-link='https:\/\/www.nettali.com\/2025\/12\/06\/mondial-2026-le-senegal-retrouve-la-france-24-ans-apres\/' class='whatsapp-button whatsapp-share'>WhatsApp<\/a><div class='clear '><\/div><\/div>","protected":false},"excerpt":{"rendered":"<p>NETTALI.COM - C'est officiel, le S\u00e9n\u00e9gal conna\u00eet d\u00e9sormais ses adversaires \u00e0 la Coupe du Monde 2026. Log\u00e9s dans la poule I, les Lions de la T\u00e9ranga feront de fortes retrouvailles avec la France, un adversaire qu'ils n'ont plus jou\u00e9 depuis le Mondial 2002. La bande a Sadio Man\u00e9 partage leur groupe avec la Norv\u00e8ge d\u2019Erling [&hellip;]<\/p>\n","protected":false},"author":5,"featured_media":165874,"comment_status":"open","ping_status":"open","sticky":false,"template":"","format":"standard","meta":{"_et_pb_use_builder":"","_et_pb_old_content":""},"categories":[6],"tags":[],"yoast_head":"<!-- This site is optimized with the Yoast SEO Premium plugin v17.8 (Yoast SEO v17.8) - https:\/\/yoast.com\/wordpress\/plugins\/seo\/ -->\n<title>MONDIAL 2026 - Le S\u00e9n\u00e9gal retrouve la France 24 ans apr\u00e8s | Nettali.com<\/title>\n<meta name=\"robots\" content=\"index, follow, max-snippet:-1, max-image-preview:large, max-video-preview:-1\" \/>\n<link rel=\"canonical\" href=\"https:\/\/www.nettali.com\/2025\/12\/06\/mondial-2026-le-senegal-retrouve-la-france-24-ans-apres\/\" \/>\n<meta property=\"og:locale\" content=\"fr_FR\" \/>\n<meta property=\"og:type\" content=\"article\" \/>\n<meta property=\"og:title\" content=\"MONDIAL 2026 - Le S\u00e9n\u00e9gal retrouve la France 24 ans apr\u00e8s\" \/>\n<meta property=\"og:description\" content=\"NETTALI.COM - C&#039;est officiel, le S\u00e9n\u00e9gal conna\u00eet d\u00e9sormais ses adversaires \u00e0 la Coupe du Monde 2026. Log\u00e9s dans la poule I, les Lions de la T\u00e9ranga feront de fortes retrouvailles avec la France, un adversaire qu&#039;ils n&#039;ont plus jou\u00e9 depuis le Mondial 2002. La bande a Sadio Man\u00e9 partage leur groupe avec la Norv\u00e8ge d\u2019Erling [&hellip;]\" \/>\n<meta property=\"og:url\" content=\"https:\/\/www.nettali.com\/2025\/12\/06\/mondial-2026-le-senegal-retrouve-la-france-24-ans-apres\/\" \/>\n<meta property=\"og:site_name\" content=\"Nettali.com\" \/>\n<meta property=\"article:publisher\" content=\"https:\/\/www.facebook.com\/nettalicom\" \/>\n<meta property=\"article:published_time\" content=\"2025-12-06T08:29:36+00:00\" \/>\n<meta property=\"article:modified_time\" content=\"2025-12-06T08:29:37+00:00\" \/>\n<meta property=\"og:image\" content=\"https:\/\/www.nettali.com\/wp-content\/uploads\/2025\/12\/FB_IMG_1731658519555-1024x683-1.jpg\" \/>\n\t<meta property=\"og:image:width\" content=\"1024\" \/>\n\t<meta property=\"og:image:height\" content=\"683\" \/>\n<meta name=\"twitter:card\" content=\"summary_large_image\" \/>\n<meta name=\"twitter:label1\" content=\"\u00c9crit par\" \/>\n\t<meta name=\"twitter:data1\" content=\"Ibrahima\" \/>\n\t<meta name=\"twitter:label2\" content=\"Dur\u00e9e de lecture estim\u00e9e\" \/>\n\t<meta name=\"twitter:data2\" content=\"1 minute\" \/>\n<script type=\"application\/ld+json\" class=\"yoast-schema-graph\">{\"@context\":\"https:\/\/schema.org\",\"@graph\":[{\"@type\":\"WebSite\",\"@id\":\"https:\/\/www.nettali.com\/#website\",\"url\":\"https:\/\/www.nettali.com\/\",\"name\":\"Nettali.com\",\"description\":\"Le rendez-vous critique du Net\",\"potentialAction\":[{\"@type\":\"SearchAction\",\"target\":{\"@type\":\"EntryPoint\",\"urlTemplate\":\"https:\/\/www.nettali.com\/?s={search_term_string}\"},\"query-input\":\"required name=search_term_string\"}],\"inLanguage\":\"fr-FR\"},{\"@type\":\"ImageObject\",\"@id\":\"https:\/\/www.nettali.com\/2025\/12\/06\/mondial-2026-le-senegal-retrouve-la-france-24-ans-apres\/#primaryimage\",\"inLanguage\":\"fr-FR\",\"url\":\"https:\/\/www.nettali.com\/wp-content\/uploads\/2025\/12\/FB_IMG_1731658519555-1024x683-1.jpg\",\"contentUrl\":\"https:\/\/www.nettali.com\/wp-content\/uploads\/2025\/12\/FB_IMG_1731658519555-1024x683-1.jpg\",\"width\":1024,\"height\":683},{\"@type\":\"WebPage\",\"@id\":\"https:\/\/www.nettali.com\/2025\/12\/06\/mondial-2026-le-senegal-retrouve-la-france-24-ans-apres\/#webpage\",\"url\":\"https:\/\/www.nettali.com\/2025\/12\/06\/mondial-2026-le-senegal-retrouve-la-france-24-ans-apres\/\",\"name\":\"MONDIAL 2026 - Le S\\u00e9n\\u00e9gal retrouve la France 24 ans apr\\u00e8s | Nettali.com\",\"isPartOf\":{\"@id\":\"https:\/\/www.nettali.com\/#website\"},\"primaryImageOfPage\":{\"@id\":\"https:\/\/www.nettali.com\/2025\/12\/06\/mondial-2026-le-senegal-retrouve-la-france-24-ans-apres\/#primaryimage\"},\"datePublished\":\"2025-12-06T08:29:36+00:00\",\"dateModified\":\"2025-12-06T08:29:37+00:00\",\"author\":{\"@id\":\"https:\/\/www.nettali.com\/#\/schema\/person\/bb147657c2986240405a608162b9bb23\"},\"breadcrumb\":{\"@id\":\"https:\/\/www.nettali.com\/2025\/12\/06\/mondial-2026-le-senegal-retrouve-la-france-24-ans-apres\/#breadcrumb\"},\"inLanguage\":\"fr-FR\",\"potentialAction\":[{\"@type\":\"ReadAction\",\"target\":[\"https:\/\/www.nettali.com\/2025\/12\/06\/mondial-2026-le-senegal-retrouve-la-france-24-ans-apres\/\"]}]},{\"@type\":\"BreadcrumbList\",\"@id\":\"https:\/\/www.nettali.com\/2025\/12\/06\/mondial-2026-le-senegal-retrouve-la-france-24-ans-apres\/#breadcrumb\",\"itemListElement\":[{\"@type\":\"ListItem\",\"position\":1,\"name\":\"Accueil\",\"item\":\"https:\/\/www.nettali.com\/\"},{\"@type\":\"ListItem\",\"position\":2,\"name\":\"MONDIAL 2026 - Le S\\u00e9n\\u00e9gal retrouve la France 24 ans apr\\u00e8s\"}]},{\"@type\":\"Person\",\"@id\":\"https:\/\/www.nettali.com\/#\/schema\/person\/bb147657c2986240405a608162b9bb23\",\"name\":\"Ibrahima\",\"image\":{\"@type\":\"ImageObject\",\"@id\":\"https:\/\/www.nettali.com\/#personlogo\",\"inLanguage\":\"fr-FR\",\"url\":\"https:\/\/secure.gravatar.com\/avatar\/26a8a81f09f0dd7624c9d5c36c9ba3a2?s=96&d=mm&r=g\",\"contentUrl\":\"https:\/\/secure.gravatar.com\/avatar\/26a8a81f09f0dd7624c9d5c36c9ba3a2?s=96&d=mm&r=g\",\"caption\":\"Ibrahima\"},\"sameAs\":[\"https:\/\/www.nettali.com\"]}]}<\/script>\n<!-- \/ Yoast SEO Premium plugin. -->","yoast_head_json":{"title":"MONDIAL 2026 - Le S\u00e9n\u00e9gal retrouve la France 24 ans apr\u00e8s | Nettali.com","robots":{"index":"index","follow":"follow","max-snippet":"max-snippet:-1","max-image-preview":"max-image-preview:large","max-video-preview":"max-video-preview:-1"},"canonical":"https:\/\/www.nettali.com\/2025\/12\/06\/mondial-2026-le-senegal-retrouve-la-france-24-ans-apres\/","og_locale":"fr_FR","og_type":"article","og_title":"MONDIAL 2026 - Le S\u00e9n\u00e9gal retrouve la France 24 ans apr\u00e8s","og_description":"NETTALI.COM - C'est officiel, le S\u00e9n\u00e9gal conna\u00eet d\u00e9sormais ses adversaires \u00e0 la Coupe du Monde 2026. Log\u00e9s dans la poule I, les Lions de la T\u00e9ranga feront de fortes retrouvailles avec la France, un adversaire qu'ils n'ont plus jou\u00e9 depuis le Mondial 2002. La bande a Sadio Man\u00e9 partage leur groupe avec la Norv\u00e8ge d\u2019Erling [&hellip;]","og_url":"https:\/\/www.nettali.com\/2025\/12\/06\/mondial-2026-le-senegal-retrouve-la-france-24-ans-apres\/","og_site_name":"Nettali.com","article_publisher":"https:\/\/www.facebook.com\/nettalicom","article_published_time":"2025-12-06T08:29:36+00:00","article_modified_time":"2025-12-06T08:29:37+00:00","og_image":[{"width":1024,"height":683,"url":"https:\/\/www.nettali.com\/wp-content\/uploads\/2025\/12\/FB_IMG_1731658519555-1024x683-1.jpg","type":"image\/jpeg"}],"twitter_card":"summary_large_image","twitter_misc":{"\u00c9crit par":"Ibrahima","Dur\u00e9e de lecture estim\u00e9e":"1 minute"},"schema":{"@context":"https:\/\/schema.org","@graph":[{"@type":"WebSite","@id":"https:\/\/www.nettali.com\/#website","url":"https:\/\/www.nettali.com\/","name":"Nettali.com","description":"Le rendez-vous critique du Net","potentialAction":[{"@type":"SearchAction","target":{"@type":"EntryPoint","urlTemplate":"https:\/\/www.nettali.com\/?s={search_term_string}"},"query-input":"required name=search_term_string"}],"inLanguage":"fr-FR"},{"@type":"ImageObject","@id":"https:\/\/www.nettali.com\/2025\/12\/06\/mondial-2026-le-senegal-retrouve-la-france-24-ans-apres\/#primaryimage","inLanguage":"fr-FR","url":"https:\/\/www.nettali.com\/wp-content\/uploads\/2025\/12\/FB_IMG_1731658519555-1024x683-1.jpg","contentUrl":"https:\/\/www.nettali.com\/wp-content\/uploads\/2025\/12\/FB_IMG_1731658519555-1024x683-1.jpg","width":1024,"height":683},{"@type":"WebPage","@id":"https:\/\/www.nettali.com\/2025\/12\/06\/mondial-2026-le-senegal-retrouve-la-france-24-ans-apres\/#webpage","url":"https:\/\/www.nettali.com\/2025\/12\/06\/mondial-2026-le-senegal-retrouve-la-france-24-ans-apres\/","name":"MONDIAL 2026 - Le S\u00e9n\u00e9gal retrouve la France 24 ans apr\u00e8s | Nettali.com","isPartOf":{"@id":"https:\/\/www.nettali.com\/#website"},"primaryImageOfPage":{"@id":"https:\/\/www.nettali.com\/2025\/12\/06\/mondial-2026-le-senegal-retrouve-la-france-24-ans-apres\/#primaryimage"},"datePublished":"2025-12-06T08:29:36+00:00","dateModified":"2025-12-06T08:29:37+00:00","author":{"@id":"https:\/\/www.nettali.com\/#\/schema\/person\/bb147657c2986240405a608162b9bb23"},"breadcrumb":{"@id":"https:\/\/www.nettali.com\/2025\/12\/06\/mondial-2026-le-senegal-retrouve-la-france-24-ans-apres\/#breadcrumb"},"inLanguage":"fr-FR","potentialAction":[{"@type":"ReadAction","target":["https:\/\/www.nettali.com\/2025\/12\/06\/mondial-2026-le-senegal-retrouve-la-france-24-ans-apres\/"]}]},{"@type":"BreadcrumbList","@id":"https:\/\/www.nettali.com\/2025\/12\/06\/mondial-2026-le-senegal-retrouve-la-france-24-ans-apres\/#breadcrumb","itemListElement":[{"@type":"ListItem","position":1,"name":"Accueil","item":"https:\/\/www.nettali.com\/"},{"@type":"ListItem","position":2,"name":"MONDIAL 2026 - Le S\u00e9n\u00e9gal retrouve la France 24 ans apr\u00e8s"}]},{"@type":"Person","@id":"https:\/\/www.nettali.com\/#\/schema\/person\/bb147657c2986240405a608162b9bb23","name":"Ibrahima","image":{"@type":"ImageObject","@id":"https:\/\/www.nettali.com\/#personlogo","inLanguage":"fr-FR","url":"https:\/\/secure.gravatar.com\/avatar\/26a8a81f09f0dd7624c9d5c36c9ba3a2?s=96&d=mm&r=g","contentUrl":"https:\/\/secure.gravatar.com\/avatar\/26a8a81f09f0dd7624c9d5c36c9ba3a2?s=96&d=mm&r=g","caption":"Ibrahima"},"sameAs":["https:\/\/www.nettali.com"]}]}},"_links":{"self":[{"href":"https:\/\/www.nettali.com\/rest\/wp\/v2\/posts\/165873"}],"collection":[{"href":"https:\/\/www.nettali.com\/rest\/wp\/v2\/posts"}],"about":[{"href":"https:\/\/www.nettali.com\/rest\/wp\/v2\/types\/post"}],"author":[{"embeddable":true,"href":"https:\/\/www.nettali.com\/rest\/wp\/v2\/users\/5"}],"replies":[{"embeddable":true,"href":"https:\/\/www.nettali.com\/rest\/wp\/v2\/comments?post=165873"}],"version-history":[{"count":1,"href":"https:\/\/www.nettali.com\/rest\/wp\/v2\/posts\/165873\/revisions"}],"predecessor-version":[{"id":165875,"href":"https:\/\/www.nettali.com\/rest\/wp\/v2\/posts\/165873\/revisions\/165875"}],"wp:featuredmedia":[{"embeddable":true,"href":"https:\/\/www.nettali.com\/rest\/wp\/v2\/media\/165874"}],"wp:attachment":[{"href":"https:\/\/www.nettali.com\/rest\/wp\/v2\/media?parent=165873"}],"wp:term":[{"taxonomy":"category","embeddable":true,"href":"https:\/\/www.nettali.com\/rest\/wp\/v2\/categories?post=165873"},{"taxonomy":"post_tag","embeddable":true,"href":"https:\/\/www.nettali.com\/rest\/wp\/v2\/tags?post=165873"}],"curies":[{"name":"wp","href":"https:\/\/api.w.org\/{rel}","templated":true}]}}