{"id":165869,"date":"2025-12-05T19:21:05","date_gmt":"2025-12-05T19:21:05","guid":{"rendered":"https:\/\/www.nettali.com\/?p=165869"},"modified":"2025-12-08T09:58:36","modified_gmt":"2025-12-08T09:58:36","slug":"vote-du-budget-du-ministere-de-la-communication-des-deputes-plaident-la-cause-de-la-presse","status":"publish","type":"post","link":"https:\/\/www.nettali.com\/2025\/12\/05\/vote-du-budget-du-ministere-de-la-communication-des-deputes-plaident-la-cause-de-la-presse\/","title":{"rendered":"VOTE DU BUDGET DU MINISTERE DE LA COMMUNICATION - Des d\u00e9put\u00e9s plaident la cause de la presse"},"content":{"rendered":"<p><strong>NETTALI.COM - Lors du vote du budget du minist\u00e8re de la Communication \u00e0 l\u2019Assembl\u00e9e nationale, des d\u00e9put\u00e9s ont fait un plaidoyer en faveur de la presse, demandant au ministre du secteur, Aliou Sall de r\u00e9soudre les questions li\u00e9es au fonds d'aide \u00e0 la presse, les prestations non pay\u00e9es attach\u00e9es aux conventions sign\u00e9es entre les entreprises publiques et les entreprises de la presse priv\u00e9e. Ce qui permettrait, selon eux, aux entreprises de presse d'\u00e9ponger les nombreux mois d'arri\u00e9r\u00e9s de salaire.<\/strong><\/p>\n<p>Prenant la parole, le d\u00e9put\u00e9 Pape Djibril Fall a alert\u00e9 sur la situation des journalistes au S\u00e9n\u00e9gal, soulignant qu\u2019ils subissent les \u201cd\u00e9g\u00e2ts collat\u00e9raux\u201d des conflits entre le gouvernement et la presse. Aussi, a-il insist\u00e9 sur le fait que ces victimes sont souvent des jeunes et des femmes, des employ\u00e9s qui n\u2019ont aucun r\u00f4le dans les tensions entre l'Etat et le patronat des m\u00e9dias, informant que certains d'entre eux n\u2019auraient pas per\u00e7u de salaire depuis six mois. Une situation qu\u2019il juge inacceptable et qui n\u00e9cessite une intervention imm\u00e9diate afin de prot\u00e9ger leurs droits.<\/p>\n<p>Pour Pape Djibril Fall, le r\u00f4le de l\u2019\u00c9tat n\u2019est pas d\u2019\u00e9craser les employ\u00e9s ou d\u2019aggraver la pr\u00e9carit\u00e9 des journalistes, mais de veiller \u00e0 la stabilit\u00e9 des emplois dans le secteur.<\/p>\n<p>Le d\u00e9put\u00e9 a aussi \u00e9voqu\u00e9 d\u2019autres sujets li\u00e9es aux m\u00e9dias et a appel\u00e9 le gouvernement \u00e0 concentrer ses efforts sur la pr\u00e9servation des emplois et le bien \u00eatre des travailleurs, afin que les conflits institutionnels ne deviennent pas un fardeau pour ceux qui ne font qu\u2019exercer leur m\u00e9tier.<\/p>\n<p><strong>Oumar Sy, d\u00e9put\u00e9 de Pastef : \u201c<em>on peut s\u2019arranger \u00e0 effacer l\u2019ardoise et repartir sur de nouvelles bases<\/em>\u201d<\/strong><\/p>\n<p>Un autre d\u00e9put\u00e9, celui du parti Pastef, Oumar Sy a lui aussi d\u00e9livr\u00e9 un message \u00e0 la fois ferme et conciliant sur la situation actuelle de la presse s\u00e9n\u00e9galaise. Conscient de la complexit\u00e9 des tensions entre institutions et acteurs m\u00e9diatiques, il a exhort\u00e9 toutes les parties \u00e0 \u201ctrouver des plages de convergence dans le respect des lois et r\u00e8glements du pays\u201d.<\/p>\n<p>S\u2019adressant directement au ministre, il a soulign\u00e9, qu\u2019au del\u00e0 des relations personnelles avec lui, le d\u00e9bat \u00e9tant d\u00e9sormais public, la transparence et le dialogue restent indispensables pour apaiser le climat.<\/p>\n<p>Abordant la question sensible de l\u2019aide \u00e0 la presse, Oumar Sy a demand\u00e9 une acc\u00e9l\u00e9ration du processus afin de respecter les crit\u00e8res l\u00e9gaux. Sy a aussi \u00e9voqu\u00e9 la question des conventions h\u00e9rit\u00e9es du r\u00e9gime pr\u00e9c\u00e9dent, estimant que si certaines prestations ont \u00e9t\u00e9 effectivement r\u00e9alis\u00e9es et d\u00fbment prouv\u00e9es, \u201c<em>on peut s\u2019arranger \u00e0 effacer l\u2019ardoise et repartir sur de nouvelles bases<\/em>\u201d.<\/p>\n<p>Une d\u00e9marche qui, selon lui, servirait avant tout \u201c<em>l\u2019int\u00e9r\u00eat du S\u00e9n\u00e9gal<\/em>\u201d et contribuerait \u00e0 stabiliser un secteur m\u00e9diatique d\u00e9j\u00e0 fragilis\u00e9, avant de conclure sur les difficult\u00e9s persistantes de r\u00e9seau dans la zone de Lingu\u00e8re.<\/p>\n<p><strong>Mbaye Dione : \"Payez \u00e0 la presse s\u00e9n\u00e9galaise l\u2019argent que vous lui devez. Apr\u00e8s...\"<\/strong><\/p>\n<p>De son c\u00f4t\u00e9, le d\u00e9put\u00e9 Mbaye Dione a exhort\u00e9 fermement le ministre de la Communication \u00e0 payer \u00e0 la presse, les arri\u00e9r\u00e9s que l'\u00c9tat lui doit.<\/p>\n<p>\" <em>Payez \u00e0 la presse s\u00e9n\u00e9galaise l\u2019argent que vous lui devez. Apr\u00e8s cela, vous \u00eates libres de ne pas signer les conventions<\/em> \", a martel\u00e9 le d\u00e9put\u00e9 de l'opposition, Mbaye Dione lors de l'examen du budget du minist\u00e8re de la Communication.<\/p>\n<p>Lors de son intervention, le parlementaire a \u00e9voqu\u00e9 les difficult\u00e9s \u00e9conomiques des entreprises de presse face aux obligations financi\u00e8res non remplies de l'\u00c9tat. Le d\u00e9put\u00e9 a rappel\u00e9 la promesse faite par le Pr\u00e9sident de la R\u00e9publique lors de la c\u00e9r\u00e9monie du 4 avril de proc\u00e9der au r\u00e8glement de la dette due. Il a insist\u00e9 sur la n\u00e9cessit\u00e9 d'effectuer ce paiement sans condition pr\u00e9alable, martelant : \"<em>Le S\u00e9n\u00e9gal est en train d\u2019apurer toutes ses dettes. Celle due \u00e0 la presse en fait partie, il faut la payer. [...] Une dette, \u00e7a se paye<\/em> \".<\/p>\n<p>Ainsi, il exhorte l'\u00c9tat '\u00e0 r\u00e9gler ses arri\u00e9r\u00e9s financiers envers les m\u00e9dias s\u00e9n\u00e9galais. Il a mis en \u00e9vidence le r\u00f4le essentiel de la presse priv\u00e9e, qu'il a qualifi\u00e9e de mission de service public, un engagement particuli\u00e8rement prouv\u00e9 durant des crises sanitaires comme la Covid-19.<\/p>\n<p>Mbaye Dione a d\u00e9plor\u00e9 que le Fonds d\u2019appui \u00e0 la presse, bien que vot\u00e9 par l\u2019Assembl\u00e9e nationale, n'ait toujours pas \u00e9t\u00e9 distribu\u00e9. Il a demand\u00e9 au ministre de respecter la loi relative \u00e0 ce fonds, d'assurer une distribution \u00e9quitable et d'associer les organisations professionnelles, notamment la CEDEPS, aux discussions sur sa gestion.<\/p>\n<p>Le d\u00e9put\u00e9 de l'opposition a \u00e9galement soulev\u00e9 la question de l'\u00e9quit\u00e9 fiscale. Mbaye Dionne a demand\u00e9 au ministre Aliou Sall de ne pas en faire une condition sine qua non pour b\u00e9n\u00e9ficier du soutien de l'\u00c9tat. Selon lui, c'est \u00e0 l'\u00c9tat de r\u00e9gler sa propre dette en priorit\u00e9, car la situation \u00e9conomique pr\u00e9caire des m\u00e9dias ne leur permet pas d'assumer certaines charges fiscales dans l'imm\u00e9diat.<\/p>\n<div class='share-to-whatsapp-wrapper'><div class='share-on-whsp'>PARTAGER SUR : <\/div><a data-text='VOTE DU BUDGET DU MINISTERE DE LA COMMUNICATION - Des d\u00e9put\u00e9s plaident la cause de la presse' data-link='https:\/\/www.nettali.com\/2025\/12\/05\/vote-du-budget-du-ministere-de-la-communication-des-deputes-plaident-la-cause-de-la-presse\/' class='whatsapp-button whatsapp-share'>WhatsApp<\/a><div class='clear '><\/div><\/div>","protected":false},"excerpt":{"rendered":"<p>NETTALI.COM - Lors du vote du budget du minist\u00e8re de la Communication \u00e0 l\u2019Assembl\u00e9e nationale, des d\u00e9put\u00e9s ont fait un plaidoyer en faveur de la presse, demandant au ministre du secteur, Aliou Sall de r\u00e9soudre les questions li\u00e9es au fonds d'aide \u00e0 la presse, les prestations non pay\u00e9es attach\u00e9es aux conventions sign\u00e9es entre les entreprises [&hellip;]<\/p>\n","protected":false},"author":2,"featured_media":165871,"comment_status":"open","ping_status":"open","sticky":false,"template":"","format":"standard","meta":{"_et_pb_use_builder":"","_et_pb_old_content":""},"categories":[3],"tags":[],"yoast_head":"<!-- This site is optimized with the Yoast SEO Premium plugin v17.8 (Yoast SEO v17.8) - https:\/\/yoast.com\/wordpress\/plugins\/seo\/ -->\n<title>VOTE DU BUDGET DU MINISTERE DE LA COMMUNICATION - Des d\u00e9put\u00e9s plaident la cause de la presse | Nettali.com<\/title>\n<meta name=\"robots\" content=\"index, follow, max-snippet:-1, max-image-preview:large, max-video-preview:-1\" \/>\n<link rel=\"canonical\" href=\"https:\/\/www.nettali.com\/2025\/12\/05\/vote-du-budget-du-ministere-de-la-communication-des-deputes-plaident-la-cause-de-la-presse\/\" \/>\n<meta property=\"og:locale\" content=\"fr_FR\" \/>\n<meta property=\"og:type\" content=\"article\" \/>\n<meta property=\"og:title\" content=\"VOTE DU BUDGET DU MINISTERE DE LA COMMUNICATION - Des d\u00e9put\u00e9s plaident la cause de la presse\" \/>\n<meta property=\"og:description\" content=\"NETTALI.COM - Lors du vote du budget du minist\u00e8re de la Communication \u00e0 l\u2019Assembl\u00e9e nationale, des d\u00e9put\u00e9s ont fait un plaidoyer en faveur de la presse, demandant au ministre du secteur, Aliou Sall de r\u00e9soudre les questions li\u00e9es au fonds d&#039;aide \u00e0 la presse, les prestations non pay\u00e9es attach\u00e9es aux conventions sign\u00e9es entre les entreprises [&hellip;]\" \/>\n<meta property=\"og:url\" content=\"https:\/\/www.nettali.com\/2025\/12\/05\/vote-du-budget-du-ministere-de-la-communication-des-deputes-plaident-la-cause-de-la-presse\/\" \/>\n<meta property=\"og:site_name\" content=\"Nettali.com\" \/>\n<meta property=\"article:publisher\" content=\"https:\/\/www.facebook.com\/nettalicom\" \/>\n<meta property=\"article:published_time\" content=\"2025-12-05T19:21:05+00:00\" \/>\n<meta property=\"article:modified_time\" content=\"2025-12-08T09:58:36+00:00\" \/>\n<meta property=\"og:image\" content=\"https:\/\/www.nettali.com\/wp-content\/uploads\/2025\/12\/pape-djibril-fall-snbebe.jpg\" \/>\n\t<meta property=\"og:image:width\" content=\"900\" \/>\n\t<meta property=\"og:image:height\" content=\"500\" \/>\n<meta name=\"twitter:card\" content=\"summary_large_image\" \/>\n<meta name=\"twitter:label1\" content=\"\u00c9crit par\" \/>\n\t<meta name=\"twitter:data1\" content=\"CK\" \/>\n\t<meta name=\"twitter:label2\" content=\"Dur\u00e9e de lecture estim\u00e9e\" \/>\n\t<meta name=\"twitter:data2\" content=\"3 minutes\" \/>\n<script type=\"application\/ld+json\" class=\"yoast-schema-graph\">{\"@context\":\"https:\/\/schema.org\",\"@graph\":[{\"@type\":\"WebSite\",\"@id\":\"https:\/\/www.nettali.com\/#website\",\"url\":\"https:\/\/www.nettali.com\/\",\"name\":\"Nettali.com\",\"description\":\"Le rendez-vous critique du Net\",\"potentialAction\":[{\"@type\":\"SearchAction\",\"target\":{\"@type\":\"EntryPoint\",\"urlTemplate\":\"https:\/\/www.nettali.com\/?s={search_term_string}\"},\"query-input\":\"required name=search_term_string\"}],\"inLanguage\":\"fr-FR\"},{\"@type\":\"ImageObject\",\"@id\":\"https:\/\/www.nettali.com\/2025\/12\/05\/vote-du-budget-du-ministere-de-la-communication-des-deputes-plaident-la-cause-de-la-presse\/#primaryimage\",\"inLanguage\":\"fr-FR\",\"url\":\"https:\/\/www.nettali.com\/wp-content\/uploads\/2025\/12\/pape-djibril-fall-snbebe.jpg\",\"contentUrl\":\"https:\/\/www.nettali.com\/wp-content\/uploads\/2025\/12\/pape-djibril-fall-snbebe.jpg\",\"width\":900,\"height\":500},{\"@type\":\"WebPage\",\"@id\":\"https:\/\/www.nettali.com\/2025\/12\/05\/vote-du-budget-du-ministere-de-la-communication-des-deputes-plaident-la-cause-de-la-presse\/#webpage\",\"url\":\"https:\/\/www.nettali.com\/2025\/12\/05\/vote-du-budget-du-ministere-de-la-communication-des-deputes-plaident-la-cause-de-la-presse\/\",\"name\":\"VOTE DU BUDGET DU MINISTERE DE LA COMMUNICATION - Des d\\u00e9put\\u00e9s plaident la cause de la presse | Nettali.com\",\"isPartOf\":{\"@id\":\"https:\/\/www.nettali.com\/#website\"},\"primaryImageOfPage\":{\"@id\":\"https:\/\/www.nettali.com\/2025\/12\/05\/vote-du-budget-du-ministere-de-la-communication-des-deputes-plaident-la-cause-de-la-presse\/#primaryimage\"},\"datePublished\":\"2025-12-05T19:21:05+00:00\",\"dateModified\":\"2025-12-08T09:58:36+00:00\",\"author\":{\"@id\":\"https:\/\/www.nettali.com\/#\/schema\/person\/d8ac7b7e27ddad43f1c0d2ef090d7f71\"},\"breadcrumb\":{\"@id\":\"https:\/\/www.nettali.com\/2025\/12\/05\/vote-du-budget-du-ministere-de-la-communication-des-deputes-plaident-la-cause-de-la-presse\/#breadcrumb\"},\"inLanguage\":\"fr-FR\",\"potentialAction\":[{\"@type\":\"ReadAction\",\"target\":[\"https:\/\/www.nettali.com\/2025\/12\/05\/vote-du-budget-du-ministere-de-la-communication-des-deputes-plaident-la-cause-de-la-presse\/\"]}]},{\"@type\":\"BreadcrumbList\",\"@id\":\"https:\/\/www.nettali.com\/2025\/12\/05\/vote-du-budget-du-ministere-de-la-communication-des-deputes-plaident-la-cause-de-la-presse\/#breadcrumb\",\"itemListElement\":[{\"@type\":\"ListItem\",\"position\":1,\"name\":\"Accueil\",\"item\":\"https:\/\/www.nettali.com\/\"},{\"@type\":\"ListItem\",\"position\":2,\"name\":\"VOTE DU BUDGET DU MINISTERE DE LA COMMUNICATION - Des d\\u00e9put\\u00e9s plaident la cause de la presse\"}]},{\"@type\":\"Person\",\"@id\":\"https:\/\/www.nettali.com\/#\/schema\/person\/d8ac7b7e27ddad43f1c0d2ef090d7f71\",\"name\":\"CK\",\"image\":{\"@type\":\"ImageObject\",\"@id\":\"https:\/\/www.nettali.com\/#personlogo\",\"inLanguage\":\"fr-FR\",\"url\":\"https:\/\/secure.gravatar.com\/avatar\/1d8d5118b9327d94da7cd4ce7f17fec2?s=96&d=mm&r=g\",\"contentUrl\":\"https:\/\/secure.gravatar.com\/avatar\/1d8d5118b9327d94da7cd4ce7f17fec2?s=96&d=mm&r=g\",\"caption\":\"CK\"},\"sameAs\":[\"https:\/\/www.nettali.com\"]}]}<\/script>\n<!-- \/ Yoast SEO Premium plugin. -->","yoast_head_json":{"title":"VOTE DU BUDGET DU MINISTERE DE LA COMMUNICATION - Des d\u00e9put\u00e9s plaident la cause de la presse | Nettali.com","robots":{"index":"index","follow":"follow","max-snippet":"max-snippet:-1","max-image-preview":"max-image-preview:large","max-video-preview":"max-video-preview:-1"},"canonical":"https:\/\/www.nettali.com\/2025\/12\/05\/vote-du-budget-du-ministere-de-la-communication-des-deputes-plaident-la-cause-de-la-presse\/","og_locale":"fr_FR","og_type":"article","og_title":"VOTE DU BUDGET DU MINISTERE DE LA COMMUNICATION - Des d\u00e9put\u00e9s plaident la cause de la presse","og_description":"NETTALI.COM - Lors du vote du budget du minist\u00e8re de la Communication \u00e0 l\u2019Assembl\u00e9e nationale, des d\u00e9put\u00e9s ont fait un plaidoyer en faveur de la presse, demandant au ministre du secteur, Aliou Sall de r\u00e9soudre les questions li\u00e9es au fonds d'aide \u00e0 la presse, les prestations non pay\u00e9es attach\u00e9es aux conventions sign\u00e9es entre les entreprises [&hellip;]","og_url":"https:\/\/www.nettali.com\/2025\/12\/05\/vote-du-budget-du-ministere-de-la-communication-des-deputes-plaident-la-cause-de-la-presse\/","og_site_name":"Nettali.com","article_publisher":"https:\/\/www.facebook.com\/nettalicom","article_published_time":"2025-12-05T19:21:05+00:00","article_modified_time":"2025-12-08T09:58:36+00:00","og_image":[{"width":900,"height":500,"url":"https:\/\/www.nettali.com\/wp-content\/uploads\/2025\/12\/pape-djibril-fall-snbebe.jpg","type":"image\/jpeg"}],"twitter_card":"summary_large_image","twitter_misc":{"\u00c9crit par":"CK","Dur\u00e9e de lecture estim\u00e9e":"3 minutes"},"schema":{"@context":"https:\/\/schema.org","@graph":[{"@type":"WebSite","@id":"https:\/\/www.nettali.com\/#website","url":"https:\/\/www.nettali.com\/","name":"Nettali.com","description":"Le rendez-vous critique du Net","potentialAction":[{"@type":"SearchAction","target":{"@type":"EntryPoint","urlTemplate":"https:\/\/www.nettali.com\/?s={search_term_string}"},"query-input":"required name=search_term_string"}],"inLanguage":"fr-FR"},{"@type":"ImageObject","@id":"https:\/\/www.nettali.com\/2025\/12\/05\/vote-du-budget-du-ministere-de-la-communication-des-deputes-plaident-la-cause-de-la-presse\/#primaryimage","inLanguage":"fr-FR","url":"https:\/\/www.nettali.com\/wp-content\/uploads\/2025\/12\/pape-djibril-fall-snbebe.jpg","contentUrl":"https:\/\/www.nettali.com\/wp-content\/uploads\/2025\/12\/pape-djibril-fall-snbebe.jpg","width":900,"height":500},{"@type":"WebPage","@id":"https:\/\/www.nettali.com\/2025\/12\/05\/vote-du-budget-du-ministere-de-la-communication-des-deputes-plaident-la-cause-de-la-presse\/#webpage","url":"https:\/\/www.nettali.com\/2025\/12\/05\/vote-du-budget-du-ministere-de-la-communication-des-deputes-plaident-la-cause-de-la-presse\/","name":"VOTE DU BUDGET DU MINISTERE DE LA COMMUNICATION - Des d\u00e9put\u00e9s plaident la cause de la presse | Nettali.com","isPartOf":{"@id":"https:\/\/www.nettali.com\/#website"},"primaryImageOfPage":{"@id":"https:\/\/www.nettali.com\/2025\/12\/05\/vote-du-budget-du-ministere-de-la-communication-des-deputes-plaident-la-cause-de-la-presse\/#primaryimage"},"datePublished":"2025-12-05T19:21:05+00:00","dateModified":"2025-12-08T09:58:36+00:00","author":{"@id":"https:\/\/www.nettali.com\/#\/schema\/person\/d8ac7b7e27ddad43f1c0d2ef090d7f71"},"breadcrumb":{"@id":"https:\/\/www.nettali.com\/2025\/12\/05\/vote-du-budget-du-ministere-de-la-communication-des-deputes-plaident-la-cause-de-la-presse\/#breadcrumb"},"inLanguage":"fr-FR","potentialAction":[{"@type":"ReadAction","target":["https:\/\/www.nettali.com\/2025\/12\/05\/vote-du-budget-du-ministere-de-la-communication-des-deputes-plaident-la-cause-de-la-presse\/"]}]},{"@type":"BreadcrumbList","@id":"https:\/\/www.nettali.com\/2025\/12\/05\/vote-du-budget-du-ministere-de-la-communication-des-deputes-plaident-la-cause-de-la-presse\/#breadcrumb","itemListElement":[{"@type":"ListItem","position":1,"name":"Accueil","item":"https:\/\/www.nettali.com\/"},{"@type":"ListItem","position":2,"name":"VOTE DU BUDGET DU MINISTERE DE LA COMMUNICATION - Des d\u00e9put\u00e9s plaident la cause de la presse"}]},{"@type":"Person","@id":"https:\/\/www.nettali.com\/#\/schema\/person\/d8ac7b7e27ddad43f1c0d2ef090d7f71","name":"CK","image":{"@type":"ImageObject","@id":"https:\/\/www.nettali.com\/#personlogo","inLanguage":"fr-FR","url":"https:\/\/secure.gravatar.com\/avatar\/1d8d5118b9327d94da7cd4ce7f17fec2?s=96&d=mm&r=g","contentUrl":"https:\/\/secure.gravatar.com\/avatar\/1d8d5118b9327d94da7cd4ce7f17fec2?s=96&d=mm&r=g","caption":"CK"},"sameAs":["https:\/\/www.nettali.com"]}]}},"_links":{"self":[{"href":"https:\/\/www.nettali.com\/rest\/wp\/v2\/posts\/165869"}],"collection":[{"href":"https:\/\/www.nettali.com\/rest\/wp\/v2\/posts"}],"about":[{"href":"https:\/\/www.nettali.com\/rest\/wp\/v2\/types\/post"}],"author":[{"embeddable":true,"href":"https:\/\/www.nettali.com\/rest\/wp\/v2\/users\/2"}],"replies":[{"embeddable":true,"href":"https:\/\/www.nettali.com\/rest\/wp\/v2\/comments?post=165869"}],"version-history":[{"count":2,"href":"https:\/\/www.nettali.com\/rest\/wp\/v2\/posts\/165869\/revisions"}],"predecessor-version":[{"id":165872,"href":"https:\/\/www.nettali.com\/rest\/wp\/v2\/posts\/165869\/revisions\/165872"}],"wp:featuredmedia":[{"embeddable":true,"href":"https:\/\/www.nettali.com\/rest\/wp\/v2\/media\/165871"}],"wp:attachment":[{"href":"https:\/\/www.nettali.com\/rest\/wp\/v2\/media?parent=165869"}],"wp:term":[{"taxonomy":"category","embeddable":true,"href":"https:\/\/www.nettali.com\/rest\/wp\/v2\/categories?post=165869"},{"taxonomy":"post_tag","embeddable":true,"href":"https:\/\/www.nettali.com\/rest\/wp\/v2\/tags?post=165869"}],"curies":[{"name":"wp","href":"https:\/\/api.w.org\/{rel}","templated":true}]}}