{"id":165864,"date":"2025-12-05T18:05:34","date_gmt":"2025-12-05T18:05:34","guid":{"rendered":"https:\/\/www.nettali.com\/?p=165864"},"modified":"2025-12-07T11:14:12","modified_gmt":"2025-12-07T11:14:12","slug":"alioune-sall-recadre-sechement-cheikh-bara-ndiaye-lhonorabilite-ne-se-presume-pas","status":"publish","type":"post","link":"https:\/\/www.nettali.com\/2025\/12\/05\/alioune-sall-recadre-sechement-cheikh-bara-ndiaye-lhonorabilite-ne-se-presume-pas\/","title":{"rendered":"ALIOUNE SALL RECADRE SECHEMENT CHEIKH BARA NDIAYE : \"L'honorabilit\u00e9 ne se pr\u00e9sume pas...\""},"content":{"rendered":"<p data-start=\"166\" data-end=\"515\"><strong data-start=\"166\" data-end=\"515\">NETTALI.COM - Le ministre de la Communication, Alioune Sall, a fermement r\u00e9pondu aux accusations du d\u00e9put\u00e9 Cheikh Bara Ndiaye qu\u2019il accuse de confondre les pr\u00e9rogatives de son minist\u00e8re avec celles du CNRA. Il a rappel\u00e9, devant les parlementaires, que cet organe est ind\u00e9pendant, rattach\u00e9 \u00e0 la Pr\u00e9sidence et n\u2019a aucun lien hi\u00e9rarchique avec son d\u00e9partement.<\/strong><\/p>\n<p data-start=\"517\" data-end=\"987\">Le ministre de la Communication, Alioune Sall, n\u2019a pas m\u00e2ch\u00e9 ses mots \u00e0 l\u2019Assembl\u00e9e nationale face aux d\u00e9clarations du d\u00e9put\u00e9 Cheikh Bara Ndiaye. Selon lui, les propos tenus par ce dernier, rel\u00e8vent d\u2019une m\u00e9connaissance flagrante des textes r\u00e9glementaires. <em>\u00ab Il y a des confusions de r\u00f4le entre les pr\u00e9rogatives du minist\u00e8re que je dirige et le CNRA \u00bb<\/em>, a-t-il d\u2019abord rappel\u00e9 avant de durcir le ton, estimant que le d\u00e9put\u00e9 aurait d\u00fb <em>\u00ab se renseigner avant de s\u2019exprimer \u00bb<\/em>. <em>\u00ab L\u2019honorabilit\u00e9 ne se pr\u00e9sume point. Quand on porte la parole du peuple, on se renseigne avant de s\u2019exprimer. Ce n\u2019est pas la premi\u00e8re fois. Les d\u00e9put\u00e9s qui votent les lois ne doivent pas les ignorer \u00bb<\/em>, ajoute-t-il.<\/p>\n<p data-start=\"989\" data-end=\"1431\">Alioune Sall a insist\u00e9 sur l\u2019ind\u00e9pendance totale du CNRA, un organe rattach\u00e9 directement \u00e0 la Pr\u00e9sidence de la R\u00e9publique, sans lien hi\u00e9rarchique ou fonctionnel avec le minist\u00e8re de la Communication. Il a \u00e9galement d\u00e9nonc\u00e9 des accusations infond\u00e9es selon lesquelles il fermerait les yeux sur certaines insultes ou d\u00e9rives m\u00e9diatiques : <em>\u00ab Dire qu\u2019on insulte untel et que le ministre ne fait rien, c\u2019est de la d\u00e9sinformation. J\u2019esp\u00e8re que ce sera la derni\u00e8re fois. Je pensais que c\u2019\u00e9tait juste des propos de r\u00e9seaux sociaux, mais quand \u00e7a arrive dans l\u2019h\u00e9micycle, c\u2019est grave \u00bb<\/em>, a-t-il martel\u00e9.<\/p>\n<p data-start=\"1433\" data-end=\"1774\">Le ministre a par ailleurs rappel\u00e9 que les comp\u00e9tences du CNRA se limitent \u00e0 la radio et \u00e0 la t\u00e9l\u00e9vision. Les r\u00e9seaux sociaux, o\u00f9 les abus sont fr\u00e9quents, restent en grande partie en dehors de son champ d'action. Un vide juridique persiste, m\u00eame si certaines dispositions du Code p\u00e9nal permettent de sanctionner certaines d\u00e9rives num\u00e9riques.<\/p>\n<p data-start=\"1776\" data-end=\"2001\">En conclusion, Alioune Sall a exhort\u00e9 les d\u00e9put\u00e9s \u00e0 ma\u00eetriser les lois qu\u2019ils adoptent afin d\u2019\u00e9viter des amalgames susceptibles de semer la confusion dans l\u2019opinion publique et de nuire au bon fonctionnement des institutions.<\/p>\n<div class='share-to-whatsapp-wrapper'><div class='share-on-whsp'>PARTAGER SUR : <\/div><a data-text='ALIOUNE SALL RECADRE SECHEMENT CHEIKH BARA NDIAYE : \"L'honorabilit\u00e9 ne se pr\u00e9sume pas...\"' data-link='https:\/\/www.nettali.com\/2025\/12\/05\/alioune-sall-recadre-sechement-cheikh-bara-ndiaye-lhonorabilite-ne-se-presume-pas\/' class='whatsapp-button whatsapp-share'>WhatsApp<\/a><div class='clear '><\/div><\/div>","protected":false},"excerpt":{"rendered":"<p>NETTALI.COM - Le ministre de la Communication, Alioune Sall, a fermement r\u00e9pondu aux accusations du d\u00e9put\u00e9 Cheikh Bara Ndiaye qu\u2019il accuse de confondre les pr\u00e9rogatives de son minist\u00e8re avec celles du CNRA. Il a rappel\u00e9, devant les parlementaires, que cet organe est ind\u00e9pendant, rattach\u00e9 \u00e0 la Pr\u00e9sidence et n\u2019a aucun lien hi\u00e9rarchique avec son d\u00e9partement. [&hellip;]<\/p>\n","protected":false},"author":4,"featured_media":165865,"comment_status":"open","ping_status":"open","sticky":false,"template":"","format":"standard","meta":{"_et_pb_use_builder":"","_et_pb_old_content":""},"categories":[2],"tags":[],"yoast_head":"<!-- This site is optimized with the Yoast SEO Premium plugin v17.8 (Yoast SEO v17.8) - https:\/\/yoast.com\/wordpress\/plugins\/seo\/ -->\n<title>ALIOUNE SALL RECADRE SECHEMENT CHEIKH BARA NDIAYE : &quot;L&#039;honorabilit\u00e9 ne se pr\u00e9sume pas...&quot; | Nettali.com<\/title>\n<meta name=\"robots\" content=\"index, follow, max-snippet:-1, max-image-preview:large, max-video-preview:-1\" \/>\n<link rel=\"canonical\" href=\"https:\/\/www.nettali.com\/2025\/12\/05\/alioune-sall-recadre-sechement-cheikh-bara-ndiaye-lhonorabilite-ne-se-presume-pas\/\" \/>\n<meta property=\"og:locale\" content=\"fr_FR\" \/>\n<meta property=\"og:type\" content=\"article\" \/>\n<meta property=\"og:title\" content=\"ALIOUNE SALL RECADRE SECHEMENT CHEIKH BARA NDIAYE : &quot;L&#039;honorabilit\u00e9 ne se pr\u00e9sume pas...&quot;\" \/>\n<meta property=\"og:description\" content=\"NETTALI.COM - Le ministre de la Communication, Alioune Sall, a fermement r\u00e9pondu aux accusations du d\u00e9put\u00e9 Cheikh Bara Ndiaye qu\u2019il accuse de confondre les pr\u00e9rogatives de son minist\u00e8re avec celles du CNRA. Il a rappel\u00e9, devant les parlementaires, que cet organe est ind\u00e9pendant, rattach\u00e9 \u00e0 la Pr\u00e9sidence et n\u2019a aucun lien hi\u00e9rarchique avec son d\u00e9partement. [&hellip;]\" \/>\n<meta property=\"og:url\" content=\"https:\/\/www.nettali.com\/2025\/12\/05\/alioune-sall-recadre-sechement-cheikh-bara-ndiaye-lhonorabilite-ne-se-presume-pas\/\" \/>\n<meta property=\"og:site_name\" content=\"Nettali.com\" \/>\n<meta property=\"article:publisher\" content=\"https:\/\/www.facebook.com\/nettalicom\" \/>\n<meta property=\"article:published_time\" content=\"2025-12-05T18:05:34+00:00\" \/>\n<meta property=\"article:modified_time\" content=\"2025-12-07T11:14:12+00:00\" \/>\n<meta property=\"og:image\" content=\"https:\/\/www.nettali.com\/wp-content\/uploads\/2025\/12\/Alioune-Sall-Cheikh-Bara.jpg\" \/>\n\t<meta property=\"og:image:width\" content=\"1260\" \/>\n\t<meta property=\"og:image:height\" content=\"800\" \/>\n<meta name=\"twitter:card\" content=\"summary_large_image\" \/>\n<meta name=\"twitter:label1\" content=\"\u00c9crit par\" \/>\n\t<meta name=\"twitter:data1\" content=\"Daouda\" \/>\n\t<meta name=\"twitter:label2\" content=\"Dur\u00e9e de lecture estim\u00e9e\" \/>\n\t<meta name=\"twitter:data2\" content=\"2 minutes\" \/>\n<script type=\"application\/ld+json\" class=\"yoast-schema-graph\">{\"@context\":\"https:\/\/schema.org\",\"@graph\":[{\"@type\":\"WebSite\",\"@id\":\"https:\/\/www.nettali.com\/#website\",\"url\":\"https:\/\/www.nettali.com\/\",\"name\":\"Nettali.com\",\"description\":\"Le rendez-vous critique du Net\",\"potentialAction\":[{\"@type\":\"SearchAction\",\"target\":{\"@type\":\"EntryPoint\",\"urlTemplate\":\"https:\/\/www.nettali.com\/?s={search_term_string}\"},\"query-input\":\"required name=search_term_string\"}],\"inLanguage\":\"fr-FR\"},{\"@type\":\"ImageObject\",\"@id\":\"https:\/\/www.nettali.com\/2025\/12\/05\/alioune-sall-recadre-sechement-cheikh-bara-ndiaye-lhonorabilite-ne-se-presume-pas\/#primaryimage\",\"inLanguage\":\"fr-FR\",\"url\":\"https:\/\/www.nettali.com\/wp-content\/uploads\/2025\/12\/Alioune-Sall-Cheikh-Bara.jpg\",\"contentUrl\":\"https:\/\/www.nettali.com\/wp-content\/uploads\/2025\/12\/Alioune-Sall-Cheikh-Bara.jpg\",\"width\":1260,\"height\":800},{\"@type\":\"WebPage\",\"@id\":\"https:\/\/www.nettali.com\/2025\/12\/05\/alioune-sall-recadre-sechement-cheikh-bara-ndiaye-lhonorabilite-ne-se-presume-pas\/#webpage\",\"url\":\"https:\/\/www.nettali.com\/2025\/12\/05\/alioune-sall-recadre-sechement-cheikh-bara-ndiaye-lhonorabilite-ne-se-presume-pas\/\",\"name\":\"ALIOUNE SALL RECADRE SECHEMENT CHEIKH BARA NDIAYE : \\\"L'honorabilit\\u00e9 ne se pr\\u00e9sume pas...\\\" | Nettali.com\",\"isPartOf\":{\"@id\":\"https:\/\/www.nettali.com\/#website\"},\"primaryImageOfPage\":{\"@id\":\"https:\/\/www.nettali.com\/2025\/12\/05\/alioune-sall-recadre-sechement-cheikh-bara-ndiaye-lhonorabilite-ne-se-presume-pas\/#primaryimage\"},\"datePublished\":\"2025-12-05T18:05:34+00:00\",\"dateModified\":\"2025-12-07T11:14:12+00:00\",\"author\":{\"@id\":\"https:\/\/www.nettali.com\/#\/schema\/person\/3317e0bb3aa1da309fbf7b2780901bf4\"},\"breadcrumb\":{\"@id\":\"https:\/\/www.nettali.com\/2025\/12\/05\/alioune-sall-recadre-sechement-cheikh-bara-ndiaye-lhonorabilite-ne-se-presume-pas\/#breadcrumb\"},\"inLanguage\":\"fr-FR\",\"potentialAction\":[{\"@type\":\"ReadAction\",\"target\":[\"https:\/\/www.nettali.com\/2025\/12\/05\/alioune-sall-recadre-sechement-cheikh-bara-ndiaye-lhonorabilite-ne-se-presume-pas\/\"]}]},{\"@type\":\"BreadcrumbList\",\"@id\":\"https:\/\/www.nettali.com\/2025\/12\/05\/alioune-sall-recadre-sechement-cheikh-bara-ndiaye-lhonorabilite-ne-se-presume-pas\/#breadcrumb\",\"itemListElement\":[{\"@type\":\"ListItem\",\"position\":1,\"name\":\"Accueil\",\"item\":\"https:\/\/www.nettali.com\/\"},{\"@type\":\"ListItem\",\"position\":2,\"name\":\"ALIOUNE SALL RECADRE SECHEMENT CHEIKH BARA NDIAYE : \\\"L'honorabilit\\u00e9 ne se pr\\u00e9sume pas...\\\"\"}]},{\"@type\":\"Person\",\"@id\":\"https:\/\/www.nettali.com\/#\/schema\/person\/3317e0bb3aa1da309fbf7b2780901bf4\",\"name\":\"Daouda\",\"image\":{\"@type\":\"ImageObject\",\"@id\":\"https:\/\/www.nettali.com\/#personlogo\",\"inLanguage\":\"fr-FR\",\"url\":\"https:\/\/secure.gravatar.com\/avatar\/8d143b5a49345098ddcfee1c49c2f47c?s=96&d=mm&r=g\",\"contentUrl\":\"https:\/\/secure.gravatar.com\/avatar\/8d143b5a49345098ddcfee1c49c2f47c?s=96&d=mm&r=g\",\"caption\":\"Daouda\"},\"sameAs\":[\"https:\/\/www.nettali.com\"]}]}<\/script>\n<!-- \/ Yoast SEO Premium plugin. -->","yoast_head_json":{"title":"ALIOUNE SALL RECADRE SECHEMENT CHEIKH BARA NDIAYE : \"L'honorabilit\u00e9 ne se pr\u00e9sume pas...\" | Nettali.com","robots":{"index":"index","follow":"follow","max-snippet":"max-snippet:-1","max-image-preview":"max-image-preview:large","max-video-preview":"max-video-preview:-1"},"canonical":"https:\/\/www.nettali.com\/2025\/12\/05\/alioune-sall-recadre-sechement-cheikh-bara-ndiaye-lhonorabilite-ne-se-presume-pas\/","og_locale":"fr_FR","og_type":"article","og_title":"ALIOUNE SALL RECADRE SECHEMENT CHEIKH BARA NDIAYE : \"L'honorabilit\u00e9 ne se pr\u00e9sume pas...\"","og_description":"NETTALI.COM - Le ministre de la Communication, Alioune Sall, a fermement r\u00e9pondu aux accusations du d\u00e9put\u00e9 Cheikh Bara Ndiaye qu\u2019il accuse de confondre les pr\u00e9rogatives de son minist\u00e8re avec celles du CNRA. Il a rappel\u00e9, devant les parlementaires, que cet organe est ind\u00e9pendant, rattach\u00e9 \u00e0 la Pr\u00e9sidence et n\u2019a aucun lien hi\u00e9rarchique avec son d\u00e9partement. [&hellip;]","og_url":"https:\/\/www.nettali.com\/2025\/12\/05\/alioune-sall-recadre-sechement-cheikh-bara-ndiaye-lhonorabilite-ne-se-presume-pas\/","og_site_name":"Nettali.com","article_publisher":"https:\/\/www.facebook.com\/nettalicom","article_published_time":"2025-12-05T18:05:34+00:00","article_modified_time":"2025-12-07T11:14:12+00:00","og_image":[{"width":1260,"height":800,"url":"https:\/\/www.nettali.com\/wp-content\/uploads\/2025\/12\/Alioune-Sall-Cheikh-Bara.jpg","type":"image\/jpeg"}],"twitter_card":"summary_large_image","twitter_misc":{"\u00c9crit par":"Daouda","Dur\u00e9e de lecture estim\u00e9e":"2 minutes"},"schema":{"@context":"https:\/\/schema.org","@graph":[{"@type":"WebSite","@id":"https:\/\/www.nettali.com\/#website","url":"https:\/\/www.nettali.com\/","name":"Nettali.com","description":"Le rendez-vous critique du Net","potentialAction":[{"@type":"SearchAction","target":{"@type":"EntryPoint","urlTemplate":"https:\/\/www.nettali.com\/?s={search_term_string}"},"query-input":"required name=search_term_string"}],"inLanguage":"fr-FR"},{"@type":"ImageObject","@id":"https:\/\/www.nettali.com\/2025\/12\/05\/alioune-sall-recadre-sechement-cheikh-bara-ndiaye-lhonorabilite-ne-se-presume-pas\/#primaryimage","inLanguage":"fr-FR","url":"https:\/\/www.nettali.com\/wp-content\/uploads\/2025\/12\/Alioune-Sall-Cheikh-Bara.jpg","contentUrl":"https:\/\/www.nettali.com\/wp-content\/uploads\/2025\/12\/Alioune-Sall-Cheikh-Bara.jpg","width":1260,"height":800},{"@type":"WebPage","@id":"https:\/\/www.nettali.com\/2025\/12\/05\/alioune-sall-recadre-sechement-cheikh-bara-ndiaye-lhonorabilite-ne-se-presume-pas\/#webpage","url":"https:\/\/www.nettali.com\/2025\/12\/05\/alioune-sall-recadre-sechement-cheikh-bara-ndiaye-lhonorabilite-ne-se-presume-pas\/","name":"ALIOUNE SALL RECADRE SECHEMENT CHEIKH BARA NDIAYE : \"L'honorabilit\u00e9 ne se pr\u00e9sume pas...\" | Nettali.com","isPartOf":{"@id":"https:\/\/www.nettali.com\/#website"},"primaryImageOfPage":{"@id":"https:\/\/www.nettali.com\/2025\/12\/05\/alioune-sall-recadre-sechement-cheikh-bara-ndiaye-lhonorabilite-ne-se-presume-pas\/#primaryimage"},"datePublished":"2025-12-05T18:05:34+00:00","dateModified":"2025-12-07T11:14:12+00:00","author":{"@id":"https:\/\/www.nettali.com\/#\/schema\/person\/3317e0bb3aa1da309fbf7b2780901bf4"},"breadcrumb":{"@id":"https:\/\/www.nettali.com\/2025\/12\/05\/alioune-sall-recadre-sechement-cheikh-bara-ndiaye-lhonorabilite-ne-se-presume-pas\/#breadcrumb"},"inLanguage":"fr-FR","potentialAction":[{"@type":"ReadAction","target":["https:\/\/www.nettali.com\/2025\/12\/05\/alioune-sall-recadre-sechement-cheikh-bara-ndiaye-lhonorabilite-ne-se-presume-pas\/"]}]},{"@type":"BreadcrumbList","@id":"https:\/\/www.nettali.com\/2025\/12\/05\/alioune-sall-recadre-sechement-cheikh-bara-ndiaye-lhonorabilite-ne-se-presume-pas\/#breadcrumb","itemListElement":[{"@type":"ListItem","position":1,"name":"Accueil","item":"https:\/\/www.nettali.com\/"},{"@type":"ListItem","position":2,"name":"ALIOUNE SALL RECADRE SECHEMENT CHEIKH BARA NDIAYE : \"L'honorabilit\u00e9 ne se pr\u00e9sume pas...\""}]},{"@type":"Person","@id":"https:\/\/www.nettali.com\/#\/schema\/person\/3317e0bb3aa1da309fbf7b2780901bf4","name":"Daouda","image":{"@type":"ImageObject","@id":"https:\/\/www.nettali.com\/#personlogo","inLanguage":"fr-FR","url":"https:\/\/secure.gravatar.com\/avatar\/8d143b5a49345098ddcfee1c49c2f47c?s=96&d=mm&r=g","contentUrl":"https:\/\/secure.gravatar.com\/avatar\/8d143b5a49345098ddcfee1c49c2f47c?s=96&d=mm&r=g","caption":"Daouda"},"sameAs":["https:\/\/www.nettali.com"]}]}},"_links":{"self":[{"href":"https:\/\/www.nettali.com\/rest\/wp\/v2\/posts\/165864"}],"collection":[{"href":"https:\/\/www.nettali.com\/rest\/wp\/v2\/posts"}],"about":[{"href":"https:\/\/www.nettali.com\/rest\/wp\/v2\/types\/post"}],"author":[{"embeddable":true,"href":"https:\/\/www.nettali.com\/rest\/wp\/v2\/users\/4"}],"replies":[{"embeddable":true,"href":"https:\/\/www.nettali.com\/rest\/wp\/v2\/comments?post=165864"}],"version-history":[{"count":4,"href":"https:\/\/www.nettali.com\/rest\/wp\/v2\/posts\/165864\/revisions"}],"predecessor-version":[{"id":165934,"href":"https:\/\/www.nettali.com\/rest\/wp\/v2\/posts\/165864\/revisions\/165934"}],"wp:featuredmedia":[{"embeddable":true,"href":"https:\/\/www.nettali.com\/rest\/wp\/v2\/media\/165865"}],"wp:attachment":[{"href":"https:\/\/www.nettali.com\/rest\/wp\/v2\/media?parent=165864"}],"wp:term":[{"taxonomy":"category","embeddable":true,"href":"https:\/\/www.nettali.com\/rest\/wp\/v2\/categories?post=165864"},{"taxonomy":"post_tag","embeddable":true,"href":"https:\/\/www.nettali.com\/rest\/wp\/v2\/tags?post=165864"}],"curies":[{"name":"wp","href":"https:\/\/api.w.org\/{rel}","templated":true}]}}