{"id":165851,"date":"2025-12-05T07:36:52","date_gmt":"2025-12-05T07:36:52","guid":{"rendered":"https:\/\/www.nettali.com\/?p=165851"},"modified":"2025-12-05T18:43:48","modified_gmt":"2025-12-05T18:43:48","slug":"greve-des-bourses-la-tension-baisse-a-lucad","status":"publish","type":"post","link":"https:\/\/www.nettali.com\/2025\/12\/05\/greve-des-bourses-la-tension-baisse-a-lucad\/","title":{"rendered":"GREVE DES BOURSES - Le calme revient \u00e0 l'UCAD"},"content":{"rendered":"<p><strong>NETTALI.COM - Le calme revient \u00e0 l'Universit\u00e9 de Dakar apr\u00e8s les vives tensions not\u00e9es, ces derni\u00e8res journ\u00e9es, relatives \u00e0 la r\u00e9clamation du paiement de plusieurs mois de bourses, mais aussi l\u2019ouverture du Master dans les autres d\u00e9partements. Le ministre de l\u2019Enseignement sup\u00e9rieur, de la recherche et de l\u2019innovation a pos\u00e9, le jeudi 4 d\u00e9cembre, un premier acte allant dans le sens d\u2019apaiser la situation. Il demande aux recteurs de lui envoyer, au plus tard le 16 d\u00e9cembre prochain, la liste des \u00e9tudiants \u00e9ligibles.<\/strong><\/p>\n<p>Une premi\u00e8re issue heureuse vient d\u2019\u00eatre enregistr\u00e9e pour calmer la crise au sein des universit\u00e9s du S\u00e9n\u00e9gal, apr\u00e8s les vives tensions de ces derniers jours relatives au paiement des bourses et l\u2019ouverture des masters, avec comme cons\u00e9quences, plusieurs d\u00e9g\u00e2ts humains et mat\u00e9riels. D\u00e9j\u00e0 jeudi, le ministre de l\u2019Enseignement sup\u00e9rieur, de la recherche et de l'Innovation, a sorti une note circulaire demandant aux diff\u00e9rents recteurs des universit\u00e9s du S\u00e9n\u00e9gal de dresser la liste des \u00e9tudiants de Master 2 \u00e9ligibles \u00e0 une Inscription pour 2025- 2026.<\/p>\n<p>\u00ab <em>Pour nous permettre de positionner les ayants droit dans le syst\u00e8me et d'anticiper leur payement, je vous invite \u00e0 me faire parvenir, au plus tard le 16 d\u00e9cembre 2025, la liste de tous les \u00e9tudiants de Master 2 (par facult\u00e9 ou UFR) qui sont \u00e9ligibles \u00e0 une nouvelle Inscription pour l'ann\u00e9e acad\u00e9mique 2025-2026<\/em> \u00bb, peut-on lire dans la note. Qui poursuit : \u00ab <em>nos universit\u00e9s traversent actuellement une crise li\u00e9e \u00e0 la question des bourses. Si les bourses du premier cycle posent moins de probl\u00e8mes, celle des masters constituent une source de perturbations des campus<\/em> \u00bb.<\/p>\n<p>Le communiqu\u00e9 rappelle ainsi que \u00ab selon le d\u00e9cret n\u00b0 2014-963 du 12 ao\u00fbt 2014 fixant les conditions d'attribution des allocations d'\u00e9tude dans l'enseignement sup\u00e9rieur, les \u00e9tudiants de master ont droit \u00e0 deux (2) ann\u00e9es de bourse avec une possibilit\u00e9 d'une troisi\u00e8me ann\u00e9e en cas de redoublement. Or les inscriptions des \u00e9tudiants de Master 2 se font toujours en retard, ce qui retarde le paiement des bourses.<\/p>\n<p><strong>Le Collectif des amicales appelle au clame<\/strong><\/p>\n<p>Le Collectif des Amicales de l'UCAD a toutefois d\u00e9nonc\u00e9, jeudi, \u00e0 travers un communiqu\u00e9, la violation flagrante des franchises universitaires. \u00ab <em>Ce qui s'est pass\u00e9 hier est profond\u00e9ment d\u00e9plorable et traduit un non-respect des engagements pris lors des pourparlers entre le Collectif et les autorit\u00e9s<\/em> \u00bb. Il a rappel\u00e9 que dans leurs n\u00e9gociations avec les autorit\u00e9s du pays, des propositions ont \u00e9t\u00e9 formul\u00e9es concernant les Masters 1 et 2. Une partie des revendications concernant ces niveaux d'\u00e9tudes trouve une issue favorable, mais la grande majorit\u00e9 est toujours en discussion.<\/p>\n<p>Le collectif a ains inform\u00e9 qu\u2019il avait suspendu son mot d'ordre afin d'entamer des n\u00e9gociations, \u00e0 la condition pr\u00e9alable du retrait de la note autorisant la pr\u00e9sence des forces de l'ordre dans l'espace universitaire. Des n\u00e9gociations qui ont d\u00e9marr\u00e9 mercredi dernier avec les autorit\u00e9s du pays. \u00ab <em>Le Collectif informe la communaut\u00e9 universitaire qu'il a \u00e9t\u00e9 re\u00e7u hier par le Pr\u00e9sident de l'Assembl\u00e9e nationale, Monsieur El Malick Ndiaye. Apr\u00e8s plusieurs heures d'\u00e9changes, celui-ci nous a convi\u00e9s \u00e0 une nouvelle rencontre en pr\u00e9sence du ministre de l'Enseignement sup\u00e9rieur, Monsieur Daouda Ngom qui a d\u00e9but\u00e9 aux environs de 00h jusqu'\u00e0 02h du matin. Au cours des discussions, le Collectif s'est \u00e9galement entretenu en ligne avec le Premier Ministre, Monsieur Ousmane Sonko<\/em> \u00bb.<\/p>\n<p>Le collectif a aussi fait part de la volont\u00e9 des autorit\u00e9s d\u2019accepter, avant toute poursuite des n\u00e9gociations, le retrait d\u00e9finitif de toutes les forces de l'ordre de l'espace universitaire. \u00ab <em>Le Collectif des Amicales de l'UCAD peut parfois \u00eatre incompris, mais il demeure serein, coh\u00e9rent et d\u00e9termin\u00e9 dans ses strat\u00e9gies de lutte. Les membres du Collectif se sont toujours engag\u00e9s avec fermet\u00e9, int\u00e9grit\u00e9 et loyaut\u00e9 pour la d\u00e9fense exclusive des int\u00e9r\u00eats de l'\u00e9tudiant. Le Collectif r\u00e9it\u00e8re enfin son engagement total envers la vaillante communaut\u00e9 estudiantine<\/em> \u00bb, a-t-il conclu.<\/p>\n<p>A noter que les affrontements entre \u00e9tudiants et policiers s'\u00e9taient poursuivis, le mercredi 3 d\u00e9cembre, \u00e0 l'Universit\u00e9 Cheikh Anta Diop de Dakar (UCAD). Des heurts qui s'\u00e9taient intensifi\u00e9s, marqu\u00e9s par des \u00e9changes de projectiles et de gaz lacrymog\u00e8nes. Plusieurs bless\u00e9s ont \u00e9t\u00e9 d\u00e9nombr\u00e9s dont parmi eux, 16 \u00e9tudiants et 4 hommes en tenue.<\/p>\n<p>Avant cela, le Conseil acad\u00e9mique (CA) de l\u2019Universit\u00e9 Cheikh Anta Diop de Dakar (UCAD) avait autoris\u00e9 le recteur \u00e0 requ\u00e9rir le concours des forces de l\u2019ordre pour assurer trois objectifs prioritaires : \u201c<em>La s\u00e9curit\u00e9 des personnes, la protection du patrimoine universitaire (biens publics et priv\u00e9s), la continuit\u00e9 des activit\u00e9s p\u00e9dagogiques et scientifiques<\/em>\u201d. Malgr\u00e9 la pr\u00e9sence des policiers, ces \u00e9tudiants qui r\u00e9clament le paiement de leur bourse n\u2019avaient pas battu en retraite ce mercredi.<\/p>\n<p>A<\/p>\n<div class='share-to-whatsapp-wrapper'><div class='share-on-whsp'>PARTAGER SUR : <\/div><a data-text='GREVE DES BOURSES - Le calme revient \u00e0 l'UCAD' data-link='https:\/\/www.nettali.com\/2025\/12\/05\/greve-des-bourses-la-tension-baisse-a-lucad\/' class='whatsapp-button whatsapp-share'>WhatsApp<\/a><div class='clear '><\/div><\/div>","protected":false},"excerpt":{"rendered":"<p>NETTALI.COM - Le calme revient \u00e0 l'Universit\u00e9 de Dakar apr\u00e8s les vives tensions not\u00e9es, ces derni\u00e8res journ\u00e9es, relatives \u00e0 la r\u00e9clamation du paiement de plusieurs mois de bourses, mais aussi l\u2019ouverture du Master dans les autres d\u00e9partements. Le ministre de l\u2019Enseignement sup\u00e9rieur, de la recherche et de l\u2019innovation a pos\u00e9, le jeudi 4 d\u00e9cembre, un [&hellip;]<\/p>\n","protected":false},"author":2,"featured_media":165853,"comment_status":"open","ping_status":"open","sticky":false,"template":"","format":"standard","meta":{"_et_pb_use_builder":"","_et_pb_old_content":""},"categories":[3],"tags":[],"yoast_head":"<!-- This site is optimized with the Yoast SEO Premium plugin v17.8 (Yoast SEO v17.8) - https:\/\/yoast.com\/wordpress\/plugins\/seo\/ -->\n<title>GREVE DES BOURSES - Le calme revient \u00e0 l&#039;UCAD | Nettali.com<\/title>\n<meta name=\"robots\" content=\"index, follow, max-snippet:-1, max-image-preview:large, max-video-preview:-1\" \/>\n<link rel=\"canonical\" href=\"https:\/\/www.nettali.com\/2025\/12\/05\/greve-des-bourses-la-tension-baisse-a-lucad\/\" \/>\n<meta property=\"og:locale\" content=\"fr_FR\" \/>\n<meta property=\"og:type\" content=\"article\" \/>\n<meta property=\"og:title\" content=\"GREVE DES BOURSES - Le calme revient \u00e0 l&#039;UCAD\" \/>\n<meta property=\"og:description\" content=\"NETTALI.COM - Le calme revient \u00e0 l&#039;Universit\u00e9 de Dakar apr\u00e8s les vives tensions not\u00e9es, ces derni\u00e8res journ\u00e9es, relatives \u00e0 la r\u00e9clamation du paiement de plusieurs mois de bourses, mais aussi l\u2019ouverture du Master dans les autres d\u00e9partements. Le ministre de l\u2019Enseignement sup\u00e9rieur, de la recherche et de l\u2019innovation a pos\u00e9, le jeudi 4 d\u00e9cembre, un [&hellip;]\" \/>\n<meta property=\"og:url\" content=\"https:\/\/www.nettali.com\/2025\/12\/05\/greve-des-bourses-la-tension-baisse-a-lucad\/\" \/>\n<meta property=\"og:site_name\" content=\"Nettali.com\" \/>\n<meta property=\"article:publisher\" content=\"https:\/\/www.facebook.com\/nettalicom\" \/>\n<meta property=\"article:published_time\" content=\"2025-12-05T07:36:52+00:00\" \/>\n<meta property=\"article:modified_time\" content=\"2025-12-05T18:43:48+00:00\" \/>\n<meta property=\"og:image\" content=\"https:\/\/www.nettali.com\/wp-content\/uploads\/2025\/12\/universite_de_dakar_0.jpg\" \/>\n\t<meta property=\"og:image:width\" content=\"1280\" \/>\n\t<meta property=\"og:image:height\" content=\"720\" \/>\n<meta name=\"twitter:card\" content=\"summary_large_image\" \/>\n<meta name=\"twitter:label1\" content=\"\u00c9crit par\" \/>\n\t<meta name=\"twitter:data1\" content=\"CK\" \/>\n\t<meta name=\"twitter:label2\" content=\"Dur\u00e9e de lecture estim\u00e9e\" \/>\n\t<meta name=\"twitter:data2\" content=\"4 minutes\" \/>\n<script type=\"application\/ld+json\" class=\"yoast-schema-graph\">{\"@context\":\"https:\/\/schema.org\",\"@graph\":[{\"@type\":\"WebSite\",\"@id\":\"https:\/\/www.nettali.com\/#website\",\"url\":\"https:\/\/www.nettali.com\/\",\"name\":\"Nettali.com\",\"description\":\"Le rendez-vous critique du Net\",\"potentialAction\":[{\"@type\":\"SearchAction\",\"target\":{\"@type\":\"EntryPoint\",\"urlTemplate\":\"https:\/\/www.nettali.com\/?s={search_term_string}\"},\"query-input\":\"required name=search_term_string\"}],\"inLanguage\":\"fr-FR\"},{\"@type\":\"ImageObject\",\"@id\":\"https:\/\/www.nettali.com\/2025\/12\/05\/greve-des-bourses-la-tension-baisse-a-lucad\/#primaryimage\",\"inLanguage\":\"fr-FR\",\"url\":\"https:\/\/www.nettali.com\/wp-content\/uploads\/2025\/12\/universite_de_dakar_0.jpg\",\"contentUrl\":\"https:\/\/www.nettali.com\/wp-content\/uploads\/2025\/12\/universite_de_dakar_0.jpg\",\"width\":1280,\"height\":720},{\"@type\":\"WebPage\",\"@id\":\"https:\/\/www.nettali.com\/2025\/12\/05\/greve-des-bourses-la-tension-baisse-a-lucad\/#webpage\",\"url\":\"https:\/\/www.nettali.com\/2025\/12\/05\/greve-des-bourses-la-tension-baisse-a-lucad\/\",\"name\":\"GREVE DES BOURSES - Le calme revient \\u00e0 l'UCAD | Nettali.com\",\"isPartOf\":{\"@id\":\"https:\/\/www.nettali.com\/#website\"},\"primaryImageOfPage\":{\"@id\":\"https:\/\/www.nettali.com\/2025\/12\/05\/greve-des-bourses-la-tension-baisse-a-lucad\/#primaryimage\"},\"datePublished\":\"2025-12-05T07:36:52+00:00\",\"dateModified\":\"2025-12-05T18:43:48+00:00\",\"author\":{\"@id\":\"https:\/\/www.nettali.com\/#\/schema\/person\/d8ac7b7e27ddad43f1c0d2ef090d7f71\"},\"breadcrumb\":{\"@id\":\"https:\/\/www.nettali.com\/2025\/12\/05\/greve-des-bourses-la-tension-baisse-a-lucad\/#breadcrumb\"},\"inLanguage\":\"fr-FR\",\"potentialAction\":[{\"@type\":\"ReadAction\",\"target\":[\"https:\/\/www.nettali.com\/2025\/12\/05\/greve-des-bourses-la-tension-baisse-a-lucad\/\"]}]},{\"@type\":\"BreadcrumbList\",\"@id\":\"https:\/\/www.nettali.com\/2025\/12\/05\/greve-des-bourses-la-tension-baisse-a-lucad\/#breadcrumb\",\"itemListElement\":[{\"@type\":\"ListItem\",\"position\":1,\"name\":\"Accueil\",\"item\":\"https:\/\/www.nettali.com\/\"},{\"@type\":\"ListItem\",\"position\":2,\"name\":\"GREVE DES BOURSES - Le calme revient \\u00e0 l'UCAD\"}]},{\"@type\":\"Person\",\"@id\":\"https:\/\/www.nettali.com\/#\/schema\/person\/d8ac7b7e27ddad43f1c0d2ef090d7f71\",\"name\":\"CK\",\"image\":{\"@type\":\"ImageObject\",\"@id\":\"https:\/\/www.nettali.com\/#personlogo\",\"inLanguage\":\"fr-FR\",\"url\":\"https:\/\/secure.gravatar.com\/avatar\/1d8d5118b9327d94da7cd4ce7f17fec2?s=96&d=mm&r=g\",\"contentUrl\":\"https:\/\/secure.gravatar.com\/avatar\/1d8d5118b9327d94da7cd4ce7f17fec2?s=96&d=mm&r=g\",\"caption\":\"CK\"},\"sameAs\":[\"https:\/\/www.nettali.com\"]}]}<\/script>\n<!-- \/ Yoast SEO Premium plugin. -->","yoast_head_json":{"title":"GREVE DES BOURSES - Le calme revient \u00e0 l'UCAD | Nettali.com","robots":{"index":"index","follow":"follow","max-snippet":"max-snippet:-1","max-image-preview":"max-image-preview:large","max-video-preview":"max-video-preview:-1"},"canonical":"https:\/\/www.nettali.com\/2025\/12\/05\/greve-des-bourses-la-tension-baisse-a-lucad\/","og_locale":"fr_FR","og_type":"article","og_title":"GREVE DES BOURSES - Le calme revient \u00e0 l'UCAD","og_description":"NETTALI.COM - Le calme revient \u00e0 l'Universit\u00e9 de Dakar apr\u00e8s les vives tensions not\u00e9es, ces derni\u00e8res journ\u00e9es, relatives \u00e0 la r\u00e9clamation du paiement de plusieurs mois de bourses, mais aussi l\u2019ouverture du Master dans les autres d\u00e9partements. Le ministre de l\u2019Enseignement sup\u00e9rieur, de la recherche et de l\u2019innovation a pos\u00e9, le jeudi 4 d\u00e9cembre, un [&hellip;]","og_url":"https:\/\/www.nettali.com\/2025\/12\/05\/greve-des-bourses-la-tension-baisse-a-lucad\/","og_site_name":"Nettali.com","article_publisher":"https:\/\/www.facebook.com\/nettalicom","article_published_time":"2025-12-05T07:36:52+00:00","article_modified_time":"2025-12-05T18:43:48+00:00","og_image":[{"width":1280,"height":720,"url":"https:\/\/www.nettali.com\/wp-content\/uploads\/2025\/12\/universite_de_dakar_0.jpg","type":"image\/jpeg"}],"twitter_card":"summary_large_image","twitter_misc":{"\u00c9crit par":"CK","Dur\u00e9e de lecture estim\u00e9e":"4 minutes"},"schema":{"@context":"https:\/\/schema.org","@graph":[{"@type":"WebSite","@id":"https:\/\/www.nettali.com\/#website","url":"https:\/\/www.nettali.com\/","name":"Nettali.com","description":"Le rendez-vous critique du Net","potentialAction":[{"@type":"SearchAction","target":{"@type":"EntryPoint","urlTemplate":"https:\/\/www.nettali.com\/?s={search_term_string}"},"query-input":"required name=search_term_string"}],"inLanguage":"fr-FR"},{"@type":"ImageObject","@id":"https:\/\/www.nettali.com\/2025\/12\/05\/greve-des-bourses-la-tension-baisse-a-lucad\/#primaryimage","inLanguage":"fr-FR","url":"https:\/\/www.nettali.com\/wp-content\/uploads\/2025\/12\/universite_de_dakar_0.jpg","contentUrl":"https:\/\/www.nettali.com\/wp-content\/uploads\/2025\/12\/universite_de_dakar_0.jpg","width":1280,"height":720},{"@type":"WebPage","@id":"https:\/\/www.nettali.com\/2025\/12\/05\/greve-des-bourses-la-tension-baisse-a-lucad\/#webpage","url":"https:\/\/www.nettali.com\/2025\/12\/05\/greve-des-bourses-la-tension-baisse-a-lucad\/","name":"GREVE DES BOURSES - Le calme revient \u00e0 l'UCAD | Nettali.com","isPartOf":{"@id":"https:\/\/www.nettali.com\/#website"},"primaryImageOfPage":{"@id":"https:\/\/www.nettali.com\/2025\/12\/05\/greve-des-bourses-la-tension-baisse-a-lucad\/#primaryimage"},"datePublished":"2025-12-05T07:36:52+00:00","dateModified":"2025-12-05T18:43:48+00:00","author":{"@id":"https:\/\/www.nettali.com\/#\/schema\/person\/d8ac7b7e27ddad43f1c0d2ef090d7f71"},"breadcrumb":{"@id":"https:\/\/www.nettali.com\/2025\/12\/05\/greve-des-bourses-la-tension-baisse-a-lucad\/#breadcrumb"},"inLanguage":"fr-FR","potentialAction":[{"@type":"ReadAction","target":["https:\/\/www.nettali.com\/2025\/12\/05\/greve-des-bourses-la-tension-baisse-a-lucad\/"]}]},{"@type":"BreadcrumbList","@id":"https:\/\/www.nettali.com\/2025\/12\/05\/greve-des-bourses-la-tension-baisse-a-lucad\/#breadcrumb","itemListElement":[{"@type":"ListItem","position":1,"name":"Accueil","item":"https:\/\/www.nettali.com\/"},{"@type":"ListItem","position":2,"name":"GREVE DES BOURSES - Le calme revient \u00e0 l'UCAD"}]},{"@type":"Person","@id":"https:\/\/www.nettali.com\/#\/schema\/person\/d8ac7b7e27ddad43f1c0d2ef090d7f71","name":"CK","image":{"@type":"ImageObject","@id":"https:\/\/www.nettali.com\/#personlogo","inLanguage":"fr-FR","url":"https:\/\/secure.gravatar.com\/avatar\/1d8d5118b9327d94da7cd4ce7f17fec2?s=96&d=mm&r=g","contentUrl":"https:\/\/secure.gravatar.com\/avatar\/1d8d5118b9327d94da7cd4ce7f17fec2?s=96&d=mm&r=g","caption":"CK"},"sameAs":["https:\/\/www.nettali.com"]}]}},"_links":{"self":[{"href":"https:\/\/www.nettali.com\/rest\/wp\/v2\/posts\/165851"}],"collection":[{"href":"https:\/\/www.nettali.com\/rest\/wp\/v2\/posts"}],"about":[{"href":"https:\/\/www.nettali.com\/rest\/wp\/v2\/types\/post"}],"author":[{"embeddable":true,"href":"https:\/\/www.nettali.com\/rest\/wp\/v2\/users\/2"}],"replies":[{"embeddable":true,"href":"https:\/\/www.nettali.com\/rest\/wp\/v2\/comments?post=165851"}],"version-history":[{"count":3,"href":"https:\/\/www.nettali.com\/rest\/wp\/v2\/posts\/165851\/revisions"}],"predecessor-version":[{"id":165857,"href":"https:\/\/www.nettali.com\/rest\/wp\/v2\/posts\/165851\/revisions\/165857"}],"wp:featuredmedia":[{"embeddable":true,"href":"https:\/\/www.nettali.com\/rest\/wp\/v2\/media\/165853"}],"wp:attachment":[{"href":"https:\/\/www.nettali.com\/rest\/wp\/v2\/media?parent=165851"}],"wp:term":[{"taxonomy":"category","embeddable":true,"href":"https:\/\/www.nettali.com\/rest\/wp\/v2\/categories?post=165851"},{"taxonomy":"post_tag","embeddable":true,"href":"https:\/\/www.nettali.com\/rest\/wp\/v2\/tags?post=165851"}],"curies":[{"name":"wp","href":"https:\/\/api.w.org\/{rel}","templated":true}]}}