{"id":165836,"date":"2025-12-05T10:00:05","date_gmt":"2025-12-05T10:00:05","guid":{"rendered":"https:\/\/www.nettali.com\/?p=165836"},"modified":"2025-12-05T06:55:45","modified_gmt":"2025-12-05T06:55:45","slug":"sante-la-f2s-a-entame-une-greve-de-48-heures-ce-jeudi-4-decembre-2025","status":"publish","type":"post","link":"https:\/\/www.nettali.com\/2025\/12\/05\/sante-la-f2s-a-entame-une-greve-de-48-heures-ce-jeudi-4-decembre-2025\/","title":{"rendered":"SANT\u00c9 - La F2S a entam\u00e9 une gr\u00e8ve de 48 heures, ce jeudi 4 d\u00e9cembre 2025"},"content":{"rendered":"<p><strong>NETTALI.COM - La F\u00e9d\u00e9ration des syndicats de sant\u00e9 a entam\u00e9 une gr\u00e8ve g\u00e9n\u00e9rale \u00e0 partir de ce jeudi 04 d\u00e9cembre 2025. Elle va se poursuivre jusqu\u2019au vendredi 06 d\u00e9cembre 2025.<\/strong><\/p>\n<p>Encore des perturbations dans le secteur de la sant\u00e9 suite \u00e0 la gr\u00e8ve de 48 heures observ\u00e9e par la F\u00e9d\u00e9ration des syndicats de sant\u00e9 .\u00a0 \u00ab <em>La gr\u00e8ve a d\u00e9marr\u00e9 aujourd'hui, depuis minuit, sur l'ensemble du territoire national, \u00e0 travers toutes les r\u00e9gions du S\u00e9n\u00e9gal, que ce soit les structures hospitali\u00e8res , au niveau des postes, des centres de sant\u00e9 et m\u00eame des cadres de sant\u00e9, parce qu'il y a le personnel communautaire qui est l\u00e0-bas<\/em> \u00bb a indiqu\u00e9 Cheikh Seck , le porte-parole dudit syndicat.<\/p>\n<p>Revenant sur les motifs de la gr\u00e8ve, il\u00a0 pointe du doigt l'inertie de la part du gouvernement depuis la signature du pacte de stabilit\u00e9 sociale.<\/p>\n<p>Poursuivant, le syndicaliste ajoute qu'il ne s'agit pas de revendications nouvelles \u00a0contrairement \u00e0 ce que le Premier ministre a voulu \u00e9voquer l'autre jour. \u00ab <em>Il s'agit d'engagement de l'\u00c9tat. Et cet engagement avait \u00e9t\u00e9 sign\u00e9 par le Premier ministre lui-m\u00eame, c'\u00e9tait le 1er mai. Et ensuite, on est all\u00e9 au palais pr\u00e9sidentiel et le pr\u00e9sident a r\u00e9it\u00e9r\u00e9 cet engagement qu'il devrait respecter. Pour \u00eatre sp\u00e9cifique pour notre secteur, on avait constat\u00e9 un d\u00e9ficit de 18 000 agents, et que c'est l'\u00c9tat qui avait dit qu'avec cet engagement et la signature du protocole, ils vont r\u00e9sorber ce d\u00e9ficit pendant 5 ans. Et un recrutement sp\u00e9cial devrait avoir li\u00e9 avec la loi ratificative des finances de cette ann\u00e9e<\/em> \u00bb, mart\u00e8le-t-il.<\/p>\n<p>Tout en d\u00e9plorant le non respect des engagements, Cheikh Seck \u00e9voque la question des recrutements et des indemnit\u00e9s.\u00a0\u00ab <em>Pour l'ann\u00e9e prochaine, on nous a inform\u00e9 qu'il n'y a que 2200 postes. Or, depuis 2021, il n'y a pas eu de recrutement. C'\u00e9tait durant la COVID. L'autre \u00e9l\u00e9ment, c'est l'indemnit\u00e9 de logement. Toujours dans ce m\u00eame pacte, l'\u00c9tat s'est engag\u00e9 \u00e0 r\u00e9gulariser ce qu'il n'avait pas encore re\u00e7u\u00bb\u00a0<\/em> regrette le syndicaliste qui avance \u00e9galement comme motif, les\u00a0 crit\u00e8res d'allocations budg\u00e9taires dans les structures hospitali\u00e8res et se d\u00e9sole que les \u00a0subventions allou\u00e9es \u00e0 beaucoup d'h\u00f4pitaux ne permettent pas \u00e0 ces derniers de fonctionner correctement. Ainsi, il plaide une hausse des montants.<\/p>\n<p>Pour finir, la F2S fustige un certain favoritisme dans le choix des directeurs. \u00ab <em>Nous avons constat\u00e9 depuis un certain temps que depuis l'arriv\u00e9e de ces gens, si vous n'\u00eates pas de PASTEF, vous n'allez plus avoir de responsabilit\u00e9. Et ce qui est grave,\u00a0 ceux qui avaient m\u00eame des responsabilit\u00e9s dans cette structure ont \u00e9t\u00e9 d\u00e9gomm\u00e9s, pas par leurs incomp\u00e9tences, mais tout simplement parce qu'ils n'appartiennent pas au Parti au pouvoir. Et c'est \u00e7a qui est extr\u00eamement grave<\/em> \u00bb, affirme le syndicaliste.<\/p>\n<div class='share-to-whatsapp-wrapper'><div class='share-on-whsp'>PARTAGER SUR : <\/div><a data-text='SANT\u00c9 - La F2S a entam\u00e9 une gr\u00e8ve de 48 heures, ce jeudi 4 d\u00e9cembre 2025' data-link='https:\/\/www.nettali.com\/2025\/12\/05\/sante-la-f2s-a-entame-une-greve-de-48-heures-ce-jeudi-4-decembre-2025\/' class='whatsapp-button whatsapp-share'>WhatsApp<\/a><div class='clear '><\/div><\/div>","protected":false},"excerpt":{"rendered":"<p>NETTALI.COM - La F\u00e9d\u00e9ration des syndicats de sant\u00e9 a entam\u00e9 une gr\u00e8ve g\u00e9n\u00e9rale \u00e0 partir de ce jeudi 04 d\u00e9cembre 2025. Elle va se poursuivre jusqu\u2019au vendredi 06 d\u00e9cembre 2025. Encore des perturbations dans le secteur de la sant\u00e9 suite \u00e0 la gr\u00e8ve de 48 heures observ\u00e9e par la F\u00e9d\u00e9ration des syndicats de sant\u00e9 .\u00a0 [&hellip;]<\/p>\n","protected":false},"author":6,"featured_media":165837,"comment_status":"open","ping_status":"open","sticky":false,"template":"","format":"standard","meta":{"_et_pb_use_builder":"","_et_pb_old_content":""},"categories":[22],"tags":[],"yoast_head":"<!-- This site is optimized with the Yoast SEO Premium plugin v17.8 (Yoast SEO v17.8) - https:\/\/yoast.com\/wordpress\/plugins\/seo\/ -->\n<title>SANT\u00c9 - La F2S a entam\u00e9 une gr\u00e8ve de 48 heures, ce jeudi 4 d\u00e9cembre 2025 | Nettali.com<\/title>\n<meta name=\"robots\" content=\"index, follow, max-snippet:-1, max-image-preview:large, max-video-preview:-1\" \/>\n<link rel=\"canonical\" href=\"https:\/\/www.nettali.com\/2025\/12\/05\/sante-la-f2s-a-entame-une-greve-de-48-heures-ce-jeudi-4-decembre-2025\/\" \/>\n<meta property=\"og:locale\" content=\"fr_FR\" \/>\n<meta property=\"og:type\" content=\"article\" \/>\n<meta property=\"og:title\" content=\"SANT\u00c9 - La F2S a entam\u00e9 une gr\u00e8ve de 48 heures, ce jeudi 4 d\u00e9cembre 2025\" \/>\n<meta property=\"og:description\" content=\"NETTALI.COM - La F\u00e9d\u00e9ration des syndicats de sant\u00e9 a entam\u00e9 une gr\u00e8ve g\u00e9n\u00e9rale \u00e0 partir de ce jeudi 04 d\u00e9cembre 2025. Elle va se poursuivre jusqu\u2019au vendredi 06 d\u00e9cembre 2025. Encore des perturbations dans le secteur de la sant\u00e9 suite \u00e0 la gr\u00e8ve de 48 heures observ\u00e9e par la F\u00e9d\u00e9ration des syndicats de sant\u00e9 .\u00a0 [&hellip;]\" \/>\n<meta property=\"og:url\" content=\"https:\/\/www.nettali.com\/2025\/12\/05\/sante-la-f2s-a-entame-une-greve-de-48-heures-ce-jeudi-4-decembre-2025\/\" \/>\n<meta property=\"og:site_name\" content=\"Nettali.com\" \/>\n<meta property=\"article:publisher\" content=\"https:\/\/www.facebook.com\/nettalicom\" \/>\n<meta property=\"article:published_time\" content=\"2025-12-05T10:00:05+00:00\" \/>\n<meta property=\"article:modified_time\" content=\"2025-12-05T06:55:45+00:00\" \/>\n<meta property=\"og:image\" content=\"https:\/\/www.nettali.com\/wp-content\/uploads\/2025\/12\/F2S.jpeg\" \/>\n\t<meta property=\"og:image:width\" content=\"960\" \/>\n\t<meta property=\"og:image:height\" content=\"720\" \/>\n<meta name=\"twitter:card\" content=\"summary_large_image\" \/>\n<meta name=\"twitter:label1\" content=\"\u00c9crit par\" \/>\n\t<meta name=\"twitter:data1\" content=\"Fatou\" \/>\n\t<meta name=\"twitter:label2\" content=\"Dur\u00e9e de lecture estim\u00e9e\" \/>\n\t<meta name=\"twitter:data2\" content=\"3 minutes\" \/>\n<script type=\"application\/ld+json\" class=\"yoast-schema-graph\">{\"@context\":\"https:\/\/schema.org\",\"@graph\":[{\"@type\":\"WebSite\",\"@id\":\"https:\/\/www.nettali.com\/#website\",\"url\":\"https:\/\/www.nettali.com\/\",\"name\":\"Nettali.com\",\"description\":\"Le rendez-vous critique du Net\",\"potentialAction\":[{\"@type\":\"SearchAction\",\"target\":{\"@type\":\"EntryPoint\",\"urlTemplate\":\"https:\/\/www.nettali.com\/?s={search_term_string}\"},\"query-input\":\"required name=search_term_string\"}],\"inLanguage\":\"fr-FR\"},{\"@type\":\"ImageObject\",\"@id\":\"https:\/\/www.nettali.com\/2025\/12\/05\/sante-la-f2s-a-entame-une-greve-de-48-heures-ce-jeudi-4-decembre-2025\/#primaryimage\",\"inLanguage\":\"fr-FR\",\"url\":\"https:\/\/www.nettali.com\/wp-content\/uploads\/2025\/12\/F2S.jpeg\",\"contentUrl\":\"https:\/\/www.nettali.com\/wp-content\/uploads\/2025\/12\/F2S.jpeg\",\"width\":960,\"height\":720},{\"@type\":\"WebPage\",\"@id\":\"https:\/\/www.nettali.com\/2025\/12\/05\/sante-la-f2s-a-entame-une-greve-de-48-heures-ce-jeudi-4-decembre-2025\/#webpage\",\"url\":\"https:\/\/www.nettali.com\/2025\/12\/05\/sante-la-f2s-a-entame-une-greve-de-48-heures-ce-jeudi-4-decembre-2025\/\",\"name\":\"SANT\\u00c9 - La F2S a entam\\u00e9 une gr\\u00e8ve de 48 heures, ce jeudi 4 d\\u00e9cembre 2025 | Nettali.com\",\"isPartOf\":{\"@id\":\"https:\/\/www.nettali.com\/#website\"},\"primaryImageOfPage\":{\"@id\":\"https:\/\/www.nettali.com\/2025\/12\/05\/sante-la-f2s-a-entame-une-greve-de-48-heures-ce-jeudi-4-decembre-2025\/#primaryimage\"},\"datePublished\":\"2025-12-05T10:00:05+00:00\",\"dateModified\":\"2025-12-05T06:55:45+00:00\",\"author\":{\"@id\":\"https:\/\/www.nettali.com\/#\/schema\/person\/418274a86bdf87caff7a3ef476bd0bbf\"},\"breadcrumb\":{\"@id\":\"https:\/\/www.nettali.com\/2025\/12\/05\/sante-la-f2s-a-entame-une-greve-de-48-heures-ce-jeudi-4-decembre-2025\/#breadcrumb\"},\"inLanguage\":\"fr-FR\",\"potentialAction\":[{\"@type\":\"ReadAction\",\"target\":[\"https:\/\/www.nettali.com\/2025\/12\/05\/sante-la-f2s-a-entame-une-greve-de-48-heures-ce-jeudi-4-decembre-2025\/\"]}]},{\"@type\":\"BreadcrumbList\",\"@id\":\"https:\/\/www.nettali.com\/2025\/12\/05\/sante-la-f2s-a-entame-une-greve-de-48-heures-ce-jeudi-4-decembre-2025\/#breadcrumb\",\"itemListElement\":[{\"@type\":\"ListItem\",\"position\":1,\"name\":\"Accueil\",\"item\":\"https:\/\/www.nettali.com\/\"},{\"@type\":\"ListItem\",\"position\":2,\"name\":\"SANT\\u00c9 - La F2S a entam\\u00e9 une gr\\u00e8ve de 48 heures, ce jeudi 4 d\\u00e9cembre 2025\"}]},{\"@type\":\"Person\",\"@id\":\"https:\/\/www.nettali.com\/#\/schema\/person\/418274a86bdf87caff7a3ef476bd0bbf\",\"name\":\"Fatou\",\"image\":{\"@type\":\"ImageObject\",\"@id\":\"https:\/\/www.nettali.com\/#personlogo\",\"inLanguage\":\"fr-FR\",\"url\":\"https:\/\/secure.gravatar.com\/avatar\/5a9442a2bee7b4dcf167cab035858e9a?s=96&d=mm&r=g\",\"contentUrl\":\"https:\/\/secure.gravatar.com\/avatar\/5a9442a2bee7b4dcf167cab035858e9a?s=96&d=mm&r=g\",\"caption\":\"Fatou\"},\"sameAs\":[\"https:\/\/www.nettali.com\"]}]}<\/script>\n<!-- \/ Yoast SEO Premium plugin. -->","yoast_head_json":{"title":"SANT\u00c9 - La F2S a entam\u00e9 une gr\u00e8ve de 48 heures, ce jeudi 4 d\u00e9cembre 2025 | Nettali.com","robots":{"index":"index","follow":"follow","max-snippet":"max-snippet:-1","max-image-preview":"max-image-preview:large","max-video-preview":"max-video-preview:-1"},"canonical":"https:\/\/www.nettali.com\/2025\/12\/05\/sante-la-f2s-a-entame-une-greve-de-48-heures-ce-jeudi-4-decembre-2025\/","og_locale":"fr_FR","og_type":"article","og_title":"SANT\u00c9 - La F2S a entam\u00e9 une gr\u00e8ve de 48 heures, ce jeudi 4 d\u00e9cembre 2025","og_description":"NETTALI.COM - La F\u00e9d\u00e9ration des syndicats de sant\u00e9 a entam\u00e9 une gr\u00e8ve g\u00e9n\u00e9rale \u00e0 partir de ce jeudi 04 d\u00e9cembre 2025. Elle va se poursuivre jusqu\u2019au vendredi 06 d\u00e9cembre 2025. Encore des perturbations dans le secteur de la sant\u00e9 suite \u00e0 la gr\u00e8ve de 48 heures observ\u00e9e par la F\u00e9d\u00e9ration des syndicats de sant\u00e9 .\u00a0 [&hellip;]","og_url":"https:\/\/www.nettali.com\/2025\/12\/05\/sante-la-f2s-a-entame-une-greve-de-48-heures-ce-jeudi-4-decembre-2025\/","og_site_name":"Nettali.com","article_publisher":"https:\/\/www.facebook.com\/nettalicom","article_published_time":"2025-12-05T10:00:05+00:00","article_modified_time":"2025-12-05T06:55:45+00:00","og_image":[{"width":960,"height":720,"url":"https:\/\/www.nettali.com\/wp-content\/uploads\/2025\/12\/F2S.jpeg","type":"image\/jpeg"}],"twitter_card":"summary_large_image","twitter_misc":{"\u00c9crit par":"Fatou","Dur\u00e9e de lecture estim\u00e9e":"3 minutes"},"schema":{"@context":"https:\/\/schema.org","@graph":[{"@type":"WebSite","@id":"https:\/\/www.nettali.com\/#website","url":"https:\/\/www.nettali.com\/","name":"Nettali.com","description":"Le rendez-vous critique du Net","potentialAction":[{"@type":"SearchAction","target":{"@type":"EntryPoint","urlTemplate":"https:\/\/www.nettali.com\/?s={search_term_string}"},"query-input":"required name=search_term_string"}],"inLanguage":"fr-FR"},{"@type":"ImageObject","@id":"https:\/\/www.nettali.com\/2025\/12\/05\/sante-la-f2s-a-entame-une-greve-de-48-heures-ce-jeudi-4-decembre-2025\/#primaryimage","inLanguage":"fr-FR","url":"https:\/\/www.nettali.com\/wp-content\/uploads\/2025\/12\/F2S.jpeg","contentUrl":"https:\/\/www.nettali.com\/wp-content\/uploads\/2025\/12\/F2S.jpeg","width":960,"height":720},{"@type":"WebPage","@id":"https:\/\/www.nettali.com\/2025\/12\/05\/sante-la-f2s-a-entame-une-greve-de-48-heures-ce-jeudi-4-decembre-2025\/#webpage","url":"https:\/\/www.nettali.com\/2025\/12\/05\/sante-la-f2s-a-entame-une-greve-de-48-heures-ce-jeudi-4-decembre-2025\/","name":"SANT\u00c9 - La F2S a entam\u00e9 une gr\u00e8ve de 48 heures, ce jeudi 4 d\u00e9cembre 2025 | Nettali.com","isPartOf":{"@id":"https:\/\/www.nettali.com\/#website"},"primaryImageOfPage":{"@id":"https:\/\/www.nettali.com\/2025\/12\/05\/sante-la-f2s-a-entame-une-greve-de-48-heures-ce-jeudi-4-decembre-2025\/#primaryimage"},"datePublished":"2025-12-05T10:00:05+00:00","dateModified":"2025-12-05T06:55:45+00:00","author":{"@id":"https:\/\/www.nettali.com\/#\/schema\/person\/418274a86bdf87caff7a3ef476bd0bbf"},"breadcrumb":{"@id":"https:\/\/www.nettali.com\/2025\/12\/05\/sante-la-f2s-a-entame-une-greve-de-48-heures-ce-jeudi-4-decembre-2025\/#breadcrumb"},"inLanguage":"fr-FR","potentialAction":[{"@type":"ReadAction","target":["https:\/\/www.nettali.com\/2025\/12\/05\/sante-la-f2s-a-entame-une-greve-de-48-heures-ce-jeudi-4-decembre-2025\/"]}]},{"@type":"BreadcrumbList","@id":"https:\/\/www.nettali.com\/2025\/12\/05\/sante-la-f2s-a-entame-une-greve-de-48-heures-ce-jeudi-4-decembre-2025\/#breadcrumb","itemListElement":[{"@type":"ListItem","position":1,"name":"Accueil","item":"https:\/\/www.nettali.com\/"},{"@type":"ListItem","position":2,"name":"SANT\u00c9 - La F2S a entam\u00e9 une gr\u00e8ve de 48 heures, ce jeudi 4 d\u00e9cembre 2025"}]},{"@type":"Person","@id":"https:\/\/www.nettali.com\/#\/schema\/person\/418274a86bdf87caff7a3ef476bd0bbf","name":"Fatou","image":{"@type":"ImageObject","@id":"https:\/\/www.nettali.com\/#personlogo","inLanguage":"fr-FR","url":"https:\/\/secure.gravatar.com\/avatar\/5a9442a2bee7b4dcf167cab035858e9a?s=96&d=mm&r=g","contentUrl":"https:\/\/secure.gravatar.com\/avatar\/5a9442a2bee7b4dcf167cab035858e9a?s=96&d=mm&r=g","caption":"Fatou"},"sameAs":["https:\/\/www.nettali.com"]}]}},"_links":{"self":[{"href":"https:\/\/www.nettali.com\/rest\/wp\/v2\/posts\/165836"}],"collection":[{"href":"https:\/\/www.nettali.com\/rest\/wp\/v2\/posts"}],"about":[{"href":"https:\/\/www.nettali.com\/rest\/wp\/v2\/types\/post"}],"author":[{"embeddable":true,"href":"https:\/\/www.nettali.com\/rest\/wp\/v2\/users\/6"}],"replies":[{"embeddable":true,"href":"https:\/\/www.nettali.com\/rest\/wp\/v2\/comments?post=165836"}],"version-history":[{"count":3,"href":"https:\/\/www.nettali.com\/rest\/wp\/v2\/posts\/165836\/revisions"}],"predecessor-version":[{"id":165840,"href":"https:\/\/www.nettali.com\/rest\/wp\/v2\/posts\/165836\/revisions\/165840"}],"wp:featuredmedia":[{"embeddable":true,"href":"https:\/\/www.nettali.com\/rest\/wp\/v2\/media\/165837"}],"wp:attachment":[{"href":"https:\/\/www.nettali.com\/rest\/wp\/v2\/media?parent=165836"}],"wp:term":[{"taxonomy":"category","embeddable":true,"href":"https:\/\/www.nettali.com\/rest\/wp\/v2\/categories?post=165836"},{"taxonomy":"post_tag","embeddable":true,"href":"https:\/\/www.nettali.com\/rest\/wp\/v2\/tags?post=165836"}],"curies":[{"name":"wp","href":"https:\/\/api.w.org\/{rel}","templated":true}]}}