{"id":165833,"date":"2025-12-04T18:25:16","date_gmt":"2025-12-04T18:25:16","guid":{"rendered":"https:\/\/www.nettali.com\/?p=165833"},"modified":"2025-12-04T18:25:16","modified_gmt":"2025-12-04T18:25:16","slug":"justice-liberation-de-badara-gadiaga-confirmee-par-la-chambre-daccusation","status":"publish","type":"post","link":"https:\/\/www.nettali.com\/2025\/12\/04\/justice-liberation-de-badara-gadiaga-confirmee-par-la-chambre-daccusation\/","title":{"rendered":"JUSTICE - Lib\u00e9ration de Badara Gadiaga confirm\u00e9e par la chambre d'accusation"},"content":{"rendered":"<p><strong>NETTALI.COM - Les avocats du chroniqueur de la TFM, Badara Gadiaga, \u00e9taient ce 4 d\u00e9cembre \u00e0 la Chambre d\u2019accusation de la Cour d\u2019Appel de Dakar. C\u2019est par rapport au recours du minist\u00e8re public contre l\u2019ordonnance de mise en libert\u00e9 provisoire sous bracelet \u00e9lectronique rendue par le juge d\u2019instruction.<\/strong><\/p>\n<p>Suite aux plaidoiries des avocats du chroniqueur, la Chambre d\u2019accusation a tranch\u00e9 en faveur de Badara Gadiaga, en confirmant l\u2019ordonnance. Il sera libre si le parquet g\u00e9n\u00e9ral ne forme pas un pourvoi en cassation.<\/p>\n<p>Apr\u00e8s son audition au fond, le doyen des juges du tribunal de Dakar avait ordonn\u00e9, le 10 novembre dernier, la libert\u00e9 provisoire pour le chroniqueur Badara Gadiaga avec bracelet \u00e9lectronique, malgr\u00e9 le refus du procureur de la R\u00e9publique. Ce dernier avait ensuite fait un recours.<\/p>\n<div class='share-to-whatsapp-wrapper'><div class='share-on-whsp'>PARTAGER SUR : <\/div><a data-text='JUSTICE - Lib\u00e9ration de Badara Gadiaga confirm\u00e9e par la chambre d'accusation' data-link='https:\/\/www.nettali.com\/2025\/12\/04\/justice-liberation-de-badara-gadiaga-confirmee-par-la-chambre-daccusation\/' class='whatsapp-button whatsapp-share'>WhatsApp<\/a><div class='clear '><\/div><\/div>","protected":false},"excerpt":{"rendered":"<p>NETTALI.COM - Les avocats du chroniqueur de la TFM, Badara Gadiaga, \u00e9taient ce 4 d\u00e9cembre \u00e0 la Chambre d\u2019accusation de la Cour d\u2019Appel de Dakar. C\u2019est par rapport au recours du minist\u00e8re public contre l\u2019ordonnance de mise en libert\u00e9 provisoire sous bracelet \u00e9lectronique rendue par le juge d\u2019instruction. Suite aux plaidoiries des avocats du chroniqueur, [&hellip;]<\/p>\n","protected":false},"author":4,"featured_media":157407,"comment_status":"open","ping_status":"open","sticky":false,"template":"","format":"standard","meta":{"_et_pb_use_builder":"","_et_pb_old_content":""},"categories":[3],"tags":[],"yoast_head":"<!-- This site is optimized with the Yoast SEO Premium plugin v17.8 (Yoast SEO v17.8) - https:\/\/yoast.com\/wordpress\/plugins\/seo\/ -->\n<title>JUSTICE - Lib\u00e9ration de Badara Gadiaga confirm\u00e9e par la chambre d&#039;accusation | Nettali.com<\/title>\n<meta name=\"robots\" content=\"index, follow, max-snippet:-1, max-image-preview:large, max-video-preview:-1\" \/>\n<link rel=\"canonical\" href=\"https:\/\/www.nettali.com\/2025\/12\/04\/justice-liberation-de-badara-gadiaga-confirmee-par-la-chambre-daccusation\/\" \/>\n<meta property=\"og:locale\" content=\"fr_FR\" \/>\n<meta property=\"og:type\" content=\"article\" \/>\n<meta property=\"og:title\" content=\"JUSTICE - Lib\u00e9ration de Badara Gadiaga confirm\u00e9e par la chambre d&#039;accusation\" \/>\n<meta property=\"og:description\" content=\"NETTALI.COM - Les avocats du chroniqueur de la TFM, Badara Gadiaga, \u00e9taient ce 4 d\u00e9cembre \u00e0 la Chambre d\u2019accusation de la Cour d\u2019Appel de Dakar. C\u2019est par rapport au recours du minist\u00e8re public contre l\u2019ordonnance de mise en libert\u00e9 provisoire sous bracelet \u00e9lectronique rendue par le juge d\u2019instruction. Suite aux plaidoiries des avocats du chroniqueur, [&hellip;]\" \/>\n<meta property=\"og:url\" content=\"https:\/\/www.nettali.com\/2025\/12\/04\/justice-liberation-de-badara-gadiaga-confirmee-par-la-chambre-daccusation\/\" \/>\n<meta property=\"og:site_name\" content=\"Nettali.com\" \/>\n<meta property=\"article:publisher\" content=\"https:\/\/www.facebook.com\/nettalicom\" \/>\n<meta property=\"article:published_time\" content=\"2025-12-04T18:25:16+00:00\" \/>\n<meta property=\"og:image\" content=\"https:\/\/www.nettali.com\/wp-content\/uploads\/2025\/07\/Badara-Gadiaga-2-e1752258692760.jpg\" \/>\n\t<meta property=\"og:image:width\" content=\"727\" \/>\n\t<meta property=\"og:image:height\" content=\"492\" \/>\n<meta name=\"twitter:card\" content=\"summary_large_image\" \/>\n<meta name=\"twitter:label1\" content=\"\u00c9crit par\" \/>\n\t<meta name=\"twitter:data1\" content=\"Daouda\" \/>\n\t<meta name=\"twitter:label2\" content=\"Dur\u00e9e de lecture estim\u00e9e\" \/>\n\t<meta name=\"twitter:data2\" content=\"1 minute\" \/>\n<script type=\"application\/ld+json\" class=\"yoast-schema-graph\">{\"@context\":\"https:\/\/schema.org\",\"@graph\":[{\"@type\":\"WebSite\",\"@id\":\"https:\/\/www.nettali.com\/#website\",\"url\":\"https:\/\/www.nettali.com\/\",\"name\":\"Nettali.com\",\"description\":\"Le rendez-vous critique du Net\",\"potentialAction\":[{\"@type\":\"SearchAction\",\"target\":{\"@type\":\"EntryPoint\",\"urlTemplate\":\"https:\/\/www.nettali.com\/?s={search_term_string}\"},\"query-input\":\"required name=search_term_string\"}],\"inLanguage\":\"fr-FR\"},{\"@type\":\"ImageObject\",\"@id\":\"https:\/\/www.nettali.com\/2025\/12\/04\/justice-liberation-de-badara-gadiaga-confirmee-par-la-chambre-daccusation\/#primaryimage\",\"inLanguage\":\"fr-FR\",\"url\":\"https:\/\/www.nettali.com\/wp-content\/uploads\/2025\/07\/Badara-Gadiaga-2-e1752258692760.jpg\",\"contentUrl\":\"https:\/\/www.nettali.com\/wp-content\/uploads\/2025\/07\/Badara-Gadiaga-2-e1752258692760.jpg\",\"width\":727,\"height\":492},{\"@type\":\"WebPage\",\"@id\":\"https:\/\/www.nettali.com\/2025\/12\/04\/justice-liberation-de-badara-gadiaga-confirmee-par-la-chambre-daccusation\/#webpage\",\"url\":\"https:\/\/www.nettali.com\/2025\/12\/04\/justice-liberation-de-badara-gadiaga-confirmee-par-la-chambre-daccusation\/\",\"name\":\"JUSTICE - Lib\\u00e9ration de Badara Gadiaga confirm\\u00e9e par la chambre d'accusation | Nettali.com\",\"isPartOf\":{\"@id\":\"https:\/\/www.nettali.com\/#website\"},\"primaryImageOfPage\":{\"@id\":\"https:\/\/www.nettali.com\/2025\/12\/04\/justice-liberation-de-badara-gadiaga-confirmee-par-la-chambre-daccusation\/#primaryimage\"},\"datePublished\":\"2025-12-04T18:25:16+00:00\",\"dateModified\":\"2025-12-04T18:25:16+00:00\",\"author\":{\"@id\":\"https:\/\/www.nettali.com\/#\/schema\/person\/3317e0bb3aa1da309fbf7b2780901bf4\"},\"breadcrumb\":{\"@id\":\"https:\/\/www.nettali.com\/2025\/12\/04\/justice-liberation-de-badara-gadiaga-confirmee-par-la-chambre-daccusation\/#breadcrumb\"},\"inLanguage\":\"fr-FR\",\"potentialAction\":[{\"@type\":\"ReadAction\",\"target\":[\"https:\/\/www.nettali.com\/2025\/12\/04\/justice-liberation-de-badara-gadiaga-confirmee-par-la-chambre-daccusation\/\"]}]},{\"@type\":\"BreadcrumbList\",\"@id\":\"https:\/\/www.nettali.com\/2025\/12\/04\/justice-liberation-de-badara-gadiaga-confirmee-par-la-chambre-daccusation\/#breadcrumb\",\"itemListElement\":[{\"@type\":\"ListItem\",\"position\":1,\"name\":\"Accueil\",\"item\":\"https:\/\/www.nettali.com\/\"},{\"@type\":\"ListItem\",\"position\":2,\"name\":\"JUSTICE - Lib\\u00e9ration de Badara Gadiaga confirm\\u00e9e par la chambre d'accusation\"}]},{\"@type\":\"Person\",\"@id\":\"https:\/\/www.nettali.com\/#\/schema\/person\/3317e0bb3aa1da309fbf7b2780901bf4\",\"name\":\"Daouda\",\"image\":{\"@type\":\"ImageObject\",\"@id\":\"https:\/\/www.nettali.com\/#personlogo\",\"inLanguage\":\"fr-FR\",\"url\":\"https:\/\/secure.gravatar.com\/avatar\/8d143b5a49345098ddcfee1c49c2f47c?s=96&d=mm&r=g\",\"contentUrl\":\"https:\/\/secure.gravatar.com\/avatar\/8d143b5a49345098ddcfee1c49c2f47c?s=96&d=mm&r=g\",\"caption\":\"Daouda\"},\"sameAs\":[\"https:\/\/www.nettali.com\"]}]}<\/script>\n<!-- \/ Yoast SEO Premium plugin. -->","yoast_head_json":{"title":"JUSTICE - Lib\u00e9ration de Badara Gadiaga confirm\u00e9e par la chambre d'accusation | Nettali.com","robots":{"index":"index","follow":"follow","max-snippet":"max-snippet:-1","max-image-preview":"max-image-preview:large","max-video-preview":"max-video-preview:-1"},"canonical":"https:\/\/www.nettali.com\/2025\/12\/04\/justice-liberation-de-badara-gadiaga-confirmee-par-la-chambre-daccusation\/","og_locale":"fr_FR","og_type":"article","og_title":"JUSTICE - Lib\u00e9ration de Badara Gadiaga confirm\u00e9e par la chambre d'accusation","og_description":"NETTALI.COM - Les avocats du chroniqueur de la TFM, Badara Gadiaga, \u00e9taient ce 4 d\u00e9cembre \u00e0 la Chambre d\u2019accusation de la Cour d\u2019Appel de Dakar. C\u2019est par rapport au recours du minist\u00e8re public contre l\u2019ordonnance de mise en libert\u00e9 provisoire sous bracelet \u00e9lectronique rendue par le juge d\u2019instruction. Suite aux plaidoiries des avocats du chroniqueur, [&hellip;]","og_url":"https:\/\/www.nettali.com\/2025\/12\/04\/justice-liberation-de-badara-gadiaga-confirmee-par-la-chambre-daccusation\/","og_site_name":"Nettali.com","article_publisher":"https:\/\/www.facebook.com\/nettalicom","article_published_time":"2025-12-04T18:25:16+00:00","og_image":[{"width":727,"height":492,"url":"https:\/\/www.nettali.com\/wp-content\/uploads\/2025\/07\/Badara-Gadiaga-2-e1752258692760.jpg","type":"image\/jpeg"}],"twitter_card":"summary_large_image","twitter_misc":{"\u00c9crit par":"Daouda","Dur\u00e9e de lecture estim\u00e9e":"1 minute"},"schema":{"@context":"https:\/\/schema.org","@graph":[{"@type":"WebSite","@id":"https:\/\/www.nettali.com\/#website","url":"https:\/\/www.nettali.com\/","name":"Nettali.com","description":"Le rendez-vous critique du Net","potentialAction":[{"@type":"SearchAction","target":{"@type":"EntryPoint","urlTemplate":"https:\/\/www.nettali.com\/?s={search_term_string}"},"query-input":"required name=search_term_string"}],"inLanguage":"fr-FR"},{"@type":"ImageObject","@id":"https:\/\/www.nettali.com\/2025\/12\/04\/justice-liberation-de-badara-gadiaga-confirmee-par-la-chambre-daccusation\/#primaryimage","inLanguage":"fr-FR","url":"https:\/\/www.nettali.com\/wp-content\/uploads\/2025\/07\/Badara-Gadiaga-2-e1752258692760.jpg","contentUrl":"https:\/\/www.nettali.com\/wp-content\/uploads\/2025\/07\/Badara-Gadiaga-2-e1752258692760.jpg","width":727,"height":492},{"@type":"WebPage","@id":"https:\/\/www.nettali.com\/2025\/12\/04\/justice-liberation-de-badara-gadiaga-confirmee-par-la-chambre-daccusation\/#webpage","url":"https:\/\/www.nettali.com\/2025\/12\/04\/justice-liberation-de-badara-gadiaga-confirmee-par-la-chambre-daccusation\/","name":"JUSTICE - Lib\u00e9ration de Badara Gadiaga confirm\u00e9e par la chambre d'accusation | Nettali.com","isPartOf":{"@id":"https:\/\/www.nettali.com\/#website"},"primaryImageOfPage":{"@id":"https:\/\/www.nettali.com\/2025\/12\/04\/justice-liberation-de-badara-gadiaga-confirmee-par-la-chambre-daccusation\/#primaryimage"},"datePublished":"2025-12-04T18:25:16+00:00","dateModified":"2025-12-04T18:25:16+00:00","author":{"@id":"https:\/\/www.nettali.com\/#\/schema\/person\/3317e0bb3aa1da309fbf7b2780901bf4"},"breadcrumb":{"@id":"https:\/\/www.nettali.com\/2025\/12\/04\/justice-liberation-de-badara-gadiaga-confirmee-par-la-chambre-daccusation\/#breadcrumb"},"inLanguage":"fr-FR","potentialAction":[{"@type":"ReadAction","target":["https:\/\/www.nettali.com\/2025\/12\/04\/justice-liberation-de-badara-gadiaga-confirmee-par-la-chambre-daccusation\/"]}]},{"@type":"BreadcrumbList","@id":"https:\/\/www.nettali.com\/2025\/12\/04\/justice-liberation-de-badara-gadiaga-confirmee-par-la-chambre-daccusation\/#breadcrumb","itemListElement":[{"@type":"ListItem","position":1,"name":"Accueil","item":"https:\/\/www.nettali.com\/"},{"@type":"ListItem","position":2,"name":"JUSTICE - Lib\u00e9ration de Badara Gadiaga confirm\u00e9e par la chambre d'accusation"}]},{"@type":"Person","@id":"https:\/\/www.nettali.com\/#\/schema\/person\/3317e0bb3aa1da309fbf7b2780901bf4","name":"Daouda","image":{"@type":"ImageObject","@id":"https:\/\/www.nettali.com\/#personlogo","inLanguage":"fr-FR","url":"https:\/\/secure.gravatar.com\/avatar\/8d143b5a49345098ddcfee1c49c2f47c?s=96&d=mm&r=g","contentUrl":"https:\/\/secure.gravatar.com\/avatar\/8d143b5a49345098ddcfee1c49c2f47c?s=96&d=mm&r=g","caption":"Daouda"},"sameAs":["https:\/\/www.nettali.com"]}]}},"_links":{"self":[{"href":"https:\/\/www.nettali.com\/rest\/wp\/v2\/posts\/165833"}],"collection":[{"href":"https:\/\/www.nettali.com\/rest\/wp\/v2\/posts"}],"about":[{"href":"https:\/\/www.nettali.com\/rest\/wp\/v2\/types\/post"}],"author":[{"embeddable":true,"href":"https:\/\/www.nettali.com\/rest\/wp\/v2\/users\/4"}],"replies":[{"embeddable":true,"href":"https:\/\/www.nettali.com\/rest\/wp\/v2\/comments?post=165833"}],"version-history":[{"count":1,"href":"https:\/\/www.nettali.com\/rest\/wp\/v2\/posts\/165833\/revisions"}],"predecessor-version":[{"id":165834,"href":"https:\/\/www.nettali.com\/rest\/wp\/v2\/posts\/165833\/revisions\/165834"}],"wp:featuredmedia":[{"embeddable":true,"href":"https:\/\/www.nettali.com\/rest\/wp\/v2\/media\/157407"}],"wp:attachment":[{"href":"https:\/\/www.nettali.com\/rest\/wp\/v2\/media?parent=165833"}],"wp:term":[{"taxonomy":"category","embeddable":true,"href":"https:\/\/www.nettali.com\/rest\/wp\/v2\/categories?post=165833"},{"taxonomy":"post_tag","embeddable":true,"href":"https:\/\/www.nettali.com\/rest\/wp\/v2\/tags?post=165833"}],"curies":[{"name":"wp","href":"https:\/\/api.w.org\/{rel}","templated":true}]}}