{"id":165825,"date":"2025-12-04T19:50:12","date_gmt":"2025-12-04T19:50:12","guid":{"rendered":"https:\/\/www.nettali.com\/?p=165825"},"modified":"2025-12-04T17:50:55","modified_gmt":"2025-12-04T17:50:55","slug":"habib-beye-on-a-limpression-quon-peut-bouger-la-can-quand-on-veut","status":"publish","type":"post","link":"https:\/\/www.nettali.com\/2025\/12\/04\/habib-beye-on-a-limpression-quon-peut-bouger-la-can-quand-on-veut\/","title":{"rendered":"HABIB B\u00c8YE - \"On a l\u2019impression qu\u2019on peut bouger la CAN quand on veut...\""},"content":{"rendered":"<p><strong>NETTALI.COM - Alors que la FIFA a accord\u00e9 \u00e0 l\u2019association europ\u00e9enne des clubs (ECA) que les internationaux africains mobilis\u00e9s par la CAN soient lib\u00e9r\u00e9s le 15 plut\u00f4t que le 8 d\u00e9cembre, l\u2019entra\u00eeneur du Stade Rennais et ancien international s\u00e9n\u00e9galais a \u00e9t\u00e9 interrog\u00e9 sur le sujet, en conf\u00e9rence de presse ce jeudi. Habib B\u00e8ye a en profit\u00e9 pour critiquer cette d\u00e9cision.<\/strong><\/p>\n<p>\"<em>Je trouve que c\u2019est incorrect vis-\u00e0-vis des s\u00e9lectionneur et des f\u00e9d\u00e9rations qui sont impliqu\u00e9s dans cette comp\u00e9tition tr\u00e8s importante. Quand vous avez une date qui est ent\u00e9rin\u00e9e sur le retour des joueurs en s\u00e9lection, qu\u2019il y avait une pr\u00e9paration mise en place, avec des f\u00e9d\u00e9rations qui ont boucl\u00e9 des h\u00f4tels pour les matchs de pr\u00e9paration, et que cette information leur soit donn\u00e9e aussi tard\u2026 C\u2019est incorrect pour moi<\/em>\", a fustig\u00e9 Habib B\u00e8ye.<\/p>\n<p>\"<em>Apr\u00e8s, je suis sur la m\u00eame logique que mes confr\u00e8res de clubs : j\u2019ai les joueurs jusqu\u2019au 15 d\u00e9cembre, et en tant que coach de Rennes je suis content de les avoir, mais il faut aussi se placer de l\u2019autre c\u00f4t\u00e9. Il faut consid\u00e9rer que c\u2019est une comp\u00e9tition majeure en Afrique. Mais je ne suis pas surpris par ce qui se passe, par rapport \u00e0 cette ing\u00e9rence o\u00f9 on pense pouvoir impacter cette comp\u00e9tition au dernier moment, en la consid\u00e9rant que c\u2019est une comp\u00e9tition mineure. \u00c7a a d\u00e9j\u00e0 exist\u00e9 dans le pass\u00e9<\/em>\", a pr\u00e9cis\u00e9 le coach de Rennes.<\/p>\n<p>\"<em>En tant qu\u2019ancien international, j\u2019ai d\u00e9j\u00e0 v\u00e9cu ce genre de choses. On a l\u2019impression qu\u2019on peut bouger cette CAN quand on veut, qu\u2019on peut la placer o\u00f9 on veut, qu\u2019on peut donner l\u2019organisation qu\u2019on veut. \u00c7a ne se passe pas sur les autres f\u00e9d\u00e9rations ou sur les autres comp\u00e9titions internationales. Tout le monde sait que la CAN a \u00e9t\u00e9 plac\u00e9e l\u00e0 depuis tr\u00e8s longtemps. Elle a \u00e9t\u00e9 boug\u00e9e \u00e0 cette date pour la Coupe du Monde des Clubs. \u00c0 partir de ce moment-l\u00e0, tout le monde savait quand \u00e7a allait se jouer. Si on nous avait demand\u00e9 de lib\u00e9rer nos joueurs le 8 (d\u00e9cembre), on allait le faire. On fait partie des clubs qui n\u2019ont mis aucune pression sur aucune f\u00e9d\u00e9ration pour garder nos joueurs. Maintenant, ils vont rester jusqu\u2019au 15 et on est tr\u00e8s content de les avoir jusqu\u2019au 15. Mais si on se place du c\u00f4t\u00e9 des s\u00e9lectionneurs et des f\u00e9d\u00e9rations, je trouve \u00e7a incorrect pour eux<\/em>\", a-t-il d\u00e9plor\u00e9.<\/p>\n<div class='share-to-whatsapp-wrapper'><div class='share-on-whsp'>PARTAGER SUR : <\/div><a data-text='HABIB B\u00c8YE - \"On a l\u2019impression qu\u2019on peut bouger la CAN quand on veut...\"' data-link='https:\/\/www.nettali.com\/2025\/12\/04\/habib-beye-on-a-limpression-quon-peut-bouger-la-can-quand-on-veut\/' class='whatsapp-button whatsapp-share'>WhatsApp<\/a><div class='clear '><\/div><\/div>","protected":false},"excerpt":{"rendered":"<p>NETTALI.COM - Alors que la FIFA a accord\u00e9 \u00e0 l\u2019association europ\u00e9enne des clubs (ECA) que les internationaux africains mobilis\u00e9s par la CAN soient lib\u00e9r\u00e9s le 15 plut\u00f4t que le 8 d\u00e9cembre, l\u2019entra\u00eeneur du Stade Rennais et ancien international s\u00e9n\u00e9galais a \u00e9t\u00e9 interrog\u00e9 sur le sujet, en conf\u00e9rence de presse ce jeudi. Habib B\u00e8ye a en [&hellip;]<\/p>\n","protected":false},"author":5,"featured_media":163670,"comment_status":"open","ping_status":"open","sticky":false,"template":"","format":"standard","meta":{"_et_pb_use_builder":"","_et_pb_old_content":""},"categories":[6],"tags":[],"yoast_head":"<!-- This site is optimized with the Yoast SEO Premium plugin v17.8 (Yoast SEO v17.8) - https:\/\/yoast.com\/wordpress\/plugins\/seo\/ -->\n<title>HABIB B\u00c8YE - &quot;On a l\u2019impression qu\u2019on peut bouger la CAN quand on veut...&quot; | Nettali.com<\/title>\n<meta name=\"robots\" content=\"index, follow, max-snippet:-1, max-image-preview:large, max-video-preview:-1\" \/>\n<link rel=\"canonical\" href=\"https:\/\/www.nettali.com\/2025\/12\/04\/habib-beye-on-a-limpression-quon-peut-bouger-la-can-quand-on-veut\/\" \/>\n<meta property=\"og:locale\" content=\"fr_FR\" \/>\n<meta property=\"og:type\" content=\"article\" \/>\n<meta property=\"og:title\" content=\"HABIB B\u00c8YE - &quot;On a l\u2019impression qu\u2019on peut bouger la CAN quand on veut...&quot;\" \/>\n<meta property=\"og:description\" content=\"NETTALI.COM - Alors que la FIFA a accord\u00e9 \u00e0 l\u2019association europ\u00e9enne des clubs (ECA) que les internationaux africains mobilis\u00e9s par la CAN soient lib\u00e9r\u00e9s le 15 plut\u00f4t que le 8 d\u00e9cembre, l\u2019entra\u00eeneur du Stade Rennais et ancien international s\u00e9n\u00e9galais a \u00e9t\u00e9 interrog\u00e9 sur le sujet, en conf\u00e9rence de presse ce jeudi. Habib B\u00e8ye a en [&hellip;]\" \/>\n<meta property=\"og:url\" content=\"https:\/\/www.nettali.com\/2025\/12\/04\/habib-beye-on-a-limpression-quon-peut-bouger-la-can-quand-on-veut\/\" \/>\n<meta property=\"og:site_name\" content=\"Nettali.com\" \/>\n<meta property=\"article:publisher\" content=\"https:\/\/www.facebook.com\/nettalicom\" \/>\n<meta property=\"article:published_time\" content=\"2025-12-04T19:50:12+00:00\" \/>\n<meta property=\"article:modified_time\" content=\"2025-12-04T17:50:55+00:00\" \/>\n<meta property=\"og:image\" content=\"https:\/\/www.nettali.com\/wp-content\/uploads\/2025\/10\/1200-L-rennes-presque-vir-habib-beye-balance-toute-la-vrit.jpg\" \/>\n\t<meta property=\"og:image:width\" content=\"1200\" \/>\n\t<meta property=\"og:image:height\" content=\"640\" \/>\n<meta name=\"twitter:card\" content=\"summary_large_image\" \/>\n<meta name=\"twitter:label1\" content=\"\u00c9crit par\" \/>\n\t<meta name=\"twitter:data1\" content=\"Ibrahima\" \/>\n\t<meta name=\"twitter:label2\" content=\"Dur\u00e9e de lecture estim\u00e9e\" \/>\n\t<meta name=\"twitter:data2\" content=\"2 minutes\" \/>\n<script type=\"application\/ld+json\" class=\"yoast-schema-graph\">{\"@context\":\"https:\/\/schema.org\",\"@graph\":[{\"@type\":\"WebSite\",\"@id\":\"https:\/\/www.nettali.com\/#website\",\"url\":\"https:\/\/www.nettali.com\/\",\"name\":\"Nettali.com\",\"description\":\"Le rendez-vous critique du Net\",\"potentialAction\":[{\"@type\":\"SearchAction\",\"target\":{\"@type\":\"EntryPoint\",\"urlTemplate\":\"https:\/\/www.nettali.com\/?s={search_term_string}\"},\"query-input\":\"required name=search_term_string\"}],\"inLanguage\":\"fr-FR\"},{\"@type\":\"ImageObject\",\"@id\":\"https:\/\/www.nettali.com\/2025\/12\/04\/habib-beye-on-a-limpression-quon-peut-bouger-la-can-quand-on-veut\/#primaryimage\",\"inLanguage\":\"fr-FR\",\"url\":\"https:\/\/www.nettali.com\/wp-content\/uploads\/2025\/10\/1200-L-rennes-presque-vir-habib-beye-balance-toute-la-vrit.jpg\",\"contentUrl\":\"https:\/\/www.nettali.com\/wp-content\/uploads\/2025\/10\/1200-L-rennes-presque-vir-habib-beye-balance-toute-la-vrit.jpg\",\"width\":1200,\"height\":640},{\"@type\":\"WebPage\",\"@id\":\"https:\/\/www.nettali.com\/2025\/12\/04\/habib-beye-on-a-limpression-quon-peut-bouger-la-can-quand-on-veut\/#webpage\",\"url\":\"https:\/\/www.nettali.com\/2025\/12\/04\/habib-beye-on-a-limpression-quon-peut-bouger-la-can-quand-on-veut\/\",\"name\":\"HABIB B\\u00c8YE - \\\"On a l\\u2019impression qu\\u2019on peut bouger la CAN quand on veut...\\\" | Nettali.com\",\"isPartOf\":{\"@id\":\"https:\/\/www.nettali.com\/#website\"},\"primaryImageOfPage\":{\"@id\":\"https:\/\/www.nettali.com\/2025\/12\/04\/habib-beye-on-a-limpression-quon-peut-bouger-la-can-quand-on-veut\/#primaryimage\"},\"datePublished\":\"2025-12-04T19:50:12+00:00\",\"dateModified\":\"2025-12-04T17:50:55+00:00\",\"author\":{\"@id\":\"https:\/\/www.nettali.com\/#\/schema\/person\/bb147657c2986240405a608162b9bb23\"},\"breadcrumb\":{\"@id\":\"https:\/\/www.nettali.com\/2025\/12\/04\/habib-beye-on-a-limpression-quon-peut-bouger-la-can-quand-on-veut\/#breadcrumb\"},\"inLanguage\":\"fr-FR\",\"potentialAction\":[{\"@type\":\"ReadAction\",\"target\":[\"https:\/\/www.nettali.com\/2025\/12\/04\/habib-beye-on-a-limpression-quon-peut-bouger-la-can-quand-on-veut\/\"]}]},{\"@type\":\"BreadcrumbList\",\"@id\":\"https:\/\/www.nettali.com\/2025\/12\/04\/habib-beye-on-a-limpression-quon-peut-bouger-la-can-quand-on-veut\/#breadcrumb\",\"itemListElement\":[{\"@type\":\"ListItem\",\"position\":1,\"name\":\"Accueil\",\"item\":\"https:\/\/www.nettali.com\/\"},{\"@type\":\"ListItem\",\"position\":2,\"name\":\"HABIB B\\u00c8YE - \\\"On a l\\u2019impression qu\\u2019on peut bouger la CAN quand on veut...\\\"\"}]},{\"@type\":\"Person\",\"@id\":\"https:\/\/www.nettali.com\/#\/schema\/person\/bb147657c2986240405a608162b9bb23\",\"name\":\"Ibrahima\",\"image\":{\"@type\":\"ImageObject\",\"@id\":\"https:\/\/www.nettali.com\/#personlogo\",\"inLanguage\":\"fr-FR\",\"url\":\"https:\/\/secure.gravatar.com\/avatar\/26a8a81f09f0dd7624c9d5c36c9ba3a2?s=96&d=mm&r=g\",\"contentUrl\":\"https:\/\/secure.gravatar.com\/avatar\/26a8a81f09f0dd7624c9d5c36c9ba3a2?s=96&d=mm&r=g\",\"caption\":\"Ibrahima\"},\"sameAs\":[\"https:\/\/www.nettali.com\"]}]}<\/script>\n<!-- \/ Yoast SEO Premium plugin. -->","yoast_head_json":{"title":"HABIB B\u00c8YE - \"On a l\u2019impression qu\u2019on peut bouger la CAN quand on veut...\" | Nettali.com","robots":{"index":"index","follow":"follow","max-snippet":"max-snippet:-1","max-image-preview":"max-image-preview:large","max-video-preview":"max-video-preview:-1"},"canonical":"https:\/\/www.nettali.com\/2025\/12\/04\/habib-beye-on-a-limpression-quon-peut-bouger-la-can-quand-on-veut\/","og_locale":"fr_FR","og_type":"article","og_title":"HABIB B\u00c8YE - \"On a l\u2019impression qu\u2019on peut bouger la CAN quand on veut...\"","og_description":"NETTALI.COM - Alors que la FIFA a accord\u00e9 \u00e0 l\u2019association europ\u00e9enne des clubs (ECA) que les internationaux africains mobilis\u00e9s par la CAN soient lib\u00e9r\u00e9s le 15 plut\u00f4t que le 8 d\u00e9cembre, l\u2019entra\u00eeneur du Stade Rennais et ancien international s\u00e9n\u00e9galais a \u00e9t\u00e9 interrog\u00e9 sur le sujet, en conf\u00e9rence de presse ce jeudi. Habib B\u00e8ye a en [&hellip;]","og_url":"https:\/\/www.nettali.com\/2025\/12\/04\/habib-beye-on-a-limpression-quon-peut-bouger-la-can-quand-on-veut\/","og_site_name":"Nettali.com","article_publisher":"https:\/\/www.facebook.com\/nettalicom","article_published_time":"2025-12-04T19:50:12+00:00","article_modified_time":"2025-12-04T17:50:55+00:00","og_image":[{"width":1200,"height":640,"url":"https:\/\/www.nettali.com\/wp-content\/uploads\/2025\/10\/1200-L-rennes-presque-vir-habib-beye-balance-toute-la-vrit.jpg","type":"image\/jpeg"}],"twitter_card":"summary_large_image","twitter_misc":{"\u00c9crit par":"Ibrahima","Dur\u00e9e de lecture estim\u00e9e":"2 minutes"},"schema":{"@context":"https:\/\/schema.org","@graph":[{"@type":"WebSite","@id":"https:\/\/www.nettali.com\/#website","url":"https:\/\/www.nettali.com\/","name":"Nettali.com","description":"Le rendez-vous critique du Net","potentialAction":[{"@type":"SearchAction","target":{"@type":"EntryPoint","urlTemplate":"https:\/\/www.nettali.com\/?s={search_term_string}"},"query-input":"required name=search_term_string"}],"inLanguage":"fr-FR"},{"@type":"ImageObject","@id":"https:\/\/www.nettali.com\/2025\/12\/04\/habib-beye-on-a-limpression-quon-peut-bouger-la-can-quand-on-veut\/#primaryimage","inLanguage":"fr-FR","url":"https:\/\/www.nettali.com\/wp-content\/uploads\/2025\/10\/1200-L-rennes-presque-vir-habib-beye-balance-toute-la-vrit.jpg","contentUrl":"https:\/\/www.nettali.com\/wp-content\/uploads\/2025\/10\/1200-L-rennes-presque-vir-habib-beye-balance-toute-la-vrit.jpg","width":1200,"height":640},{"@type":"WebPage","@id":"https:\/\/www.nettali.com\/2025\/12\/04\/habib-beye-on-a-limpression-quon-peut-bouger-la-can-quand-on-veut\/#webpage","url":"https:\/\/www.nettali.com\/2025\/12\/04\/habib-beye-on-a-limpression-quon-peut-bouger-la-can-quand-on-veut\/","name":"HABIB B\u00c8YE - \"On a l\u2019impression qu\u2019on peut bouger la CAN quand on veut...\" | Nettali.com","isPartOf":{"@id":"https:\/\/www.nettali.com\/#website"},"primaryImageOfPage":{"@id":"https:\/\/www.nettali.com\/2025\/12\/04\/habib-beye-on-a-limpression-quon-peut-bouger-la-can-quand-on-veut\/#primaryimage"},"datePublished":"2025-12-04T19:50:12+00:00","dateModified":"2025-12-04T17:50:55+00:00","author":{"@id":"https:\/\/www.nettali.com\/#\/schema\/person\/bb147657c2986240405a608162b9bb23"},"breadcrumb":{"@id":"https:\/\/www.nettali.com\/2025\/12\/04\/habib-beye-on-a-limpression-quon-peut-bouger-la-can-quand-on-veut\/#breadcrumb"},"inLanguage":"fr-FR","potentialAction":[{"@type":"ReadAction","target":["https:\/\/www.nettali.com\/2025\/12\/04\/habib-beye-on-a-limpression-quon-peut-bouger-la-can-quand-on-veut\/"]}]},{"@type":"BreadcrumbList","@id":"https:\/\/www.nettali.com\/2025\/12\/04\/habib-beye-on-a-limpression-quon-peut-bouger-la-can-quand-on-veut\/#breadcrumb","itemListElement":[{"@type":"ListItem","position":1,"name":"Accueil","item":"https:\/\/www.nettali.com\/"},{"@type":"ListItem","position":2,"name":"HABIB B\u00c8YE - \"On a l\u2019impression qu\u2019on peut bouger la CAN quand on veut...\""}]},{"@type":"Person","@id":"https:\/\/www.nettali.com\/#\/schema\/person\/bb147657c2986240405a608162b9bb23","name":"Ibrahima","image":{"@type":"ImageObject","@id":"https:\/\/www.nettali.com\/#personlogo","inLanguage":"fr-FR","url":"https:\/\/secure.gravatar.com\/avatar\/26a8a81f09f0dd7624c9d5c36c9ba3a2?s=96&d=mm&r=g","contentUrl":"https:\/\/secure.gravatar.com\/avatar\/26a8a81f09f0dd7624c9d5c36c9ba3a2?s=96&d=mm&r=g","caption":"Ibrahima"},"sameAs":["https:\/\/www.nettali.com"]}]}},"_links":{"self":[{"href":"https:\/\/www.nettali.com\/rest\/wp\/v2\/posts\/165825"}],"collection":[{"href":"https:\/\/www.nettali.com\/rest\/wp\/v2\/posts"}],"about":[{"href":"https:\/\/www.nettali.com\/rest\/wp\/v2\/types\/post"}],"author":[{"embeddable":true,"href":"https:\/\/www.nettali.com\/rest\/wp\/v2\/users\/5"}],"replies":[{"embeddable":true,"href":"https:\/\/www.nettali.com\/rest\/wp\/v2\/comments?post=165825"}],"version-history":[{"count":1,"href":"https:\/\/www.nettali.com\/rest\/wp\/v2\/posts\/165825\/revisions"}],"predecessor-version":[{"id":165829,"href":"https:\/\/www.nettali.com\/rest\/wp\/v2\/posts\/165825\/revisions\/165829"}],"wp:featuredmedia":[{"embeddable":true,"href":"https:\/\/www.nettali.com\/rest\/wp\/v2\/media\/163670"}],"wp:attachment":[{"href":"https:\/\/www.nettali.com\/rest\/wp\/v2\/media?parent=165825"}],"wp:term":[{"taxonomy":"category","embeddable":true,"href":"https:\/\/www.nettali.com\/rest\/wp\/v2\/categories?post=165825"},{"taxonomy":"post_tag","embeddable":true,"href":"https:\/\/www.nettali.com\/rest\/wp\/v2\/tags?post=165825"}],"curies":[{"name":"wp","href":"https:\/\/api.w.org\/{rel}","templated":true}]}}