{"id":165807,"date":"2025-12-04T13:44:36","date_gmt":"2025-12-04T13:44:36","guid":{"rendered":"https:\/\/www.nettali.com\/?p=165807"},"modified":"2025-12-05T18:47:18","modified_gmt":"2025-12-05T18:47:18","slug":"crise-a-lucad-les-etudiants-se-sont-entretenus-avec-ousmane-sonko","status":"publish","type":"post","link":"https:\/\/www.nettali.com\/2025\/12\/04\/crise-a-lucad-les-etudiants-se-sont-entretenus-avec-ousmane-sonko\/","title":{"rendered":"CRISE A L'UCAD - Les \u00e9tudiants se sont entretenus avec Ousmane Sonko"},"content":{"rendered":"<p><strong>NETTALI.COM - Vers une sortie de crise dans les universit\u00e9s. C'est du moins ce qu'on peut esp\u00e9rer apr\u00e8s les \u00e9changes entre le Premier ministre et le Collectif des amicales de l'Universit\u00e9 Cheikh Anta Diop de Dakar (Ucad). Des \u00e9changes facilit\u00e9s par El Malick Ndiaye, pr\u00e9sident de l'Assembl\u00e9e nationale.\u00a0<\/strong><\/p>\n<p>Le dialogue est renou\u00e9 entre les \u00e9tudiants de l'universit\u00e9 de Dakar et le gouvernement du S\u00e9n\u00e9gal. Le Collectif des amicales de l'Universit\u00e9 Cheikh Anta Diop qui donne la nouvelle esp\u00e8re bien une sortie de crise apr\u00e8s les sc\u00e8nes de violences not\u00e9es ces derniers. Et c'est le pr\u00e9sident de l'Assembl\u00e9e nationale qui est \u00e0 la man\u0153uvre pour faciliter le dialogue. \"<em>Le Collectif des amicales de l'Ucad, structure l\u00e9gitime de repr\u00e9sentation des \u00e9tudiants, tient d'abord \u00e0 d\u00e9noncer la violation flagrante des franchises universitaires. Ce qui s'est pass\u00e9 hier est profond\u00e9ment d\u00e9plorable et traduit un non-respect des engagements pris lors des pourparlers entre le Collectif et les autorit\u00e9s<\/em>\", lit-on dans un communiqu\u00e9 rendu public ce jeudi. Qui rappelle que \"<em>le collectif avait suspendu son mot d\u2019ordre de gr\u00e8ve afin d'entamer des n\u00e9gociations, \u00e0 la seule condition pr\u00e9alable du retrait de la note autorisant la pr\u00e9sence des forces de l\u2019ordre dans l'espace universitaire<\/em>\".<\/p>\n<p>Malgr\u00e9 tout, le Collectif des amicales de l'Ucad informe avoir \u00e9t\u00e9 re\u00e7u mercredi par le pr\u00e9sident de l'Assembl\u00e9e nationale. \"<em>Apr\u00e8s plusieurs heures d'\u00e9changes, celui-ci<\/em> (El Malick Ndiaye, <strong>ndlr<\/strong>) <em>nous a convi\u00e9s \u00e0 une nouvelle rencontre avec le ministre de l'Enseignement sup\u00e9rieur, M. Daouda Ngom, qui a d\u00e9but\u00e9 aux environs de 00h jusqu'\u00e0 2 heures du matin. Au cours des discussions, le collectif s'est \u00e9galement entretenu en ligne avec le Premier ministre Ousmane Sonko<\/em>\", renseigne le communiqu\u00e9 des \u00e9tudiants. Ces derniers remercient les autorit\u00e9s de leur disponibilit\u00e9 \"<em>en vue d'une issue favorable \u00e0 la crise<\/em>\". Non sans informer que des propositions ont \u00e9t\u00e9 formul\u00e9es concernant les Masters 1 et 2. \"<em>Une partie des revendications concernant ces niveaux d'\u00e9tudes trouve une issue favorable mais la grande majorit\u00e9 est toujours en discussion. Une premi\u00e8re exigence, accept\u00e9e par les autorit\u00e9s avant toute poursuite des n\u00e9gociations, demeure le retrait d\u00e9finitif de toutes les forces de l\u2019ordre de l'espace universitaire<\/em>\", souligne le Collectif des amicales de l'Ucad. Qui a d\u00e9cid\u00e9 de \"<em>se replier \u00e0 la base afin d'\u00e9changer avec les diff\u00e9rentes parties prenantes<\/em>\". \"<em>Les discussions reprendront ce jeudi \u00e0 17 heures, avec les m\u00eames autorit\u00e9s<\/em>\", indique encore le communiqu\u00e9.<\/p>\n<div class='share-to-whatsapp-wrapper'><div class='share-on-whsp'>PARTAGER SUR : <\/div><a data-text='CRISE A L'UCAD - Les \u00e9tudiants se sont entretenus avec Ousmane Sonko' data-link='https:\/\/www.nettali.com\/2025\/12\/04\/crise-a-lucad-les-etudiants-se-sont-entretenus-avec-ousmane-sonko\/' class='whatsapp-button whatsapp-share'>WhatsApp<\/a><div class='clear '><\/div><\/div>","protected":false},"excerpt":{"rendered":"<p>NETTALI.COM - Vers une sortie de crise dans les universit\u00e9s. C'est du moins ce qu'on peut esp\u00e9rer apr\u00e8s les \u00e9changes entre le Premier ministre et le Collectif des amicales de l'Universit\u00e9 Cheikh Anta Diop de Dakar (Ucad). Des \u00e9changes facilit\u00e9s par El Malick Ndiaye, pr\u00e9sident de l'Assembl\u00e9e nationale.\u00a0 Le dialogue est renou\u00e9 entre les \u00e9tudiants [&hellip;]<\/p>\n","protected":false},"author":3,"featured_media":165809,"comment_status":"open","ping_status":"open","sticky":false,"template":"","format":"standard","meta":{"_et_pb_use_builder":"","_et_pb_old_content":""},"categories":[3],"tags":[],"yoast_head":"<!-- This site is optimized with the Yoast SEO Premium plugin v17.8 (Yoast SEO v17.8) - https:\/\/yoast.com\/wordpress\/plugins\/seo\/ -->\n<title>CRISE A L&#039;UCAD - Les \u00e9tudiants se sont entretenus avec Ousmane Sonko | Nettali.com<\/title>\n<meta name=\"robots\" content=\"index, follow, max-snippet:-1, max-image-preview:large, max-video-preview:-1\" \/>\n<link rel=\"canonical\" href=\"https:\/\/www.nettali.com\/2025\/12\/04\/crise-a-lucad-les-etudiants-se-sont-entretenus-avec-ousmane-sonko\/\" \/>\n<meta property=\"og:locale\" content=\"fr_FR\" \/>\n<meta property=\"og:type\" content=\"article\" \/>\n<meta property=\"og:title\" content=\"CRISE A L&#039;UCAD - Les \u00e9tudiants se sont entretenus avec Ousmane Sonko\" \/>\n<meta property=\"og:description\" content=\"NETTALI.COM - Vers une sortie de crise dans les universit\u00e9s. C&#039;est du moins ce qu&#039;on peut esp\u00e9rer apr\u00e8s les \u00e9changes entre le Premier ministre et le Collectif des amicales de l&#039;Universit\u00e9 Cheikh Anta Diop de Dakar (Ucad). Des \u00e9changes facilit\u00e9s par El Malick Ndiaye, pr\u00e9sident de l&#039;Assembl\u00e9e nationale.\u00a0 Le dialogue est renou\u00e9 entre les \u00e9tudiants [&hellip;]\" \/>\n<meta property=\"og:url\" content=\"https:\/\/www.nettali.com\/2025\/12\/04\/crise-a-lucad-les-etudiants-se-sont-entretenus-avec-ousmane-sonko\/\" \/>\n<meta property=\"og:site_name\" content=\"Nettali.com\" \/>\n<meta property=\"article:publisher\" content=\"https:\/\/www.facebook.com\/nettalicom\" \/>\n<meta property=\"article:published_time\" content=\"2025-12-04T13:44:36+00:00\" \/>\n<meta property=\"article:modified_time\" content=\"2025-12-05T18:47:18+00:00\" \/>\n<meta property=\"og:image\" content=\"https:\/\/www.nettali.com\/wp-content\/uploads\/2025\/12\/309d0f8_1685738104831-img-6229.jpg\" \/>\n\t<meta property=\"og:image:width\" content=\"1440\" \/>\n\t<meta property=\"og:image:height\" content=\"960\" \/>\n<meta name=\"twitter:card\" content=\"summary_large_image\" \/>\n<meta name=\"twitter:label1\" content=\"\u00c9crit par\" \/>\n\t<meta name=\"twitter:data1\" content=\"Moustapha\" \/>\n\t<meta name=\"twitter:label2\" content=\"Dur\u00e9e de lecture estim\u00e9e\" \/>\n\t<meta name=\"twitter:data2\" content=\"2 minutes\" \/>\n<script type=\"application\/ld+json\" class=\"yoast-schema-graph\">{\"@context\":\"https:\/\/schema.org\",\"@graph\":[{\"@type\":\"WebSite\",\"@id\":\"https:\/\/www.nettali.com\/#website\",\"url\":\"https:\/\/www.nettali.com\/\",\"name\":\"Nettali.com\",\"description\":\"Le rendez-vous critique du Net\",\"potentialAction\":[{\"@type\":\"SearchAction\",\"target\":{\"@type\":\"EntryPoint\",\"urlTemplate\":\"https:\/\/www.nettali.com\/?s={search_term_string}\"},\"query-input\":\"required name=search_term_string\"}],\"inLanguage\":\"fr-FR\"},{\"@type\":\"ImageObject\",\"@id\":\"https:\/\/www.nettali.com\/2025\/12\/04\/crise-a-lucad-les-etudiants-se-sont-entretenus-avec-ousmane-sonko\/#primaryimage\",\"inLanguage\":\"fr-FR\",\"url\":\"https:\/\/www.nettali.com\/wp-content\/uploads\/2025\/12\/309d0f8_1685738104831-img-6229.jpg\",\"contentUrl\":\"https:\/\/www.nettali.com\/wp-content\/uploads\/2025\/12\/309d0f8_1685738104831-img-6229.jpg\",\"width\":1440,\"height\":960},{\"@type\":\"WebPage\",\"@id\":\"https:\/\/www.nettali.com\/2025\/12\/04\/crise-a-lucad-les-etudiants-se-sont-entretenus-avec-ousmane-sonko\/#webpage\",\"url\":\"https:\/\/www.nettali.com\/2025\/12\/04\/crise-a-lucad-les-etudiants-se-sont-entretenus-avec-ousmane-sonko\/\",\"name\":\"CRISE A L'UCAD - Les \\u00e9tudiants se sont entretenus avec Ousmane Sonko | Nettali.com\",\"isPartOf\":{\"@id\":\"https:\/\/www.nettali.com\/#website\"},\"primaryImageOfPage\":{\"@id\":\"https:\/\/www.nettali.com\/2025\/12\/04\/crise-a-lucad-les-etudiants-se-sont-entretenus-avec-ousmane-sonko\/#primaryimage\"},\"datePublished\":\"2025-12-04T13:44:36+00:00\",\"dateModified\":\"2025-12-05T18:47:18+00:00\",\"author\":{\"@id\":\"https:\/\/www.nettali.com\/#\/schema\/person\/7962a12a6e0267f88f0ffa544c36469a\"},\"breadcrumb\":{\"@id\":\"https:\/\/www.nettali.com\/2025\/12\/04\/crise-a-lucad-les-etudiants-se-sont-entretenus-avec-ousmane-sonko\/#breadcrumb\"},\"inLanguage\":\"fr-FR\",\"potentialAction\":[{\"@type\":\"ReadAction\",\"target\":[\"https:\/\/www.nettali.com\/2025\/12\/04\/crise-a-lucad-les-etudiants-se-sont-entretenus-avec-ousmane-sonko\/\"]}]},{\"@type\":\"BreadcrumbList\",\"@id\":\"https:\/\/www.nettali.com\/2025\/12\/04\/crise-a-lucad-les-etudiants-se-sont-entretenus-avec-ousmane-sonko\/#breadcrumb\",\"itemListElement\":[{\"@type\":\"ListItem\",\"position\":1,\"name\":\"Accueil\",\"item\":\"https:\/\/www.nettali.com\/\"},{\"@type\":\"ListItem\",\"position\":2,\"name\":\"CRISE A L'UCAD - Les \\u00e9tudiants se sont entretenus avec Ousmane Sonko\"}]},{\"@type\":\"Person\",\"@id\":\"https:\/\/www.nettali.com\/#\/schema\/person\/7962a12a6e0267f88f0ffa544c36469a\",\"name\":\"Moustapha\",\"image\":{\"@type\":\"ImageObject\",\"@id\":\"https:\/\/www.nettali.com\/#personlogo\",\"inLanguage\":\"fr-FR\",\"url\":\"https:\/\/secure.gravatar.com\/avatar\/10fdf6a071cccdcf374e3dbe45159590?s=96&d=mm&r=g\",\"contentUrl\":\"https:\/\/secure.gravatar.com\/avatar\/10fdf6a071cccdcf374e3dbe45159590?s=96&d=mm&r=g\",\"caption\":\"Moustapha\"},\"sameAs\":[\"https:\/\/www.nettali.com\"]}]}<\/script>\n<!-- \/ Yoast SEO Premium plugin. -->","yoast_head_json":{"title":"CRISE A L'UCAD - Les \u00e9tudiants se sont entretenus avec Ousmane Sonko | Nettali.com","robots":{"index":"index","follow":"follow","max-snippet":"max-snippet:-1","max-image-preview":"max-image-preview:large","max-video-preview":"max-video-preview:-1"},"canonical":"https:\/\/www.nettali.com\/2025\/12\/04\/crise-a-lucad-les-etudiants-se-sont-entretenus-avec-ousmane-sonko\/","og_locale":"fr_FR","og_type":"article","og_title":"CRISE A L'UCAD - Les \u00e9tudiants se sont entretenus avec Ousmane Sonko","og_description":"NETTALI.COM - Vers une sortie de crise dans les universit\u00e9s. C'est du moins ce qu'on peut esp\u00e9rer apr\u00e8s les \u00e9changes entre le Premier ministre et le Collectif des amicales de l'Universit\u00e9 Cheikh Anta Diop de Dakar (Ucad). Des \u00e9changes facilit\u00e9s par El Malick Ndiaye, pr\u00e9sident de l'Assembl\u00e9e nationale.\u00a0 Le dialogue est renou\u00e9 entre les \u00e9tudiants [&hellip;]","og_url":"https:\/\/www.nettali.com\/2025\/12\/04\/crise-a-lucad-les-etudiants-se-sont-entretenus-avec-ousmane-sonko\/","og_site_name":"Nettali.com","article_publisher":"https:\/\/www.facebook.com\/nettalicom","article_published_time":"2025-12-04T13:44:36+00:00","article_modified_time":"2025-12-05T18:47:18+00:00","og_image":[{"width":1440,"height":960,"url":"https:\/\/www.nettali.com\/wp-content\/uploads\/2025\/12\/309d0f8_1685738104831-img-6229.jpg","type":"image\/jpeg"}],"twitter_card":"summary_large_image","twitter_misc":{"\u00c9crit par":"Moustapha","Dur\u00e9e de lecture estim\u00e9e":"2 minutes"},"schema":{"@context":"https:\/\/schema.org","@graph":[{"@type":"WebSite","@id":"https:\/\/www.nettali.com\/#website","url":"https:\/\/www.nettali.com\/","name":"Nettali.com","description":"Le rendez-vous critique du Net","potentialAction":[{"@type":"SearchAction","target":{"@type":"EntryPoint","urlTemplate":"https:\/\/www.nettali.com\/?s={search_term_string}"},"query-input":"required name=search_term_string"}],"inLanguage":"fr-FR"},{"@type":"ImageObject","@id":"https:\/\/www.nettali.com\/2025\/12\/04\/crise-a-lucad-les-etudiants-se-sont-entretenus-avec-ousmane-sonko\/#primaryimage","inLanguage":"fr-FR","url":"https:\/\/www.nettali.com\/wp-content\/uploads\/2025\/12\/309d0f8_1685738104831-img-6229.jpg","contentUrl":"https:\/\/www.nettali.com\/wp-content\/uploads\/2025\/12\/309d0f8_1685738104831-img-6229.jpg","width":1440,"height":960},{"@type":"WebPage","@id":"https:\/\/www.nettali.com\/2025\/12\/04\/crise-a-lucad-les-etudiants-se-sont-entretenus-avec-ousmane-sonko\/#webpage","url":"https:\/\/www.nettali.com\/2025\/12\/04\/crise-a-lucad-les-etudiants-se-sont-entretenus-avec-ousmane-sonko\/","name":"CRISE A L'UCAD - Les \u00e9tudiants se sont entretenus avec Ousmane Sonko | Nettali.com","isPartOf":{"@id":"https:\/\/www.nettali.com\/#website"},"primaryImageOfPage":{"@id":"https:\/\/www.nettali.com\/2025\/12\/04\/crise-a-lucad-les-etudiants-se-sont-entretenus-avec-ousmane-sonko\/#primaryimage"},"datePublished":"2025-12-04T13:44:36+00:00","dateModified":"2025-12-05T18:47:18+00:00","author":{"@id":"https:\/\/www.nettali.com\/#\/schema\/person\/7962a12a6e0267f88f0ffa544c36469a"},"breadcrumb":{"@id":"https:\/\/www.nettali.com\/2025\/12\/04\/crise-a-lucad-les-etudiants-se-sont-entretenus-avec-ousmane-sonko\/#breadcrumb"},"inLanguage":"fr-FR","potentialAction":[{"@type":"ReadAction","target":["https:\/\/www.nettali.com\/2025\/12\/04\/crise-a-lucad-les-etudiants-se-sont-entretenus-avec-ousmane-sonko\/"]}]},{"@type":"BreadcrumbList","@id":"https:\/\/www.nettali.com\/2025\/12\/04\/crise-a-lucad-les-etudiants-se-sont-entretenus-avec-ousmane-sonko\/#breadcrumb","itemListElement":[{"@type":"ListItem","position":1,"name":"Accueil","item":"https:\/\/www.nettali.com\/"},{"@type":"ListItem","position":2,"name":"CRISE A L'UCAD - Les \u00e9tudiants se sont entretenus avec Ousmane Sonko"}]},{"@type":"Person","@id":"https:\/\/www.nettali.com\/#\/schema\/person\/7962a12a6e0267f88f0ffa544c36469a","name":"Moustapha","image":{"@type":"ImageObject","@id":"https:\/\/www.nettali.com\/#personlogo","inLanguage":"fr-FR","url":"https:\/\/secure.gravatar.com\/avatar\/10fdf6a071cccdcf374e3dbe45159590?s=96&d=mm&r=g","contentUrl":"https:\/\/secure.gravatar.com\/avatar\/10fdf6a071cccdcf374e3dbe45159590?s=96&d=mm&r=g","caption":"Moustapha"},"sameAs":["https:\/\/www.nettali.com"]}]}},"_links":{"self":[{"href":"https:\/\/www.nettali.com\/rest\/wp\/v2\/posts\/165807"}],"collection":[{"href":"https:\/\/www.nettali.com\/rest\/wp\/v2\/posts"}],"about":[{"href":"https:\/\/www.nettali.com\/rest\/wp\/v2\/types\/post"}],"author":[{"embeddable":true,"href":"https:\/\/www.nettali.com\/rest\/wp\/v2\/users\/3"}],"replies":[{"embeddable":true,"href":"https:\/\/www.nettali.com\/rest\/wp\/v2\/comments?post=165807"}],"version-history":[{"count":3,"href":"https:\/\/www.nettali.com\/rest\/wp\/v2\/posts\/165807\/revisions"}],"predecessor-version":[{"id":165811,"href":"https:\/\/www.nettali.com\/rest\/wp\/v2\/posts\/165807\/revisions\/165811"}],"wp:featuredmedia":[{"embeddable":true,"href":"https:\/\/www.nettali.com\/rest\/wp\/v2\/media\/165809"}],"wp:attachment":[{"href":"https:\/\/www.nettali.com\/rest\/wp\/v2\/media?parent=165807"}],"wp:term":[{"taxonomy":"category","embeddable":true,"href":"https:\/\/www.nettali.com\/rest\/wp\/v2\/categories?post=165807"},{"taxonomy":"post_tag","embeddable":true,"href":"https:\/\/www.nettali.com\/rest\/wp\/v2\/tags?post=165807"}],"curies":[{"name":"wp","href":"https:\/\/api.w.org\/{rel}","templated":true}]}}