{"id":165800,"date":"2025-12-04T18:45:59","date_gmt":"2025-12-04T18:45:59","guid":{"rendered":"https:\/\/www.nettali.com\/?p=165800"},"modified":"2025-12-04T17:47:02","modified_gmt":"2025-12-04T17:47:02","slug":"eliminatoires-mondial-2027-dakar-accueille-la-2e-fenetre","status":"publish","type":"post","link":"https:\/\/www.nettali.com\/2025\/12\/04\/eliminatoires-mondial-2027-dakar-accueille-la-2e-fenetre\/","title":{"rendered":"\u00c9LIMINATOIRES MONDIAL 2027 - Dakar accueille la 2\u00e8 fen\u00eatre"},"content":{"rendered":"<p><strong>NETTALI.COM - La F\u00e9d\u00e9ration S\u00e9n\u00e9galaise de Basket-Ball (FSBB) a officiellement annonc\u00e9 que Dakar sera l\u2019h\u00f4te de la deuxi\u00e8me fen\u00eatre des \u00e9liminatoires de la Coupe du Monde FIBA 2027. L\u2019information a \u00e9t\u00e9 rendue publique \u00e0 travers un communiqu\u00e9 diffus\u00e9 ce mercredi 3 d\u00e9cembre.<\/strong><\/p>\n<p>Le tournoi se tiendra du 26 f\u00e9vrier au 1er mars 2026 \u00e0 la Dakar Arena de Diamniadio. Il r\u00e9unira les \u00e9quipes de la poule B de la Zone Afrique, \u00e0 savoir le S\u00e9n\u00e9gal, la C\u00f4te d\u2019Ivoire, la R\u00e9publique D\u00e9mocratique du Congo et Madagascar. Une \u00e9tape d\u00e9terminante pour la course \u00e0 la qualification mondiale.<\/p>\n<p>La FSBB appelle les acteurs du basket national \u00e0 une mobilisation g\u00e9n\u00e9rale afin d\u2019assurer la r\u00e9ussite de cet \u00e9v\u00e9nement et de soutenir l\u2019\u00e9quipe nationale masculine dans son objectif de retrouver la Coupe du Monde. Le S\u00e9n\u00e9gal \u00e9voluera \u00e0 domicile avec l\u2019ambition de capitaliser sur l\u2019avantage du terrain pour se rapprocher d\u2019une qualification.<\/p>\n<p>Dakar s\u2019appr\u00eate ainsi \u00e0 accueillir encore un rendez-vous majeur du calendrier continental, confirmant une nouvelle fois son statut de place forte du basket africain.<\/p>\n<div class='share-to-whatsapp-wrapper'><div class='share-on-whsp'>PARTAGER SUR : <\/div><a data-text='\u00c9LIMINATOIRES MONDIAL 2027 - Dakar accueille la 2\u00e8 fen\u00eatre' data-link='https:\/\/www.nettali.com\/2025\/12\/04\/eliminatoires-mondial-2027-dakar-accueille-la-2e-fenetre\/' class='whatsapp-button whatsapp-share'>WhatsApp<\/a><div class='clear '><\/div><\/div>","protected":false},"excerpt":{"rendered":"<p>NETTALI.COM - La F\u00e9d\u00e9ration S\u00e9n\u00e9galaise de Basket-Ball (FSBB) a officiellement annonc\u00e9 que Dakar sera l\u2019h\u00f4te de la deuxi\u00e8me fen\u00eatre des \u00e9liminatoires de la Coupe du Monde FIBA 2027. L\u2019information a \u00e9t\u00e9 rendue publique \u00e0 travers un communiqu\u00e9 diffus\u00e9 ce mercredi 3 d\u00e9cembre. Le tournoi se tiendra du 26 f\u00e9vrier au 1er mars 2026 \u00e0 la [&hellip;]<\/p>\n","protected":false},"author":5,"featured_media":165804,"comment_status":"open","ping_status":"open","sticky":false,"template":"","format":"standard","meta":{"_et_pb_use_builder":"","_et_pb_old_content":""},"categories":[6],"tags":[],"yoast_head":"<!-- This site is optimized with the Yoast SEO Premium plugin v17.8 (Yoast SEO v17.8) - https:\/\/yoast.com\/wordpress\/plugins\/seo\/ -->\n<title>\u00c9LIMINATOIRES MONDIAL 2027 - Dakar accueille la 2\u00e8 fen\u00eatre | Nettali.com<\/title>\n<meta name=\"robots\" content=\"index, follow, max-snippet:-1, max-image-preview:large, max-video-preview:-1\" \/>\n<link rel=\"canonical\" href=\"https:\/\/www.nettali.com\/2025\/12\/04\/eliminatoires-mondial-2027-dakar-accueille-la-2e-fenetre\/\" \/>\n<meta property=\"og:locale\" content=\"fr_FR\" \/>\n<meta property=\"og:type\" content=\"article\" \/>\n<meta property=\"og:title\" content=\"\u00c9LIMINATOIRES MONDIAL 2027 - Dakar accueille la 2\u00e8 fen\u00eatre\" \/>\n<meta property=\"og:description\" content=\"NETTALI.COM - La F\u00e9d\u00e9ration S\u00e9n\u00e9galaise de Basket-Ball (FSBB) a officiellement annonc\u00e9 que Dakar sera l\u2019h\u00f4te de la deuxi\u00e8me fen\u00eatre des \u00e9liminatoires de la Coupe du Monde FIBA 2027. L\u2019information a \u00e9t\u00e9 rendue publique \u00e0 travers un communiqu\u00e9 diffus\u00e9 ce mercredi 3 d\u00e9cembre. Le tournoi se tiendra du 26 f\u00e9vrier au 1er mars 2026 \u00e0 la [&hellip;]\" \/>\n<meta property=\"og:url\" content=\"https:\/\/www.nettali.com\/2025\/12\/04\/eliminatoires-mondial-2027-dakar-accueille-la-2e-fenetre\/\" \/>\n<meta property=\"og:site_name\" content=\"Nettali.com\" \/>\n<meta property=\"article:publisher\" content=\"https:\/\/www.facebook.com\/nettalicom\" \/>\n<meta property=\"article:published_time\" content=\"2025-12-04T18:45:59+00:00\" \/>\n<meta property=\"article:modified_time\" content=\"2025-12-04T17:47:02+00:00\" \/>\n<meta property=\"og:image\" content=\"https:\/\/www.nettali.com\/wp-content\/uploads\/2025\/12\/lions-senegal-afrobasket-1.jpg\" \/>\n\t<meta property=\"og:image:width\" content=\"1000\" \/>\n\t<meta property=\"og:image:height\" content=\"667\" \/>\n<meta name=\"twitter:card\" content=\"summary_large_image\" \/>\n<meta name=\"twitter:label1\" content=\"\u00c9crit par\" \/>\n\t<meta name=\"twitter:data1\" content=\"Ibrahima\" \/>\n\t<meta name=\"twitter:label2\" content=\"Dur\u00e9e de lecture estim\u00e9e\" \/>\n\t<meta name=\"twitter:data2\" content=\"1 minute\" \/>\n<script type=\"application\/ld+json\" class=\"yoast-schema-graph\">{\"@context\":\"https:\/\/schema.org\",\"@graph\":[{\"@type\":\"WebSite\",\"@id\":\"https:\/\/www.nettali.com\/#website\",\"url\":\"https:\/\/www.nettali.com\/\",\"name\":\"Nettali.com\",\"description\":\"Le rendez-vous critique du Net\",\"potentialAction\":[{\"@type\":\"SearchAction\",\"target\":{\"@type\":\"EntryPoint\",\"urlTemplate\":\"https:\/\/www.nettali.com\/?s={search_term_string}\"},\"query-input\":\"required name=search_term_string\"}],\"inLanguage\":\"fr-FR\"},{\"@type\":\"ImageObject\",\"@id\":\"https:\/\/www.nettali.com\/2025\/12\/04\/eliminatoires-mondial-2027-dakar-accueille-la-2e-fenetre\/#primaryimage\",\"inLanguage\":\"fr-FR\",\"url\":\"https:\/\/www.nettali.com\/wp-content\/uploads\/2025\/12\/lions-senegal-afrobasket-1.jpg\",\"contentUrl\":\"https:\/\/www.nettali.com\/wp-content\/uploads\/2025\/12\/lions-senegal-afrobasket-1.jpg\",\"width\":1000,\"height\":667},{\"@type\":\"WebPage\",\"@id\":\"https:\/\/www.nettali.com\/2025\/12\/04\/eliminatoires-mondial-2027-dakar-accueille-la-2e-fenetre\/#webpage\",\"url\":\"https:\/\/www.nettali.com\/2025\/12\/04\/eliminatoires-mondial-2027-dakar-accueille-la-2e-fenetre\/\",\"name\":\"\\u00c9LIMINATOIRES MONDIAL 2027 - Dakar accueille la 2\\u00e8 fen\\u00eatre | Nettali.com\",\"isPartOf\":{\"@id\":\"https:\/\/www.nettali.com\/#website\"},\"primaryImageOfPage\":{\"@id\":\"https:\/\/www.nettali.com\/2025\/12\/04\/eliminatoires-mondial-2027-dakar-accueille-la-2e-fenetre\/#primaryimage\"},\"datePublished\":\"2025-12-04T18:45:59+00:00\",\"dateModified\":\"2025-12-04T17:47:02+00:00\",\"author\":{\"@id\":\"https:\/\/www.nettali.com\/#\/schema\/person\/bb147657c2986240405a608162b9bb23\"},\"breadcrumb\":{\"@id\":\"https:\/\/www.nettali.com\/2025\/12\/04\/eliminatoires-mondial-2027-dakar-accueille-la-2e-fenetre\/#breadcrumb\"},\"inLanguage\":\"fr-FR\",\"potentialAction\":[{\"@type\":\"ReadAction\",\"target\":[\"https:\/\/www.nettali.com\/2025\/12\/04\/eliminatoires-mondial-2027-dakar-accueille-la-2e-fenetre\/\"]}]},{\"@type\":\"BreadcrumbList\",\"@id\":\"https:\/\/www.nettali.com\/2025\/12\/04\/eliminatoires-mondial-2027-dakar-accueille-la-2e-fenetre\/#breadcrumb\",\"itemListElement\":[{\"@type\":\"ListItem\",\"position\":1,\"name\":\"Accueil\",\"item\":\"https:\/\/www.nettali.com\/\"},{\"@type\":\"ListItem\",\"position\":2,\"name\":\"\\u00c9LIMINATOIRES MONDIAL 2027 - Dakar accueille la 2\\u00e8 fen\\u00eatre\"}]},{\"@type\":\"Person\",\"@id\":\"https:\/\/www.nettali.com\/#\/schema\/person\/bb147657c2986240405a608162b9bb23\",\"name\":\"Ibrahima\",\"image\":{\"@type\":\"ImageObject\",\"@id\":\"https:\/\/www.nettali.com\/#personlogo\",\"inLanguage\":\"fr-FR\",\"url\":\"https:\/\/secure.gravatar.com\/avatar\/26a8a81f09f0dd7624c9d5c36c9ba3a2?s=96&d=mm&r=g\",\"contentUrl\":\"https:\/\/secure.gravatar.com\/avatar\/26a8a81f09f0dd7624c9d5c36c9ba3a2?s=96&d=mm&r=g\",\"caption\":\"Ibrahima\"},\"sameAs\":[\"https:\/\/www.nettali.com\"]}]}<\/script>\n<!-- \/ Yoast SEO Premium plugin. -->","yoast_head_json":{"title":"\u00c9LIMINATOIRES MONDIAL 2027 - Dakar accueille la 2\u00e8 fen\u00eatre | Nettali.com","robots":{"index":"index","follow":"follow","max-snippet":"max-snippet:-1","max-image-preview":"max-image-preview:large","max-video-preview":"max-video-preview:-1"},"canonical":"https:\/\/www.nettali.com\/2025\/12\/04\/eliminatoires-mondial-2027-dakar-accueille-la-2e-fenetre\/","og_locale":"fr_FR","og_type":"article","og_title":"\u00c9LIMINATOIRES MONDIAL 2027 - Dakar accueille la 2\u00e8 fen\u00eatre","og_description":"NETTALI.COM - La F\u00e9d\u00e9ration S\u00e9n\u00e9galaise de Basket-Ball (FSBB) a officiellement annonc\u00e9 que Dakar sera l\u2019h\u00f4te de la deuxi\u00e8me fen\u00eatre des \u00e9liminatoires de la Coupe du Monde FIBA 2027. L\u2019information a \u00e9t\u00e9 rendue publique \u00e0 travers un communiqu\u00e9 diffus\u00e9 ce mercredi 3 d\u00e9cembre. Le tournoi se tiendra du 26 f\u00e9vrier au 1er mars 2026 \u00e0 la [&hellip;]","og_url":"https:\/\/www.nettali.com\/2025\/12\/04\/eliminatoires-mondial-2027-dakar-accueille-la-2e-fenetre\/","og_site_name":"Nettali.com","article_publisher":"https:\/\/www.facebook.com\/nettalicom","article_published_time":"2025-12-04T18:45:59+00:00","article_modified_time":"2025-12-04T17:47:02+00:00","og_image":[{"width":1000,"height":667,"url":"https:\/\/www.nettali.com\/wp-content\/uploads\/2025\/12\/lions-senegal-afrobasket-1.jpg","type":"image\/jpeg"}],"twitter_card":"summary_large_image","twitter_misc":{"\u00c9crit par":"Ibrahima","Dur\u00e9e de lecture estim\u00e9e":"1 minute"},"schema":{"@context":"https:\/\/schema.org","@graph":[{"@type":"WebSite","@id":"https:\/\/www.nettali.com\/#website","url":"https:\/\/www.nettali.com\/","name":"Nettali.com","description":"Le rendez-vous critique du Net","potentialAction":[{"@type":"SearchAction","target":{"@type":"EntryPoint","urlTemplate":"https:\/\/www.nettali.com\/?s={search_term_string}"},"query-input":"required name=search_term_string"}],"inLanguage":"fr-FR"},{"@type":"ImageObject","@id":"https:\/\/www.nettali.com\/2025\/12\/04\/eliminatoires-mondial-2027-dakar-accueille-la-2e-fenetre\/#primaryimage","inLanguage":"fr-FR","url":"https:\/\/www.nettali.com\/wp-content\/uploads\/2025\/12\/lions-senegal-afrobasket-1.jpg","contentUrl":"https:\/\/www.nettali.com\/wp-content\/uploads\/2025\/12\/lions-senegal-afrobasket-1.jpg","width":1000,"height":667},{"@type":"WebPage","@id":"https:\/\/www.nettali.com\/2025\/12\/04\/eliminatoires-mondial-2027-dakar-accueille-la-2e-fenetre\/#webpage","url":"https:\/\/www.nettali.com\/2025\/12\/04\/eliminatoires-mondial-2027-dakar-accueille-la-2e-fenetre\/","name":"\u00c9LIMINATOIRES MONDIAL 2027 - Dakar accueille la 2\u00e8 fen\u00eatre | Nettali.com","isPartOf":{"@id":"https:\/\/www.nettali.com\/#website"},"primaryImageOfPage":{"@id":"https:\/\/www.nettali.com\/2025\/12\/04\/eliminatoires-mondial-2027-dakar-accueille-la-2e-fenetre\/#primaryimage"},"datePublished":"2025-12-04T18:45:59+00:00","dateModified":"2025-12-04T17:47:02+00:00","author":{"@id":"https:\/\/www.nettali.com\/#\/schema\/person\/bb147657c2986240405a608162b9bb23"},"breadcrumb":{"@id":"https:\/\/www.nettali.com\/2025\/12\/04\/eliminatoires-mondial-2027-dakar-accueille-la-2e-fenetre\/#breadcrumb"},"inLanguage":"fr-FR","potentialAction":[{"@type":"ReadAction","target":["https:\/\/www.nettali.com\/2025\/12\/04\/eliminatoires-mondial-2027-dakar-accueille-la-2e-fenetre\/"]}]},{"@type":"BreadcrumbList","@id":"https:\/\/www.nettali.com\/2025\/12\/04\/eliminatoires-mondial-2027-dakar-accueille-la-2e-fenetre\/#breadcrumb","itemListElement":[{"@type":"ListItem","position":1,"name":"Accueil","item":"https:\/\/www.nettali.com\/"},{"@type":"ListItem","position":2,"name":"\u00c9LIMINATOIRES MONDIAL 2027 - Dakar accueille la 2\u00e8 fen\u00eatre"}]},{"@type":"Person","@id":"https:\/\/www.nettali.com\/#\/schema\/person\/bb147657c2986240405a608162b9bb23","name":"Ibrahima","image":{"@type":"ImageObject","@id":"https:\/\/www.nettali.com\/#personlogo","inLanguage":"fr-FR","url":"https:\/\/secure.gravatar.com\/avatar\/26a8a81f09f0dd7624c9d5c36c9ba3a2?s=96&d=mm&r=g","contentUrl":"https:\/\/secure.gravatar.com\/avatar\/26a8a81f09f0dd7624c9d5c36c9ba3a2?s=96&d=mm&r=g","caption":"Ibrahima"},"sameAs":["https:\/\/www.nettali.com"]}]}},"_links":{"self":[{"href":"https:\/\/www.nettali.com\/rest\/wp\/v2\/posts\/165800"}],"collection":[{"href":"https:\/\/www.nettali.com\/rest\/wp\/v2\/posts"}],"about":[{"href":"https:\/\/www.nettali.com\/rest\/wp\/v2\/types\/post"}],"author":[{"embeddable":true,"href":"https:\/\/www.nettali.com\/rest\/wp\/v2\/users\/5"}],"replies":[{"embeddable":true,"href":"https:\/\/www.nettali.com\/rest\/wp\/v2\/comments?post=165800"}],"version-history":[{"count":2,"href":"https:\/\/www.nettali.com\/rest\/wp\/v2\/posts\/165800\/revisions"}],"predecessor-version":[{"id":165821,"href":"https:\/\/www.nettali.com\/rest\/wp\/v2\/posts\/165800\/revisions\/165821"}],"wp:featuredmedia":[{"embeddable":true,"href":"https:\/\/www.nettali.com\/rest\/wp\/v2\/media\/165804"}],"wp:attachment":[{"href":"https:\/\/www.nettali.com\/rest\/wp\/v2\/media?parent=165800"}],"wp:term":[{"taxonomy":"category","embeddable":true,"href":"https:\/\/www.nettali.com\/rest\/wp\/v2\/categories?post=165800"},{"taxonomy":"post_tag","embeddable":true,"href":"https:\/\/www.nettali.com\/rest\/wp\/v2\/tags?post=165800"}],"curies":[{"name":"wp","href":"https:\/\/api.w.org\/{rel}","templated":true}]}}