{"id":165793,"date":"2025-12-04T12:02:38","date_gmt":"2025-12-04T12:02:38","guid":{"rendered":"https:\/\/www.nettali.com\/?p=165793"},"modified":"2025-12-04T10:33:14","modified_gmt":"2025-12-04T10:33:14","slug":"affaire-amadou-sall-ibrahima-ba-nie-les-faits-devant-le-juge-dinstruction-et-affirme-avoir-ete-manipule","status":"publish","type":"post","link":"https:\/\/www.nettali.com\/2025\/12\/04\/affaire-amadou-sall-ibrahima-ba-nie-les-faits-devant-le-juge-dinstruction-et-affirme-avoir-ete-manipule\/","title":{"rendered":"AFFAIRE AMADOU SALL - Ibrahima Ba nie les faits devant le juge d'instruction et affirme avoir \u00e9t\u00e9 manipul\u00e9"},"content":{"rendered":"<article class=\"text-token-text-primary w-full focus:outline-none [--shadow-height:45px] has-data-writing-block:pointer-events-none has-data-writing-block:-mt-(--shadow-height) has-data-writing-block:pt-(--shadow-height) [&amp;:has([data-writing-block])&gt;*]:pointer-events-auto scroll-mt-[calc(var(--header-height)+min(200px,max(70px,20svh)))]\" dir=\"auto\" tabindex=\"-1\" data-turn-id=\"request-68e3e108-2788-8330-adab-24d706923709-6\" data-testid=\"conversation-turn-430\" data-scroll-anchor=\"true\" data-turn=\"assistant\">\n<div class=\"text-base my-auto mx-auto pb-10 [--thread-content-margin:--spacing(4)] thread-sm:[--thread-content-margin:--spacing(6)] thread-lg:[--thread-content-margin:--spacing(16)] px-(--thread-content-margin)\">\n<div class=\"[--thread-content-max-width:40rem] thread-lg:[--thread-content-max-width:48rem] mx-auto max-w-(--thread-content-max-width) flex-1 group\/turn-messages focus-visible:outline-hidden relative flex w-full min-w-0 flex-col agent-turn\" tabindex=\"-1\">\n<div class=\"flex max-w-full flex-col grow\">\n<div class=\"min-h-8 text-message relative flex w-full flex-col items-end gap-2 text-start break-words whitespace-normal [.text-message+&amp;]:mt-1\" dir=\"auto\" data-message-author-role=\"assistant\" data-message-id=\"ed517c4d-b6b8-4b9d-b4f2-832e1f859371\" data-message-model-slug=\"gpt-5-1\">\n<div class=\"flex w-full flex-col gap-1 empty:hidden first:pt-[1px]\">\n<div class=\"markdown prose dark:prose-invert w-full break-words light markdown-new-styling\">\n<p data-start=\"207\" data-end=\"654\"><strong>NETTALI.COM - Ibrahima Ba, fils de l\u2019ancien Premier ministre, a \u00e9t\u00e9 entendu ce mercredi dans le cadre de l\u2019instruction men\u00e9e par le Pool judiciaire financier concernant l\u2019affaire impliquant Amadou Sall, fils de l\u2019ex-pr\u00e9sident Macky Sall. Poursuivi pour association de malfaiteurs en bande organis\u00e9e et blanchiment de capitaux, il a rejet\u00e9 l\u2019ensemble des accusations port\u00e9es contre lui, se pr\u00e9sentant comme une victime d\u2019une manipulation orchestr\u00e9e par Amadou Sall.<\/strong><\/p>\n<p data-start=\"656\" data-end=\"1152\">L\u2019audition s\u2019est d\u00e9roul\u00e9e devant le pr\u00e9sident du coll\u00e8ge des juges d\u2019instruction. Ibrahima Ba y a d\u00e9crit les contours d\u2019un projet immobilier lanc\u00e9 avec Amadou Sall \u00e0 travers la cr\u00e9ation d\u2019une soci\u00e9t\u00e9 civile immobili\u00e8re (SCI). Il affirme avoir contribu\u00e9 au capital par un terrain \u00e9valu\u00e9 \u00e0 400 millions de FCFA, un bien offert \u00e0 sa m\u00e8re par l\u2019ancien pr\u00e9sident Abdoulaye Wade. Amadou Sall aurait, pour sa part, apport\u00e9 500 millions de FCFA en num\u00e9raire.<\/p>\n<p data-start=\"1154\" data-end=\"1519\">Face \u00e0 des difficult\u00e9s financi\u00e8res, les deux associ\u00e9s auraient ensuite c\u00e9d\u00e9 le terrain \u00e0 leur architecte, M. Bodian, qui avait r\u00e9alis\u00e9 les plans du projet et auquel ils devaient des honoraires. Mais lors d\u2019une tentative de retrait de fonds li\u00e9s \u00e0 cette transaction, la banque leur aurait signal\u00e9 l\u2019existence d\u2019une opposition sur le compte, bloquant toute op\u00e9ration.<\/p>\n<p data-start=\"1521\" data-end=\"1851\">Assist\u00e9 de son imposant collectif d\u2019avocats \u2014 Mes Boubacar Wade, Boucounta Diallo, Demba Cir\u00e9 Bathily, Amadou Aly Kane, Souleymane Nd\u00e9n\u00e9 Ndiaye, Pape Samba So, Takha Ciss\u00e9 et Djiby Seydi \u2014 Ibrahima Ba a persist\u00e9 \u00e0 dire qu\u2019il ignorait tout de l\u2019ill\u00e9galit\u00e9 pr\u00e9sum\u00e9e du montage financier, accusant Amadou Sall de l\u2019avoir \u00ab utilis\u00e9 \u00bb.<\/p>\n<p data-start=\"1853\" data-end=\"2141\">Dans ce dossier tentaculaire, plusieurs personnes ont d\u00e9j\u00e0 \u00e9t\u00e9 interpell\u00e9es, dont Cheikh Tidiane Seck, chauffeur d\u2019Ibrahima Ba et g\u00e9rant d\u00e9sign\u00e9 de la SCI CTS. L\u2019enqu\u00eate fait suite \u00e0 des signalements de la CENTIF, qui a d\u00e9tect\u00e9 des transactions suspectes avoisinant 5,6 milliards de FCFA.<\/p>\n<p data-start=\"2143\" data-end=\"2329\">La SCI cr\u00e9\u00e9e par les deux hommes, officiellement destin\u00e9e \u00e0 porter un projet immobilier, est soup\u00e7onn\u00e9e par la CENTIF d\u2019avoir servi de structure \u00e9cran pour des op\u00e9rations de blanchiment.<\/p>\n<p data-start=\"2331\" data-end=\"2441\" data-is-last-node=\"\" data-is-only-node=\"\">Le dossier suit son cours devant le Pool judiciaire financier, alors que les auditions au fond se poursuivent.<\/p>\n<\/div>\n<\/div>\n<\/div>\n<\/div>\n<div class=\"z-0 flex min-h-[46px] justify-start\"><\/div>\n<div class=\"mt-3 w-full empty:hidden\">\n<div class=\"text-center\"><\/div>\n<\/div>\n<\/div>\n<\/div>\n<\/article>\n<div class=\"pointer-events-none h-px w-px\" aria-hidden=\"true\" data-edge=\"true\"><\/div>\n<div class='share-to-whatsapp-wrapper'><div class='share-on-whsp'>PARTAGER SUR : <\/div><a data-text='AFFAIRE AMADOU SALL - Ibrahima Ba nie les faits devant le juge d'instruction et affirme avoir \u00e9t\u00e9 manipul\u00e9' data-link='https:\/\/www.nettali.com\/2025\/12\/04\/affaire-amadou-sall-ibrahima-ba-nie-les-faits-devant-le-juge-dinstruction-et-affirme-avoir-ete-manipule\/' class='whatsapp-button whatsapp-share'>WhatsApp<\/a><div class='clear '><\/div><\/div>","protected":false},"excerpt":{"rendered":"<p>NETTALI.COM - Ibrahima Ba, fils de l\u2019ancien Premier ministre, a \u00e9t\u00e9 entendu ce mercredi dans le cadre de l\u2019instruction men\u00e9e par le Pool judiciaire financier concernant l\u2019affaire impliquant Amadou Sall, fils de l\u2019ex-pr\u00e9sident Macky Sall. Poursuivi pour association de malfaiteurs en bande organis\u00e9e et blanchiment de capitaux, il a rejet\u00e9 l\u2019ensemble des accusations port\u00e9es contre [&hellip;]<\/p>\n","protected":false},"author":4,"featured_media":165794,"comment_status":"open","ping_status":"open","sticky":false,"template":"","format":"standard","meta":{"_et_pb_use_builder":"","_et_pb_old_content":""},"categories":[3],"tags":[],"yoast_head":"<!-- This site is optimized with the Yoast SEO Premium plugin v17.8 (Yoast SEO v17.8) - https:\/\/yoast.com\/wordpress\/plugins\/seo\/ -->\n<title>AFFAIRE AMADOU SALL - Ibrahima Ba nie les faits devant le juge d&#039;instruction et affirme avoir \u00e9t\u00e9 manipul\u00e9 | Nettali.com<\/title>\n<meta name=\"robots\" content=\"index, follow, max-snippet:-1, max-image-preview:large, max-video-preview:-1\" \/>\n<link rel=\"canonical\" href=\"https:\/\/www.nettali.com\/2025\/12\/04\/affaire-amadou-sall-ibrahima-ba-nie-les-faits-devant-le-juge-dinstruction-et-affirme-avoir-ete-manipule\/\" \/>\n<meta property=\"og:locale\" content=\"fr_FR\" \/>\n<meta property=\"og:type\" content=\"article\" \/>\n<meta property=\"og:title\" content=\"AFFAIRE AMADOU SALL - Ibrahima Ba nie les faits devant le juge d&#039;instruction et affirme avoir \u00e9t\u00e9 manipul\u00e9\" \/>\n<meta property=\"og:description\" content=\"NETTALI.COM - Ibrahima Ba, fils de l\u2019ancien Premier ministre, a \u00e9t\u00e9 entendu ce mercredi dans le cadre de l\u2019instruction men\u00e9e par le Pool judiciaire financier concernant l\u2019affaire impliquant Amadou Sall, fils de l\u2019ex-pr\u00e9sident Macky Sall. Poursuivi pour association de malfaiteurs en bande organis\u00e9e et blanchiment de capitaux, il a rejet\u00e9 l\u2019ensemble des accusations port\u00e9es contre [&hellip;]\" \/>\n<meta property=\"og:url\" content=\"https:\/\/www.nettali.com\/2025\/12\/04\/affaire-amadou-sall-ibrahima-ba-nie-les-faits-devant-le-juge-dinstruction-et-affirme-avoir-ete-manipule\/\" \/>\n<meta property=\"og:site_name\" content=\"Nettali.com\" \/>\n<meta property=\"article:publisher\" content=\"https:\/\/www.facebook.com\/nettalicom\" \/>\n<meta property=\"article:published_time\" content=\"2025-12-04T12:02:38+00:00\" \/>\n<meta property=\"article:modified_time\" content=\"2025-12-04T10:33:14+00:00\" \/>\n<meta property=\"og:image\" content=\"https:\/\/www.nettali.com\/wp-content\/uploads\/2025\/12\/ibrahima-ba.jpg\" \/>\n\t<meta property=\"og:image:width\" content=\"1194\" \/>\n\t<meta property=\"og:image:height\" content=\"488\" \/>\n<meta name=\"twitter:card\" content=\"summary_large_image\" \/>\n<meta name=\"twitter:label1\" content=\"\u00c9crit par\" \/>\n\t<meta name=\"twitter:data1\" content=\"Daouda\" \/>\n\t<meta name=\"twitter:label2\" content=\"Dur\u00e9e de lecture estim\u00e9e\" \/>\n\t<meta name=\"twitter:data2\" content=\"2 minutes\" \/>\n<script type=\"application\/ld+json\" class=\"yoast-schema-graph\">{\"@context\":\"https:\/\/schema.org\",\"@graph\":[{\"@type\":\"WebSite\",\"@id\":\"https:\/\/www.nettali.com\/#website\",\"url\":\"https:\/\/www.nettali.com\/\",\"name\":\"Nettali.com\",\"description\":\"Le rendez-vous critique du Net\",\"potentialAction\":[{\"@type\":\"SearchAction\",\"target\":{\"@type\":\"EntryPoint\",\"urlTemplate\":\"https:\/\/www.nettali.com\/?s={search_term_string}\"},\"query-input\":\"required name=search_term_string\"}],\"inLanguage\":\"fr-FR\"},{\"@type\":\"ImageObject\",\"@id\":\"https:\/\/www.nettali.com\/2025\/12\/04\/affaire-amadou-sall-ibrahima-ba-nie-les-faits-devant-le-juge-dinstruction-et-affirme-avoir-ete-manipule\/#primaryimage\",\"inLanguage\":\"fr-FR\",\"url\":\"https:\/\/www.nettali.com\/wp-content\/uploads\/2025\/12\/ibrahima-ba.jpg\",\"contentUrl\":\"https:\/\/www.nettali.com\/wp-content\/uploads\/2025\/12\/ibrahima-ba.jpg\",\"width\":1194,\"height\":488},{\"@type\":\"WebPage\",\"@id\":\"https:\/\/www.nettali.com\/2025\/12\/04\/affaire-amadou-sall-ibrahima-ba-nie-les-faits-devant-le-juge-dinstruction-et-affirme-avoir-ete-manipule\/#webpage\",\"url\":\"https:\/\/www.nettali.com\/2025\/12\/04\/affaire-amadou-sall-ibrahima-ba-nie-les-faits-devant-le-juge-dinstruction-et-affirme-avoir-ete-manipule\/\",\"name\":\"AFFAIRE AMADOU SALL - Ibrahima Ba nie les faits devant le juge d'instruction et affirme avoir \\u00e9t\\u00e9 manipul\\u00e9 | Nettali.com\",\"isPartOf\":{\"@id\":\"https:\/\/www.nettali.com\/#website\"},\"primaryImageOfPage\":{\"@id\":\"https:\/\/www.nettali.com\/2025\/12\/04\/affaire-amadou-sall-ibrahima-ba-nie-les-faits-devant-le-juge-dinstruction-et-affirme-avoir-ete-manipule\/#primaryimage\"},\"datePublished\":\"2025-12-04T12:02:38+00:00\",\"dateModified\":\"2025-12-04T10:33:14+00:00\",\"author\":{\"@id\":\"https:\/\/www.nettali.com\/#\/schema\/person\/3317e0bb3aa1da309fbf7b2780901bf4\"},\"breadcrumb\":{\"@id\":\"https:\/\/www.nettali.com\/2025\/12\/04\/affaire-amadou-sall-ibrahima-ba-nie-les-faits-devant-le-juge-dinstruction-et-affirme-avoir-ete-manipule\/#breadcrumb\"},\"inLanguage\":\"fr-FR\",\"potentialAction\":[{\"@type\":\"ReadAction\",\"target\":[\"https:\/\/www.nettali.com\/2025\/12\/04\/affaire-amadou-sall-ibrahima-ba-nie-les-faits-devant-le-juge-dinstruction-et-affirme-avoir-ete-manipule\/\"]}]},{\"@type\":\"BreadcrumbList\",\"@id\":\"https:\/\/www.nettali.com\/2025\/12\/04\/affaire-amadou-sall-ibrahima-ba-nie-les-faits-devant-le-juge-dinstruction-et-affirme-avoir-ete-manipule\/#breadcrumb\",\"itemListElement\":[{\"@type\":\"ListItem\",\"position\":1,\"name\":\"Accueil\",\"item\":\"https:\/\/www.nettali.com\/\"},{\"@type\":\"ListItem\",\"position\":2,\"name\":\"AFFAIRE AMADOU SALL - Ibrahima Ba nie les faits devant le juge d'instruction et affirme avoir \\u00e9t\\u00e9 manipul\\u00e9\"}]},{\"@type\":\"Person\",\"@id\":\"https:\/\/www.nettali.com\/#\/schema\/person\/3317e0bb3aa1da309fbf7b2780901bf4\",\"name\":\"Daouda\",\"image\":{\"@type\":\"ImageObject\",\"@id\":\"https:\/\/www.nettali.com\/#personlogo\",\"inLanguage\":\"fr-FR\",\"url\":\"https:\/\/secure.gravatar.com\/avatar\/8d143b5a49345098ddcfee1c49c2f47c?s=96&d=mm&r=g\",\"contentUrl\":\"https:\/\/secure.gravatar.com\/avatar\/8d143b5a49345098ddcfee1c49c2f47c?s=96&d=mm&r=g\",\"caption\":\"Daouda\"},\"sameAs\":[\"https:\/\/www.nettali.com\"]}]}<\/script>\n<!-- \/ Yoast SEO Premium plugin. -->","yoast_head_json":{"title":"AFFAIRE AMADOU SALL - Ibrahima Ba nie les faits devant le juge d'instruction et affirme avoir \u00e9t\u00e9 manipul\u00e9 | Nettali.com","robots":{"index":"index","follow":"follow","max-snippet":"max-snippet:-1","max-image-preview":"max-image-preview:large","max-video-preview":"max-video-preview:-1"},"canonical":"https:\/\/www.nettali.com\/2025\/12\/04\/affaire-amadou-sall-ibrahima-ba-nie-les-faits-devant-le-juge-dinstruction-et-affirme-avoir-ete-manipule\/","og_locale":"fr_FR","og_type":"article","og_title":"AFFAIRE AMADOU SALL - Ibrahima Ba nie les faits devant le juge d'instruction et affirme avoir \u00e9t\u00e9 manipul\u00e9","og_description":"NETTALI.COM - Ibrahima Ba, fils de l\u2019ancien Premier ministre, a \u00e9t\u00e9 entendu ce mercredi dans le cadre de l\u2019instruction men\u00e9e par le Pool judiciaire financier concernant l\u2019affaire impliquant Amadou Sall, fils de l\u2019ex-pr\u00e9sident Macky Sall. Poursuivi pour association de malfaiteurs en bande organis\u00e9e et blanchiment de capitaux, il a rejet\u00e9 l\u2019ensemble des accusations port\u00e9es contre [&hellip;]","og_url":"https:\/\/www.nettali.com\/2025\/12\/04\/affaire-amadou-sall-ibrahima-ba-nie-les-faits-devant-le-juge-dinstruction-et-affirme-avoir-ete-manipule\/","og_site_name":"Nettali.com","article_publisher":"https:\/\/www.facebook.com\/nettalicom","article_published_time":"2025-12-04T12:02:38+00:00","article_modified_time":"2025-12-04T10:33:14+00:00","og_image":[{"width":1194,"height":488,"url":"https:\/\/www.nettali.com\/wp-content\/uploads\/2025\/12\/ibrahima-ba.jpg","type":"image\/jpeg"}],"twitter_card":"summary_large_image","twitter_misc":{"\u00c9crit par":"Daouda","Dur\u00e9e de lecture estim\u00e9e":"2 minutes"},"schema":{"@context":"https:\/\/schema.org","@graph":[{"@type":"WebSite","@id":"https:\/\/www.nettali.com\/#website","url":"https:\/\/www.nettali.com\/","name":"Nettali.com","description":"Le rendez-vous critique du Net","potentialAction":[{"@type":"SearchAction","target":{"@type":"EntryPoint","urlTemplate":"https:\/\/www.nettali.com\/?s={search_term_string}"},"query-input":"required name=search_term_string"}],"inLanguage":"fr-FR"},{"@type":"ImageObject","@id":"https:\/\/www.nettali.com\/2025\/12\/04\/affaire-amadou-sall-ibrahima-ba-nie-les-faits-devant-le-juge-dinstruction-et-affirme-avoir-ete-manipule\/#primaryimage","inLanguage":"fr-FR","url":"https:\/\/www.nettali.com\/wp-content\/uploads\/2025\/12\/ibrahima-ba.jpg","contentUrl":"https:\/\/www.nettali.com\/wp-content\/uploads\/2025\/12\/ibrahima-ba.jpg","width":1194,"height":488},{"@type":"WebPage","@id":"https:\/\/www.nettali.com\/2025\/12\/04\/affaire-amadou-sall-ibrahima-ba-nie-les-faits-devant-le-juge-dinstruction-et-affirme-avoir-ete-manipule\/#webpage","url":"https:\/\/www.nettali.com\/2025\/12\/04\/affaire-amadou-sall-ibrahima-ba-nie-les-faits-devant-le-juge-dinstruction-et-affirme-avoir-ete-manipule\/","name":"AFFAIRE AMADOU SALL - Ibrahima Ba nie les faits devant le juge d'instruction et affirme avoir \u00e9t\u00e9 manipul\u00e9 | Nettali.com","isPartOf":{"@id":"https:\/\/www.nettali.com\/#website"},"primaryImageOfPage":{"@id":"https:\/\/www.nettali.com\/2025\/12\/04\/affaire-amadou-sall-ibrahima-ba-nie-les-faits-devant-le-juge-dinstruction-et-affirme-avoir-ete-manipule\/#primaryimage"},"datePublished":"2025-12-04T12:02:38+00:00","dateModified":"2025-12-04T10:33:14+00:00","author":{"@id":"https:\/\/www.nettali.com\/#\/schema\/person\/3317e0bb3aa1da309fbf7b2780901bf4"},"breadcrumb":{"@id":"https:\/\/www.nettali.com\/2025\/12\/04\/affaire-amadou-sall-ibrahima-ba-nie-les-faits-devant-le-juge-dinstruction-et-affirme-avoir-ete-manipule\/#breadcrumb"},"inLanguage":"fr-FR","potentialAction":[{"@type":"ReadAction","target":["https:\/\/www.nettali.com\/2025\/12\/04\/affaire-amadou-sall-ibrahima-ba-nie-les-faits-devant-le-juge-dinstruction-et-affirme-avoir-ete-manipule\/"]}]},{"@type":"BreadcrumbList","@id":"https:\/\/www.nettali.com\/2025\/12\/04\/affaire-amadou-sall-ibrahima-ba-nie-les-faits-devant-le-juge-dinstruction-et-affirme-avoir-ete-manipule\/#breadcrumb","itemListElement":[{"@type":"ListItem","position":1,"name":"Accueil","item":"https:\/\/www.nettali.com\/"},{"@type":"ListItem","position":2,"name":"AFFAIRE AMADOU SALL - Ibrahima Ba nie les faits devant le juge d'instruction et affirme avoir \u00e9t\u00e9 manipul\u00e9"}]},{"@type":"Person","@id":"https:\/\/www.nettali.com\/#\/schema\/person\/3317e0bb3aa1da309fbf7b2780901bf4","name":"Daouda","image":{"@type":"ImageObject","@id":"https:\/\/www.nettali.com\/#personlogo","inLanguage":"fr-FR","url":"https:\/\/secure.gravatar.com\/avatar\/8d143b5a49345098ddcfee1c49c2f47c?s=96&d=mm&r=g","contentUrl":"https:\/\/secure.gravatar.com\/avatar\/8d143b5a49345098ddcfee1c49c2f47c?s=96&d=mm&r=g","caption":"Daouda"},"sameAs":["https:\/\/www.nettali.com"]}]}},"_links":{"self":[{"href":"https:\/\/www.nettali.com\/rest\/wp\/v2\/posts\/165793"}],"collection":[{"href":"https:\/\/www.nettali.com\/rest\/wp\/v2\/posts"}],"about":[{"href":"https:\/\/www.nettali.com\/rest\/wp\/v2\/types\/post"}],"author":[{"embeddable":true,"href":"https:\/\/www.nettali.com\/rest\/wp\/v2\/users\/4"}],"replies":[{"embeddable":true,"href":"https:\/\/www.nettali.com\/rest\/wp\/v2\/comments?post=165793"}],"version-history":[{"count":1,"href":"https:\/\/www.nettali.com\/rest\/wp\/v2\/posts\/165793\/revisions"}],"predecessor-version":[{"id":165795,"href":"https:\/\/www.nettali.com\/rest\/wp\/v2\/posts\/165793\/revisions\/165795"}],"wp:featuredmedia":[{"embeddable":true,"href":"https:\/\/www.nettali.com\/rest\/wp\/v2\/media\/165794"}],"wp:attachment":[{"href":"https:\/\/www.nettali.com\/rest\/wp\/v2\/media?parent=165793"}],"wp:term":[{"taxonomy":"category","embeddable":true,"href":"https:\/\/www.nettali.com\/rest\/wp\/v2\/categories?post=165793"},{"taxonomy":"post_tag","embeddable":true,"href":"https:\/\/www.nettali.com\/rest\/wp\/v2\/tags?post=165793"}],"curies":[{"name":"wp","href":"https:\/\/api.w.org\/{rel}","templated":true}]}}