{"id":165791,"date":"2025-12-04T15:14:42","date_gmt":"2025-12-04T15:14:42","guid":{"rendered":"https:\/\/www.nettali.com\/?p=165791"},"modified":"2025-12-04T10:21:39","modified_gmt":"2025-12-04T10:21:39","slug":"extradition-de-doro-gaye-la-cour-dappel-de-paris-examine-la-demande-du-senegal","status":"publish","type":"post","link":"https:\/\/www.nettali.com\/2025\/12\/04\/extradition-de-doro-gaye-la-cour-dappel-de-paris-examine-la-demande-du-senegal\/","title":{"rendered":"EXTRADITION DE DORO GAYE - La Cour d\u2019appel de Paris examine la demande du S\u00e9n\u00e9gal"},"content":{"rendered":"<p data-start=\"214\" data-end=\"618\"><strong>NETTALI.COM - La Cour d\u2019appel de Paris a examin\u00e9 ce mercredi la demande d\u2019extradition visant l\u2019homme d\u2019affaires s\u00e9n\u00e9galais Doro Gaye, recherch\u00e9e par la justice de son pays dans le cadre d\u2019une affaire d\u2019escroquerie fonci\u00e8re. Arr\u00eat\u00e9 puis lib\u00e9r\u00e9 sous caution en France sur la base d\u2019un mandat d\u2019arr\u00eat d\u00e9livr\u00e9 par le juge du troisi\u00e8me cabinet de Dakar, l\u2019int\u00e9ress\u00e9 attend d\u00e9sormais la d\u00e9cision de la juridiction fran\u00e7aise.<\/strong><\/p>\n<p data-start=\"620\" data-end=\"892\">Lors d\u2019une pr\u00e9c\u00e9dente audience, la Cour avait exig\u00e9 du S\u00e9n\u00e9gal des compl\u00e9ments d\u2019informations portant sur huit aspects essentiels, notamment les garanties d\u2019un proc\u00e8s \u00e9quitable et l\u2019assurance que l\u2019\u00e9tat de sant\u00e9 du mis en cause serait pris en compte en cas de d\u00e9tention.<\/p>\n<p data-start=\"894\" data-end=\"1264\">Selon les informations rapport\u00e9es, l\u2019\u00c9tat du S\u00e9n\u00e9gal a transmis l\u2019ensemble des documents requis d\u00e8s le 2 d\u00e9cembre, bien avant la date limite. Ces \u00e9l\u00e9ments, r\u00e9pondant point par point aux pr\u00e9occupations de la justice fran\u00e7aise, ont \u00e9t\u00e9 communiqu\u00e9s \u00e0 Doro Gaye pour ses observations. La Cour d\u2019appel devrait rendre son d\u00e9lib\u00e9r\u00e9 le 17 d\u00e9cembre, sauf \u00e9ventuel report.<\/p>\n<p data-start=\"1266\" data-end=\"1760\">Pour rappel, Doro Gaye est poursuivi au S\u00e9n\u00e9gal dans le cadre d\u2019un litige foncier l\u2019opposant \u00e0 Zakiloulahi Sow. Apr\u00e8s plusieurs semaines de d\u00e9tention, il avait obtenu une libert\u00e9 provisoire assortie d\u2019un contr\u00f4le judiciaire. Malgr\u00e9 ces restrictions, il a quitt\u00e9 le pays pour la France, ce qui constitue une violation des obligations impos\u00e9es par le juge d\u2019instruction.<br data-start=\"1634\" data-end=\"1637\" \/>Depuis, les autorit\u00e9s s\u00e9n\u00e9galaises tentent d\u2019obtenir son extradition afin qu\u2019il r\u00e9ponde des accusations port\u00e9es contre lui.<\/p>\n<div class='share-to-whatsapp-wrapper'><div class='share-on-whsp'>PARTAGER SUR : <\/div><a data-text='EXTRADITION DE DORO GAYE - La Cour d\u2019appel de Paris examine la demande du S\u00e9n\u00e9gal' data-link='https:\/\/www.nettali.com\/2025\/12\/04\/extradition-de-doro-gaye-la-cour-dappel-de-paris-examine-la-demande-du-senegal\/' class='whatsapp-button whatsapp-share'>WhatsApp<\/a><div class='clear '><\/div><\/div>","protected":false},"excerpt":{"rendered":"<p>NETTALI.COM - La Cour d\u2019appel de Paris a examin\u00e9 ce mercredi la demande d\u2019extradition visant l\u2019homme d\u2019affaires s\u00e9n\u00e9galais Doro Gaye, recherch\u00e9e par la justice de son pays dans le cadre d\u2019une affaire d\u2019escroquerie fonci\u00e8re. Arr\u00eat\u00e9 puis lib\u00e9r\u00e9 sous caution en France sur la base d\u2019un mandat d\u2019arr\u00eat d\u00e9livr\u00e9 par le juge du troisi\u00e8me cabinet de [&hellip;]<\/p>\n","protected":false},"author":4,"featured_media":160647,"comment_status":"open","ping_status":"open","sticky":false,"template":"","format":"standard","meta":{"_et_pb_use_builder":"","_et_pb_old_content":""},"categories":[3],"tags":[],"yoast_head":"<!-- This site is optimized with the Yoast SEO Premium plugin v17.8 (Yoast SEO v17.8) - https:\/\/yoast.com\/wordpress\/plugins\/seo\/ -->\n<title>EXTRADITION DE DORO GAYE - La Cour d\u2019appel de Paris examine la demande du S\u00e9n\u00e9gal | Nettali.com<\/title>\n<meta name=\"robots\" content=\"index, follow, max-snippet:-1, max-image-preview:large, max-video-preview:-1\" \/>\n<link rel=\"canonical\" href=\"https:\/\/www.nettali.com\/2025\/12\/04\/extradition-de-doro-gaye-la-cour-dappel-de-paris-examine-la-demande-du-senegal\/\" \/>\n<meta property=\"og:locale\" content=\"fr_FR\" \/>\n<meta property=\"og:type\" content=\"article\" \/>\n<meta property=\"og:title\" content=\"EXTRADITION DE DORO GAYE - La Cour d\u2019appel de Paris examine la demande du S\u00e9n\u00e9gal\" \/>\n<meta property=\"og:description\" content=\"NETTALI.COM - La Cour d\u2019appel de Paris a examin\u00e9 ce mercredi la demande d\u2019extradition visant l\u2019homme d\u2019affaires s\u00e9n\u00e9galais Doro Gaye, recherch\u00e9e par la justice de son pays dans le cadre d\u2019une affaire d\u2019escroquerie fonci\u00e8re. Arr\u00eat\u00e9 puis lib\u00e9r\u00e9 sous caution en France sur la base d\u2019un mandat d\u2019arr\u00eat d\u00e9livr\u00e9 par le juge du troisi\u00e8me cabinet de [&hellip;]\" \/>\n<meta property=\"og:url\" content=\"https:\/\/www.nettali.com\/2025\/12\/04\/extradition-de-doro-gaye-la-cour-dappel-de-paris-examine-la-demande-du-senegal\/\" \/>\n<meta property=\"og:site_name\" content=\"Nettali.com\" \/>\n<meta property=\"article:publisher\" content=\"https:\/\/www.facebook.com\/nettalicom\" \/>\n<meta property=\"article:published_time\" content=\"2025-12-04T15:14:42+00:00\" \/>\n<meta property=\"article:modified_time\" content=\"2025-12-04T10:21:39+00:00\" \/>\n<meta property=\"og:image\" content=\"https:\/\/www.nettali.com\/wp-content\/uploads\/2025\/09\/Doro-Gaye.jpg\" \/>\n\t<meta property=\"og:image:width\" content=\"1260\" \/>\n\t<meta property=\"og:image:height\" content=\"800\" \/>\n<meta name=\"twitter:card\" content=\"summary_large_image\" \/>\n<meta name=\"twitter:label1\" content=\"\u00c9crit par\" \/>\n\t<meta name=\"twitter:data1\" content=\"Daouda\" \/>\n\t<meta name=\"twitter:label2\" content=\"Dur\u00e9e de lecture estim\u00e9e\" \/>\n\t<meta name=\"twitter:data2\" content=\"2 minutes\" \/>\n<script type=\"application\/ld+json\" class=\"yoast-schema-graph\">{\"@context\":\"https:\/\/schema.org\",\"@graph\":[{\"@type\":\"WebSite\",\"@id\":\"https:\/\/www.nettali.com\/#website\",\"url\":\"https:\/\/www.nettali.com\/\",\"name\":\"Nettali.com\",\"description\":\"Le rendez-vous critique du Net\",\"potentialAction\":[{\"@type\":\"SearchAction\",\"target\":{\"@type\":\"EntryPoint\",\"urlTemplate\":\"https:\/\/www.nettali.com\/?s={search_term_string}\"},\"query-input\":\"required name=search_term_string\"}],\"inLanguage\":\"fr-FR\"},{\"@type\":\"ImageObject\",\"@id\":\"https:\/\/www.nettali.com\/2025\/12\/04\/extradition-de-doro-gaye-la-cour-dappel-de-paris-examine-la-demande-du-senegal\/#primaryimage\",\"inLanguage\":\"fr-FR\",\"url\":\"https:\/\/www.nettali.com\/wp-content\/uploads\/2025\/09\/Doro-Gaye.jpg\",\"contentUrl\":\"https:\/\/www.nettali.com\/wp-content\/uploads\/2025\/09\/Doro-Gaye.jpg\",\"width\":1260,\"height\":800},{\"@type\":\"WebPage\",\"@id\":\"https:\/\/www.nettali.com\/2025\/12\/04\/extradition-de-doro-gaye-la-cour-dappel-de-paris-examine-la-demande-du-senegal\/#webpage\",\"url\":\"https:\/\/www.nettali.com\/2025\/12\/04\/extradition-de-doro-gaye-la-cour-dappel-de-paris-examine-la-demande-du-senegal\/\",\"name\":\"EXTRADITION DE DORO GAYE - La Cour d\\u2019appel de Paris examine la demande du S\\u00e9n\\u00e9gal | Nettali.com\",\"isPartOf\":{\"@id\":\"https:\/\/www.nettali.com\/#website\"},\"primaryImageOfPage\":{\"@id\":\"https:\/\/www.nettali.com\/2025\/12\/04\/extradition-de-doro-gaye-la-cour-dappel-de-paris-examine-la-demande-du-senegal\/#primaryimage\"},\"datePublished\":\"2025-12-04T15:14:42+00:00\",\"dateModified\":\"2025-12-04T10:21:39+00:00\",\"author\":{\"@id\":\"https:\/\/www.nettali.com\/#\/schema\/person\/3317e0bb3aa1da309fbf7b2780901bf4\"},\"breadcrumb\":{\"@id\":\"https:\/\/www.nettali.com\/2025\/12\/04\/extradition-de-doro-gaye-la-cour-dappel-de-paris-examine-la-demande-du-senegal\/#breadcrumb\"},\"inLanguage\":\"fr-FR\",\"potentialAction\":[{\"@type\":\"ReadAction\",\"target\":[\"https:\/\/www.nettali.com\/2025\/12\/04\/extradition-de-doro-gaye-la-cour-dappel-de-paris-examine-la-demande-du-senegal\/\"]}]},{\"@type\":\"BreadcrumbList\",\"@id\":\"https:\/\/www.nettali.com\/2025\/12\/04\/extradition-de-doro-gaye-la-cour-dappel-de-paris-examine-la-demande-du-senegal\/#breadcrumb\",\"itemListElement\":[{\"@type\":\"ListItem\",\"position\":1,\"name\":\"Accueil\",\"item\":\"https:\/\/www.nettali.com\/\"},{\"@type\":\"ListItem\",\"position\":2,\"name\":\"EXTRADITION DE DORO GAYE - La Cour d\\u2019appel de Paris examine la demande du S\\u00e9n\\u00e9gal\"}]},{\"@type\":\"Person\",\"@id\":\"https:\/\/www.nettali.com\/#\/schema\/person\/3317e0bb3aa1da309fbf7b2780901bf4\",\"name\":\"Daouda\",\"image\":{\"@type\":\"ImageObject\",\"@id\":\"https:\/\/www.nettali.com\/#personlogo\",\"inLanguage\":\"fr-FR\",\"url\":\"https:\/\/secure.gravatar.com\/avatar\/8d143b5a49345098ddcfee1c49c2f47c?s=96&d=mm&r=g\",\"contentUrl\":\"https:\/\/secure.gravatar.com\/avatar\/8d143b5a49345098ddcfee1c49c2f47c?s=96&d=mm&r=g\",\"caption\":\"Daouda\"},\"sameAs\":[\"https:\/\/www.nettali.com\"]}]}<\/script>\n<!-- \/ Yoast SEO Premium plugin. -->","yoast_head_json":{"title":"EXTRADITION DE DORO GAYE - La Cour d\u2019appel de Paris examine la demande du S\u00e9n\u00e9gal | Nettali.com","robots":{"index":"index","follow":"follow","max-snippet":"max-snippet:-1","max-image-preview":"max-image-preview:large","max-video-preview":"max-video-preview:-1"},"canonical":"https:\/\/www.nettali.com\/2025\/12\/04\/extradition-de-doro-gaye-la-cour-dappel-de-paris-examine-la-demande-du-senegal\/","og_locale":"fr_FR","og_type":"article","og_title":"EXTRADITION DE DORO GAYE - La Cour d\u2019appel de Paris examine la demande du S\u00e9n\u00e9gal","og_description":"NETTALI.COM - La Cour d\u2019appel de Paris a examin\u00e9 ce mercredi la demande d\u2019extradition visant l\u2019homme d\u2019affaires s\u00e9n\u00e9galais Doro Gaye, recherch\u00e9e par la justice de son pays dans le cadre d\u2019une affaire d\u2019escroquerie fonci\u00e8re. Arr\u00eat\u00e9 puis lib\u00e9r\u00e9 sous caution en France sur la base d\u2019un mandat d\u2019arr\u00eat d\u00e9livr\u00e9 par le juge du troisi\u00e8me cabinet de [&hellip;]","og_url":"https:\/\/www.nettali.com\/2025\/12\/04\/extradition-de-doro-gaye-la-cour-dappel-de-paris-examine-la-demande-du-senegal\/","og_site_name":"Nettali.com","article_publisher":"https:\/\/www.facebook.com\/nettalicom","article_published_time":"2025-12-04T15:14:42+00:00","article_modified_time":"2025-12-04T10:21:39+00:00","og_image":[{"width":1260,"height":800,"url":"https:\/\/www.nettali.com\/wp-content\/uploads\/2025\/09\/Doro-Gaye.jpg","type":"image\/jpeg"}],"twitter_card":"summary_large_image","twitter_misc":{"\u00c9crit par":"Daouda","Dur\u00e9e de lecture estim\u00e9e":"2 minutes"},"schema":{"@context":"https:\/\/schema.org","@graph":[{"@type":"WebSite","@id":"https:\/\/www.nettali.com\/#website","url":"https:\/\/www.nettali.com\/","name":"Nettali.com","description":"Le rendez-vous critique du Net","potentialAction":[{"@type":"SearchAction","target":{"@type":"EntryPoint","urlTemplate":"https:\/\/www.nettali.com\/?s={search_term_string}"},"query-input":"required name=search_term_string"}],"inLanguage":"fr-FR"},{"@type":"ImageObject","@id":"https:\/\/www.nettali.com\/2025\/12\/04\/extradition-de-doro-gaye-la-cour-dappel-de-paris-examine-la-demande-du-senegal\/#primaryimage","inLanguage":"fr-FR","url":"https:\/\/www.nettali.com\/wp-content\/uploads\/2025\/09\/Doro-Gaye.jpg","contentUrl":"https:\/\/www.nettali.com\/wp-content\/uploads\/2025\/09\/Doro-Gaye.jpg","width":1260,"height":800},{"@type":"WebPage","@id":"https:\/\/www.nettali.com\/2025\/12\/04\/extradition-de-doro-gaye-la-cour-dappel-de-paris-examine-la-demande-du-senegal\/#webpage","url":"https:\/\/www.nettali.com\/2025\/12\/04\/extradition-de-doro-gaye-la-cour-dappel-de-paris-examine-la-demande-du-senegal\/","name":"EXTRADITION DE DORO GAYE - La Cour d\u2019appel de Paris examine la demande du S\u00e9n\u00e9gal | Nettali.com","isPartOf":{"@id":"https:\/\/www.nettali.com\/#website"},"primaryImageOfPage":{"@id":"https:\/\/www.nettali.com\/2025\/12\/04\/extradition-de-doro-gaye-la-cour-dappel-de-paris-examine-la-demande-du-senegal\/#primaryimage"},"datePublished":"2025-12-04T15:14:42+00:00","dateModified":"2025-12-04T10:21:39+00:00","author":{"@id":"https:\/\/www.nettali.com\/#\/schema\/person\/3317e0bb3aa1da309fbf7b2780901bf4"},"breadcrumb":{"@id":"https:\/\/www.nettali.com\/2025\/12\/04\/extradition-de-doro-gaye-la-cour-dappel-de-paris-examine-la-demande-du-senegal\/#breadcrumb"},"inLanguage":"fr-FR","potentialAction":[{"@type":"ReadAction","target":["https:\/\/www.nettali.com\/2025\/12\/04\/extradition-de-doro-gaye-la-cour-dappel-de-paris-examine-la-demande-du-senegal\/"]}]},{"@type":"BreadcrumbList","@id":"https:\/\/www.nettali.com\/2025\/12\/04\/extradition-de-doro-gaye-la-cour-dappel-de-paris-examine-la-demande-du-senegal\/#breadcrumb","itemListElement":[{"@type":"ListItem","position":1,"name":"Accueil","item":"https:\/\/www.nettali.com\/"},{"@type":"ListItem","position":2,"name":"EXTRADITION DE DORO GAYE - La Cour d\u2019appel de Paris examine la demande du S\u00e9n\u00e9gal"}]},{"@type":"Person","@id":"https:\/\/www.nettali.com\/#\/schema\/person\/3317e0bb3aa1da309fbf7b2780901bf4","name":"Daouda","image":{"@type":"ImageObject","@id":"https:\/\/www.nettali.com\/#personlogo","inLanguage":"fr-FR","url":"https:\/\/secure.gravatar.com\/avatar\/8d143b5a49345098ddcfee1c49c2f47c?s=96&d=mm&r=g","contentUrl":"https:\/\/secure.gravatar.com\/avatar\/8d143b5a49345098ddcfee1c49c2f47c?s=96&d=mm&r=g","caption":"Daouda"},"sameAs":["https:\/\/www.nettali.com"]}]}},"_links":{"self":[{"href":"https:\/\/www.nettali.com\/rest\/wp\/v2\/posts\/165791"}],"collection":[{"href":"https:\/\/www.nettali.com\/rest\/wp\/v2\/posts"}],"about":[{"href":"https:\/\/www.nettali.com\/rest\/wp\/v2\/types\/post"}],"author":[{"embeddable":true,"href":"https:\/\/www.nettali.com\/rest\/wp\/v2\/users\/4"}],"replies":[{"embeddable":true,"href":"https:\/\/www.nettali.com\/rest\/wp\/v2\/comments?post=165791"}],"version-history":[{"count":1,"href":"https:\/\/www.nettali.com\/rest\/wp\/v2\/posts\/165791\/revisions"}],"predecessor-version":[{"id":165792,"href":"https:\/\/www.nettali.com\/rest\/wp\/v2\/posts\/165791\/revisions\/165792"}],"wp:featuredmedia":[{"embeddable":true,"href":"https:\/\/www.nettali.com\/rest\/wp\/v2\/media\/160647"}],"wp:attachment":[{"href":"https:\/\/www.nettali.com\/rest\/wp\/v2\/media?parent=165791"}],"wp:term":[{"taxonomy":"category","embeddable":true,"href":"https:\/\/www.nettali.com\/rest\/wp\/v2\/categories?post=165791"},{"taxonomy":"post_tag","embeddable":true,"href":"https:\/\/www.nettali.com\/rest\/wp\/v2\/tags?post=165791"}],"curies":[{"name":"wp","href":"https:\/\/api.w.org\/{rel}","templated":true}]}}