{"id":165783,"date":"2025-12-04T13:00:52","date_gmt":"2025-12-04T13:00:52","guid":{"rendered":"https:\/\/www.nettali.com\/?p=165783"},"modified":"2025-12-04T16:14:09","modified_gmt":"2025-12-04T16:14:09","slug":"maroc-hakimi-ne-demarrera-pas-la-can-a-100","status":"publish","type":"post","link":"https:\/\/www.nettali.com\/2025\/12\/04\/maroc-hakimi-ne-demarrera-pas-la-can-a-100\/","title":{"rendered":"MAROC - Hakimi ne d\u00e9marrera pas la CAN \u00e0 100%"},"content":{"rendered":"<p><strong>NETTALI.COM -<\/strong> Le Maroc retient son souffle : Achraf Hakimi (27 ans, 88 s\u00e9lections et 11 buts) pourra-t-il d\u00e9marrer la Coupe d'Afrique des Nations avec le pays organisateur face aux Comores le 21 d\u00e9cembre ?<\/p>\n<p>Le lat\u00e9ral droit du Paris Saint-Germain, s\u00e9rieusement touch\u00e9 \u00e0 la cheville face au Bayern Munich (1-2) d\u00e9but novembre, s\u2019est d\u2019abord soign\u00e9 en Espagne, avec un protocole pr\u00e9cis et le port d\u2019une botte pendant 20 jours. Il poursuit d\u00e9sormais sa r\u00e9\u00e9ducation \u00e0 Poissy et demeure persuad\u00e9 qu\u2019il pourra \u00eatre pr\u00eat pour le d\u00e9but de la CAN.<\/p>\n<p>De son c\u00f4t\u00e9, le club de la capitale se montre plus prudent et estime que son joueur ne d\u00e9marrera pas la comp\u00e9tition \u00e0 100% de ses capacit\u00e9s physiques. Attention \u00e0 ne pas revenir trop vite, car le PSG a une grosse seconde partie de saison qui l\u2019attend\u2026<\/p>\n<div class='share-to-whatsapp-wrapper'><div class='share-on-whsp'>PARTAGER SUR : <\/div><a data-text='MAROC - Hakimi ne d\u00e9marrera pas la CAN \u00e0 100%' data-link='https:\/\/www.nettali.com\/2025\/12\/04\/maroc-hakimi-ne-demarrera-pas-la-can-a-100\/' class='whatsapp-button whatsapp-share'>WhatsApp<\/a><div class='clear '><\/div><\/div>","protected":false},"excerpt":{"rendered":"<p>NETTALI.COM - Le Maroc retient son souffle : Achraf Hakimi (27 ans, 88 s\u00e9lections et 11 buts) pourra-t-il d\u00e9marrer la Coupe d'Afrique des Nations avec le pays organisateur face aux Comores le 21 d\u00e9cembre ? Le lat\u00e9ral droit du Paris Saint-Germain, s\u00e9rieusement touch\u00e9 \u00e0 la cheville face au Bayern Munich (1-2) d\u00e9but novembre, s\u2019est d\u2019abord [&hellip;]<\/p>\n","protected":false},"author":2,"featured_media":165784,"comment_status":"open","ping_status":"open","sticky":false,"template":"","format":"standard","meta":{"_et_pb_use_builder":"","_et_pb_old_content":""},"categories":[6],"tags":[],"yoast_head":"<!-- This site is optimized with the Yoast SEO Premium plugin v17.8 (Yoast SEO v17.8) - https:\/\/yoast.com\/wordpress\/plugins\/seo\/ -->\n<title>MAROC - Hakimi ne d\u00e9marrera pas la CAN \u00e0 100% | Nettali.com<\/title>\n<meta name=\"robots\" content=\"index, follow, max-snippet:-1, max-image-preview:large, max-video-preview:-1\" \/>\n<link rel=\"canonical\" href=\"https:\/\/www.nettali.com\/2025\/12\/04\/maroc-hakimi-ne-demarrera-pas-la-can-a-100\/\" \/>\n<meta property=\"og:locale\" content=\"fr_FR\" \/>\n<meta property=\"og:type\" content=\"article\" \/>\n<meta property=\"og:title\" content=\"MAROC - Hakimi ne d\u00e9marrera pas la CAN \u00e0 100%\" \/>\n<meta property=\"og:description\" content=\"NETTALI.COM - Le Maroc retient son souffle : Achraf Hakimi (27 ans, 88 s\u00e9lections et 11 buts) pourra-t-il d\u00e9marrer la Coupe d&#039;Afrique des Nations avec le pays organisateur face aux Comores le 21 d\u00e9cembre ? Le lat\u00e9ral droit du Paris Saint-Germain, s\u00e9rieusement touch\u00e9 \u00e0 la cheville face au Bayern Munich (1-2) d\u00e9but novembre, s\u2019est d\u2019abord [&hellip;]\" \/>\n<meta property=\"og:url\" content=\"https:\/\/www.nettali.com\/2025\/12\/04\/maroc-hakimi-ne-demarrera-pas-la-can-a-100\/\" \/>\n<meta property=\"og:site_name\" content=\"Nettali.com\" \/>\n<meta property=\"article:publisher\" content=\"https:\/\/www.facebook.com\/nettalicom\" \/>\n<meta property=\"article:published_time\" content=\"2025-12-04T13:00:52+00:00\" \/>\n<meta property=\"article:modified_time\" content=\"2025-12-04T16:14:09+00:00\" \/>\n<meta property=\"og:image\" content=\"https:\/\/www.nettali.com\/wp-content\/uploads\/2025\/12\/Achraf-Hakimi-CAN-2021-810x580-1.jpg\" \/>\n\t<meta property=\"og:image:width\" content=\"810\" \/>\n\t<meta property=\"og:image:height\" content=\"580\" \/>\n<meta name=\"twitter:card\" content=\"summary_large_image\" \/>\n<meta name=\"twitter:label1\" content=\"\u00c9crit par\" \/>\n\t<meta name=\"twitter:data1\" content=\"CK\" \/>\n\t<meta name=\"twitter:label2\" content=\"Dur\u00e9e de lecture estim\u00e9e\" \/>\n\t<meta name=\"twitter:data2\" content=\"1 minute\" \/>\n<script type=\"application\/ld+json\" class=\"yoast-schema-graph\">{\"@context\":\"https:\/\/schema.org\",\"@graph\":[{\"@type\":\"WebSite\",\"@id\":\"https:\/\/www.nettali.com\/#website\",\"url\":\"https:\/\/www.nettali.com\/\",\"name\":\"Nettali.com\",\"description\":\"Le rendez-vous critique du Net\",\"potentialAction\":[{\"@type\":\"SearchAction\",\"target\":{\"@type\":\"EntryPoint\",\"urlTemplate\":\"https:\/\/www.nettali.com\/?s={search_term_string}\"},\"query-input\":\"required name=search_term_string\"}],\"inLanguage\":\"fr-FR\"},{\"@type\":\"ImageObject\",\"@id\":\"https:\/\/www.nettali.com\/2025\/12\/04\/maroc-hakimi-ne-demarrera-pas-la-can-a-100\/#primaryimage\",\"inLanguage\":\"fr-FR\",\"url\":\"https:\/\/www.nettali.com\/wp-content\/uploads\/2025\/12\/Achraf-Hakimi-CAN-2021-810x580-1.jpg\",\"contentUrl\":\"https:\/\/www.nettali.com\/wp-content\/uploads\/2025\/12\/Achraf-Hakimi-CAN-2021-810x580-1.jpg\",\"width\":810,\"height\":580},{\"@type\":\"WebPage\",\"@id\":\"https:\/\/www.nettali.com\/2025\/12\/04\/maroc-hakimi-ne-demarrera-pas-la-can-a-100\/#webpage\",\"url\":\"https:\/\/www.nettali.com\/2025\/12\/04\/maroc-hakimi-ne-demarrera-pas-la-can-a-100\/\",\"name\":\"MAROC - Hakimi ne d\\u00e9marrera pas la CAN \\u00e0 100% | Nettali.com\",\"isPartOf\":{\"@id\":\"https:\/\/www.nettali.com\/#website\"},\"primaryImageOfPage\":{\"@id\":\"https:\/\/www.nettali.com\/2025\/12\/04\/maroc-hakimi-ne-demarrera-pas-la-can-a-100\/#primaryimage\"},\"datePublished\":\"2025-12-04T13:00:52+00:00\",\"dateModified\":\"2025-12-04T16:14:09+00:00\",\"author\":{\"@id\":\"https:\/\/www.nettali.com\/#\/schema\/person\/d8ac7b7e27ddad43f1c0d2ef090d7f71\"},\"breadcrumb\":{\"@id\":\"https:\/\/www.nettali.com\/2025\/12\/04\/maroc-hakimi-ne-demarrera-pas-la-can-a-100\/#breadcrumb\"},\"inLanguage\":\"fr-FR\",\"potentialAction\":[{\"@type\":\"ReadAction\",\"target\":[\"https:\/\/www.nettali.com\/2025\/12\/04\/maroc-hakimi-ne-demarrera-pas-la-can-a-100\/\"]}]},{\"@type\":\"BreadcrumbList\",\"@id\":\"https:\/\/www.nettali.com\/2025\/12\/04\/maroc-hakimi-ne-demarrera-pas-la-can-a-100\/#breadcrumb\",\"itemListElement\":[{\"@type\":\"ListItem\",\"position\":1,\"name\":\"Accueil\",\"item\":\"https:\/\/www.nettali.com\/\"},{\"@type\":\"ListItem\",\"position\":2,\"name\":\"MAROC - Hakimi ne d\\u00e9marrera pas la CAN \\u00e0 100%\"}]},{\"@type\":\"Person\",\"@id\":\"https:\/\/www.nettali.com\/#\/schema\/person\/d8ac7b7e27ddad43f1c0d2ef090d7f71\",\"name\":\"CK\",\"image\":{\"@type\":\"ImageObject\",\"@id\":\"https:\/\/www.nettali.com\/#personlogo\",\"inLanguage\":\"fr-FR\",\"url\":\"https:\/\/secure.gravatar.com\/avatar\/1d8d5118b9327d94da7cd4ce7f17fec2?s=96&d=mm&r=g\",\"contentUrl\":\"https:\/\/secure.gravatar.com\/avatar\/1d8d5118b9327d94da7cd4ce7f17fec2?s=96&d=mm&r=g\",\"caption\":\"CK\"},\"sameAs\":[\"https:\/\/www.nettali.com\"]}]}<\/script>\n<!-- \/ Yoast SEO Premium plugin. -->","yoast_head_json":{"title":"MAROC - Hakimi ne d\u00e9marrera pas la CAN \u00e0 100% | Nettali.com","robots":{"index":"index","follow":"follow","max-snippet":"max-snippet:-1","max-image-preview":"max-image-preview:large","max-video-preview":"max-video-preview:-1"},"canonical":"https:\/\/www.nettali.com\/2025\/12\/04\/maroc-hakimi-ne-demarrera-pas-la-can-a-100\/","og_locale":"fr_FR","og_type":"article","og_title":"MAROC - Hakimi ne d\u00e9marrera pas la CAN \u00e0 100%","og_description":"NETTALI.COM - Le Maroc retient son souffle : Achraf Hakimi (27 ans, 88 s\u00e9lections et 11 buts) pourra-t-il d\u00e9marrer la Coupe d'Afrique des Nations avec le pays organisateur face aux Comores le 21 d\u00e9cembre ? Le lat\u00e9ral droit du Paris Saint-Germain, s\u00e9rieusement touch\u00e9 \u00e0 la cheville face au Bayern Munich (1-2) d\u00e9but novembre, s\u2019est d\u2019abord [&hellip;]","og_url":"https:\/\/www.nettali.com\/2025\/12\/04\/maroc-hakimi-ne-demarrera-pas-la-can-a-100\/","og_site_name":"Nettali.com","article_publisher":"https:\/\/www.facebook.com\/nettalicom","article_published_time":"2025-12-04T13:00:52+00:00","article_modified_time":"2025-12-04T16:14:09+00:00","og_image":[{"width":810,"height":580,"url":"https:\/\/www.nettali.com\/wp-content\/uploads\/2025\/12\/Achraf-Hakimi-CAN-2021-810x580-1.jpg","type":"image\/jpeg"}],"twitter_card":"summary_large_image","twitter_misc":{"\u00c9crit par":"CK","Dur\u00e9e de lecture estim\u00e9e":"1 minute"},"schema":{"@context":"https:\/\/schema.org","@graph":[{"@type":"WebSite","@id":"https:\/\/www.nettali.com\/#website","url":"https:\/\/www.nettali.com\/","name":"Nettali.com","description":"Le rendez-vous critique du Net","potentialAction":[{"@type":"SearchAction","target":{"@type":"EntryPoint","urlTemplate":"https:\/\/www.nettali.com\/?s={search_term_string}"},"query-input":"required name=search_term_string"}],"inLanguage":"fr-FR"},{"@type":"ImageObject","@id":"https:\/\/www.nettali.com\/2025\/12\/04\/maroc-hakimi-ne-demarrera-pas-la-can-a-100\/#primaryimage","inLanguage":"fr-FR","url":"https:\/\/www.nettali.com\/wp-content\/uploads\/2025\/12\/Achraf-Hakimi-CAN-2021-810x580-1.jpg","contentUrl":"https:\/\/www.nettali.com\/wp-content\/uploads\/2025\/12\/Achraf-Hakimi-CAN-2021-810x580-1.jpg","width":810,"height":580},{"@type":"WebPage","@id":"https:\/\/www.nettali.com\/2025\/12\/04\/maroc-hakimi-ne-demarrera-pas-la-can-a-100\/#webpage","url":"https:\/\/www.nettali.com\/2025\/12\/04\/maroc-hakimi-ne-demarrera-pas-la-can-a-100\/","name":"MAROC - Hakimi ne d\u00e9marrera pas la CAN \u00e0 100% | Nettali.com","isPartOf":{"@id":"https:\/\/www.nettali.com\/#website"},"primaryImageOfPage":{"@id":"https:\/\/www.nettali.com\/2025\/12\/04\/maroc-hakimi-ne-demarrera-pas-la-can-a-100\/#primaryimage"},"datePublished":"2025-12-04T13:00:52+00:00","dateModified":"2025-12-04T16:14:09+00:00","author":{"@id":"https:\/\/www.nettali.com\/#\/schema\/person\/d8ac7b7e27ddad43f1c0d2ef090d7f71"},"breadcrumb":{"@id":"https:\/\/www.nettali.com\/2025\/12\/04\/maroc-hakimi-ne-demarrera-pas-la-can-a-100\/#breadcrumb"},"inLanguage":"fr-FR","potentialAction":[{"@type":"ReadAction","target":["https:\/\/www.nettali.com\/2025\/12\/04\/maroc-hakimi-ne-demarrera-pas-la-can-a-100\/"]}]},{"@type":"BreadcrumbList","@id":"https:\/\/www.nettali.com\/2025\/12\/04\/maroc-hakimi-ne-demarrera-pas-la-can-a-100\/#breadcrumb","itemListElement":[{"@type":"ListItem","position":1,"name":"Accueil","item":"https:\/\/www.nettali.com\/"},{"@type":"ListItem","position":2,"name":"MAROC - Hakimi ne d\u00e9marrera pas la CAN \u00e0 100%"}]},{"@type":"Person","@id":"https:\/\/www.nettali.com\/#\/schema\/person\/d8ac7b7e27ddad43f1c0d2ef090d7f71","name":"CK","image":{"@type":"ImageObject","@id":"https:\/\/www.nettali.com\/#personlogo","inLanguage":"fr-FR","url":"https:\/\/secure.gravatar.com\/avatar\/1d8d5118b9327d94da7cd4ce7f17fec2?s=96&d=mm&r=g","contentUrl":"https:\/\/secure.gravatar.com\/avatar\/1d8d5118b9327d94da7cd4ce7f17fec2?s=96&d=mm&r=g","caption":"CK"},"sameAs":["https:\/\/www.nettali.com"]}]}},"_links":{"self":[{"href":"https:\/\/www.nettali.com\/rest\/wp\/v2\/posts\/165783"}],"collection":[{"href":"https:\/\/www.nettali.com\/rest\/wp\/v2\/posts"}],"about":[{"href":"https:\/\/www.nettali.com\/rest\/wp\/v2\/types\/post"}],"author":[{"embeddable":true,"href":"https:\/\/www.nettali.com\/rest\/wp\/v2\/users\/2"}],"replies":[{"embeddable":true,"href":"https:\/\/www.nettali.com\/rest\/wp\/v2\/comments?post=165783"}],"version-history":[{"count":1,"href":"https:\/\/www.nettali.com\/rest\/wp\/v2\/posts\/165783\/revisions"}],"predecessor-version":[{"id":165785,"href":"https:\/\/www.nettali.com\/rest\/wp\/v2\/posts\/165783\/revisions\/165785"}],"wp:featuredmedia":[{"embeddable":true,"href":"https:\/\/www.nettali.com\/rest\/wp\/v2\/media\/165784"}],"wp:attachment":[{"href":"https:\/\/www.nettali.com\/rest\/wp\/v2\/media?parent=165783"}],"wp:term":[{"taxonomy":"category","embeddable":true,"href":"https:\/\/www.nettali.com\/rest\/wp\/v2\/categories?post=165783"},{"taxonomy":"post_tag","embeddable":true,"href":"https:\/\/www.nettali.com\/rest\/wp\/v2\/tags?post=165783"}],"curies":[{"name":"wp","href":"https:\/\/api.w.org\/{rel}","templated":true}]}}