{"id":165777,"date":"2025-12-04T08:46:01","date_gmt":"2025-12-04T08:46:01","guid":{"rendered":"https:\/\/www.nettali.com\/?p=165777"},"modified":"2025-12-04T08:46:01","modified_gmt":"2025-12-04T08:46:01","slug":"crise-a-lucad-la-commission-des-droits-de-lhomme-exprime-de-vives-inquietudes-et-appelle-au-dialogue","status":"publish","type":"post","link":"https:\/\/www.nettali.com\/2025\/12\/04\/crise-a-lucad-la-commission-des-droits-de-lhomme-exprime-de-vives-inquietudes-et-appelle-au-dialogue\/","title":{"rendered":"CRISE A L\u2019UCAD - La Commission des droits de l\u2019homme exprime de vives inqui\u00e9tudes et appelle au dialogue"},"content":{"rendered":"<article class=\"text-token-text-primary w-full focus:outline-none [--shadow-height:45px] has-data-writing-block:pointer-events-none has-data-writing-block:-mt-(--shadow-height) has-data-writing-block:pt-(--shadow-height) [&amp;:has([data-writing-block])&gt;*]:pointer-events-auto scroll-mt-[calc(var(--header-height)+min(200px,max(70px,20svh)))]\" dir=\"auto\" tabindex=\"-1\" data-turn-id=\"request-68e3e108-2788-8330-adab-24d706923709-2\" data-testid=\"conversation-turn-426\" data-scroll-anchor=\"true\" data-turn=\"assistant\">\n<div class=\"text-base my-auto mx-auto pb-10 [--thread-content-margin:--spacing(4)] thread-sm:[--thread-content-margin:--spacing(6)] thread-lg:[--thread-content-margin:--spacing(16)] px-(--thread-content-margin)\">\n<div class=\"[--thread-content-max-width:40rem] thread-lg:[--thread-content-max-width:48rem] mx-auto max-w-(--thread-content-max-width) flex-1 group\/turn-messages focus-visible:outline-hidden relative flex w-full min-w-0 flex-col agent-turn\" tabindex=\"-1\">\n<div class=\"flex max-w-full flex-col grow\">\n<div class=\"min-h-8 text-message relative flex w-full flex-col items-end gap-2 text-start break-words whitespace-normal [.text-message+&amp;]:mt-1\" dir=\"auto\" data-message-author-role=\"assistant\" data-message-id=\"89f4deb5-ae82-4bc1-a2ed-d456c8ce8e59\" data-message-model-slug=\"gpt-5-1\">\n<div class=\"flex w-full flex-col gap-1 empty:hidden first:pt-[1px]\">\n<div class=\"markdown prose dark:prose-invert w-full break-words light markdown-new-styling\">\n<p data-start=\"210\" data-end=\"444\"><strong>NETTALI.COM - La Commission Nationale des Droits de l\u2019Homme du S\u00e9n\u00e9gal (CNDH) a exprim\u00e9 ce mercredi 3 d\u00e9cembre 2025 sa \u00ab profonde inqui\u00e9tude \u00bb face aux violentes tensions qui secouent l\u2019Universit\u00e9 Cheikh Anta Diop de Dakar depuis plusieurs jours.<\/strong><\/p>\n<p data-start=\"446\" data-end=\"648\">Dans un communiqu\u00e9 officiel, l\u2019institution d\u00e9plore les affrontements r\u00e9p\u00e9t\u00e9s entre \u00e9tudiants et forces de l\u2019ordre, qui ont gravement perturb\u00e9 le fonctionnement du principal campus universitaire du pays.<\/p>\n<p data-start=\"650\" data-end=\"838\">La CNDH, dirig\u00e9 par Mme Amsatou Sow Sidib\u00e9, professeure de Droit, rappelle que l\u2019espace universitaire doit rester <em>\u00ab un lieu d\u00e9di\u00e9 \u00e0 l\u2019enseignement, \u00e0 la recherche et \u00e0 la r\u00e9flexion \u00bb<\/em>, et exhorte l\u2019ensemble des acteurs \u00e0 faire preuve de retenue.<\/p>\n<p data-start=\"840\" data-end=\"1103\">Elle appelle les parties prenantes \u2014 \u00e9tudiants, autorit\u00e9s universitaires, enseignants, personnel administratif et pouvoirs publics \u2014 \u00e0 <em>\u00ab privil\u00e9gier le dialogue comme seul moyen durable de r\u00e9soudre les diff\u00e9rends dans le respect des droits et devoirs de chacun \u00bb.<\/em><\/p>\n<p data-start=\"1105\" data-end=\"1371\">L\u2019institution invite par ailleurs les autorit\u00e9s comp\u00e9tentes \u00e0 adopter des <em>\u00ab mesures pacifiques \u00bb<\/em> dans la gestion des revendications \u00e9tudiantes, tout en veillant \u00e0 <em>\u00ab la pr\u00e9servation de leur int\u00e9grit\u00e9 physique et morale \u00bb<\/em> et au respect de leurs libert\u00e9s fondamentales.<\/p>\n<p data-start=\"1373\" data-end=\"1518\">Aux \u00e9tudiants, la Commission recommande d\u2019exprimer leurs revendications <em>\u00ab de mani\u00e8re pacifique \u00bb<\/em>, conform\u00e9ment aux lois et r\u00e8glements en vigueur.<\/p>\n<p data-start=\"1520\" data-end=\"1814\">Rappelant que le droit \u00e0 l\u2019\u00e9ducation est un droit fondamental n\u00e9cessitant <em>\u00ab un environnement serein, s\u00e9curisant et respectueux de la dignit\u00e9 humaine \u00bb<\/em>, la CNDH r\u00e9affirme sa disponibilit\u00e9 \u00e0 accompagner toute initiative de m\u00e9diation susceptible de favoriser une sortie de crise rapide et durable.<\/p>\n<p data-start=\"1816\" data-end=\"1925\" data-is-last-node=\"\" data-is-only-node=\"\">Elle r\u00e9it\u00e8re enfin son engagement \u00e0 \u0153uvrer pour une universit\u00e9 \u00ab apais\u00e9e, inclusive et ouverte au dialogue \u00bb.<\/p>\n<\/div>\n<\/div>\n<\/div>\n<\/div>\n<div class=\"z-0 flex min-h-[46px] justify-start\"><\/div>\n<div class=\"mt-3 w-full empty:hidden\">\n<div class=\"text-center\"><\/div>\n<\/div>\n<\/div>\n<\/div>\n<\/article>\n<div class=\"pointer-events-none h-px w-px\" aria-hidden=\"true\" data-edge=\"true\"><\/div>\n<div class='share-to-whatsapp-wrapper'><div class='share-on-whsp'>PARTAGER SUR : <\/div><a data-text='CRISE A L\u2019UCAD - La Commission des droits de l\u2019homme exprime de vives inqui\u00e9tudes et appelle au dialogue' data-link='https:\/\/www.nettali.com\/2025\/12\/04\/crise-a-lucad-la-commission-des-droits-de-lhomme-exprime-de-vives-inquietudes-et-appelle-au-dialogue\/' class='whatsapp-button whatsapp-share'>WhatsApp<\/a><div class='clear '><\/div><\/div>","protected":false},"excerpt":{"rendered":"<p>NETTALI.COM - La Commission Nationale des Droits de l\u2019Homme du S\u00e9n\u00e9gal (CNDH) a exprim\u00e9 ce mercredi 3 d\u00e9cembre 2025 sa \u00ab profonde inqui\u00e9tude \u00bb face aux violentes tensions qui secouent l\u2019Universit\u00e9 Cheikh Anta Diop de Dakar depuis plusieurs jours. Dans un communiqu\u00e9 officiel, l\u2019institution d\u00e9plore les affrontements r\u00e9p\u00e9t\u00e9s entre \u00e9tudiants et forces de l\u2019ordre, qui [&hellip;]<\/p>\n","protected":false},"author":4,"featured_media":165787,"comment_status":"open","ping_status":"open","sticky":false,"template":"","format":"standard","meta":{"_et_pb_use_builder":"","_et_pb_old_content":""},"categories":[3],"tags":[],"yoast_head":"<!-- This site is optimized with the Yoast SEO Premium plugin v17.8 (Yoast SEO v17.8) - https:\/\/yoast.com\/wordpress\/plugins\/seo\/ -->\n<title>CRISE A L\u2019UCAD - La Commission des droits de l\u2019homme exprime de vives inqui\u00e9tudes et appelle au dialogue | Nettali.com<\/title>\n<meta name=\"robots\" content=\"index, follow, max-snippet:-1, max-image-preview:large, max-video-preview:-1\" \/>\n<link rel=\"canonical\" href=\"https:\/\/www.nettali.com\/2025\/12\/04\/crise-a-lucad-la-commission-des-droits-de-lhomme-exprime-de-vives-inquietudes-et-appelle-au-dialogue\/\" \/>\n<meta property=\"og:locale\" content=\"fr_FR\" \/>\n<meta property=\"og:type\" content=\"article\" \/>\n<meta property=\"og:title\" content=\"CRISE A L\u2019UCAD - La Commission des droits de l\u2019homme exprime de vives inqui\u00e9tudes et appelle au dialogue\" \/>\n<meta property=\"og:description\" content=\"NETTALI.COM - La Commission Nationale des Droits de l\u2019Homme du S\u00e9n\u00e9gal (CNDH) a exprim\u00e9 ce mercredi 3 d\u00e9cembre 2025 sa \u00ab profonde inqui\u00e9tude \u00bb face aux violentes tensions qui secouent l\u2019Universit\u00e9 Cheikh Anta Diop de Dakar depuis plusieurs jours. Dans un communiqu\u00e9 officiel, l\u2019institution d\u00e9plore les affrontements r\u00e9p\u00e9t\u00e9s entre \u00e9tudiants et forces de l\u2019ordre, qui [&hellip;]\" \/>\n<meta property=\"og:url\" content=\"https:\/\/www.nettali.com\/2025\/12\/04\/crise-a-lucad-la-commission-des-droits-de-lhomme-exprime-de-vives-inquietudes-et-appelle-au-dialogue\/\" \/>\n<meta property=\"og:site_name\" content=\"Nettali.com\" \/>\n<meta property=\"article:publisher\" content=\"https:\/\/www.facebook.com\/nettalicom\" \/>\n<meta property=\"article:published_time\" content=\"2025-12-04T08:46:01+00:00\" \/>\n<meta property=\"og:image\" content=\"https:\/\/www.nettali.com\/wp-content\/uploads\/2025\/12\/Amsatou-Sow-Sidibe\u0301-1.png\" \/>\n\t<meta property=\"og:image:width\" content=\"947\" \/>\n\t<meta property=\"og:image:height\" content=\"577\" \/>\n<meta name=\"twitter:card\" content=\"summary_large_image\" \/>\n<meta name=\"twitter:label1\" content=\"\u00c9crit par\" \/>\n\t<meta name=\"twitter:data1\" content=\"Daouda\" \/>\n\t<meta name=\"twitter:label2\" content=\"Dur\u00e9e de lecture estim\u00e9e\" \/>\n\t<meta name=\"twitter:data2\" content=\"2 minutes\" \/>\n<script type=\"application\/ld+json\" class=\"yoast-schema-graph\">{\"@context\":\"https:\/\/schema.org\",\"@graph\":[{\"@type\":\"WebSite\",\"@id\":\"https:\/\/www.nettali.com\/#website\",\"url\":\"https:\/\/www.nettali.com\/\",\"name\":\"Nettali.com\",\"description\":\"Le rendez-vous critique du Net\",\"potentialAction\":[{\"@type\":\"SearchAction\",\"target\":{\"@type\":\"EntryPoint\",\"urlTemplate\":\"https:\/\/www.nettali.com\/?s={search_term_string}\"},\"query-input\":\"required name=search_term_string\"}],\"inLanguage\":\"fr-FR\"},{\"@type\":\"ImageObject\",\"@id\":\"https:\/\/www.nettali.com\/2025\/12\/04\/crise-a-lucad-la-commission-des-droits-de-lhomme-exprime-de-vives-inquietudes-et-appelle-au-dialogue\/#primaryimage\",\"inLanguage\":\"fr-FR\",\"url\":\"https:\/\/www.nettali.com\/wp-content\/uploads\/2025\/12\/Amsatou-Sow-Sidibe\\u0301-1.png\",\"contentUrl\":\"https:\/\/www.nettali.com\/wp-content\/uploads\/2025\/12\/Amsatou-Sow-Sidibe\\u0301-1.png\",\"width\":947,\"height\":577},{\"@type\":\"WebPage\",\"@id\":\"https:\/\/www.nettali.com\/2025\/12\/04\/crise-a-lucad-la-commission-des-droits-de-lhomme-exprime-de-vives-inquietudes-et-appelle-au-dialogue\/#webpage\",\"url\":\"https:\/\/www.nettali.com\/2025\/12\/04\/crise-a-lucad-la-commission-des-droits-de-lhomme-exprime-de-vives-inquietudes-et-appelle-au-dialogue\/\",\"name\":\"CRISE A L\\u2019UCAD - La Commission des droits de l\\u2019homme exprime de vives inqui\\u00e9tudes et appelle au dialogue | Nettali.com\",\"isPartOf\":{\"@id\":\"https:\/\/www.nettali.com\/#website\"},\"primaryImageOfPage\":{\"@id\":\"https:\/\/www.nettali.com\/2025\/12\/04\/crise-a-lucad-la-commission-des-droits-de-lhomme-exprime-de-vives-inquietudes-et-appelle-au-dialogue\/#primaryimage\"},\"datePublished\":\"2025-12-04T08:46:01+00:00\",\"dateModified\":\"2025-12-04T08:46:01+00:00\",\"author\":{\"@id\":\"https:\/\/www.nettali.com\/#\/schema\/person\/3317e0bb3aa1da309fbf7b2780901bf4\"},\"breadcrumb\":{\"@id\":\"https:\/\/www.nettali.com\/2025\/12\/04\/crise-a-lucad-la-commission-des-droits-de-lhomme-exprime-de-vives-inquietudes-et-appelle-au-dialogue\/#breadcrumb\"},\"inLanguage\":\"fr-FR\",\"potentialAction\":[{\"@type\":\"ReadAction\",\"target\":[\"https:\/\/www.nettali.com\/2025\/12\/04\/crise-a-lucad-la-commission-des-droits-de-lhomme-exprime-de-vives-inquietudes-et-appelle-au-dialogue\/\"]}]},{\"@type\":\"BreadcrumbList\",\"@id\":\"https:\/\/www.nettali.com\/2025\/12\/04\/crise-a-lucad-la-commission-des-droits-de-lhomme-exprime-de-vives-inquietudes-et-appelle-au-dialogue\/#breadcrumb\",\"itemListElement\":[{\"@type\":\"ListItem\",\"position\":1,\"name\":\"Accueil\",\"item\":\"https:\/\/www.nettali.com\/\"},{\"@type\":\"ListItem\",\"position\":2,\"name\":\"CRISE A L\\u2019UCAD - La Commission des droits de l\\u2019homme exprime de vives inqui\\u00e9tudes et appelle au dialogue\"}]},{\"@type\":\"Person\",\"@id\":\"https:\/\/www.nettali.com\/#\/schema\/person\/3317e0bb3aa1da309fbf7b2780901bf4\",\"name\":\"Daouda\",\"image\":{\"@type\":\"ImageObject\",\"@id\":\"https:\/\/www.nettali.com\/#personlogo\",\"inLanguage\":\"fr-FR\",\"url\":\"https:\/\/secure.gravatar.com\/avatar\/8d143b5a49345098ddcfee1c49c2f47c?s=96&d=mm&r=g\",\"contentUrl\":\"https:\/\/secure.gravatar.com\/avatar\/8d143b5a49345098ddcfee1c49c2f47c?s=96&d=mm&r=g\",\"caption\":\"Daouda\"},\"sameAs\":[\"https:\/\/www.nettali.com\"]}]}<\/script>\n<!-- \/ Yoast SEO Premium plugin. -->","yoast_head_json":{"title":"CRISE A L\u2019UCAD - La Commission des droits de l\u2019homme exprime de vives inqui\u00e9tudes et appelle au dialogue | Nettali.com","robots":{"index":"index","follow":"follow","max-snippet":"max-snippet:-1","max-image-preview":"max-image-preview:large","max-video-preview":"max-video-preview:-1"},"canonical":"https:\/\/www.nettali.com\/2025\/12\/04\/crise-a-lucad-la-commission-des-droits-de-lhomme-exprime-de-vives-inquietudes-et-appelle-au-dialogue\/","og_locale":"fr_FR","og_type":"article","og_title":"CRISE A L\u2019UCAD - La Commission des droits de l\u2019homme exprime de vives inqui\u00e9tudes et appelle au dialogue","og_description":"NETTALI.COM - La Commission Nationale des Droits de l\u2019Homme du S\u00e9n\u00e9gal (CNDH) a exprim\u00e9 ce mercredi 3 d\u00e9cembre 2025 sa \u00ab profonde inqui\u00e9tude \u00bb face aux violentes tensions qui secouent l\u2019Universit\u00e9 Cheikh Anta Diop de Dakar depuis plusieurs jours. Dans un communiqu\u00e9 officiel, l\u2019institution d\u00e9plore les affrontements r\u00e9p\u00e9t\u00e9s entre \u00e9tudiants et forces de l\u2019ordre, qui [&hellip;]","og_url":"https:\/\/www.nettali.com\/2025\/12\/04\/crise-a-lucad-la-commission-des-droits-de-lhomme-exprime-de-vives-inquietudes-et-appelle-au-dialogue\/","og_site_name":"Nettali.com","article_publisher":"https:\/\/www.facebook.com\/nettalicom","article_published_time":"2025-12-04T08:46:01+00:00","og_image":[{"width":947,"height":577,"url":"https:\/\/www.nettali.com\/wp-content\/uploads\/2025\/12\/Amsatou-Sow-Sidibe\u0301-1.png","type":"image\/png"}],"twitter_card":"summary_large_image","twitter_misc":{"\u00c9crit par":"Daouda","Dur\u00e9e de lecture estim\u00e9e":"2 minutes"},"schema":{"@context":"https:\/\/schema.org","@graph":[{"@type":"WebSite","@id":"https:\/\/www.nettali.com\/#website","url":"https:\/\/www.nettali.com\/","name":"Nettali.com","description":"Le rendez-vous critique du Net","potentialAction":[{"@type":"SearchAction","target":{"@type":"EntryPoint","urlTemplate":"https:\/\/www.nettali.com\/?s={search_term_string}"},"query-input":"required name=search_term_string"}],"inLanguage":"fr-FR"},{"@type":"ImageObject","@id":"https:\/\/www.nettali.com\/2025\/12\/04\/crise-a-lucad-la-commission-des-droits-de-lhomme-exprime-de-vives-inquietudes-et-appelle-au-dialogue\/#primaryimage","inLanguage":"fr-FR","url":"https:\/\/www.nettali.com\/wp-content\/uploads\/2025\/12\/Amsatou-Sow-Sidibe\u0301-1.png","contentUrl":"https:\/\/www.nettali.com\/wp-content\/uploads\/2025\/12\/Amsatou-Sow-Sidibe\u0301-1.png","width":947,"height":577},{"@type":"WebPage","@id":"https:\/\/www.nettali.com\/2025\/12\/04\/crise-a-lucad-la-commission-des-droits-de-lhomme-exprime-de-vives-inquietudes-et-appelle-au-dialogue\/#webpage","url":"https:\/\/www.nettali.com\/2025\/12\/04\/crise-a-lucad-la-commission-des-droits-de-lhomme-exprime-de-vives-inquietudes-et-appelle-au-dialogue\/","name":"CRISE A L\u2019UCAD - La Commission des droits de l\u2019homme exprime de vives inqui\u00e9tudes et appelle au dialogue | Nettali.com","isPartOf":{"@id":"https:\/\/www.nettali.com\/#website"},"primaryImageOfPage":{"@id":"https:\/\/www.nettali.com\/2025\/12\/04\/crise-a-lucad-la-commission-des-droits-de-lhomme-exprime-de-vives-inquietudes-et-appelle-au-dialogue\/#primaryimage"},"datePublished":"2025-12-04T08:46:01+00:00","dateModified":"2025-12-04T08:46:01+00:00","author":{"@id":"https:\/\/www.nettali.com\/#\/schema\/person\/3317e0bb3aa1da309fbf7b2780901bf4"},"breadcrumb":{"@id":"https:\/\/www.nettali.com\/2025\/12\/04\/crise-a-lucad-la-commission-des-droits-de-lhomme-exprime-de-vives-inquietudes-et-appelle-au-dialogue\/#breadcrumb"},"inLanguage":"fr-FR","potentialAction":[{"@type":"ReadAction","target":["https:\/\/www.nettali.com\/2025\/12\/04\/crise-a-lucad-la-commission-des-droits-de-lhomme-exprime-de-vives-inquietudes-et-appelle-au-dialogue\/"]}]},{"@type":"BreadcrumbList","@id":"https:\/\/www.nettali.com\/2025\/12\/04\/crise-a-lucad-la-commission-des-droits-de-lhomme-exprime-de-vives-inquietudes-et-appelle-au-dialogue\/#breadcrumb","itemListElement":[{"@type":"ListItem","position":1,"name":"Accueil","item":"https:\/\/www.nettali.com\/"},{"@type":"ListItem","position":2,"name":"CRISE A L\u2019UCAD - La Commission des droits de l\u2019homme exprime de vives inqui\u00e9tudes et appelle au dialogue"}]},{"@type":"Person","@id":"https:\/\/www.nettali.com\/#\/schema\/person\/3317e0bb3aa1da309fbf7b2780901bf4","name":"Daouda","image":{"@type":"ImageObject","@id":"https:\/\/www.nettali.com\/#personlogo","inLanguage":"fr-FR","url":"https:\/\/secure.gravatar.com\/avatar\/8d143b5a49345098ddcfee1c49c2f47c?s=96&d=mm&r=g","contentUrl":"https:\/\/secure.gravatar.com\/avatar\/8d143b5a49345098ddcfee1c49c2f47c?s=96&d=mm&r=g","caption":"Daouda"},"sameAs":["https:\/\/www.nettali.com"]}]}},"_links":{"self":[{"href":"https:\/\/www.nettali.com\/rest\/wp\/v2\/posts\/165777"}],"collection":[{"href":"https:\/\/www.nettali.com\/rest\/wp\/v2\/posts"}],"about":[{"href":"https:\/\/www.nettali.com\/rest\/wp\/v2\/types\/post"}],"author":[{"embeddable":true,"href":"https:\/\/www.nettali.com\/rest\/wp\/v2\/users\/4"}],"replies":[{"embeddable":true,"href":"https:\/\/www.nettali.com\/rest\/wp\/v2\/comments?post=165777"}],"version-history":[{"count":1,"href":"https:\/\/www.nettali.com\/rest\/wp\/v2\/posts\/165777\/revisions"}],"predecessor-version":[{"id":165788,"href":"https:\/\/www.nettali.com\/rest\/wp\/v2\/posts\/165777\/revisions\/165788"}],"wp:featuredmedia":[{"embeddable":true,"href":"https:\/\/www.nettali.com\/rest\/wp\/v2\/media\/165787"}],"wp:attachment":[{"href":"https:\/\/www.nettali.com\/rest\/wp\/v2\/media?parent=165777"}],"wp:term":[{"taxonomy":"category","embeddable":true,"href":"https:\/\/www.nettali.com\/rest\/wp\/v2\/categories?post=165777"},{"taxonomy":"post_tag","embeddable":true,"href":"https:\/\/www.nettali.com\/rest\/wp\/v2\/tags?post=165777"}],"curies":[{"name":"wp","href":"https:\/\/api.w.org\/{rel}","templated":true}]}}