{"id":165765,"date":"2025-12-04T07:29:53","date_gmt":"2025-12-04T07:29:53","guid":{"rendered":"https:\/\/www.nettali.com\/?p=165765"},"modified":"2025-12-05T06:52:51","modified_gmt":"2025-12-05T06:52:51","slug":"budget-du-ministere-de-lenvironnement-cheikh-bara-ndiaye-sattaque-violemment-au-ministre-abdourahmane-diouf","status":"publish","type":"post","link":"https:\/\/www.nettali.com\/2025\/12\/04\/budget-du-ministere-de-lenvironnement-cheikh-bara-ndiaye-sattaque-violemment-au-ministre-abdourahmane-diouf\/","title":{"rendered":"BUDGET DU MINIST\u00c8RE DE L\u2019ENVIRONNEMENT : Cheikh Bara Ndiaye s\u2019attaque violemment au ministre Abdourahmane Diouf"},"content":{"rendered":"<p><strong>NETTALI.COM - L\u2019examen du budget du minist\u00e8re de l\u2019Environnement a \u00e9t\u00e9 marqu\u00e9, mardi, par une intervention particuli\u00e8rement acerbe du d\u00e9put\u00e9 Cheikh Bara Ndiaye. Face au ministre Abdourahmane Diouf, le parlementaire a exprim\u00e9 une profonde d\u00e9ception m\u00eal\u00e9e de reproches politiques, n\u2019h\u00e9sitant pas \u00e0 remettre en question leur relation personnelle.<\/strong><\/p>\n<p>D\u00e8s l\u2019entame de sa prise de parole, Cheikh Bara Ndiaye a rappel\u00e9 les liens amicaux qui l\u2019unissaient au ministre : <em>\u00ab Vous \u00eates un ami pour qui j\u2019ai beaucoup d\u2019estime. Vous m\u2019aviez offert une valise de livres que vous avez \u00e9crits vous-m\u00eame ; je les ai conserv\u00e9s pr\u00e9cieusement. Mais aujourd\u2019hui, j\u2019envisage de vous les rendre \u00bb<\/em>, a-t-il lanc\u00e9, sur un ton amer.<\/p>\n<p>Affirmant ne pas \u00eatre le seul \u00e0 nourrir des griefs, il a ajout\u00e9 : <em>\u00ab Tous ceux qui sont dans la salle sont en col\u00e8re contre toi. \u00bb<\/em><\/p>\n<p>Le d\u00e9put\u00e9 a ensuite inscrit son intervention dans un cadre politique plus large, \u00e9voquant l\u2019autorit\u00e9 du Premier ministre Ousmane Sonko.<br \/>\nSelon lui, ce dernier leur aurait express\u00e9ment demand\u00e9 de ne pas laisser \u00e9clater leur col\u00e8re : <em>\u00ab On ne peut lui refuser cela. C\u2019est sa parole et sa cr\u00e9dibilit\u00e9 qui ont fait de nous des d\u00e9put\u00e9s, et de Bassirou Diomaye Faye un chef d\u2019\u00c9tat. \u00bb<\/em><\/p>\n<p>Cheikh Bara Ndiaye accuse Abdourahmane Diouf de ne pas accorder au Premier ministre le respect qui lui est d\u00fb : <em>\u00ab Si vous ne le respectez pas, nous ne pouvons pas vous appr\u00e9cier. Ousmane Sonko n\u2019est pas une marionnette. Si vous voulez cheminer avec lui, appliquez ses instructions \u00e0 la lettre. \u00bb<\/em><\/p>\n<p>Il a m\u00eame \u00e9tendu cet avertissement aux plus hautes autorit\u00e9s : <em>\u00ab Cela concerne m\u00eame le Pr\u00e9sident Faye. \u00bb<\/em><\/p>\n<p>Le parlementaire affirme avoir soutenu la nomination d\u2019Abdourahmane Diouf au gouvernement, mais dit d\u00e9sormais se sentir trahi : <em>\u00ab Je croyais qu\u2019avec ton exp\u00e9rience, tu pouvais jouer les bons offices entre le Premier ministre et le Pr\u00e9sident. Quand on m\u2019a dit que tu joues plut\u00f4t les catalyseurs, j\u2019ai honte. \u00bb <\/em>Il a par ailleurs mis en garde le ministre contre les d\u00e9rives de la pratique politique : <em>\u00ab Que la politique ne te pousse pas \u00e0 faire des actes indignes du fils d\u2019imam que tu es. \u00bb<\/em><\/p>\n<p>Le d\u00e9put\u00e9 a conclu en pointant la responsabilit\u00e9 du ministre dans la crise qui secoue actuellement l\u2019Universit\u00e9 Cheikh Anta Diop : <em>\u00ab Si tu avais bien travaill\u00e9, nous ne ferions pas face \u00e0 la crise universitaire d\u2019aujourd\u2019hui. C\u2019est votre \u0153uvre. \u00bb<\/em><\/p>\n<p>Sa sortie, particuli\u00e8rement virulente, a suscit\u00e9 une vive r\u00e9action dans l\u2019h\u00e9micycle, accueillie par des applaudissements de certains d\u00e9put\u00e9s.<\/p>\n<p>Avant de terminer, Cheikh Bara Ndiaye a rappel\u00e9 son engagement personnel dans le combat politique : <em>\u00ab Si tu savais ce qu\u2019on a endur\u00e9 pour que tu puisses te pr\u00e9valoir ministre\u2026 Moi, j\u2019ai fait de la prison. Et n\u2019e\u00fbt \u00e9t\u00e9 le projet Pastef, je pouvais ne pas aller au Tribunal. \u00bb<\/em><\/p>\n<p>&nbsp;<\/p>\n<div class='share-to-whatsapp-wrapper'><div class='share-on-whsp'>PARTAGER SUR : <\/div><a data-text='BUDGET DU MINIST\u00c8RE DE L\u2019ENVIRONNEMENT : Cheikh Bara Ndiaye s\u2019attaque violemment au ministre Abdourahmane Diouf' data-link='https:\/\/www.nettali.com\/2025\/12\/04\/budget-du-ministere-de-lenvironnement-cheikh-bara-ndiaye-sattaque-violemment-au-ministre-abdourahmane-diouf\/' class='whatsapp-button whatsapp-share'>WhatsApp<\/a><div class='clear '><\/div><\/div>","protected":false},"excerpt":{"rendered":"<p>NETTALI.COM - L\u2019examen du budget du minist\u00e8re de l\u2019Environnement a \u00e9t\u00e9 marqu\u00e9, mardi, par une intervention particuli\u00e8rement acerbe du d\u00e9put\u00e9 Cheikh Bara Ndiaye. Face au ministre Abdourahmane Diouf, le parlementaire a exprim\u00e9 une profonde d\u00e9ception m\u00eal\u00e9e de reproches politiques, n\u2019h\u00e9sitant pas \u00e0 remettre en question leur relation personnelle. D\u00e8s l\u2019entame de sa prise de parole, [&hellip;]<\/p>\n","protected":false},"author":4,"featured_media":165767,"comment_status":"open","ping_status":"open","sticky":false,"template":"","format":"standard","meta":{"_et_pb_use_builder":"","_et_pb_old_content":""},"categories":[2],"tags":[],"yoast_head":"<!-- This site is optimized with the Yoast SEO Premium plugin v17.8 (Yoast SEO v17.8) - https:\/\/yoast.com\/wordpress\/plugins\/seo\/ -->\n<title>BUDGET DU MINIST\u00c8RE DE L\u2019ENVIRONNEMENT : Cheikh Bara Ndiaye s\u2019attaque violemment au ministre Abdourahmane Diouf | Nettali.com<\/title>\n<meta name=\"robots\" content=\"index, follow, max-snippet:-1, max-image-preview:large, max-video-preview:-1\" \/>\n<link rel=\"canonical\" href=\"https:\/\/www.nettali.com\/2025\/12\/04\/budget-du-ministere-de-lenvironnement-cheikh-bara-ndiaye-sattaque-violemment-au-ministre-abdourahmane-diouf\/\" \/>\n<meta property=\"og:locale\" content=\"fr_FR\" \/>\n<meta property=\"og:type\" content=\"article\" \/>\n<meta property=\"og:title\" content=\"BUDGET DU MINIST\u00c8RE DE L\u2019ENVIRONNEMENT : Cheikh Bara Ndiaye s\u2019attaque violemment au ministre Abdourahmane Diouf\" \/>\n<meta property=\"og:description\" content=\"NETTALI.COM - L\u2019examen du budget du minist\u00e8re de l\u2019Environnement a \u00e9t\u00e9 marqu\u00e9, mardi, par une intervention particuli\u00e8rement acerbe du d\u00e9put\u00e9 Cheikh Bara Ndiaye. Face au ministre Abdourahmane Diouf, le parlementaire a exprim\u00e9 une profonde d\u00e9ception m\u00eal\u00e9e de reproches politiques, n\u2019h\u00e9sitant pas \u00e0 remettre en question leur relation personnelle. D\u00e8s l\u2019entame de sa prise de parole, [&hellip;]\" \/>\n<meta property=\"og:url\" content=\"https:\/\/www.nettali.com\/2025\/12\/04\/budget-du-ministere-de-lenvironnement-cheikh-bara-ndiaye-sattaque-violemment-au-ministre-abdourahmane-diouf\/\" \/>\n<meta property=\"og:site_name\" content=\"Nettali.com\" \/>\n<meta property=\"article:publisher\" content=\"https:\/\/www.facebook.com\/nettalicom\" \/>\n<meta property=\"article:published_time\" content=\"2025-12-04T07:29:53+00:00\" \/>\n<meta property=\"article:modified_time\" content=\"2025-12-05T06:52:51+00:00\" \/>\n<meta property=\"og:image\" content=\"https:\/\/www.nettali.com\/wp-content\/uploads\/2025\/12\/Cheikh-Bara-Ndiaye-.png\" \/>\n\t<meta property=\"og:image:width\" content=\"781\" \/>\n\t<meta property=\"og:image:height\" content=\"488\" \/>\n<meta name=\"twitter:card\" content=\"summary_large_image\" \/>\n<meta name=\"twitter:label1\" content=\"\u00c9crit par\" \/>\n\t<meta name=\"twitter:data1\" content=\"Daouda\" \/>\n\t<meta name=\"twitter:label2\" content=\"Dur\u00e9e de lecture estim\u00e9e\" \/>\n\t<meta name=\"twitter:data2\" content=\"3 minutes\" \/>\n<script type=\"application\/ld+json\" class=\"yoast-schema-graph\">{\"@context\":\"https:\/\/schema.org\",\"@graph\":[{\"@type\":\"WebSite\",\"@id\":\"https:\/\/www.nettali.com\/#website\",\"url\":\"https:\/\/www.nettali.com\/\",\"name\":\"Nettali.com\",\"description\":\"Le rendez-vous critique du Net\",\"potentialAction\":[{\"@type\":\"SearchAction\",\"target\":{\"@type\":\"EntryPoint\",\"urlTemplate\":\"https:\/\/www.nettali.com\/?s={search_term_string}\"},\"query-input\":\"required name=search_term_string\"}],\"inLanguage\":\"fr-FR\"},{\"@type\":\"ImageObject\",\"@id\":\"https:\/\/www.nettali.com\/2025\/12\/04\/budget-du-ministere-de-lenvironnement-cheikh-bara-ndiaye-sattaque-violemment-au-ministre-abdourahmane-diouf\/#primaryimage\",\"inLanguage\":\"fr-FR\",\"url\":\"https:\/\/www.nettali.com\/wp-content\/uploads\/2025\/12\/Cheikh-Bara-Ndiaye-.png\",\"contentUrl\":\"https:\/\/www.nettali.com\/wp-content\/uploads\/2025\/12\/Cheikh-Bara-Ndiaye-.png\",\"width\":781,\"height\":488},{\"@type\":\"WebPage\",\"@id\":\"https:\/\/www.nettali.com\/2025\/12\/04\/budget-du-ministere-de-lenvironnement-cheikh-bara-ndiaye-sattaque-violemment-au-ministre-abdourahmane-diouf\/#webpage\",\"url\":\"https:\/\/www.nettali.com\/2025\/12\/04\/budget-du-ministere-de-lenvironnement-cheikh-bara-ndiaye-sattaque-violemment-au-ministre-abdourahmane-diouf\/\",\"name\":\"BUDGET DU MINIST\\u00c8RE DE L\\u2019ENVIRONNEMENT : Cheikh Bara Ndiaye s\\u2019attaque violemment au ministre Abdourahmane Diouf | Nettali.com\",\"isPartOf\":{\"@id\":\"https:\/\/www.nettali.com\/#website\"},\"primaryImageOfPage\":{\"@id\":\"https:\/\/www.nettali.com\/2025\/12\/04\/budget-du-ministere-de-lenvironnement-cheikh-bara-ndiaye-sattaque-violemment-au-ministre-abdourahmane-diouf\/#primaryimage\"},\"datePublished\":\"2025-12-04T07:29:53+00:00\",\"dateModified\":\"2025-12-05T06:52:51+00:00\",\"author\":{\"@id\":\"https:\/\/www.nettali.com\/#\/schema\/person\/3317e0bb3aa1da309fbf7b2780901bf4\"},\"breadcrumb\":{\"@id\":\"https:\/\/www.nettali.com\/2025\/12\/04\/budget-du-ministere-de-lenvironnement-cheikh-bara-ndiaye-sattaque-violemment-au-ministre-abdourahmane-diouf\/#breadcrumb\"},\"inLanguage\":\"fr-FR\",\"potentialAction\":[{\"@type\":\"ReadAction\",\"target\":[\"https:\/\/www.nettali.com\/2025\/12\/04\/budget-du-ministere-de-lenvironnement-cheikh-bara-ndiaye-sattaque-violemment-au-ministre-abdourahmane-diouf\/\"]}]},{\"@type\":\"BreadcrumbList\",\"@id\":\"https:\/\/www.nettali.com\/2025\/12\/04\/budget-du-ministere-de-lenvironnement-cheikh-bara-ndiaye-sattaque-violemment-au-ministre-abdourahmane-diouf\/#breadcrumb\",\"itemListElement\":[{\"@type\":\"ListItem\",\"position\":1,\"name\":\"Accueil\",\"item\":\"https:\/\/www.nettali.com\/\"},{\"@type\":\"ListItem\",\"position\":2,\"name\":\"BUDGET DU MINIST\\u00c8RE DE L\\u2019ENVIRONNEMENT : Cheikh Bara Ndiaye s\\u2019attaque violemment au ministre Abdourahmane Diouf\"}]},{\"@type\":\"Person\",\"@id\":\"https:\/\/www.nettali.com\/#\/schema\/person\/3317e0bb3aa1da309fbf7b2780901bf4\",\"name\":\"Daouda\",\"image\":{\"@type\":\"ImageObject\",\"@id\":\"https:\/\/www.nettali.com\/#personlogo\",\"inLanguage\":\"fr-FR\",\"url\":\"https:\/\/secure.gravatar.com\/avatar\/8d143b5a49345098ddcfee1c49c2f47c?s=96&d=mm&r=g\",\"contentUrl\":\"https:\/\/secure.gravatar.com\/avatar\/8d143b5a49345098ddcfee1c49c2f47c?s=96&d=mm&r=g\",\"caption\":\"Daouda\"},\"sameAs\":[\"https:\/\/www.nettali.com\"]}]}<\/script>\n<!-- \/ Yoast SEO Premium plugin. -->","yoast_head_json":{"title":"BUDGET DU MINIST\u00c8RE DE L\u2019ENVIRONNEMENT : Cheikh Bara Ndiaye s\u2019attaque violemment au ministre Abdourahmane Diouf | Nettali.com","robots":{"index":"index","follow":"follow","max-snippet":"max-snippet:-1","max-image-preview":"max-image-preview:large","max-video-preview":"max-video-preview:-1"},"canonical":"https:\/\/www.nettali.com\/2025\/12\/04\/budget-du-ministere-de-lenvironnement-cheikh-bara-ndiaye-sattaque-violemment-au-ministre-abdourahmane-diouf\/","og_locale":"fr_FR","og_type":"article","og_title":"BUDGET DU MINIST\u00c8RE DE L\u2019ENVIRONNEMENT : Cheikh Bara Ndiaye s\u2019attaque violemment au ministre Abdourahmane Diouf","og_description":"NETTALI.COM - L\u2019examen du budget du minist\u00e8re de l\u2019Environnement a \u00e9t\u00e9 marqu\u00e9, mardi, par une intervention particuli\u00e8rement acerbe du d\u00e9put\u00e9 Cheikh Bara Ndiaye. Face au ministre Abdourahmane Diouf, le parlementaire a exprim\u00e9 une profonde d\u00e9ception m\u00eal\u00e9e de reproches politiques, n\u2019h\u00e9sitant pas \u00e0 remettre en question leur relation personnelle. D\u00e8s l\u2019entame de sa prise de parole, [&hellip;]","og_url":"https:\/\/www.nettali.com\/2025\/12\/04\/budget-du-ministere-de-lenvironnement-cheikh-bara-ndiaye-sattaque-violemment-au-ministre-abdourahmane-diouf\/","og_site_name":"Nettali.com","article_publisher":"https:\/\/www.facebook.com\/nettalicom","article_published_time":"2025-12-04T07:29:53+00:00","article_modified_time":"2025-12-05T06:52:51+00:00","og_image":[{"width":781,"height":488,"url":"https:\/\/www.nettali.com\/wp-content\/uploads\/2025\/12\/Cheikh-Bara-Ndiaye-.png","type":"image\/png"}],"twitter_card":"summary_large_image","twitter_misc":{"\u00c9crit par":"Daouda","Dur\u00e9e de lecture estim\u00e9e":"3 minutes"},"schema":{"@context":"https:\/\/schema.org","@graph":[{"@type":"WebSite","@id":"https:\/\/www.nettali.com\/#website","url":"https:\/\/www.nettali.com\/","name":"Nettali.com","description":"Le rendez-vous critique du Net","potentialAction":[{"@type":"SearchAction","target":{"@type":"EntryPoint","urlTemplate":"https:\/\/www.nettali.com\/?s={search_term_string}"},"query-input":"required name=search_term_string"}],"inLanguage":"fr-FR"},{"@type":"ImageObject","@id":"https:\/\/www.nettali.com\/2025\/12\/04\/budget-du-ministere-de-lenvironnement-cheikh-bara-ndiaye-sattaque-violemment-au-ministre-abdourahmane-diouf\/#primaryimage","inLanguage":"fr-FR","url":"https:\/\/www.nettali.com\/wp-content\/uploads\/2025\/12\/Cheikh-Bara-Ndiaye-.png","contentUrl":"https:\/\/www.nettali.com\/wp-content\/uploads\/2025\/12\/Cheikh-Bara-Ndiaye-.png","width":781,"height":488},{"@type":"WebPage","@id":"https:\/\/www.nettali.com\/2025\/12\/04\/budget-du-ministere-de-lenvironnement-cheikh-bara-ndiaye-sattaque-violemment-au-ministre-abdourahmane-diouf\/#webpage","url":"https:\/\/www.nettali.com\/2025\/12\/04\/budget-du-ministere-de-lenvironnement-cheikh-bara-ndiaye-sattaque-violemment-au-ministre-abdourahmane-diouf\/","name":"BUDGET DU MINIST\u00c8RE DE L\u2019ENVIRONNEMENT : Cheikh Bara Ndiaye s\u2019attaque violemment au ministre Abdourahmane Diouf | Nettali.com","isPartOf":{"@id":"https:\/\/www.nettali.com\/#website"},"primaryImageOfPage":{"@id":"https:\/\/www.nettali.com\/2025\/12\/04\/budget-du-ministere-de-lenvironnement-cheikh-bara-ndiaye-sattaque-violemment-au-ministre-abdourahmane-diouf\/#primaryimage"},"datePublished":"2025-12-04T07:29:53+00:00","dateModified":"2025-12-05T06:52:51+00:00","author":{"@id":"https:\/\/www.nettali.com\/#\/schema\/person\/3317e0bb3aa1da309fbf7b2780901bf4"},"breadcrumb":{"@id":"https:\/\/www.nettali.com\/2025\/12\/04\/budget-du-ministere-de-lenvironnement-cheikh-bara-ndiaye-sattaque-violemment-au-ministre-abdourahmane-diouf\/#breadcrumb"},"inLanguage":"fr-FR","potentialAction":[{"@type":"ReadAction","target":["https:\/\/www.nettali.com\/2025\/12\/04\/budget-du-ministere-de-lenvironnement-cheikh-bara-ndiaye-sattaque-violemment-au-ministre-abdourahmane-diouf\/"]}]},{"@type":"BreadcrumbList","@id":"https:\/\/www.nettali.com\/2025\/12\/04\/budget-du-ministere-de-lenvironnement-cheikh-bara-ndiaye-sattaque-violemment-au-ministre-abdourahmane-diouf\/#breadcrumb","itemListElement":[{"@type":"ListItem","position":1,"name":"Accueil","item":"https:\/\/www.nettali.com\/"},{"@type":"ListItem","position":2,"name":"BUDGET DU MINIST\u00c8RE DE L\u2019ENVIRONNEMENT : Cheikh Bara Ndiaye s\u2019attaque violemment au ministre Abdourahmane Diouf"}]},{"@type":"Person","@id":"https:\/\/www.nettali.com\/#\/schema\/person\/3317e0bb3aa1da309fbf7b2780901bf4","name":"Daouda","image":{"@type":"ImageObject","@id":"https:\/\/www.nettali.com\/#personlogo","inLanguage":"fr-FR","url":"https:\/\/secure.gravatar.com\/avatar\/8d143b5a49345098ddcfee1c49c2f47c?s=96&d=mm&r=g","contentUrl":"https:\/\/secure.gravatar.com\/avatar\/8d143b5a49345098ddcfee1c49c2f47c?s=96&d=mm&r=g","caption":"Daouda"},"sameAs":["https:\/\/www.nettali.com"]}]}},"_links":{"self":[{"href":"https:\/\/www.nettali.com\/rest\/wp\/v2\/posts\/165765"}],"collection":[{"href":"https:\/\/www.nettali.com\/rest\/wp\/v2\/posts"}],"about":[{"href":"https:\/\/www.nettali.com\/rest\/wp\/v2\/types\/post"}],"author":[{"embeddable":true,"href":"https:\/\/www.nettali.com\/rest\/wp\/v2\/users\/4"}],"replies":[{"embeddable":true,"href":"https:\/\/www.nettali.com\/rest\/wp\/v2\/comments?post=165765"}],"version-history":[{"count":1,"href":"https:\/\/www.nettali.com\/rest\/wp\/v2\/posts\/165765\/revisions"}],"predecessor-version":[{"id":165769,"href":"https:\/\/www.nettali.com\/rest\/wp\/v2\/posts\/165765\/revisions\/165769"}],"wp:featuredmedia":[{"embeddable":true,"href":"https:\/\/www.nettali.com\/rest\/wp\/v2\/media\/165767"}],"wp:attachment":[{"href":"https:\/\/www.nettali.com\/rest\/wp\/v2\/media?parent=165765"}],"wp:term":[{"taxonomy":"category","embeddable":true,"href":"https:\/\/www.nettali.com\/rest\/wp\/v2\/categories?post=165765"},{"taxonomy":"post_tag","embeddable":true,"href":"https:\/\/www.nettali.com\/rest\/wp\/v2\/tags?post=165765"}],"curies":[{"name":"wp","href":"https:\/\/api.w.org\/{rel}","templated":true}]}}