{"id":165761,"date":"2025-12-04T07:11:28","date_gmt":"2025-12-04T07:11:28","guid":{"rendered":"https:\/\/www.nettali.com\/?p=165761"},"modified":"2025-12-04T07:11:28","modified_gmt":"2025-12-04T07:11:28","slug":"affaire-badara-gadiaga-la-chambre-daccusation-examine-ce-mercredi-lappel-du-parquet","status":"publish","type":"post","link":"https:\/\/www.nettali.com\/2025\/12\/04\/affaire-badara-gadiaga-la-chambre-daccusation-examine-ce-mercredi-lappel-du-parquet\/","title":{"rendered":"AFFAIRE BADARA GADIAGA -\u00a0 La Chambre d\u2019accusation examine ce mercredi l\u2019appel du parquet"},"content":{"rendered":"<p data-start=\"174\" data-end=\"503\"><strong>NETTALI.COM - Badara Gadiaga, plac\u00e9 sous mandat de d\u00e9p\u00f4t puis lib\u00e9r\u00e9 par le juge d\u2019instruction dans le cadre de la proc\u00e9dure ouverte contre lui, se retrouve de nouveau face \u00e0 la justice. Le parquet a en effet interjet\u00e9 appel de l\u2019ordonnance du magistrat instructeur, estimant que les conditions de sa remise en libert\u00e9 ne sont pas r\u00e9unies.<\/strong><\/p>\n<p data-start=\"505\" data-end=\"753\">Ce mercredi, la Chambre d\u2019accusation de la Cour d\u2019appel de Dakar examine le recours du minist\u00e8re public. Elle d\u00e9cidera soit de confirmer l\u2019ordonnance de mise en libert\u00e9, soit de revenir dessus et d\u2019ordonner une nouvelle mesure privative de libert\u00e9.<\/p>\n<p data-start=\"755\" data-end=\"948\">L\u2019audience est particuli\u00e8rement attendue, compte tenu de la m\u00e9diatisation de l\u2019affaire et de la d\u00e9termination du parquet \u00e0 obtenir un renforcement des mesures judiciaires contre Badara Gadiaga.<\/p>\n<p data-start=\"950\" data-end=\"1210\">Les avocats de la d\u00e9fense se disent confiants, rappelant que <em>\u00ab le juge d\u2019instruction a motiv\u00e9 sa d\u00e9cision apr\u00e8s un examen approfondi du dossier \u00bb<\/em>. Le parquet, lui, estime que la lib\u00e9ration est pr\u00e9matur\u00e9e au regard des faits reproch\u00e9s et de l\u2019\u00e9tat de l\u2019enqu\u00eate.<\/p>\n<p data-start=\"1212\" data-end=\"1296\" data-is-last-node=\"\" data-is-only-node=\"\">La d\u00e9cision de la Chambre d\u2019accusation devrait \u00eatre rendue dans les prochains jours.<\/p>\n<div class='share-to-whatsapp-wrapper'><div class='share-on-whsp'>PARTAGER SUR : <\/div><a data-text='AFFAIRE BADARA GADIAGA -\u00a0 La Chambre d\u2019accusation examine ce mercredi l\u2019appel du parquet' data-link='https:\/\/www.nettali.com\/2025\/12\/04\/affaire-badara-gadiaga-la-chambre-daccusation-examine-ce-mercredi-lappel-du-parquet\/' class='whatsapp-button whatsapp-share'>WhatsApp<\/a><div class='clear '><\/div><\/div>","protected":false},"excerpt":{"rendered":"<p>NETTALI.COM - Badara Gadiaga, plac\u00e9 sous mandat de d\u00e9p\u00f4t puis lib\u00e9r\u00e9 par le juge d\u2019instruction dans le cadre de la proc\u00e9dure ouverte contre lui, se retrouve de nouveau face \u00e0 la justice. Le parquet a en effet interjet\u00e9 appel de l\u2019ordonnance du magistrat instructeur, estimant que les conditions de sa remise en libert\u00e9 ne sont [&hellip;]<\/p>\n","protected":false},"author":4,"featured_media":157407,"comment_status":"open","ping_status":"open","sticky":false,"template":"","format":"standard","meta":{"_et_pb_use_builder":"","_et_pb_old_content":""},"categories":[3],"tags":[],"yoast_head":"<!-- This site is optimized with the Yoast SEO Premium plugin v17.8 (Yoast SEO v17.8) - https:\/\/yoast.com\/wordpress\/plugins\/seo\/ -->\n<title>AFFAIRE BADARA GADIAGA -\u00a0 La Chambre d\u2019accusation examine ce mercredi l\u2019appel du parquet | Nettali.com<\/title>\n<meta name=\"robots\" content=\"index, follow, max-snippet:-1, max-image-preview:large, max-video-preview:-1\" \/>\n<link rel=\"canonical\" href=\"https:\/\/www.nettali.com\/2025\/12\/04\/affaire-badara-gadiaga-la-chambre-daccusation-examine-ce-mercredi-lappel-du-parquet\/\" \/>\n<meta property=\"og:locale\" content=\"fr_FR\" \/>\n<meta property=\"og:type\" content=\"article\" \/>\n<meta property=\"og:title\" content=\"AFFAIRE BADARA GADIAGA -\u00a0 La Chambre d\u2019accusation examine ce mercredi l\u2019appel du parquet\" \/>\n<meta property=\"og:description\" content=\"NETTALI.COM - Badara Gadiaga, plac\u00e9 sous mandat de d\u00e9p\u00f4t puis lib\u00e9r\u00e9 par le juge d\u2019instruction dans le cadre de la proc\u00e9dure ouverte contre lui, se retrouve de nouveau face \u00e0 la justice. Le parquet a en effet interjet\u00e9 appel de l\u2019ordonnance du magistrat instructeur, estimant que les conditions de sa remise en libert\u00e9 ne sont [&hellip;]\" \/>\n<meta property=\"og:url\" content=\"https:\/\/www.nettali.com\/2025\/12\/04\/affaire-badara-gadiaga-la-chambre-daccusation-examine-ce-mercredi-lappel-du-parquet\/\" \/>\n<meta property=\"og:site_name\" content=\"Nettali.com\" \/>\n<meta property=\"article:publisher\" content=\"https:\/\/www.facebook.com\/nettalicom\" \/>\n<meta property=\"article:published_time\" content=\"2025-12-04T07:11:28+00:00\" \/>\n<meta property=\"og:image\" content=\"https:\/\/www.nettali.com\/wp-content\/uploads\/2025\/07\/Badara-Gadiaga-2-e1752258692760.jpg\" \/>\n\t<meta property=\"og:image:width\" content=\"727\" \/>\n\t<meta property=\"og:image:height\" content=\"492\" \/>\n<meta name=\"twitter:card\" content=\"summary_large_image\" \/>\n<meta name=\"twitter:label1\" content=\"\u00c9crit par\" \/>\n\t<meta name=\"twitter:data1\" content=\"Daouda\" \/>\n\t<meta name=\"twitter:label2\" content=\"Dur\u00e9e de lecture estim\u00e9e\" \/>\n\t<meta name=\"twitter:data2\" content=\"1 minute\" \/>\n<script type=\"application\/ld+json\" class=\"yoast-schema-graph\">{\"@context\":\"https:\/\/schema.org\",\"@graph\":[{\"@type\":\"WebSite\",\"@id\":\"https:\/\/www.nettali.com\/#website\",\"url\":\"https:\/\/www.nettali.com\/\",\"name\":\"Nettali.com\",\"description\":\"Le rendez-vous critique du Net\",\"potentialAction\":[{\"@type\":\"SearchAction\",\"target\":{\"@type\":\"EntryPoint\",\"urlTemplate\":\"https:\/\/www.nettali.com\/?s={search_term_string}\"},\"query-input\":\"required name=search_term_string\"}],\"inLanguage\":\"fr-FR\"},{\"@type\":\"ImageObject\",\"@id\":\"https:\/\/www.nettali.com\/2025\/12\/04\/affaire-badara-gadiaga-la-chambre-daccusation-examine-ce-mercredi-lappel-du-parquet\/#primaryimage\",\"inLanguage\":\"fr-FR\",\"url\":\"https:\/\/www.nettali.com\/wp-content\/uploads\/2025\/07\/Badara-Gadiaga-2-e1752258692760.jpg\",\"contentUrl\":\"https:\/\/www.nettali.com\/wp-content\/uploads\/2025\/07\/Badara-Gadiaga-2-e1752258692760.jpg\",\"width\":727,\"height\":492},{\"@type\":\"WebPage\",\"@id\":\"https:\/\/www.nettali.com\/2025\/12\/04\/affaire-badara-gadiaga-la-chambre-daccusation-examine-ce-mercredi-lappel-du-parquet\/#webpage\",\"url\":\"https:\/\/www.nettali.com\/2025\/12\/04\/affaire-badara-gadiaga-la-chambre-daccusation-examine-ce-mercredi-lappel-du-parquet\/\",\"name\":\"AFFAIRE BADARA GADIAGA -\\u00a0 La Chambre d\\u2019accusation examine ce mercredi l\\u2019appel du parquet | Nettali.com\",\"isPartOf\":{\"@id\":\"https:\/\/www.nettali.com\/#website\"},\"primaryImageOfPage\":{\"@id\":\"https:\/\/www.nettali.com\/2025\/12\/04\/affaire-badara-gadiaga-la-chambre-daccusation-examine-ce-mercredi-lappel-du-parquet\/#primaryimage\"},\"datePublished\":\"2025-12-04T07:11:28+00:00\",\"dateModified\":\"2025-12-04T07:11:28+00:00\",\"author\":{\"@id\":\"https:\/\/www.nettali.com\/#\/schema\/person\/3317e0bb3aa1da309fbf7b2780901bf4\"},\"breadcrumb\":{\"@id\":\"https:\/\/www.nettali.com\/2025\/12\/04\/affaire-badara-gadiaga-la-chambre-daccusation-examine-ce-mercredi-lappel-du-parquet\/#breadcrumb\"},\"inLanguage\":\"fr-FR\",\"potentialAction\":[{\"@type\":\"ReadAction\",\"target\":[\"https:\/\/www.nettali.com\/2025\/12\/04\/affaire-badara-gadiaga-la-chambre-daccusation-examine-ce-mercredi-lappel-du-parquet\/\"]}]},{\"@type\":\"BreadcrumbList\",\"@id\":\"https:\/\/www.nettali.com\/2025\/12\/04\/affaire-badara-gadiaga-la-chambre-daccusation-examine-ce-mercredi-lappel-du-parquet\/#breadcrumb\",\"itemListElement\":[{\"@type\":\"ListItem\",\"position\":1,\"name\":\"Accueil\",\"item\":\"https:\/\/www.nettali.com\/\"},{\"@type\":\"ListItem\",\"position\":2,\"name\":\"AFFAIRE BADARA GADIAGA -\\u00a0 La Chambre d\\u2019accusation examine ce mercredi l\\u2019appel du parquet\"}]},{\"@type\":\"Person\",\"@id\":\"https:\/\/www.nettali.com\/#\/schema\/person\/3317e0bb3aa1da309fbf7b2780901bf4\",\"name\":\"Daouda\",\"image\":{\"@type\":\"ImageObject\",\"@id\":\"https:\/\/www.nettali.com\/#personlogo\",\"inLanguage\":\"fr-FR\",\"url\":\"https:\/\/secure.gravatar.com\/avatar\/8d143b5a49345098ddcfee1c49c2f47c?s=96&d=mm&r=g\",\"contentUrl\":\"https:\/\/secure.gravatar.com\/avatar\/8d143b5a49345098ddcfee1c49c2f47c?s=96&d=mm&r=g\",\"caption\":\"Daouda\"},\"sameAs\":[\"https:\/\/www.nettali.com\"]}]}<\/script>\n<!-- \/ Yoast SEO Premium plugin. -->","yoast_head_json":{"title":"AFFAIRE BADARA GADIAGA -\u00a0 La Chambre d\u2019accusation examine ce mercredi l\u2019appel du parquet | Nettali.com","robots":{"index":"index","follow":"follow","max-snippet":"max-snippet:-1","max-image-preview":"max-image-preview:large","max-video-preview":"max-video-preview:-1"},"canonical":"https:\/\/www.nettali.com\/2025\/12\/04\/affaire-badara-gadiaga-la-chambre-daccusation-examine-ce-mercredi-lappel-du-parquet\/","og_locale":"fr_FR","og_type":"article","og_title":"AFFAIRE BADARA GADIAGA -\u00a0 La Chambre d\u2019accusation examine ce mercredi l\u2019appel du parquet","og_description":"NETTALI.COM - Badara Gadiaga, plac\u00e9 sous mandat de d\u00e9p\u00f4t puis lib\u00e9r\u00e9 par le juge d\u2019instruction dans le cadre de la proc\u00e9dure ouverte contre lui, se retrouve de nouveau face \u00e0 la justice. Le parquet a en effet interjet\u00e9 appel de l\u2019ordonnance du magistrat instructeur, estimant que les conditions de sa remise en libert\u00e9 ne sont [&hellip;]","og_url":"https:\/\/www.nettali.com\/2025\/12\/04\/affaire-badara-gadiaga-la-chambre-daccusation-examine-ce-mercredi-lappel-du-parquet\/","og_site_name":"Nettali.com","article_publisher":"https:\/\/www.facebook.com\/nettalicom","article_published_time":"2025-12-04T07:11:28+00:00","og_image":[{"width":727,"height":492,"url":"https:\/\/www.nettali.com\/wp-content\/uploads\/2025\/07\/Badara-Gadiaga-2-e1752258692760.jpg","type":"image\/jpeg"}],"twitter_card":"summary_large_image","twitter_misc":{"\u00c9crit par":"Daouda","Dur\u00e9e de lecture estim\u00e9e":"1 minute"},"schema":{"@context":"https:\/\/schema.org","@graph":[{"@type":"WebSite","@id":"https:\/\/www.nettali.com\/#website","url":"https:\/\/www.nettali.com\/","name":"Nettali.com","description":"Le rendez-vous critique du Net","potentialAction":[{"@type":"SearchAction","target":{"@type":"EntryPoint","urlTemplate":"https:\/\/www.nettali.com\/?s={search_term_string}"},"query-input":"required name=search_term_string"}],"inLanguage":"fr-FR"},{"@type":"ImageObject","@id":"https:\/\/www.nettali.com\/2025\/12\/04\/affaire-badara-gadiaga-la-chambre-daccusation-examine-ce-mercredi-lappel-du-parquet\/#primaryimage","inLanguage":"fr-FR","url":"https:\/\/www.nettali.com\/wp-content\/uploads\/2025\/07\/Badara-Gadiaga-2-e1752258692760.jpg","contentUrl":"https:\/\/www.nettali.com\/wp-content\/uploads\/2025\/07\/Badara-Gadiaga-2-e1752258692760.jpg","width":727,"height":492},{"@type":"WebPage","@id":"https:\/\/www.nettali.com\/2025\/12\/04\/affaire-badara-gadiaga-la-chambre-daccusation-examine-ce-mercredi-lappel-du-parquet\/#webpage","url":"https:\/\/www.nettali.com\/2025\/12\/04\/affaire-badara-gadiaga-la-chambre-daccusation-examine-ce-mercredi-lappel-du-parquet\/","name":"AFFAIRE BADARA GADIAGA -\u00a0 La Chambre d\u2019accusation examine ce mercredi l\u2019appel du parquet | Nettali.com","isPartOf":{"@id":"https:\/\/www.nettali.com\/#website"},"primaryImageOfPage":{"@id":"https:\/\/www.nettali.com\/2025\/12\/04\/affaire-badara-gadiaga-la-chambre-daccusation-examine-ce-mercredi-lappel-du-parquet\/#primaryimage"},"datePublished":"2025-12-04T07:11:28+00:00","dateModified":"2025-12-04T07:11:28+00:00","author":{"@id":"https:\/\/www.nettali.com\/#\/schema\/person\/3317e0bb3aa1da309fbf7b2780901bf4"},"breadcrumb":{"@id":"https:\/\/www.nettali.com\/2025\/12\/04\/affaire-badara-gadiaga-la-chambre-daccusation-examine-ce-mercredi-lappel-du-parquet\/#breadcrumb"},"inLanguage":"fr-FR","potentialAction":[{"@type":"ReadAction","target":["https:\/\/www.nettali.com\/2025\/12\/04\/affaire-badara-gadiaga-la-chambre-daccusation-examine-ce-mercredi-lappel-du-parquet\/"]}]},{"@type":"BreadcrumbList","@id":"https:\/\/www.nettali.com\/2025\/12\/04\/affaire-badara-gadiaga-la-chambre-daccusation-examine-ce-mercredi-lappel-du-parquet\/#breadcrumb","itemListElement":[{"@type":"ListItem","position":1,"name":"Accueil","item":"https:\/\/www.nettali.com\/"},{"@type":"ListItem","position":2,"name":"AFFAIRE BADARA GADIAGA -\u00a0 La Chambre d\u2019accusation examine ce mercredi l\u2019appel du parquet"}]},{"@type":"Person","@id":"https:\/\/www.nettali.com\/#\/schema\/person\/3317e0bb3aa1da309fbf7b2780901bf4","name":"Daouda","image":{"@type":"ImageObject","@id":"https:\/\/www.nettali.com\/#personlogo","inLanguage":"fr-FR","url":"https:\/\/secure.gravatar.com\/avatar\/8d143b5a49345098ddcfee1c49c2f47c?s=96&d=mm&r=g","contentUrl":"https:\/\/secure.gravatar.com\/avatar\/8d143b5a49345098ddcfee1c49c2f47c?s=96&d=mm&r=g","caption":"Daouda"},"sameAs":["https:\/\/www.nettali.com"]}]}},"_links":{"self":[{"href":"https:\/\/www.nettali.com\/rest\/wp\/v2\/posts\/165761"}],"collection":[{"href":"https:\/\/www.nettali.com\/rest\/wp\/v2\/posts"}],"about":[{"href":"https:\/\/www.nettali.com\/rest\/wp\/v2\/types\/post"}],"author":[{"embeddable":true,"href":"https:\/\/www.nettali.com\/rest\/wp\/v2\/users\/4"}],"replies":[{"embeddable":true,"href":"https:\/\/www.nettali.com\/rest\/wp\/v2\/comments?post=165761"}],"version-history":[{"count":1,"href":"https:\/\/www.nettali.com\/rest\/wp\/v2\/posts\/165761\/revisions"}],"predecessor-version":[{"id":165764,"href":"https:\/\/www.nettali.com\/rest\/wp\/v2\/posts\/165761\/revisions\/165764"}],"wp:featuredmedia":[{"embeddable":true,"href":"https:\/\/www.nettali.com\/rest\/wp\/v2\/media\/157407"}],"wp:attachment":[{"href":"https:\/\/www.nettali.com\/rest\/wp\/v2\/media?parent=165761"}],"wp:term":[{"taxonomy":"category","embeddable":true,"href":"https:\/\/www.nettali.com\/rest\/wp\/v2\/categories?post=165761"},{"taxonomy":"post_tag","embeddable":true,"href":"https:\/\/www.nettali.com\/rest\/wp\/v2\/tags?post=165761"}],"curies":[{"name":"wp","href":"https:\/\/api.w.org\/{rel}","templated":true}]}}