{"id":165756,"date":"2025-12-04T00:01:50","date_gmt":"2025-12-04T00:01:50","guid":{"rendered":"https:\/\/www.nettali.com\/?p=165756"},"modified":"2025-12-05T06:51:14","modified_gmt":"2025-12-05T06:51:14","slug":"investiture-de-ouattara-bassirou-diomaye-faye-attendu-a-abidjan","status":"publish","type":"post","link":"https:\/\/www.nettali.com\/2025\/12\/04\/investiture-de-ouattara-bassirou-diomaye-faye-attendu-a-abidjan\/","title":{"rendered":"INVESTITURE DE OUATTARA - Bassirou Diomaye Faye attendu \u00e0 Abidjan"},"content":{"rendered":"<p><strong>NETTALI.COM - Bassirou Diomaye Faye sera \u00e0 Abidjan le lundi 8 d\u00e9cembre prochain. Le pr\u00e9sident de la R\u00e9publique en a inform\u00e9 le gouvernement ce mercredi en Conseil des ministres.\u00a0<\/strong><\/p>\n<p>Le Pr\u00e9sident Bassirou Diomaye Faye se rendra \u00e0 Abidjan le 8 d\u00e9cembre prochain. Le chef de l\u2019Etat va ainsi prendre part \u00e0 la c\u00e9r\u00e9monie d'investiture d'Alassane Ouattara fra\u00eechement r\u00e9\u00e9lu pr\u00e9sident de la C\u00f4te d'Ivoire. C'est du moins l'information que le chef de l\u2019Etat a partag\u00e9e avec les membres du gouvernement ce mercredi en Conseil des ministres.<\/p>\n<p>Alassane Ouattara a remport\u00e9 l'\u00e9lection pr\u00e9sidentielle du 25 octobre dernier au premier tour. Il a \u00e9t\u00e9 cr\u00e9dit\u00e9 de 89,77% des suffrages. Il faut toutefois signaler que tous des candidats comme Laurent Gbagbo ou encore Tidiani Thiam ont \u00e9t\u00e9 tout bonnement \u00e9cart\u00e9 de la course.<\/p>\n<div class='share-to-whatsapp-wrapper'><div class='share-on-whsp'>PARTAGER SUR : <\/div><a data-text='INVESTITURE DE OUATTARA - Bassirou Diomaye Faye attendu \u00e0 Abidjan' data-link='https:\/\/www.nettali.com\/2025\/12\/04\/investiture-de-ouattara-bassirou-diomaye-faye-attendu-a-abidjan\/' class='whatsapp-button whatsapp-share'>WhatsApp<\/a><div class='clear '><\/div><\/div>","protected":false},"excerpt":{"rendered":"<p>NETTALI.COM - Bassirou Diomaye Faye sera \u00e0 Abidjan le lundi 8 d\u00e9cembre prochain. Le pr\u00e9sident de la R\u00e9publique en a inform\u00e9 le gouvernement ce mercredi en Conseil des ministres.\u00a0 Le Pr\u00e9sident Bassirou Diomaye Faye se rendra \u00e0 Abidjan le 8 d\u00e9cembre prochain. Le chef de l\u2019Etat va ainsi prendre part \u00e0 la c\u00e9r\u00e9monie d'investiture d'Alassane [&hellip;]<\/p>\n","protected":false},"author":3,"featured_media":165758,"comment_status":"open","ping_status":"open","sticky":false,"template":"","format":"standard","meta":{"_et_pb_use_builder":"","_et_pb_old_content":""},"categories":[2],"tags":[],"yoast_head":"<!-- This site is optimized with the Yoast SEO Premium plugin v17.8 (Yoast SEO v17.8) - https:\/\/yoast.com\/wordpress\/plugins\/seo\/ -->\n<title>INVESTITURE DE OUATTARA - Bassirou Diomaye Faye attendu \u00e0 Abidjan | Nettali.com<\/title>\n<meta name=\"robots\" content=\"index, follow, max-snippet:-1, max-image-preview:large, max-video-preview:-1\" \/>\n<link rel=\"canonical\" href=\"https:\/\/www.nettali.com\/2025\/12\/04\/investiture-de-ouattara-bassirou-diomaye-faye-attendu-a-abidjan\/\" \/>\n<meta property=\"og:locale\" content=\"fr_FR\" \/>\n<meta property=\"og:type\" content=\"article\" \/>\n<meta property=\"og:title\" content=\"INVESTITURE DE OUATTARA - Bassirou Diomaye Faye attendu \u00e0 Abidjan\" \/>\n<meta property=\"og:description\" content=\"NETTALI.COM - Bassirou Diomaye Faye sera \u00e0 Abidjan le lundi 8 d\u00e9cembre prochain. Le pr\u00e9sident de la R\u00e9publique en a inform\u00e9 le gouvernement ce mercredi en Conseil des ministres.\u00a0 Le Pr\u00e9sident Bassirou Diomaye Faye se rendra \u00e0 Abidjan le 8 d\u00e9cembre prochain. Le chef de l\u2019Etat va ainsi prendre part \u00e0 la c\u00e9r\u00e9monie d&#039;investiture d&#039;Alassane [&hellip;]\" \/>\n<meta property=\"og:url\" content=\"https:\/\/www.nettali.com\/2025\/12\/04\/investiture-de-ouattara-bassirou-diomaye-faye-attendu-a-abidjan\/\" \/>\n<meta property=\"og:site_name\" content=\"Nettali.com\" \/>\n<meta property=\"article:publisher\" content=\"https:\/\/www.facebook.com\/nettalicom\" \/>\n<meta property=\"article:published_time\" content=\"2025-12-04T00:01:50+00:00\" \/>\n<meta property=\"article:modified_time\" content=\"2025-12-05T06:51:14+00:00\" \/>\n<meta property=\"og:image\" content=\"https:\/\/www.nettali.com\/wp-content\/uploads\/2025\/12\/Voyage-president-Bassirou-Diomaye-Faye-en-avion.jpeg\" \/>\n\t<meta property=\"og:image:width\" content=\"2048\" \/>\n\t<meta property=\"og:image:height\" content=\"1364\" \/>\n<meta name=\"twitter:card\" content=\"summary_large_image\" \/>\n<meta name=\"twitter:label1\" content=\"\u00c9crit par\" \/>\n\t<meta name=\"twitter:data1\" content=\"Moustapha\" \/>\n\t<meta name=\"twitter:label2\" content=\"Dur\u00e9e de lecture estim\u00e9e\" \/>\n\t<meta name=\"twitter:data2\" content=\"1 minute\" \/>\n<script type=\"application\/ld+json\" class=\"yoast-schema-graph\">{\"@context\":\"https:\/\/schema.org\",\"@graph\":[{\"@type\":\"WebSite\",\"@id\":\"https:\/\/www.nettali.com\/#website\",\"url\":\"https:\/\/www.nettali.com\/\",\"name\":\"Nettali.com\",\"description\":\"Le rendez-vous critique du Net\",\"potentialAction\":[{\"@type\":\"SearchAction\",\"target\":{\"@type\":\"EntryPoint\",\"urlTemplate\":\"https:\/\/www.nettali.com\/?s={search_term_string}\"},\"query-input\":\"required name=search_term_string\"}],\"inLanguage\":\"fr-FR\"},{\"@type\":\"ImageObject\",\"@id\":\"https:\/\/www.nettali.com\/2025\/12\/04\/investiture-de-ouattara-bassirou-diomaye-faye-attendu-a-abidjan\/#primaryimage\",\"inLanguage\":\"fr-FR\",\"url\":\"https:\/\/www.nettali.com\/wp-content\/uploads\/2025\/12\/Voyage-president-Bassirou-Diomaye-Faye-en-avion.jpeg\",\"contentUrl\":\"https:\/\/www.nettali.com\/wp-content\/uploads\/2025\/12\/Voyage-president-Bassirou-Diomaye-Faye-en-avion.jpeg\",\"width\":2048,\"height\":1364},{\"@type\":\"WebPage\",\"@id\":\"https:\/\/www.nettali.com\/2025\/12\/04\/investiture-de-ouattara-bassirou-diomaye-faye-attendu-a-abidjan\/#webpage\",\"url\":\"https:\/\/www.nettali.com\/2025\/12\/04\/investiture-de-ouattara-bassirou-diomaye-faye-attendu-a-abidjan\/\",\"name\":\"INVESTITURE DE OUATTARA - Bassirou Diomaye Faye attendu \\u00e0 Abidjan | Nettali.com\",\"isPartOf\":{\"@id\":\"https:\/\/www.nettali.com\/#website\"},\"primaryImageOfPage\":{\"@id\":\"https:\/\/www.nettali.com\/2025\/12\/04\/investiture-de-ouattara-bassirou-diomaye-faye-attendu-a-abidjan\/#primaryimage\"},\"datePublished\":\"2025-12-04T00:01:50+00:00\",\"dateModified\":\"2025-12-05T06:51:14+00:00\",\"author\":{\"@id\":\"https:\/\/www.nettali.com\/#\/schema\/person\/7962a12a6e0267f88f0ffa544c36469a\"},\"breadcrumb\":{\"@id\":\"https:\/\/www.nettali.com\/2025\/12\/04\/investiture-de-ouattara-bassirou-diomaye-faye-attendu-a-abidjan\/#breadcrumb\"},\"inLanguage\":\"fr-FR\",\"potentialAction\":[{\"@type\":\"ReadAction\",\"target\":[\"https:\/\/www.nettali.com\/2025\/12\/04\/investiture-de-ouattara-bassirou-diomaye-faye-attendu-a-abidjan\/\"]}]},{\"@type\":\"BreadcrumbList\",\"@id\":\"https:\/\/www.nettali.com\/2025\/12\/04\/investiture-de-ouattara-bassirou-diomaye-faye-attendu-a-abidjan\/#breadcrumb\",\"itemListElement\":[{\"@type\":\"ListItem\",\"position\":1,\"name\":\"Accueil\",\"item\":\"https:\/\/www.nettali.com\/\"},{\"@type\":\"ListItem\",\"position\":2,\"name\":\"INVESTITURE DE OUATTARA - Bassirou Diomaye Faye attendu \\u00e0 Abidjan\"}]},{\"@type\":\"Person\",\"@id\":\"https:\/\/www.nettali.com\/#\/schema\/person\/7962a12a6e0267f88f0ffa544c36469a\",\"name\":\"Moustapha\",\"image\":{\"@type\":\"ImageObject\",\"@id\":\"https:\/\/www.nettali.com\/#personlogo\",\"inLanguage\":\"fr-FR\",\"url\":\"https:\/\/secure.gravatar.com\/avatar\/10fdf6a071cccdcf374e3dbe45159590?s=96&d=mm&r=g\",\"contentUrl\":\"https:\/\/secure.gravatar.com\/avatar\/10fdf6a071cccdcf374e3dbe45159590?s=96&d=mm&r=g\",\"caption\":\"Moustapha\"},\"sameAs\":[\"https:\/\/www.nettali.com\"]}]}<\/script>\n<!-- \/ Yoast SEO Premium plugin. -->","yoast_head_json":{"title":"INVESTITURE DE OUATTARA - Bassirou Diomaye Faye attendu \u00e0 Abidjan | Nettali.com","robots":{"index":"index","follow":"follow","max-snippet":"max-snippet:-1","max-image-preview":"max-image-preview:large","max-video-preview":"max-video-preview:-1"},"canonical":"https:\/\/www.nettali.com\/2025\/12\/04\/investiture-de-ouattara-bassirou-diomaye-faye-attendu-a-abidjan\/","og_locale":"fr_FR","og_type":"article","og_title":"INVESTITURE DE OUATTARA - Bassirou Diomaye Faye attendu \u00e0 Abidjan","og_description":"NETTALI.COM - Bassirou Diomaye Faye sera \u00e0 Abidjan le lundi 8 d\u00e9cembre prochain. Le pr\u00e9sident de la R\u00e9publique en a inform\u00e9 le gouvernement ce mercredi en Conseil des ministres.\u00a0 Le Pr\u00e9sident Bassirou Diomaye Faye se rendra \u00e0 Abidjan le 8 d\u00e9cembre prochain. Le chef de l\u2019Etat va ainsi prendre part \u00e0 la c\u00e9r\u00e9monie d'investiture d'Alassane [&hellip;]","og_url":"https:\/\/www.nettali.com\/2025\/12\/04\/investiture-de-ouattara-bassirou-diomaye-faye-attendu-a-abidjan\/","og_site_name":"Nettali.com","article_publisher":"https:\/\/www.facebook.com\/nettalicom","article_published_time":"2025-12-04T00:01:50+00:00","article_modified_time":"2025-12-05T06:51:14+00:00","og_image":[{"width":2048,"height":1364,"url":"https:\/\/www.nettali.com\/wp-content\/uploads\/2025\/12\/Voyage-president-Bassirou-Diomaye-Faye-en-avion.jpeg","type":"image\/jpeg"}],"twitter_card":"summary_large_image","twitter_misc":{"\u00c9crit par":"Moustapha","Dur\u00e9e de lecture estim\u00e9e":"1 minute"},"schema":{"@context":"https:\/\/schema.org","@graph":[{"@type":"WebSite","@id":"https:\/\/www.nettali.com\/#website","url":"https:\/\/www.nettali.com\/","name":"Nettali.com","description":"Le rendez-vous critique du Net","potentialAction":[{"@type":"SearchAction","target":{"@type":"EntryPoint","urlTemplate":"https:\/\/www.nettali.com\/?s={search_term_string}"},"query-input":"required name=search_term_string"}],"inLanguage":"fr-FR"},{"@type":"ImageObject","@id":"https:\/\/www.nettali.com\/2025\/12\/04\/investiture-de-ouattara-bassirou-diomaye-faye-attendu-a-abidjan\/#primaryimage","inLanguage":"fr-FR","url":"https:\/\/www.nettali.com\/wp-content\/uploads\/2025\/12\/Voyage-president-Bassirou-Diomaye-Faye-en-avion.jpeg","contentUrl":"https:\/\/www.nettali.com\/wp-content\/uploads\/2025\/12\/Voyage-president-Bassirou-Diomaye-Faye-en-avion.jpeg","width":2048,"height":1364},{"@type":"WebPage","@id":"https:\/\/www.nettali.com\/2025\/12\/04\/investiture-de-ouattara-bassirou-diomaye-faye-attendu-a-abidjan\/#webpage","url":"https:\/\/www.nettali.com\/2025\/12\/04\/investiture-de-ouattara-bassirou-diomaye-faye-attendu-a-abidjan\/","name":"INVESTITURE DE OUATTARA - Bassirou Diomaye Faye attendu \u00e0 Abidjan | Nettali.com","isPartOf":{"@id":"https:\/\/www.nettali.com\/#website"},"primaryImageOfPage":{"@id":"https:\/\/www.nettali.com\/2025\/12\/04\/investiture-de-ouattara-bassirou-diomaye-faye-attendu-a-abidjan\/#primaryimage"},"datePublished":"2025-12-04T00:01:50+00:00","dateModified":"2025-12-05T06:51:14+00:00","author":{"@id":"https:\/\/www.nettali.com\/#\/schema\/person\/7962a12a6e0267f88f0ffa544c36469a"},"breadcrumb":{"@id":"https:\/\/www.nettali.com\/2025\/12\/04\/investiture-de-ouattara-bassirou-diomaye-faye-attendu-a-abidjan\/#breadcrumb"},"inLanguage":"fr-FR","potentialAction":[{"@type":"ReadAction","target":["https:\/\/www.nettali.com\/2025\/12\/04\/investiture-de-ouattara-bassirou-diomaye-faye-attendu-a-abidjan\/"]}]},{"@type":"BreadcrumbList","@id":"https:\/\/www.nettali.com\/2025\/12\/04\/investiture-de-ouattara-bassirou-diomaye-faye-attendu-a-abidjan\/#breadcrumb","itemListElement":[{"@type":"ListItem","position":1,"name":"Accueil","item":"https:\/\/www.nettali.com\/"},{"@type":"ListItem","position":2,"name":"INVESTITURE DE OUATTARA - Bassirou Diomaye Faye attendu \u00e0 Abidjan"}]},{"@type":"Person","@id":"https:\/\/www.nettali.com\/#\/schema\/person\/7962a12a6e0267f88f0ffa544c36469a","name":"Moustapha","image":{"@type":"ImageObject","@id":"https:\/\/www.nettali.com\/#personlogo","inLanguage":"fr-FR","url":"https:\/\/secure.gravatar.com\/avatar\/10fdf6a071cccdcf374e3dbe45159590?s=96&d=mm&r=g","contentUrl":"https:\/\/secure.gravatar.com\/avatar\/10fdf6a071cccdcf374e3dbe45159590?s=96&d=mm&r=g","caption":"Moustapha"},"sameAs":["https:\/\/www.nettali.com"]}]}},"_links":{"self":[{"href":"https:\/\/www.nettali.com\/rest\/wp\/v2\/posts\/165756"}],"collection":[{"href":"https:\/\/www.nettali.com\/rest\/wp\/v2\/posts"}],"about":[{"href":"https:\/\/www.nettali.com\/rest\/wp\/v2\/types\/post"}],"author":[{"embeddable":true,"href":"https:\/\/www.nettali.com\/rest\/wp\/v2\/users\/3"}],"replies":[{"embeddable":true,"href":"https:\/\/www.nettali.com\/rest\/wp\/v2\/comments?post=165756"}],"version-history":[{"count":2,"href":"https:\/\/www.nettali.com\/rest\/wp\/v2\/posts\/165756\/revisions"}],"predecessor-version":[{"id":165759,"href":"https:\/\/www.nettali.com\/rest\/wp\/v2\/posts\/165756\/revisions\/165759"}],"wp:featuredmedia":[{"embeddable":true,"href":"https:\/\/www.nettali.com\/rest\/wp\/v2\/media\/165758"}],"wp:attachment":[{"href":"https:\/\/www.nettali.com\/rest\/wp\/v2\/media?parent=165756"}],"wp:term":[{"taxonomy":"category","embeddable":true,"href":"https:\/\/www.nettali.com\/rest\/wp\/v2\/categories?post=165756"},{"taxonomy":"post_tag","embeddable":true,"href":"https:\/\/www.nettali.com\/rest\/wp\/v2\/tags?post=165756"}],"curies":[{"name":"wp","href":"https:\/\/api.w.org\/{rel}","templated":true}]}}