{"id":165751,"date":"2025-12-03T23:38:11","date_gmt":"2025-12-03T23:38:11","guid":{"rendered":"https:\/\/www.nettali.com\/?p=165751"},"modified":"2025-12-04T14:09:39","modified_gmt":"2025-12-04T14:09:39","slug":"modernisation-de-ladministration-ce-que-sonko-attend-de-son-gouvernement","status":"publish","type":"post","link":"https:\/\/www.nettali.com\/2025\/12\/03\/modernisation-de-ladministration-ce-que-sonko-attend-de-son-gouvernement\/","title":{"rendered":"MODERNISATION DE L\u2019ADMINISTRATION - Ce que Sonko attend de son gouvernement"},"content":{"rendered":"<p><strong>NETTALI.COM - Le Premier ministre Ousmane Sonko a profit\u00e9 de la r\u00e9union, ce mercredi 3 d\u00e9cembre, du Conseil des ministres pour r\u00e9it\u00e9rer ses orientations pour une r\u00e9organisation des d\u00e9partements minist\u00e9riels et la n\u00e9cessit\u00e9 de passer d'une administration bureaucratique \u00e0 une administration plus moderne.\u00a0<\/strong><\/p>\n<p>\"<em>Consid\u00e9rant l\u2019Administration publique comme un pilier de la conduite du changement, le Premier Ministre a rappel\u00e9 son engagement, \u00e0 l\u2019occasion de sa d\u00e9claration de politique g\u00e9n\u00e9rale, en faveur du passage d\u2019une Administration bureaucratique \u00e0 une Administration moderne et performante<\/em>\", lit-on dans le communiqu\u00e9 sanctionnant la r\u00e9union de ce mercredi du Conseil des ministres.<\/p>\n<p>D'apr\u00e8s la m\u00eame source, Ousmane Sonko\u00a0a fait le point des constatations dans l\u2019organisation et le fonctionnement de l\u2019administration, qui rendent compte de ses limites et insuffisances \u00e0 porter efficacement l\u2019ambition d\u00e9clin\u00e9e dans l\u2019Agenda national de Transformation, S\u00e9n\u00e9gal 2050.<\/p>\n<p>\"<em>Il a notamment \u00e9voqu\u00e9 l\u2019instabilit\u00e9 institutionnelle, la redondance et l\u2019inflation des structures, le chevauchement de missions, les conflits de comp\u00e9tences, la multiplication des centres de d\u00e9cisions, les difficult\u00e9s dans la coordination de l\u2019activit\u00e9 minist\u00e9rielle, le manque de consistance de certaines fonctions essentielles, les diff\u00e9rences notoires dans l\u2019architecture organisationnelle et les conflits de comp\u00e9tences<\/em>\", poursuit le communiqu\u00e9.<\/p>\n<p>Qui renseigne que le Premier ministre a instruit le secr\u00e9taire g\u00e9n\u00e9ral gouvernement, en rapport avec le secr\u00e9taire g\u00e9n\u00e9ral de la Pr\u00e9sidence de la R\u00e9publique, les d\u00e9partements minist\u00e9riels, le Bureau Organisation et M\u00e9thodes et le Contr\u00f4le financier, de prendre en compte les orientations qu\u2019il a d\u00e9gag\u00e9es, dans l\u2019\u00e9laboration des nouveaux d\u00e9crets portant organisation des minist\u00e8res.<\/p>\n<p>\"<em>Le Premier ministre a demand\u00e9, \u00e9galement, au ministre, secr\u00e9taire g\u00e9n\u00e9ral du gouvernement, en rapport avec le ministre de l\u2019Int\u00e9rieur et de la S\u00e9curit\u00e9 publique et le ministre charg\u00e9 des Collectivit\u00e9s territoriales, de lui proposer, d\u2019ici la fin du mois de f\u00e9vrier 2026, un sch\u00e9ma d\u2019organisation de l\u2019administration territoriale, align\u00e9 \u00e0 la Charte de la d\u00e9concentration<\/em>\", indique le communiqu\u00e9 du Conseil des ministres.<\/p>\n<div class='share-to-whatsapp-wrapper'><div class='share-on-whsp'>PARTAGER SUR : <\/div><a data-text='MODERNISATION DE L\u2019ADMINISTRATION - Ce que Sonko attend de son gouvernement' data-link='https:\/\/www.nettali.com\/2025\/12\/03\/modernisation-de-ladministration-ce-que-sonko-attend-de-son-gouvernement\/' class='whatsapp-button whatsapp-share'>WhatsApp<\/a><div class='clear '><\/div><\/div>","protected":false},"excerpt":{"rendered":"<p>NETTALI.COM - Le Premier ministre Ousmane Sonko a profit\u00e9 de la r\u00e9union, ce mercredi 3 d\u00e9cembre, du Conseil des ministres pour r\u00e9it\u00e9rer ses orientations pour une r\u00e9organisation des d\u00e9partements minist\u00e9riels et la n\u00e9cessit\u00e9 de passer d'une administration bureaucratique \u00e0 une administration plus moderne.\u00a0 \"Consid\u00e9rant l\u2019Administration publique comme un pilier de la conduite du changement, le [&hellip;]<\/p>\n","protected":false},"author":3,"featured_media":165754,"comment_status":"open","ping_status":"open","sticky":false,"template":"","format":"standard","meta":{"_et_pb_use_builder":"","_et_pb_old_content":""},"categories":[2],"tags":[],"yoast_head":"<!-- This site is optimized with the Yoast SEO Premium plugin v17.8 (Yoast SEO v17.8) - https:\/\/yoast.com\/wordpress\/plugins\/seo\/ -->\n<title>MODERNISATION DE L\u2019ADMINISTRATION - Ce que Sonko attend de son gouvernement | Nettali.com<\/title>\n<meta name=\"robots\" content=\"index, follow, max-snippet:-1, max-image-preview:large, max-video-preview:-1\" \/>\n<link rel=\"canonical\" href=\"https:\/\/www.nettali.com\/2025\/12\/03\/modernisation-de-ladministration-ce-que-sonko-attend-de-son-gouvernement\/\" \/>\n<meta property=\"og:locale\" content=\"fr_FR\" \/>\n<meta property=\"og:type\" content=\"article\" \/>\n<meta property=\"og:title\" content=\"MODERNISATION DE L\u2019ADMINISTRATION - Ce que Sonko attend de son gouvernement\" \/>\n<meta property=\"og:description\" content=\"NETTALI.COM - Le Premier ministre Ousmane Sonko a profit\u00e9 de la r\u00e9union, ce mercredi 3 d\u00e9cembre, du Conseil des ministres pour r\u00e9it\u00e9rer ses orientations pour une r\u00e9organisation des d\u00e9partements minist\u00e9riels et la n\u00e9cessit\u00e9 de passer d&#039;une administration bureaucratique \u00e0 une administration plus moderne.\u00a0 &quot;Consid\u00e9rant l\u2019Administration publique comme un pilier de la conduite du changement, le [&hellip;]\" \/>\n<meta property=\"og:url\" content=\"https:\/\/www.nettali.com\/2025\/12\/03\/modernisation-de-ladministration-ce-que-sonko-attend-de-son-gouvernement\/\" \/>\n<meta property=\"og:site_name\" content=\"Nettali.com\" \/>\n<meta property=\"article:publisher\" content=\"https:\/\/www.facebook.com\/nettalicom\" \/>\n<meta property=\"article:published_time\" content=\"2025-12-03T23:38:11+00:00\" \/>\n<meta property=\"article:modified_time\" content=\"2025-12-04T14:09:39+00:00\" \/>\n<meta property=\"og:image\" content=\"https:\/\/www.nettali.com\/wp-content\/uploads\/2025\/12\/images-1.jpeg\" \/>\n\t<meta property=\"og:image:width\" content=\"448\" \/>\n\t<meta property=\"og:image:height\" content=\"446\" \/>\n<meta name=\"twitter:card\" content=\"summary_large_image\" \/>\n<meta name=\"twitter:label1\" content=\"\u00c9crit par\" \/>\n\t<meta name=\"twitter:data1\" content=\"Moustapha\" \/>\n\t<meta name=\"twitter:label2\" content=\"Dur\u00e9e de lecture estim\u00e9e\" \/>\n\t<meta name=\"twitter:data2\" content=\"2 minutes\" \/>\n<script type=\"application\/ld+json\" class=\"yoast-schema-graph\">{\"@context\":\"https:\/\/schema.org\",\"@graph\":[{\"@type\":\"WebSite\",\"@id\":\"https:\/\/www.nettali.com\/#website\",\"url\":\"https:\/\/www.nettali.com\/\",\"name\":\"Nettali.com\",\"description\":\"Le rendez-vous critique du Net\",\"potentialAction\":[{\"@type\":\"SearchAction\",\"target\":{\"@type\":\"EntryPoint\",\"urlTemplate\":\"https:\/\/www.nettali.com\/?s={search_term_string}\"},\"query-input\":\"required name=search_term_string\"}],\"inLanguage\":\"fr-FR\"},{\"@type\":\"ImageObject\",\"@id\":\"https:\/\/www.nettali.com\/2025\/12\/03\/modernisation-de-ladministration-ce-que-sonko-attend-de-son-gouvernement\/#primaryimage\",\"inLanguage\":\"fr-FR\",\"url\":\"https:\/\/www.nettali.com\/wp-content\/uploads\/2025\/12\/images-1.jpeg\",\"contentUrl\":\"https:\/\/www.nettali.com\/wp-content\/uploads\/2025\/12\/images-1.jpeg\",\"width\":448,\"height\":446},{\"@type\":\"WebPage\",\"@id\":\"https:\/\/www.nettali.com\/2025\/12\/03\/modernisation-de-ladministration-ce-que-sonko-attend-de-son-gouvernement\/#webpage\",\"url\":\"https:\/\/www.nettali.com\/2025\/12\/03\/modernisation-de-ladministration-ce-que-sonko-attend-de-son-gouvernement\/\",\"name\":\"MODERNISATION DE L\\u2019ADMINISTRATION - Ce que Sonko attend de son gouvernement | Nettali.com\",\"isPartOf\":{\"@id\":\"https:\/\/www.nettali.com\/#website\"},\"primaryImageOfPage\":{\"@id\":\"https:\/\/www.nettali.com\/2025\/12\/03\/modernisation-de-ladministration-ce-que-sonko-attend-de-son-gouvernement\/#primaryimage\"},\"datePublished\":\"2025-12-03T23:38:11+00:00\",\"dateModified\":\"2025-12-04T14:09:39+00:00\",\"author\":{\"@id\":\"https:\/\/www.nettali.com\/#\/schema\/person\/7962a12a6e0267f88f0ffa544c36469a\"},\"breadcrumb\":{\"@id\":\"https:\/\/www.nettali.com\/2025\/12\/03\/modernisation-de-ladministration-ce-que-sonko-attend-de-son-gouvernement\/#breadcrumb\"},\"inLanguage\":\"fr-FR\",\"potentialAction\":[{\"@type\":\"ReadAction\",\"target\":[\"https:\/\/www.nettali.com\/2025\/12\/03\/modernisation-de-ladministration-ce-que-sonko-attend-de-son-gouvernement\/\"]}]},{\"@type\":\"BreadcrumbList\",\"@id\":\"https:\/\/www.nettali.com\/2025\/12\/03\/modernisation-de-ladministration-ce-que-sonko-attend-de-son-gouvernement\/#breadcrumb\",\"itemListElement\":[{\"@type\":\"ListItem\",\"position\":1,\"name\":\"Accueil\",\"item\":\"https:\/\/www.nettali.com\/\"},{\"@type\":\"ListItem\",\"position\":2,\"name\":\"MODERNISATION DE L\\u2019ADMINISTRATION - Ce que Sonko attend de son gouvernement\"}]},{\"@type\":\"Person\",\"@id\":\"https:\/\/www.nettali.com\/#\/schema\/person\/7962a12a6e0267f88f0ffa544c36469a\",\"name\":\"Moustapha\",\"image\":{\"@type\":\"ImageObject\",\"@id\":\"https:\/\/www.nettali.com\/#personlogo\",\"inLanguage\":\"fr-FR\",\"url\":\"https:\/\/secure.gravatar.com\/avatar\/10fdf6a071cccdcf374e3dbe45159590?s=96&d=mm&r=g\",\"contentUrl\":\"https:\/\/secure.gravatar.com\/avatar\/10fdf6a071cccdcf374e3dbe45159590?s=96&d=mm&r=g\",\"caption\":\"Moustapha\"},\"sameAs\":[\"https:\/\/www.nettali.com\"]}]}<\/script>\n<!-- \/ Yoast SEO Premium plugin. -->","yoast_head_json":{"title":"MODERNISATION DE L\u2019ADMINISTRATION - Ce que Sonko attend de son gouvernement | Nettali.com","robots":{"index":"index","follow":"follow","max-snippet":"max-snippet:-1","max-image-preview":"max-image-preview:large","max-video-preview":"max-video-preview:-1"},"canonical":"https:\/\/www.nettali.com\/2025\/12\/03\/modernisation-de-ladministration-ce-que-sonko-attend-de-son-gouvernement\/","og_locale":"fr_FR","og_type":"article","og_title":"MODERNISATION DE L\u2019ADMINISTRATION - Ce que Sonko attend de son gouvernement","og_description":"NETTALI.COM - Le Premier ministre Ousmane Sonko a profit\u00e9 de la r\u00e9union, ce mercredi 3 d\u00e9cembre, du Conseil des ministres pour r\u00e9it\u00e9rer ses orientations pour une r\u00e9organisation des d\u00e9partements minist\u00e9riels et la n\u00e9cessit\u00e9 de passer d'une administration bureaucratique \u00e0 une administration plus moderne.\u00a0 \"Consid\u00e9rant l\u2019Administration publique comme un pilier de la conduite du changement, le [&hellip;]","og_url":"https:\/\/www.nettali.com\/2025\/12\/03\/modernisation-de-ladministration-ce-que-sonko-attend-de-son-gouvernement\/","og_site_name":"Nettali.com","article_publisher":"https:\/\/www.facebook.com\/nettalicom","article_published_time":"2025-12-03T23:38:11+00:00","article_modified_time":"2025-12-04T14:09:39+00:00","og_image":[{"width":448,"height":446,"url":"https:\/\/www.nettali.com\/wp-content\/uploads\/2025\/12\/images-1.jpeg","type":"image\/jpeg"}],"twitter_card":"summary_large_image","twitter_misc":{"\u00c9crit par":"Moustapha","Dur\u00e9e de lecture estim\u00e9e":"2 minutes"},"schema":{"@context":"https:\/\/schema.org","@graph":[{"@type":"WebSite","@id":"https:\/\/www.nettali.com\/#website","url":"https:\/\/www.nettali.com\/","name":"Nettali.com","description":"Le rendez-vous critique du Net","potentialAction":[{"@type":"SearchAction","target":{"@type":"EntryPoint","urlTemplate":"https:\/\/www.nettali.com\/?s={search_term_string}"},"query-input":"required name=search_term_string"}],"inLanguage":"fr-FR"},{"@type":"ImageObject","@id":"https:\/\/www.nettali.com\/2025\/12\/03\/modernisation-de-ladministration-ce-que-sonko-attend-de-son-gouvernement\/#primaryimage","inLanguage":"fr-FR","url":"https:\/\/www.nettali.com\/wp-content\/uploads\/2025\/12\/images-1.jpeg","contentUrl":"https:\/\/www.nettali.com\/wp-content\/uploads\/2025\/12\/images-1.jpeg","width":448,"height":446},{"@type":"WebPage","@id":"https:\/\/www.nettali.com\/2025\/12\/03\/modernisation-de-ladministration-ce-que-sonko-attend-de-son-gouvernement\/#webpage","url":"https:\/\/www.nettali.com\/2025\/12\/03\/modernisation-de-ladministration-ce-que-sonko-attend-de-son-gouvernement\/","name":"MODERNISATION DE L\u2019ADMINISTRATION - Ce que Sonko attend de son gouvernement | Nettali.com","isPartOf":{"@id":"https:\/\/www.nettali.com\/#website"},"primaryImageOfPage":{"@id":"https:\/\/www.nettali.com\/2025\/12\/03\/modernisation-de-ladministration-ce-que-sonko-attend-de-son-gouvernement\/#primaryimage"},"datePublished":"2025-12-03T23:38:11+00:00","dateModified":"2025-12-04T14:09:39+00:00","author":{"@id":"https:\/\/www.nettali.com\/#\/schema\/person\/7962a12a6e0267f88f0ffa544c36469a"},"breadcrumb":{"@id":"https:\/\/www.nettali.com\/2025\/12\/03\/modernisation-de-ladministration-ce-que-sonko-attend-de-son-gouvernement\/#breadcrumb"},"inLanguage":"fr-FR","potentialAction":[{"@type":"ReadAction","target":["https:\/\/www.nettali.com\/2025\/12\/03\/modernisation-de-ladministration-ce-que-sonko-attend-de-son-gouvernement\/"]}]},{"@type":"BreadcrumbList","@id":"https:\/\/www.nettali.com\/2025\/12\/03\/modernisation-de-ladministration-ce-que-sonko-attend-de-son-gouvernement\/#breadcrumb","itemListElement":[{"@type":"ListItem","position":1,"name":"Accueil","item":"https:\/\/www.nettali.com\/"},{"@type":"ListItem","position":2,"name":"MODERNISATION DE L\u2019ADMINISTRATION - Ce que Sonko attend de son gouvernement"}]},{"@type":"Person","@id":"https:\/\/www.nettali.com\/#\/schema\/person\/7962a12a6e0267f88f0ffa544c36469a","name":"Moustapha","image":{"@type":"ImageObject","@id":"https:\/\/www.nettali.com\/#personlogo","inLanguage":"fr-FR","url":"https:\/\/secure.gravatar.com\/avatar\/10fdf6a071cccdcf374e3dbe45159590?s=96&d=mm&r=g","contentUrl":"https:\/\/secure.gravatar.com\/avatar\/10fdf6a071cccdcf374e3dbe45159590?s=96&d=mm&r=g","caption":"Moustapha"},"sameAs":["https:\/\/www.nettali.com"]}]}},"_links":{"self":[{"href":"https:\/\/www.nettali.com\/rest\/wp\/v2\/posts\/165751"}],"collection":[{"href":"https:\/\/www.nettali.com\/rest\/wp\/v2\/posts"}],"about":[{"href":"https:\/\/www.nettali.com\/rest\/wp\/v2\/types\/post"}],"author":[{"embeddable":true,"href":"https:\/\/www.nettali.com\/rest\/wp\/v2\/users\/3"}],"replies":[{"embeddable":true,"href":"https:\/\/www.nettali.com\/rest\/wp\/v2\/comments?post=165751"}],"version-history":[{"count":3,"href":"https:\/\/www.nettali.com\/rest\/wp\/v2\/posts\/165751\/revisions"}],"predecessor-version":[{"id":165763,"href":"https:\/\/www.nettali.com\/rest\/wp\/v2\/posts\/165751\/revisions\/165763"}],"wp:featuredmedia":[{"embeddable":true,"href":"https:\/\/www.nettali.com\/rest\/wp\/v2\/media\/165754"}],"wp:attachment":[{"href":"https:\/\/www.nettali.com\/rest\/wp\/v2\/media?parent=165751"}],"wp:term":[{"taxonomy":"category","embeddable":true,"href":"https:\/\/www.nettali.com\/rest\/wp\/v2\/categories?post=165751"},{"taxonomy":"post_tag","embeddable":true,"href":"https:\/\/www.nettali.com\/rest\/wp\/v2\/tags?post=165751"}],"curies":[{"name":"wp","href":"https:\/\/api.w.org\/{rel}","templated":true}]}}