{"id":165739,"date":"2025-12-04T06:46:06","date_gmt":"2025-12-04T06:46:06","guid":{"rendered":"https:\/\/www.nettali.com\/?p=165739"},"modified":"2025-12-04T06:46:06","modified_gmt":"2025-12-04T06:46:06","slug":"conseil-des-ministres-la-protection-de-la-jeunesse-et-des-personnes-vivant-avec-un-handicap-au-menu","status":"publish","type":"post","link":"https:\/\/www.nettali.com\/2025\/12\/04\/conseil-des-ministres-la-protection-de-la-jeunesse-et-des-personnes-vivant-avec-un-handicap-au-menu\/","title":{"rendered":"CONSEIL DES MINISTRES - La protection de la jeunesse et des personnes vivant avec un handicap au menu"},"content":{"rendered":"<p><strong>NETTALI.COM-Lors du Conseil des ministres, le Chef de l'\u00c9tat a soulign\u00e9 en conseil des ministres, la n\u00e9cessit\u00e9 d'\u00e9valuer l'application int\u00e9grale de la loi d\u2019orientation sociale ainsi que l'efficacit\u00e9 du dispositif de la Carte d\u2019\u00e9galit\u00e9 des chances. Bassirou Diomaye Faye a \u00e9galement appel\u00e9 pour une meilleure protection de la famille et de la jeunesse.<\/strong><\/p>\n<p>A l\u2019instar de la Communaut\u00e9 internationale, le S\u00e9n\u00e9gal a c\u00e9l\u00e9br\u00e9 la journ\u00e9e mondiale des personnes vivant avec un handicap. Profitant du Conseil des ministres, le Pr\u00e9sident a jug\u00e9 essentiel de d\u00e9finir une nouvelle perspective de soutien renforc\u00e9 aux personnes vivant avec un handicap.<\/p>\n<p>Dans cette dynamique, il a engag\u00e9 le Gouvernement \u00e0 mettre en \u0153uvre, \u00e0 partir de l\u2019ann\u00e9e 2026, un Programme national int\u00e9gr\u00e9 de soutien aux personnes vivant avec un handicap.<\/p>\n<p>Le communiqu\u00e9 du gouvernement pr\u00e9cise que ce programme vise \u00e0 asseoir l\u2019inclusion sociale et la solidarit\u00e9 nationale au c\u0153ur de la mise en \u0153uvre des politiques publiques.<\/p>\n<p>Par ailleurs, le Chef de l'\u00c9tat a donn\u00e9 instruction d\u2019accentuer le d\u00e9ploiement de l\u2019ensemble des programmes et projets \u00e0 incidence sociale directe sur l\u2019am\u00e9lioration des conditions de vie des populations. L'objectif est de cibler notamment les groupes les plus vuln\u00e9rables, et en particulier les personnes vivant avec un handicap.<\/p>\n<p><strong>Protection de la famille, des femmes et de la jeunesse<\/strong><\/p>\n<p>Lors de la r\u00e9union hebdomadaire du Gouvernement, la question de la Protection de la famille, des femmes et de la jeunesse a \u00e9t\u00e9 \u00e9galement \u00e9voqu\u00e9e. Le pr\u00e9sident de la R\u00e9publique, a soutenu que la protection de la famille constitue le socle de la stabilit\u00e9 sociale et une mission fondamentale de l\u2019\u00c9tat. Ses directives se concentrent sur le renforcement des dispositifs sociaux, la protection des groupes vuln\u00e9rables et la promotion de l'\u00e9quit\u00e9 de genre.<\/p>\n<p>Le Chef de l'\u00c9tat a soulign\u00e9 la n\u00e9cessit\u00e9 imp\u00e9rieuse de prot\u00e9ger la jeunesse contre les fl\u00e9aux modernes. Il a insist\u00e9 sur l'engagement de l'\u00c9tat et des collectivit\u00e9s publiques pour garantir leur s\u00e9curit\u00e9 et leur bien-\u00eatre, notamment en luttant contre l\u2019exploitation, la drogue et les stup\u00e9fiants, l\u2019abandon moral et la d\u00e9linquance. Le Pr\u00e9sident Diomaye a demand\u00e9 aux minist\u00e8res concern\u00e9s de veiller \u00e0 la sant\u00e9 physique et morale de la famille, avec une attention particuli\u00e8re pour les personnes en situation de handicap, les personnes \u00e2g\u00e9es et les jeunes.<\/p>\n<p><strong>Renforcement des Droits des Femmes et \u00c9quit\u00e9 de Genre<\/strong><\/p>\n<p>Le Pr\u00e9sident a \u00e9galement mis l'accent sur les droits des femmes, insistant sur le droit \u00e0 l\u2019all\u00e8gement des conditions de vie des femmes, en particulier en milieu rural, sur l\u2019am\u00e9lioration de l\u2019acc\u00e8s des filles \u00e0 l\u2019\u00e9cole et sur la protection des femmes et des jeunes filles contre les violences de toute nature. Dans cette optique, le Ministre de la Famille, de l\u2019Action sociale et des Solidarit\u00e9s a re\u00e7u pour instruction d'actualiser la Strat\u00e9gie nationale pour l\u2019\u00c9quit\u00e9 et l\u2019\u00c9galit\u00e9 de Genre (SNEEG). Il lui a \u00e9galement \u00e9t\u00e9 demand\u00e9 d\u2019entreprendre la r\u00e9vision consensuelle du cadre relatif aux missions, \u00e0 l\u2019organisation et au fonctionnement de l\u2019Observatoire national de la Parit\u00e9 (ONP), signalant la volont\u00e9 de rendre cet instrument plus efficace.<\/p>\n<p>Face \u00e0 l\u2019urgence de renforcer le cadre l\u00e9gislatif et r\u00e9glementaire pour la protection des droits des enfants, le Pr\u00e9sident a instruit la mise en place de plusieurs structures cl\u00e9s : l\u2019Observatoire national de Protection des Enfants, l\u2019installation du Conseil consultatif des Jeunes du S\u00e9n\u00e9gal et l\u2019op\u00e9rationnalisation des projets de Maisons de la Jeunesse et de la Citoyennet\u00e9. Ces mesures visent \u00e0 \u00e9tablir des m\u00e9canismes permanents et fonctionnels d\u2019encadrement, de consultation et de protection des jeunes et des enfants, traduisant l'ambition du Pr\u00e9sident Diomaye de faire du capital humain la priorit\u00e9 de sa politique sociale.<\/p>\n<div class='share-to-whatsapp-wrapper'><div class='share-on-whsp'>PARTAGER SUR : <\/div><a data-text='CONSEIL DES MINISTRES - La protection de la jeunesse et des personnes vivant avec un handicap au menu' data-link='https:\/\/www.nettali.com\/2025\/12\/04\/conseil-des-ministres-la-protection-de-la-jeunesse-et-des-personnes-vivant-avec-un-handicap-au-menu\/' class='whatsapp-button whatsapp-share'>WhatsApp<\/a><div class='clear '><\/div><\/div>","protected":false},"excerpt":{"rendered":"<p>NETTALI.COM-Lors du Conseil des ministres, le Chef de l'\u00c9tat a soulign\u00e9 en conseil des ministres, la n\u00e9cessit\u00e9 d'\u00e9valuer l'application int\u00e9grale de la loi d\u2019orientation sociale ainsi que l'efficacit\u00e9 du dispositif de la Carte d\u2019\u00e9galit\u00e9 des chances. Bassirou Diomaye Faye a \u00e9galement appel\u00e9 pour une meilleure protection de la famille et de la jeunesse. A l\u2019instar [&hellip;]<\/p>\n","protected":false},"author":6,"featured_media":158609,"comment_status":"open","ping_status":"open","sticky":false,"template":"","format":"standard","meta":{"_et_pb_use_builder":"","_et_pb_old_content":""},"categories":[3],"tags":[],"yoast_head":"<!-- This site is optimized with the Yoast SEO Premium plugin v17.8 (Yoast SEO v17.8) - https:\/\/yoast.com\/wordpress\/plugins\/seo\/ -->\n<title>CONSEIL DES MINISTRES - La protection de la jeunesse et des personnes vivant avec un handicap au menu | Nettali.com<\/title>\n<meta name=\"robots\" content=\"index, follow, max-snippet:-1, max-image-preview:large, max-video-preview:-1\" \/>\n<link rel=\"canonical\" href=\"https:\/\/www.nettali.com\/2025\/12\/04\/conseil-des-ministres-la-protection-de-la-jeunesse-et-des-personnes-vivant-avec-un-handicap-au-menu\/\" \/>\n<meta property=\"og:locale\" content=\"fr_FR\" \/>\n<meta property=\"og:type\" content=\"article\" \/>\n<meta property=\"og:title\" content=\"CONSEIL DES MINISTRES - La protection de la jeunesse et des personnes vivant avec un handicap au menu\" \/>\n<meta property=\"og:description\" content=\"NETTALI.COM-Lors du Conseil des ministres, le Chef de l&#039;\u00c9tat a soulign\u00e9 en conseil des ministres, la n\u00e9cessit\u00e9 d&#039;\u00e9valuer l&#039;application int\u00e9grale de la loi d\u2019orientation sociale ainsi que l&#039;efficacit\u00e9 du dispositif de la Carte d\u2019\u00e9galit\u00e9 des chances. Bassirou Diomaye Faye a \u00e9galement appel\u00e9 pour une meilleure protection de la famille et de la jeunesse. A l\u2019instar [&hellip;]\" \/>\n<meta property=\"og:url\" content=\"https:\/\/www.nettali.com\/2025\/12\/04\/conseil-des-ministres-la-protection-de-la-jeunesse-et-des-personnes-vivant-avec-un-handicap-au-menu\/\" \/>\n<meta property=\"og:site_name\" content=\"Nettali.com\" \/>\n<meta property=\"article:publisher\" content=\"https:\/\/www.facebook.com\/nettalicom\" \/>\n<meta property=\"article:published_time\" content=\"2025-12-04T06:46:06+00:00\" \/>\n<meta property=\"og:image\" content=\"https:\/\/www.nettali.com\/wp-content\/uploads\/2025\/07\/diomaye-faye-5098-1306934-1.jpg\" \/>\n\t<meta property=\"og:image:width\" content=\"1306\" \/>\n\t<meta property=\"og:image:height\" content=\"934\" \/>\n<meta name=\"twitter:card\" content=\"summary_large_image\" \/>\n<meta name=\"twitter:label1\" content=\"\u00c9crit par\" \/>\n\t<meta name=\"twitter:data1\" content=\"Fatou\" \/>\n\t<meta name=\"twitter:label2\" content=\"Dur\u00e9e de lecture estim\u00e9e\" \/>\n\t<meta name=\"twitter:data2\" content=\"4 minutes\" \/>\n<script type=\"application\/ld+json\" class=\"yoast-schema-graph\">{\"@context\":\"https:\/\/schema.org\",\"@graph\":[{\"@type\":\"WebSite\",\"@id\":\"https:\/\/www.nettali.com\/#website\",\"url\":\"https:\/\/www.nettali.com\/\",\"name\":\"Nettali.com\",\"description\":\"Le rendez-vous critique du Net\",\"potentialAction\":[{\"@type\":\"SearchAction\",\"target\":{\"@type\":\"EntryPoint\",\"urlTemplate\":\"https:\/\/www.nettali.com\/?s={search_term_string}\"},\"query-input\":\"required name=search_term_string\"}],\"inLanguage\":\"fr-FR\"},{\"@type\":\"ImageObject\",\"@id\":\"https:\/\/www.nettali.com\/2025\/12\/04\/conseil-des-ministres-la-protection-de-la-jeunesse-et-des-personnes-vivant-avec-un-handicap-au-menu\/#primaryimage\",\"inLanguage\":\"fr-FR\",\"url\":\"https:\/\/www.nettali.com\/wp-content\/uploads\/2025\/07\/diomaye-faye-5098-1306934-1.jpg\",\"contentUrl\":\"https:\/\/www.nettali.com\/wp-content\/uploads\/2025\/07\/diomaye-faye-5098-1306934-1.jpg\",\"width\":1306,\"height\":934},{\"@type\":\"WebPage\",\"@id\":\"https:\/\/www.nettali.com\/2025\/12\/04\/conseil-des-ministres-la-protection-de-la-jeunesse-et-des-personnes-vivant-avec-un-handicap-au-menu\/#webpage\",\"url\":\"https:\/\/www.nettali.com\/2025\/12\/04\/conseil-des-ministres-la-protection-de-la-jeunesse-et-des-personnes-vivant-avec-un-handicap-au-menu\/\",\"name\":\"CONSEIL DES MINISTRES - La protection de la jeunesse et des personnes vivant avec un handicap au menu | Nettali.com\",\"isPartOf\":{\"@id\":\"https:\/\/www.nettali.com\/#website\"},\"primaryImageOfPage\":{\"@id\":\"https:\/\/www.nettali.com\/2025\/12\/04\/conseil-des-ministres-la-protection-de-la-jeunesse-et-des-personnes-vivant-avec-un-handicap-au-menu\/#primaryimage\"},\"datePublished\":\"2025-12-04T06:46:06+00:00\",\"dateModified\":\"2025-12-04T06:46:06+00:00\",\"author\":{\"@id\":\"https:\/\/www.nettali.com\/#\/schema\/person\/418274a86bdf87caff7a3ef476bd0bbf\"},\"breadcrumb\":{\"@id\":\"https:\/\/www.nettali.com\/2025\/12\/04\/conseil-des-ministres-la-protection-de-la-jeunesse-et-des-personnes-vivant-avec-un-handicap-au-menu\/#breadcrumb\"},\"inLanguage\":\"fr-FR\",\"potentialAction\":[{\"@type\":\"ReadAction\",\"target\":[\"https:\/\/www.nettali.com\/2025\/12\/04\/conseil-des-ministres-la-protection-de-la-jeunesse-et-des-personnes-vivant-avec-un-handicap-au-menu\/\"]}]},{\"@type\":\"BreadcrumbList\",\"@id\":\"https:\/\/www.nettali.com\/2025\/12\/04\/conseil-des-ministres-la-protection-de-la-jeunesse-et-des-personnes-vivant-avec-un-handicap-au-menu\/#breadcrumb\",\"itemListElement\":[{\"@type\":\"ListItem\",\"position\":1,\"name\":\"Accueil\",\"item\":\"https:\/\/www.nettali.com\/\"},{\"@type\":\"ListItem\",\"position\":2,\"name\":\"CONSEIL DES MINISTRES - La protection de la jeunesse et des personnes vivant avec un handicap au menu\"}]},{\"@type\":\"Person\",\"@id\":\"https:\/\/www.nettali.com\/#\/schema\/person\/418274a86bdf87caff7a3ef476bd0bbf\",\"name\":\"Fatou\",\"image\":{\"@type\":\"ImageObject\",\"@id\":\"https:\/\/www.nettali.com\/#personlogo\",\"inLanguage\":\"fr-FR\",\"url\":\"https:\/\/secure.gravatar.com\/avatar\/5a9442a2bee7b4dcf167cab035858e9a?s=96&d=mm&r=g\",\"contentUrl\":\"https:\/\/secure.gravatar.com\/avatar\/5a9442a2bee7b4dcf167cab035858e9a?s=96&d=mm&r=g\",\"caption\":\"Fatou\"},\"sameAs\":[\"https:\/\/www.nettali.com\"]}]}<\/script>\n<!-- \/ Yoast SEO Premium plugin. -->","yoast_head_json":{"title":"CONSEIL DES MINISTRES - La protection de la jeunesse et des personnes vivant avec un handicap au menu | Nettali.com","robots":{"index":"index","follow":"follow","max-snippet":"max-snippet:-1","max-image-preview":"max-image-preview:large","max-video-preview":"max-video-preview:-1"},"canonical":"https:\/\/www.nettali.com\/2025\/12\/04\/conseil-des-ministres-la-protection-de-la-jeunesse-et-des-personnes-vivant-avec-un-handicap-au-menu\/","og_locale":"fr_FR","og_type":"article","og_title":"CONSEIL DES MINISTRES - La protection de la jeunesse et des personnes vivant avec un handicap au menu","og_description":"NETTALI.COM-Lors du Conseil des ministres, le Chef de l'\u00c9tat a soulign\u00e9 en conseil des ministres, la n\u00e9cessit\u00e9 d'\u00e9valuer l'application int\u00e9grale de la loi d\u2019orientation sociale ainsi que l'efficacit\u00e9 du dispositif de la Carte d\u2019\u00e9galit\u00e9 des chances. Bassirou Diomaye Faye a \u00e9galement appel\u00e9 pour une meilleure protection de la famille et de la jeunesse. A l\u2019instar [&hellip;]","og_url":"https:\/\/www.nettali.com\/2025\/12\/04\/conseil-des-ministres-la-protection-de-la-jeunesse-et-des-personnes-vivant-avec-un-handicap-au-menu\/","og_site_name":"Nettali.com","article_publisher":"https:\/\/www.facebook.com\/nettalicom","article_published_time":"2025-12-04T06:46:06+00:00","og_image":[{"width":1306,"height":934,"url":"https:\/\/www.nettali.com\/wp-content\/uploads\/2025\/07\/diomaye-faye-5098-1306934-1.jpg","type":"image\/jpeg"}],"twitter_card":"summary_large_image","twitter_misc":{"\u00c9crit par":"Fatou","Dur\u00e9e de lecture estim\u00e9e":"4 minutes"},"schema":{"@context":"https:\/\/schema.org","@graph":[{"@type":"WebSite","@id":"https:\/\/www.nettali.com\/#website","url":"https:\/\/www.nettali.com\/","name":"Nettali.com","description":"Le rendez-vous critique du Net","potentialAction":[{"@type":"SearchAction","target":{"@type":"EntryPoint","urlTemplate":"https:\/\/www.nettali.com\/?s={search_term_string}"},"query-input":"required name=search_term_string"}],"inLanguage":"fr-FR"},{"@type":"ImageObject","@id":"https:\/\/www.nettali.com\/2025\/12\/04\/conseil-des-ministres-la-protection-de-la-jeunesse-et-des-personnes-vivant-avec-un-handicap-au-menu\/#primaryimage","inLanguage":"fr-FR","url":"https:\/\/www.nettali.com\/wp-content\/uploads\/2025\/07\/diomaye-faye-5098-1306934-1.jpg","contentUrl":"https:\/\/www.nettali.com\/wp-content\/uploads\/2025\/07\/diomaye-faye-5098-1306934-1.jpg","width":1306,"height":934},{"@type":"WebPage","@id":"https:\/\/www.nettali.com\/2025\/12\/04\/conseil-des-ministres-la-protection-de-la-jeunesse-et-des-personnes-vivant-avec-un-handicap-au-menu\/#webpage","url":"https:\/\/www.nettali.com\/2025\/12\/04\/conseil-des-ministres-la-protection-de-la-jeunesse-et-des-personnes-vivant-avec-un-handicap-au-menu\/","name":"CONSEIL DES MINISTRES - La protection de la jeunesse et des personnes vivant avec un handicap au menu | Nettali.com","isPartOf":{"@id":"https:\/\/www.nettali.com\/#website"},"primaryImageOfPage":{"@id":"https:\/\/www.nettali.com\/2025\/12\/04\/conseil-des-ministres-la-protection-de-la-jeunesse-et-des-personnes-vivant-avec-un-handicap-au-menu\/#primaryimage"},"datePublished":"2025-12-04T06:46:06+00:00","dateModified":"2025-12-04T06:46:06+00:00","author":{"@id":"https:\/\/www.nettali.com\/#\/schema\/person\/418274a86bdf87caff7a3ef476bd0bbf"},"breadcrumb":{"@id":"https:\/\/www.nettali.com\/2025\/12\/04\/conseil-des-ministres-la-protection-de-la-jeunesse-et-des-personnes-vivant-avec-un-handicap-au-menu\/#breadcrumb"},"inLanguage":"fr-FR","potentialAction":[{"@type":"ReadAction","target":["https:\/\/www.nettali.com\/2025\/12\/04\/conseil-des-ministres-la-protection-de-la-jeunesse-et-des-personnes-vivant-avec-un-handicap-au-menu\/"]}]},{"@type":"BreadcrumbList","@id":"https:\/\/www.nettali.com\/2025\/12\/04\/conseil-des-ministres-la-protection-de-la-jeunesse-et-des-personnes-vivant-avec-un-handicap-au-menu\/#breadcrumb","itemListElement":[{"@type":"ListItem","position":1,"name":"Accueil","item":"https:\/\/www.nettali.com\/"},{"@type":"ListItem","position":2,"name":"CONSEIL DES MINISTRES - La protection de la jeunesse et des personnes vivant avec un handicap au menu"}]},{"@type":"Person","@id":"https:\/\/www.nettali.com\/#\/schema\/person\/418274a86bdf87caff7a3ef476bd0bbf","name":"Fatou","image":{"@type":"ImageObject","@id":"https:\/\/www.nettali.com\/#personlogo","inLanguage":"fr-FR","url":"https:\/\/secure.gravatar.com\/avatar\/5a9442a2bee7b4dcf167cab035858e9a?s=96&d=mm&r=g","contentUrl":"https:\/\/secure.gravatar.com\/avatar\/5a9442a2bee7b4dcf167cab035858e9a?s=96&d=mm&r=g","caption":"Fatou"},"sameAs":["https:\/\/www.nettali.com"]}]}},"_links":{"self":[{"href":"https:\/\/www.nettali.com\/rest\/wp\/v2\/posts\/165739"}],"collection":[{"href":"https:\/\/www.nettali.com\/rest\/wp\/v2\/posts"}],"about":[{"href":"https:\/\/www.nettali.com\/rest\/wp\/v2\/types\/post"}],"author":[{"embeddable":true,"href":"https:\/\/www.nettali.com\/rest\/wp\/v2\/users\/6"}],"replies":[{"embeddable":true,"href":"https:\/\/www.nettali.com\/rest\/wp\/v2\/comments?post=165739"}],"version-history":[{"count":3,"href":"https:\/\/www.nettali.com\/rest\/wp\/v2\/posts\/165739\/revisions"}],"predecessor-version":[{"id":165760,"href":"https:\/\/www.nettali.com\/rest\/wp\/v2\/posts\/165739\/revisions\/165760"}],"wp:featuredmedia":[{"embeddable":true,"href":"https:\/\/www.nettali.com\/rest\/wp\/v2\/media\/158609"}],"wp:attachment":[{"href":"https:\/\/www.nettali.com\/rest\/wp\/v2\/media?parent=165739"}],"wp:term":[{"taxonomy":"category","embeddable":true,"href":"https:\/\/www.nettali.com\/rest\/wp\/v2\/categories?post=165739"},{"taxonomy":"post_tag","embeddable":true,"href":"https:\/\/www.nettali.com\/rest\/wp\/v2\/tags?post=165739"}],"curies":[{"name":"wp","href":"https:\/\/api.w.org\/{rel}","templated":true}]}}