{"id":165715,"date":"2025-12-03T07:27:56","date_gmt":"2025-12-03T07:27:56","guid":{"rendered":"https:\/\/www.nettali.com\/?p=165715"},"modified":"2025-12-03T07:27:56","modified_gmt":"2025-12-03T07:27:56","slug":"affaire-des-fausses-nouvelles-soya-diagne-enfin-entendu-dans-le-fond-du-dossier","status":"publish","type":"post","link":"https:\/\/www.nettali.com\/2025\/12\/03\/affaire-des-fausses-nouvelles-soya-diagne-enfin-entendu-dans-le-fond-du-dossier\/","title":{"rendered":"AFFAIRE DES FAUSSES NOUVELLES - Soya Diagne enfin entendu dans le fond du dossier"},"content":{"rendered":"<p data-start=\"192\" data-end=\"708\"><strong>NETTALI.COM - Plac\u00e9 sous mandat de d\u00e9p\u00f4t depuis le 16 octobre pour diffusion de fausses nouvelles et discours contraire aux bonnes m\u0153urs, Soya Diagne sera finalement entendu ce mercredi 3 d\u00e9cembre par le juge d\u2019instruction, apr\u00e8s une premi\u00e8re convocation qui avait \u00e9t\u00e9 annul\u00e9e. Cette audition constitue une \u00e9tape cruciale dans une proc\u00e9dure qui implique \u00e9galement d\u2019autres personnes, dont Ousseynou Seck alias Akhenaton sur les r\u00e9seaux sociaux, ainsi qu'un troisi\u00e8me individu utilisant un pseudonyme sur Facebook et X.<\/strong><\/p>\n<p data-start=\"765\" data-end=\"1108\">L\u2019affaire a \u00e9t\u00e9 d\u00e9clench\u00e9e par une auto-saisine du parquet, motiv\u00e9e par la circulation, sur TikTok, d\u2019une vid\u00e9o de 56 secondes dans laquelle une voix accuse une haute personnalit\u00e9 d\u2019un pr\u00e9sum\u00e9 viol sur une ressortissante rwandaise \u00e0 Paris. L'auteur de la vid\u00e9o affirme \u00e9galement qu\u2019Akhenaton aurait connaissance de cette pr\u00e9tendue affaire.<\/p>\n<p data-start=\"1110\" data-end=\"1382\">Interpell\u00e9 sur la vid\u00e9o, Soya Diagne a ni\u00e9 en \u00eatre l\u2019auteur, affirmant l\u2019avoir visionn\u00e9e pour la premi\u00e8re fois devant les enqu\u00eateurs. Il soutient n\u2019entretenir aucune relation avec Akhenaton, qu\u2019il d\u00e9crit comme proche du pouvoir, alors que lui-m\u00eame se r\u00e9clame de l\u2019APR.<\/p>\n<p data-start=\"1445\" data-end=\"1749\">Les enqu\u00eateurs se sont \u00e9galement int\u00e9ress\u00e9s \u00e0 plusieurs publications figurant sur la page Facebook de Soya Diagne. L\u2019int\u00e9ress\u00e9 a reconnu avoir partag\u00e9 des captures d\u2019\u00e9cran issues de la page d\u2019Akhenaton, qu\u2019il dit avoir accompagn\u00e9es de commentaires relevant de \u00ab l\u2019humour \u00bb et d\u2019un registre satirique.<\/p>\n<p data-start=\"1751\" data-end=\"2126\">Concernant les allusions \u00e0 un viol suppos\u00e9, Soya Diagne a affirm\u00e9 qu\u2019il s\u2019agissait d\u2019une fiction, assurant n\u2019avoir jamais \u00e9voqu\u00e9 de v\u00e9ritables affaires de m\u0153urs. Sur un passage o\u00f9 il \u00e9crit : <em data-start=\"1946\" data-end=\"2016\">\u00ab Huum bipa k\u00e9ne douffi wakh complot... ll veut \u00e9touffer l\u2019affaire \u00bb<\/em>, il d\u00e9clare que le terme \u00ab viol \u00bb a \u00e9t\u00e9 interpr\u00e9t\u00e9 \u00e0 tort et qu'il faisait en r\u00e9alit\u00e9 r\u00e9f\u00e9rence \u00e0 un \u00ab vol \u00bb.<\/p>\n<p data-start=\"2128\" data-end=\"2300\">Interrog\u00e9 au sujet d\u2019une autre publication \u00e9voquant un passeport diplomatique remis \u00e0 une Rwandaise, il a indiqu\u00e9 qu\u2019il s'agissait une fois de plus d\u2019une simple ironie.<\/p>\n<p data-start=\"2339\" data-end=\"2570\">Avec cette audition au fond, la justice entend clarifier le r\u00f4le exact de Soya Diagne dans la diffusion de contenus jug\u00e9s sensibles ou mensongers, dans un contexte o\u00f9 les fausses informations se multiplient sur les r\u00e9seaux sociaux.<\/p>\n<p data-start=\"2572\" data-end=\"2721\">L\u2019affaire reste suivie de pr\u00e8s, notamment en raison des personnalit\u00e9s indirectement \u00e9voqu\u00e9es et de l\u2019environnement politique sensible qu\u2019elle touche.<\/p>\n<div class='share-to-whatsapp-wrapper'><div class='share-on-whsp'>PARTAGER SUR : <\/div><a data-text='AFFAIRE DES FAUSSES NOUVELLES - Soya Diagne enfin entendu dans le fond du dossier' data-link='https:\/\/www.nettali.com\/2025\/12\/03\/affaire-des-fausses-nouvelles-soya-diagne-enfin-entendu-dans-le-fond-du-dossier\/' class='whatsapp-button whatsapp-share'>WhatsApp<\/a><div class='clear '><\/div><\/div>","protected":false},"excerpt":{"rendered":"<p>NETTALI.COM - Plac\u00e9 sous mandat de d\u00e9p\u00f4t depuis le 16 octobre pour diffusion de fausses nouvelles et discours contraire aux bonnes m\u0153urs, Soya Diagne sera finalement entendu ce mercredi 3 d\u00e9cembre par le juge d\u2019instruction, apr\u00e8s une premi\u00e8re convocation qui avait \u00e9t\u00e9 annul\u00e9e. Cette audition constitue une \u00e9tape cruciale dans une proc\u00e9dure qui implique \u00e9galement [&hellip;]<\/p>\n","protected":false},"author":4,"featured_media":162968,"comment_status":"open","ping_status":"open","sticky":false,"template":"","format":"standard","meta":{"_et_pb_use_builder":"","_et_pb_old_content":""},"categories":[3],"tags":[],"yoast_head":"<!-- This site is optimized with the Yoast SEO Premium plugin v17.8 (Yoast SEO v17.8) - https:\/\/yoast.com\/wordpress\/plugins\/seo\/ -->\n<title>AFFAIRE DES FAUSSES NOUVELLES - Soya Diagne enfin entendu dans le fond du dossier | Nettali.com<\/title>\n<meta name=\"robots\" content=\"index, follow, max-snippet:-1, max-image-preview:large, max-video-preview:-1\" \/>\n<link rel=\"canonical\" href=\"https:\/\/www.nettali.com\/2025\/12\/03\/affaire-des-fausses-nouvelles-soya-diagne-enfin-entendu-dans-le-fond-du-dossier\/\" \/>\n<meta property=\"og:locale\" content=\"fr_FR\" \/>\n<meta property=\"og:type\" content=\"article\" \/>\n<meta property=\"og:title\" content=\"AFFAIRE DES FAUSSES NOUVELLES - Soya Diagne enfin entendu dans le fond du dossier\" \/>\n<meta property=\"og:description\" content=\"NETTALI.COM - Plac\u00e9 sous mandat de d\u00e9p\u00f4t depuis le 16 octobre pour diffusion de fausses nouvelles et discours contraire aux bonnes m\u0153urs, Soya Diagne sera finalement entendu ce mercredi 3 d\u00e9cembre par le juge d\u2019instruction, apr\u00e8s une premi\u00e8re convocation qui avait \u00e9t\u00e9 annul\u00e9e. Cette audition constitue une \u00e9tape cruciale dans une proc\u00e9dure qui implique \u00e9galement [&hellip;]\" \/>\n<meta property=\"og:url\" content=\"https:\/\/www.nettali.com\/2025\/12\/03\/affaire-des-fausses-nouvelles-soya-diagne-enfin-entendu-dans-le-fond-du-dossier\/\" \/>\n<meta property=\"og:site_name\" content=\"Nettali.com\" \/>\n<meta property=\"article:publisher\" content=\"https:\/\/www.facebook.com\/nettalicom\" \/>\n<meta property=\"article:published_time\" content=\"2025-12-03T07:27:56+00:00\" \/>\n<meta property=\"og:image\" content=\"https:\/\/www.nettali.com\/wp-content\/uploads\/2025\/10\/Soya-Diagne-1.jpg\" \/>\n\t<meta property=\"og:image:width\" content=\"1260\" \/>\n\t<meta property=\"og:image:height\" content=\"800\" \/>\n<meta name=\"twitter:card\" content=\"summary_large_image\" \/>\n<meta name=\"twitter:label1\" content=\"\u00c9crit par\" \/>\n\t<meta name=\"twitter:data1\" content=\"Daouda\" \/>\n\t<meta name=\"twitter:label2\" content=\"Dur\u00e9e de lecture estim\u00e9e\" \/>\n\t<meta name=\"twitter:data2\" content=\"2 minutes\" \/>\n<script type=\"application\/ld+json\" class=\"yoast-schema-graph\">{\"@context\":\"https:\/\/schema.org\",\"@graph\":[{\"@type\":\"WebSite\",\"@id\":\"https:\/\/www.nettali.com\/#website\",\"url\":\"https:\/\/www.nettali.com\/\",\"name\":\"Nettali.com\",\"description\":\"Le rendez-vous critique du Net\",\"potentialAction\":[{\"@type\":\"SearchAction\",\"target\":{\"@type\":\"EntryPoint\",\"urlTemplate\":\"https:\/\/www.nettali.com\/?s={search_term_string}\"},\"query-input\":\"required name=search_term_string\"}],\"inLanguage\":\"fr-FR\"},{\"@type\":\"ImageObject\",\"@id\":\"https:\/\/www.nettali.com\/2025\/12\/03\/affaire-des-fausses-nouvelles-soya-diagne-enfin-entendu-dans-le-fond-du-dossier\/#primaryimage\",\"inLanguage\":\"fr-FR\",\"url\":\"https:\/\/www.nettali.com\/wp-content\/uploads\/2025\/10\/Soya-Diagne-1.jpg\",\"contentUrl\":\"https:\/\/www.nettali.com\/wp-content\/uploads\/2025\/10\/Soya-Diagne-1.jpg\",\"width\":1260,\"height\":800},{\"@type\":\"WebPage\",\"@id\":\"https:\/\/www.nettali.com\/2025\/12\/03\/affaire-des-fausses-nouvelles-soya-diagne-enfin-entendu-dans-le-fond-du-dossier\/#webpage\",\"url\":\"https:\/\/www.nettali.com\/2025\/12\/03\/affaire-des-fausses-nouvelles-soya-diagne-enfin-entendu-dans-le-fond-du-dossier\/\",\"name\":\"AFFAIRE DES FAUSSES NOUVELLES - Soya Diagne enfin entendu dans le fond du dossier | Nettali.com\",\"isPartOf\":{\"@id\":\"https:\/\/www.nettali.com\/#website\"},\"primaryImageOfPage\":{\"@id\":\"https:\/\/www.nettali.com\/2025\/12\/03\/affaire-des-fausses-nouvelles-soya-diagne-enfin-entendu-dans-le-fond-du-dossier\/#primaryimage\"},\"datePublished\":\"2025-12-03T07:27:56+00:00\",\"dateModified\":\"2025-12-03T07:27:56+00:00\",\"author\":{\"@id\":\"https:\/\/www.nettali.com\/#\/schema\/person\/3317e0bb3aa1da309fbf7b2780901bf4\"},\"breadcrumb\":{\"@id\":\"https:\/\/www.nettali.com\/2025\/12\/03\/affaire-des-fausses-nouvelles-soya-diagne-enfin-entendu-dans-le-fond-du-dossier\/#breadcrumb\"},\"inLanguage\":\"fr-FR\",\"potentialAction\":[{\"@type\":\"ReadAction\",\"target\":[\"https:\/\/www.nettali.com\/2025\/12\/03\/affaire-des-fausses-nouvelles-soya-diagne-enfin-entendu-dans-le-fond-du-dossier\/\"]}]},{\"@type\":\"BreadcrumbList\",\"@id\":\"https:\/\/www.nettali.com\/2025\/12\/03\/affaire-des-fausses-nouvelles-soya-diagne-enfin-entendu-dans-le-fond-du-dossier\/#breadcrumb\",\"itemListElement\":[{\"@type\":\"ListItem\",\"position\":1,\"name\":\"Accueil\",\"item\":\"https:\/\/www.nettali.com\/\"},{\"@type\":\"ListItem\",\"position\":2,\"name\":\"AFFAIRE DES FAUSSES NOUVELLES - Soya Diagne enfin entendu dans le fond du dossier\"}]},{\"@type\":\"Person\",\"@id\":\"https:\/\/www.nettali.com\/#\/schema\/person\/3317e0bb3aa1da309fbf7b2780901bf4\",\"name\":\"Daouda\",\"image\":{\"@type\":\"ImageObject\",\"@id\":\"https:\/\/www.nettali.com\/#personlogo\",\"inLanguage\":\"fr-FR\",\"url\":\"https:\/\/secure.gravatar.com\/avatar\/8d143b5a49345098ddcfee1c49c2f47c?s=96&d=mm&r=g\",\"contentUrl\":\"https:\/\/secure.gravatar.com\/avatar\/8d143b5a49345098ddcfee1c49c2f47c?s=96&d=mm&r=g\",\"caption\":\"Daouda\"},\"sameAs\":[\"https:\/\/www.nettali.com\"]}]}<\/script>\n<!-- \/ Yoast SEO Premium plugin. -->","yoast_head_json":{"title":"AFFAIRE DES FAUSSES NOUVELLES - Soya Diagne enfin entendu dans le fond du dossier | Nettali.com","robots":{"index":"index","follow":"follow","max-snippet":"max-snippet:-1","max-image-preview":"max-image-preview:large","max-video-preview":"max-video-preview:-1"},"canonical":"https:\/\/www.nettali.com\/2025\/12\/03\/affaire-des-fausses-nouvelles-soya-diagne-enfin-entendu-dans-le-fond-du-dossier\/","og_locale":"fr_FR","og_type":"article","og_title":"AFFAIRE DES FAUSSES NOUVELLES - Soya Diagne enfin entendu dans le fond du dossier","og_description":"NETTALI.COM - Plac\u00e9 sous mandat de d\u00e9p\u00f4t depuis le 16 octobre pour diffusion de fausses nouvelles et discours contraire aux bonnes m\u0153urs, Soya Diagne sera finalement entendu ce mercredi 3 d\u00e9cembre par le juge d\u2019instruction, apr\u00e8s une premi\u00e8re convocation qui avait \u00e9t\u00e9 annul\u00e9e. Cette audition constitue une \u00e9tape cruciale dans une proc\u00e9dure qui implique \u00e9galement [&hellip;]","og_url":"https:\/\/www.nettali.com\/2025\/12\/03\/affaire-des-fausses-nouvelles-soya-diagne-enfin-entendu-dans-le-fond-du-dossier\/","og_site_name":"Nettali.com","article_publisher":"https:\/\/www.facebook.com\/nettalicom","article_published_time":"2025-12-03T07:27:56+00:00","og_image":[{"width":1260,"height":800,"url":"https:\/\/www.nettali.com\/wp-content\/uploads\/2025\/10\/Soya-Diagne-1.jpg","type":"image\/jpeg"}],"twitter_card":"summary_large_image","twitter_misc":{"\u00c9crit par":"Daouda","Dur\u00e9e de lecture estim\u00e9e":"2 minutes"},"schema":{"@context":"https:\/\/schema.org","@graph":[{"@type":"WebSite","@id":"https:\/\/www.nettali.com\/#website","url":"https:\/\/www.nettali.com\/","name":"Nettali.com","description":"Le rendez-vous critique du Net","potentialAction":[{"@type":"SearchAction","target":{"@type":"EntryPoint","urlTemplate":"https:\/\/www.nettali.com\/?s={search_term_string}"},"query-input":"required name=search_term_string"}],"inLanguage":"fr-FR"},{"@type":"ImageObject","@id":"https:\/\/www.nettali.com\/2025\/12\/03\/affaire-des-fausses-nouvelles-soya-diagne-enfin-entendu-dans-le-fond-du-dossier\/#primaryimage","inLanguage":"fr-FR","url":"https:\/\/www.nettali.com\/wp-content\/uploads\/2025\/10\/Soya-Diagne-1.jpg","contentUrl":"https:\/\/www.nettali.com\/wp-content\/uploads\/2025\/10\/Soya-Diagne-1.jpg","width":1260,"height":800},{"@type":"WebPage","@id":"https:\/\/www.nettali.com\/2025\/12\/03\/affaire-des-fausses-nouvelles-soya-diagne-enfin-entendu-dans-le-fond-du-dossier\/#webpage","url":"https:\/\/www.nettali.com\/2025\/12\/03\/affaire-des-fausses-nouvelles-soya-diagne-enfin-entendu-dans-le-fond-du-dossier\/","name":"AFFAIRE DES FAUSSES NOUVELLES - Soya Diagne enfin entendu dans le fond du dossier | Nettali.com","isPartOf":{"@id":"https:\/\/www.nettali.com\/#website"},"primaryImageOfPage":{"@id":"https:\/\/www.nettali.com\/2025\/12\/03\/affaire-des-fausses-nouvelles-soya-diagne-enfin-entendu-dans-le-fond-du-dossier\/#primaryimage"},"datePublished":"2025-12-03T07:27:56+00:00","dateModified":"2025-12-03T07:27:56+00:00","author":{"@id":"https:\/\/www.nettali.com\/#\/schema\/person\/3317e0bb3aa1da309fbf7b2780901bf4"},"breadcrumb":{"@id":"https:\/\/www.nettali.com\/2025\/12\/03\/affaire-des-fausses-nouvelles-soya-diagne-enfin-entendu-dans-le-fond-du-dossier\/#breadcrumb"},"inLanguage":"fr-FR","potentialAction":[{"@type":"ReadAction","target":["https:\/\/www.nettali.com\/2025\/12\/03\/affaire-des-fausses-nouvelles-soya-diagne-enfin-entendu-dans-le-fond-du-dossier\/"]}]},{"@type":"BreadcrumbList","@id":"https:\/\/www.nettali.com\/2025\/12\/03\/affaire-des-fausses-nouvelles-soya-diagne-enfin-entendu-dans-le-fond-du-dossier\/#breadcrumb","itemListElement":[{"@type":"ListItem","position":1,"name":"Accueil","item":"https:\/\/www.nettali.com\/"},{"@type":"ListItem","position":2,"name":"AFFAIRE DES FAUSSES NOUVELLES - Soya Diagne enfin entendu dans le fond du dossier"}]},{"@type":"Person","@id":"https:\/\/www.nettali.com\/#\/schema\/person\/3317e0bb3aa1da309fbf7b2780901bf4","name":"Daouda","image":{"@type":"ImageObject","@id":"https:\/\/www.nettali.com\/#personlogo","inLanguage":"fr-FR","url":"https:\/\/secure.gravatar.com\/avatar\/8d143b5a49345098ddcfee1c49c2f47c?s=96&d=mm&r=g","contentUrl":"https:\/\/secure.gravatar.com\/avatar\/8d143b5a49345098ddcfee1c49c2f47c?s=96&d=mm&r=g","caption":"Daouda"},"sameAs":["https:\/\/www.nettali.com"]}]}},"_links":{"self":[{"href":"https:\/\/www.nettali.com\/rest\/wp\/v2\/posts\/165715"}],"collection":[{"href":"https:\/\/www.nettali.com\/rest\/wp\/v2\/posts"}],"about":[{"href":"https:\/\/www.nettali.com\/rest\/wp\/v2\/types\/post"}],"author":[{"embeddable":true,"href":"https:\/\/www.nettali.com\/rest\/wp\/v2\/users\/4"}],"replies":[{"embeddable":true,"href":"https:\/\/www.nettali.com\/rest\/wp\/v2\/comments?post=165715"}],"version-history":[{"count":1,"href":"https:\/\/www.nettali.com\/rest\/wp\/v2\/posts\/165715\/revisions"}],"predecessor-version":[{"id":165718,"href":"https:\/\/www.nettali.com\/rest\/wp\/v2\/posts\/165715\/revisions\/165718"}],"wp:featuredmedia":[{"embeddable":true,"href":"https:\/\/www.nettali.com\/rest\/wp\/v2\/media\/162968"}],"wp:attachment":[{"href":"https:\/\/www.nettali.com\/rest\/wp\/v2\/media?parent=165715"}],"wp:term":[{"taxonomy":"category","embeddable":true,"href":"https:\/\/www.nettali.com\/rest\/wp\/v2\/categories?post=165715"},{"taxonomy":"post_tag","embeddable":true,"href":"https:\/\/www.nettali.com\/rest\/wp\/v2\/tags?post=165715"}],"curies":[{"name":"wp","href":"https:\/\/api.w.org\/{rel}","templated":true}]}}