{"id":165697,"date":"2025-12-03T06:33:52","date_gmt":"2025-12-03T06:33:52","guid":{"rendered":"https:\/\/www.nettali.com\/?p=165697"},"modified":"2025-12-04T06:59:15","modified_gmt":"2025-12-04T06:59:15","slug":"ucad-le-fdr-denonce-la-repression-et-appelle-a-des-negociations-urgentes","status":"publish","type":"post","link":"https:\/\/www.nettali.com\/2025\/12\/03\/ucad-le-fdr-denonce-la-repression-et-appelle-a-des-negociations-urgentes\/","title":{"rendered":"UCAD - Le FDR d\u00e9nonce la r\u00e9pression et appelle \u00e0 des n\u00e9gociations urgentes"},"content":{"rendered":"<p><strong>NETTALI.COM - Le Front pour la D\u00e9fense de la R\u00e9publique (FDR) a r\u00e9agi \u00e0 la mont\u00e9e des tensions dans les universit\u00e9s, o\u00f9 des affrontements ont oppos\u00e9 \u00e9tudiants et forces de l\u2019ordre ces derniers jours.<\/strong><\/p>\n<p>Dans une d\u00e9claration, le FDR rappelle que les \u00e9tudiants sont, en effet, en gr\u00e8ve et manifestent en vue d'obtenir le paiement des importants arri\u00e9r\u00e9s de bourses d\u00fbs \u00e0 certains d'entre eux, notamment ceux inscrits en Master.<\/p>\n<p>Le Front de l\u2019opposition juge les revendications des \u00e9tudiants l\u00e9gitimes et pr\u00e9cise que le gouvernement PASTEF semble incapable d'apporter une \"<em>r\u00e9ponse \u00e0 la hauteur de la situation<\/em>\". D\u2019apr\u00e8s l\u2019opposition, la situation risque de d\u00e9g\u00e9n\u00e9rer si une \"<em>solution idoine n'est pas rapidement trouv\u00e9e<\/em>\".<\/p>\n<p>Le FDR consid\u00e8re le blocage actuel des universit\u00e9s comme une des cons\u00e9quences directes de la \"<em>catastrophe financi\u00e8re provoqu\u00e9e par la fable irresponsable de la \"dette cach\u00e9e\"<\/em> \". Le Front estime que le Premier ministre devra r\u00e9pondre de cette \"<em>forfaiture inqualifiable<\/em>\" pouvant avoir des cons\u00e9quences encore plus dommageables que celles en cours \u00e0 l\u2019Universit\u00e9 en ce moment.<\/p>\n<p>Tout en apportant son soutien \"<em>sans condition<\/em>\" aux revendications des \u00e9tudiants, le FDR appelle les \u00e9tudiants et leurs organisations \u00e0 \u00e9viter la \"<em>violence et \u00e0 choisir des formes de lutte plus appropri\u00e9es en vue d'obtenir le soutien massif de la population \u00e0 leurs justes revendications<\/em>\".<\/p>\n<p>Le FDR exige du gouvernement de sortir de \"<em>l'impasse de la r\u00e9pression polici\u00e8re et des annonces manipulatrices<\/em>\" qu\u2019il accuse d\u2019aggraver la crise.<\/p>\n<p>Enfin, le FDR engage le gouvernement \u00e0 ouvrir imm\u00e9diatement des n\u00e9gociations s\u00e9rieuses avec les \u00e9tudiants et leurs organisations en vue trouver les solutions propices \u00e0 l'apaisement de l'espace universitaire.<\/p>\n<div class='share-to-whatsapp-wrapper'><div class='share-on-whsp'>PARTAGER SUR : <\/div><a data-text='UCAD - Le FDR d\u00e9nonce la r\u00e9pression et appelle \u00e0 des n\u00e9gociations urgentes' data-link='https:\/\/www.nettali.com\/2025\/12\/03\/ucad-le-fdr-denonce-la-repression-et-appelle-a-des-negociations-urgentes\/' class='whatsapp-button whatsapp-share'>WhatsApp<\/a><div class='clear '><\/div><\/div>","protected":false},"excerpt":{"rendered":"<p>NETTALI.COM - Le Front pour la D\u00e9fense de la R\u00e9publique (FDR) a r\u00e9agi \u00e0 la mont\u00e9e des tensions dans les universit\u00e9s, o\u00f9 des affrontements ont oppos\u00e9 \u00e9tudiants et forces de l\u2019ordre ces derniers jours. Dans une d\u00e9claration, le FDR rappelle que les \u00e9tudiants sont, en effet, en gr\u00e8ve et manifestent en vue d'obtenir le paiement [&hellip;]<\/p>\n","protected":false},"author":5,"featured_media":165698,"comment_status":"open","ping_status":"open","sticky":false,"template":"","format":"standard","meta":{"_et_pb_use_builder":"","_et_pb_old_content":""},"categories":[3],"tags":[],"yoast_head":"<!-- This site is optimized with the Yoast SEO Premium plugin v17.8 (Yoast SEO v17.8) - https:\/\/yoast.com\/wordpress\/plugins\/seo\/ -->\n<title>UCAD - Le FDR d\u00e9nonce la r\u00e9pression et appelle \u00e0 des n\u00e9gociations urgentes | Nettali.com<\/title>\n<meta name=\"robots\" content=\"index, follow, max-snippet:-1, max-image-preview:large, max-video-preview:-1\" \/>\n<link rel=\"canonical\" href=\"https:\/\/www.nettali.com\/2025\/12\/03\/ucad-le-fdr-denonce-la-repression-et-appelle-a-des-negociations-urgentes\/\" \/>\n<meta property=\"og:locale\" content=\"fr_FR\" \/>\n<meta property=\"og:type\" content=\"article\" \/>\n<meta property=\"og:title\" content=\"UCAD - Le FDR d\u00e9nonce la r\u00e9pression et appelle \u00e0 des n\u00e9gociations urgentes\" \/>\n<meta property=\"og:description\" content=\"NETTALI.COM - Le Front pour la D\u00e9fense de la R\u00e9publique (FDR) a r\u00e9agi \u00e0 la mont\u00e9e des tensions dans les universit\u00e9s, o\u00f9 des affrontements ont oppos\u00e9 \u00e9tudiants et forces de l\u2019ordre ces derniers jours. Dans une d\u00e9claration, le FDR rappelle que les \u00e9tudiants sont, en effet, en gr\u00e8ve et manifestent en vue d&#039;obtenir le paiement [&hellip;]\" \/>\n<meta property=\"og:url\" content=\"https:\/\/www.nettali.com\/2025\/12\/03\/ucad-le-fdr-denonce-la-repression-et-appelle-a-des-negociations-urgentes\/\" \/>\n<meta property=\"og:site_name\" content=\"Nettali.com\" \/>\n<meta property=\"article:publisher\" content=\"https:\/\/www.facebook.com\/nettalicom\" \/>\n<meta property=\"article:published_time\" content=\"2025-12-03T06:33:52+00:00\" \/>\n<meta property=\"article:modified_time\" content=\"2025-12-04T06:59:15+00:00\" \/>\n<meta property=\"og:image\" content=\"https:\/\/www.nettali.com\/wp-content\/uploads\/2025\/12\/Universite-de-DAKAR-UCAD.jpg\" \/>\n\t<meta property=\"og:image:width\" content=\"1200\" \/>\n\t<meta property=\"og:image:height\" content=\"726\" \/>\n<meta name=\"twitter:card\" content=\"summary_large_image\" \/>\n<meta name=\"twitter:label1\" content=\"\u00c9crit par\" \/>\n\t<meta name=\"twitter:data1\" content=\"Ibrahima\" \/>\n\t<meta name=\"twitter:label2\" content=\"Dur\u00e9e de lecture estim\u00e9e\" \/>\n\t<meta name=\"twitter:data2\" content=\"2 minutes\" \/>\n<script type=\"application\/ld+json\" class=\"yoast-schema-graph\">{\"@context\":\"https:\/\/schema.org\",\"@graph\":[{\"@type\":\"WebSite\",\"@id\":\"https:\/\/www.nettali.com\/#website\",\"url\":\"https:\/\/www.nettali.com\/\",\"name\":\"Nettali.com\",\"description\":\"Le rendez-vous critique du Net\",\"potentialAction\":[{\"@type\":\"SearchAction\",\"target\":{\"@type\":\"EntryPoint\",\"urlTemplate\":\"https:\/\/www.nettali.com\/?s={search_term_string}\"},\"query-input\":\"required name=search_term_string\"}],\"inLanguage\":\"fr-FR\"},{\"@type\":\"ImageObject\",\"@id\":\"https:\/\/www.nettali.com\/2025\/12\/03\/ucad-le-fdr-denonce-la-repression-et-appelle-a-des-negociations-urgentes\/#primaryimage\",\"inLanguage\":\"fr-FR\",\"url\":\"https:\/\/www.nettali.com\/wp-content\/uploads\/2025\/12\/Universite-de-DAKAR-UCAD.jpg\",\"contentUrl\":\"https:\/\/www.nettali.com\/wp-content\/uploads\/2025\/12\/Universite-de-DAKAR-UCAD.jpg\",\"width\":1200,\"height\":726},{\"@type\":\"WebPage\",\"@id\":\"https:\/\/www.nettali.com\/2025\/12\/03\/ucad-le-fdr-denonce-la-repression-et-appelle-a-des-negociations-urgentes\/#webpage\",\"url\":\"https:\/\/www.nettali.com\/2025\/12\/03\/ucad-le-fdr-denonce-la-repression-et-appelle-a-des-negociations-urgentes\/\",\"name\":\"UCAD - Le FDR d\\u00e9nonce la r\\u00e9pression et appelle \\u00e0 des n\\u00e9gociations urgentes | Nettali.com\",\"isPartOf\":{\"@id\":\"https:\/\/www.nettali.com\/#website\"},\"primaryImageOfPage\":{\"@id\":\"https:\/\/www.nettali.com\/2025\/12\/03\/ucad-le-fdr-denonce-la-repression-et-appelle-a-des-negociations-urgentes\/#primaryimage\"},\"datePublished\":\"2025-12-03T06:33:52+00:00\",\"dateModified\":\"2025-12-04T06:59:15+00:00\",\"author\":{\"@id\":\"https:\/\/www.nettali.com\/#\/schema\/person\/bb147657c2986240405a608162b9bb23\"},\"breadcrumb\":{\"@id\":\"https:\/\/www.nettali.com\/2025\/12\/03\/ucad-le-fdr-denonce-la-repression-et-appelle-a-des-negociations-urgentes\/#breadcrumb\"},\"inLanguage\":\"fr-FR\",\"potentialAction\":[{\"@type\":\"ReadAction\",\"target\":[\"https:\/\/www.nettali.com\/2025\/12\/03\/ucad-le-fdr-denonce-la-repression-et-appelle-a-des-negociations-urgentes\/\"]}]},{\"@type\":\"BreadcrumbList\",\"@id\":\"https:\/\/www.nettali.com\/2025\/12\/03\/ucad-le-fdr-denonce-la-repression-et-appelle-a-des-negociations-urgentes\/#breadcrumb\",\"itemListElement\":[{\"@type\":\"ListItem\",\"position\":1,\"name\":\"Accueil\",\"item\":\"https:\/\/www.nettali.com\/\"},{\"@type\":\"ListItem\",\"position\":2,\"name\":\"UCAD - Le FDR d\\u00e9nonce la r\\u00e9pression et appelle \\u00e0 des n\\u00e9gociations urgentes\"}]},{\"@type\":\"Person\",\"@id\":\"https:\/\/www.nettali.com\/#\/schema\/person\/bb147657c2986240405a608162b9bb23\",\"name\":\"Ibrahima\",\"image\":{\"@type\":\"ImageObject\",\"@id\":\"https:\/\/www.nettali.com\/#personlogo\",\"inLanguage\":\"fr-FR\",\"url\":\"https:\/\/secure.gravatar.com\/avatar\/26a8a81f09f0dd7624c9d5c36c9ba3a2?s=96&d=mm&r=g\",\"contentUrl\":\"https:\/\/secure.gravatar.com\/avatar\/26a8a81f09f0dd7624c9d5c36c9ba3a2?s=96&d=mm&r=g\",\"caption\":\"Ibrahima\"},\"sameAs\":[\"https:\/\/www.nettali.com\"]}]}<\/script>\n<!-- \/ Yoast SEO Premium plugin. -->","yoast_head_json":{"title":"UCAD - Le FDR d\u00e9nonce la r\u00e9pression et appelle \u00e0 des n\u00e9gociations urgentes | Nettali.com","robots":{"index":"index","follow":"follow","max-snippet":"max-snippet:-1","max-image-preview":"max-image-preview:large","max-video-preview":"max-video-preview:-1"},"canonical":"https:\/\/www.nettali.com\/2025\/12\/03\/ucad-le-fdr-denonce-la-repression-et-appelle-a-des-negociations-urgentes\/","og_locale":"fr_FR","og_type":"article","og_title":"UCAD - Le FDR d\u00e9nonce la r\u00e9pression et appelle \u00e0 des n\u00e9gociations urgentes","og_description":"NETTALI.COM - Le Front pour la D\u00e9fense de la R\u00e9publique (FDR) a r\u00e9agi \u00e0 la mont\u00e9e des tensions dans les universit\u00e9s, o\u00f9 des affrontements ont oppos\u00e9 \u00e9tudiants et forces de l\u2019ordre ces derniers jours. Dans une d\u00e9claration, le FDR rappelle que les \u00e9tudiants sont, en effet, en gr\u00e8ve et manifestent en vue d'obtenir le paiement [&hellip;]","og_url":"https:\/\/www.nettali.com\/2025\/12\/03\/ucad-le-fdr-denonce-la-repression-et-appelle-a-des-negociations-urgentes\/","og_site_name":"Nettali.com","article_publisher":"https:\/\/www.facebook.com\/nettalicom","article_published_time":"2025-12-03T06:33:52+00:00","article_modified_time":"2025-12-04T06:59:15+00:00","og_image":[{"width":1200,"height":726,"url":"https:\/\/www.nettali.com\/wp-content\/uploads\/2025\/12\/Universite-de-DAKAR-UCAD.jpg","type":"image\/jpeg"}],"twitter_card":"summary_large_image","twitter_misc":{"\u00c9crit par":"Ibrahima","Dur\u00e9e de lecture estim\u00e9e":"2 minutes"},"schema":{"@context":"https:\/\/schema.org","@graph":[{"@type":"WebSite","@id":"https:\/\/www.nettali.com\/#website","url":"https:\/\/www.nettali.com\/","name":"Nettali.com","description":"Le rendez-vous critique du Net","potentialAction":[{"@type":"SearchAction","target":{"@type":"EntryPoint","urlTemplate":"https:\/\/www.nettali.com\/?s={search_term_string}"},"query-input":"required name=search_term_string"}],"inLanguage":"fr-FR"},{"@type":"ImageObject","@id":"https:\/\/www.nettali.com\/2025\/12\/03\/ucad-le-fdr-denonce-la-repression-et-appelle-a-des-negociations-urgentes\/#primaryimage","inLanguage":"fr-FR","url":"https:\/\/www.nettali.com\/wp-content\/uploads\/2025\/12\/Universite-de-DAKAR-UCAD.jpg","contentUrl":"https:\/\/www.nettali.com\/wp-content\/uploads\/2025\/12\/Universite-de-DAKAR-UCAD.jpg","width":1200,"height":726},{"@type":"WebPage","@id":"https:\/\/www.nettali.com\/2025\/12\/03\/ucad-le-fdr-denonce-la-repression-et-appelle-a-des-negociations-urgentes\/#webpage","url":"https:\/\/www.nettali.com\/2025\/12\/03\/ucad-le-fdr-denonce-la-repression-et-appelle-a-des-negociations-urgentes\/","name":"UCAD - Le FDR d\u00e9nonce la r\u00e9pression et appelle \u00e0 des n\u00e9gociations urgentes | Nettali.com","isPartOf":{"@id":"https:\/\/www.nettali.com\/#website"},"primaryImageOfPage":{"@id":"https:\/\/www.nettali.com\/2025\/12\/03\/ucad-le-fdr-denonce-la-repression-et-appelle-a-des-negociations-urgentes\/#primaryimage"},"datePublished":"2025-12-03T06:33:52+00:00","dateModified":"2025-12-04T06:59:15+00:00","author":{"@id":"https:\/\/www.nettali.com\/#\/schema\/person\/bb147657c2986240405a608162b9bb23"},"breadcrumb":{"@id":"https:\/\/www.nettali.com\/2025\/12\/03\/ucad-le-fdr-denonce-la-repression-et-appelle-a-des-negociations-urgentes\/#breadcrumb"},"inLanguage":"fr-FR","potentialAction":[{"@type":"ReadAction","target":["https:\/\/www.nettali.com\/2025\/12\/03\/ucad-le-fdr-denonce-la-repression-et-appelle-a-des-negociations-urgentes\/"]}]},{"@type":"BreadcrumbList","@id":"https:\/\/www.nettali.com\/2025\/12\/03\/ucad-le-fdr-denonce-la-repression-et-appelle-a-des-negociations-urgentes\/#breadcrumb","itemListElement":[{"@type":"ListItem","position":1,"name":"Accueil","item":"https:\/\/www.nettali.com\/"},{"@type":"ListItem","position":2,"name":"UCAD - Le FDR d\u00e9nonce la r\u00e9pression et appelle \u00e0 des n\u00e9gociations urgentes"}]},{"@type":"Person","@id":"https:\/\/www.nettali.com\/#\/schema\/person\/bb147657c2986240405a608162b9bb23","name":"Ibrahima","image":{"@type":"ImageObject","@id":"https:\/\/www.nettali.com\/#personlogo","inLanguage":"fr-FR","url":"https:\/\/secure.gravatar.com\/avatar\/26a8a81f09f0dd7624c9d5c36c9ba3a2?s=96&d=mm&r=g","contentUrl":"https:\/\/secure.gravatar.com\/avatar\/26a8a81f09f0dd7624c9d5c36c9ba3a2?s=96&d=mm&r=g","caption":"Ibrahima"},"sameAs":["https:\/\/www.nettali.com"]}]}},"_links":{"self":[{"href":"https:\/\/www.nettali.com\/rest\/wp\/v2\/posts\/165697"}],"collection":[{"href":"https:\/\/www.nettali.com\/rest\/wp\/v2\/posts"}],"about":[{"href":"https:\/\/www.nettali.com\/rest\/wp\/v2\/types\/post"}],"author":[{"embeddable":true,"href":"https:\/\/www.nettali.com\/rest\/wp\/v2\/users\/5"}],"replies":[{"embeddable":true,"href":"https:\/\/www.nettali.com\/rest\/wp\/v2\/comments?post=165697"}],"version-history":[{"count":1,"href":"https:\/\/www.nettali.com\/rest\/wp\/v2\/posts\/165697\/revisions"}],"predecessor-version":[{"id":165699,"href":"https:\/\/www.nettali.com\/rest\/wp\/v2\/posts\/165697\/revisions\/165699"}],"wp:featuredmedia":[{"embeddable":true,"href":"https:\/\/www.nettali.com\/rest\/wp\/v2\/media\/165698"}],"wp:attachment":[{"href":"https:\/\/www.nettali.com\/rest\/wp\/v2\/media?parent=165697"}],"wp:term":[{"taxonomy":"category","embeddable":true,"href":"https:\/\/www.nettali.com\/rest\/wp\/v2\/categories?post=165697"},{"taxonomy":"post_tag","embeddable":true,"href":"https:\/\/www.nettali.com\/rest\/wp\/v2\/tags?post=165697"}],"curies":[{"name":"wp","href":"https:\/\/api.w.org\/{rel}","templated":true}]}}