{"id":165680,"date":"2025-12-02T19:17:34","date_gmt":"2025-12-02T19:17:34","guid":{"rendered":"https:\/\/www.nettali.com\/?p=165680"},"modified":"2025-12-04T07:18:13","modified_gmt":"2025-12-04T07:18:13","slug":"ucad-le-conseil-academique-autorise-lintervention-des-forces-de-lordre-pour-securiser-le-campus","status":"publish","type":"post","link":"https:\/\/www.nettali.com\/2025\/12\/02\/ucad-le-conseil-academique-autorise-lintervention-des-forces-de-lordre-pour-securiser-le-campus\/","title":{"rendered":"UCAD - Le Conseil acad\u00e9mique autorise l\u2019intervention des forces de l\u2019ordre pour s\u00e9curiser le campus"},"content":{"rendered":"<p data-start=\"207\" data-end=\"455\"><strong>NETTALI.COM - R\u00e9uni en visioconf\u00e9rence ce mardi 2 d\u00e9cembre 2025 sous la pr\u00e9sidence du recteur, Pr Alioune Badara Kandji, le Conseil acad\u00e9mique de l\u2019Universit\u00e9 Cheikh Anta Diop de Dakar (UCAD) a examin\u00e9 la situation s\u00e9curitaire tendue qui pr\u00e9vaut sur le campus.<\/strong><\/p>\n<p data-start=\"457\" data-end=\"731\">Selon le communiqu\u00e9 publi\u00e9 \u00e0 l\u2019issue de la rencontre, plusieurs incidents r\u00e9cents ont compromis la s\u00e9curit\u00e9 des personnes, endommag\u00e9 des biens publics et priv\u00e9s, et perturb\u00e9 le fonctionnement normal de l\u2019administration ainsi que les activit\u00e9s d\u2019enseignement et de recherche.<\/p>\n<p data-start=\"733\" data-end=\"1066\">Face \u00e0 cette situation jug\u00e9e pr\u00e9occupante, le Conseil acad\u00e9mique a donn\u00e9 mandat au recteur de requ\u00e9rir le concours des forces de l\u2019ordre pour s\u00e9curiser le campus p\u00e9dagogique. Cette d\u00e9cision s\u2019inscrit dans le strict cadre des articles 4, 5 et 6 de la loi n\u00b094-79 du 24 novembre 1994 relative aux franchises et libert\u00e9s universitaires.<\/p>\n<p data-start=\"1068\" data-end=\"1135\">Selon l\u2019instance universitaire, cette mesure vise exclusivement \u00e0 assurer la protection des \u00e9tudiants, enseignants, chercheurs et personnels administratifs, pr\u00e9server le patrimoine de l\u2019universit\u00e9 et garantir un climat acad\u00e9mique stable pour la poursuite des activit\u00e9s p\u00e9dagogiques et scientifiques.<\/p>\n<p data-start=\"1377\" data-end=\"1706\">Le Conseil acad\u00e9mique a r\u00e9affirm\u00e9 son attachement aux valeurs r\u00e9publicaines, au respect du droit et au dialogue comme fondement de la vie universitaire. Il a enfin appel\u00e9 l\u2019ensemble des acteurs \u00e0 faire preuve de s\u00e9r\u00e9nit\u00e9 afin de permettre la reprise normale des enseignements et le bon fonctionnement des services administratifs.<\/p>\n<div class='share-to-whatsapp-wrapper'><div class='share-on-whsp'>PARTAGER SUR : <\/div><a data-text='UCAD - Le Conseil acad\u00e9mique autorise l\u2019intervention des forces de l\u2019ordre pour s\u00e9curiser le campus' data-link='https:\/\/www.nettali.com\/2025\/12\/02\/ucad-le-conseil-academique-autorise-lintervention-des-forces-de-lordre-pour-securiser-le-campus\/' class='whatsapp-button whatsapp-share'>WhatsApp<\/a><div class='clear '><\/div><\/div>","protected":false},"excerpt":{"rendered":"<p>NETTALI.COM - R\u00e9uni en visioconf\u00e9rence ce mardi 2 d\u00e9cembre 2025 sous la pr\u00e9sidence du recteur, Pr Alioune Badara Kandji, le Conseil acad\u00e9mique de l\u2019Universit\u00e9 Cheikh Anta Diop de Dakar (UCAD) a examin\u00e9 la situation s\u00e9curitaire tendue qui pr\u00e9vaut sur le campus. Selon le communiqu\u00e9 publi\u00e9 \u00e0 l\u2019issue de la rencontre, plusieurs incidents r\u00e9cents ont compromis [&hellip;]<\/p>\n","protected":false},"author":4,"featured_media":165646,"comment_status":"open","ping_status":"open","sticky":false,"template":"","format":"standard","meta":{"_et_pb_use_builder":"","_et_pb_old_content":""},"categories":[3],"tags":[],"yoast_head":"<!-- This site is optimized with the Yoast SEO Premium plugin v17.8 (Yoast SEO v17.8) - https:\/\/yoast.com\/wordpress\/plugins\/seo\/ -->\n<title>UCAD - Le Conseil acad\u00e9mique autorise l\u2019intervention des forces de l\u2019ordre pour s\u00e9curiser le campus | Nettali.com<\/title>\n<meta name=\"robots\" content=\"index, follow, max-snippet:-1, max-image-preview:large, max-video-preview:-1\" \/>\n<link rel=\"canonical\" href=\"https:\/\/www.nettali.com\/2025\/12\/02\/ucad-le-conseil-academique-autorise-lintervention-des-forces-de-lordre-pour-securiser-le-campus\/\" \/>\n<meta property=\"og:locale\" content=\"fr_FR\" \/>\n<meta property=\"og:type\" content=\"article\" \/>\n<meta property=\"og:title\" content=\"UCAD - Le Conseil acad\u00e9mique autorise l\u2019intervention des forces de l\u2019ordre pour s\u00e9curiser le campus\" \/>\n<meta property=\"og:description\" content=\"NETTALI.COM - R\u00e9uni en visioconf\u00e9rence ce mardi 2 d\u00e9cembre 2025 sous la pr\u00e9sidence du recteur, Pr Alioune Badara Kandji, le Conseil acad\u00e9mique de l\u2019Universit\u00e9 Cheikh Anta Diop de Dakar (UCAD) a examin\u00e9 la situation s\u00e9curitaire tendue qui pr\u00e9vaut sur le campus. Selon le communiqu\u00e9 publi\u00e9 \u00e0 l\u2019issue de la rencontre, plusieurs incidents r\u00e9cents ont compromis [&hellip;]\" \/>\n<meta property=\"og:url\" content=\"https:\/\/www.nettali.com\/2025\/12\/02\/ucad-le-conseil-academique-autorise-lintervention-des-forces-de-lordre-pour-securiser-le-campus\/\" \/>\n<meta property=\"og:site_name\" content=\"Nettali.com\" \/>\n<meta property=\"article:publisher\" content=\"https:\/\/www.facebook.com\/nettalicom\" \/>\n<meta property=\"article:published_time\" content=\"2025-12-02T19:17:34+00:00\" \/>\n<meta property=\"article:modified_time\" content=\"2025-12-04T07:18:13+00:00\" \/>\n<meta property=\"og:image\" content=\"https:\/\/www.nettali.com\/wp-content\/uploads\/2025\/12\/affrontements-Ucad.png\" \/>\n\t<meta property=\"og:image:width\" content=\"1021\" \/>\n\t<meta property=\"og:image:height\" content=\"675\" \/>\n<meta name=\"twitter:card\" content=\"summary_large_image\" \/>\n<meta name=\"twitter:label1\" content=\"\u00c9crit par\" \/>\n\t<meta name=\"twitter:data1\" content=\"Daouda\" \/>\n\t<meta name=\"twitter:label2\" content=\"Dur\u00e9e de lecture estim\u00e9e\" \/>\n\t<meta name=\"twitter:data2\" content=\"2 minutes\" \/>\n<script type=\"application\/ld+json\" class=\"yoast-schema-graph\">{\"@context\":\"https:\/\/schema.org\",\"@graph\":[{\"@type\":\"WebSite\",\"@id\":\"https:\/\/www.nettali.com\/#website\",\"url\":\"https:\/\/www.nettali.com\/\",\"name\":\"Nettali.com\",\"description\":\"Le rendez-vous critique du Net\",\"potentialAction\":[{\"@type\":\"SearchAction\",\"target\":{\"@type\":\"EntryPoint\",\"urlTemplate\":\"https:\/\/www.nettali.com\/?s={search_term_string}\"},\"query-input\":\"required name=search_term_string\"}],\"inLanguage\":\"fr-FR\"},{\"@type\":\"ImageObject\",\"@id\":\"https:\/\/www.nettali.com\/2025\/12\/02\/ucad-le-conseil-academique-autorise-lintervention-des-forces-de-lordre-pour-securiser-le-campus\/#primaryimage\",\"inLanguage\":\"fr-FR\",\"url\":\"https:\/\/www.nettali.com\/wp-content\/uploads\/2025\/12\/affrontements-Ucad.png\",\"contentUrl\":\"https:\/\/www.nettali.com\/wp-content\/uploads\/2025\/12\/affrontements-Ucad.png\",\"width\":1021,\"height\":675},{\"@type\":\"WebPage\",\"@id\":\"https:\/\/www.nettali.com\/2025\/12\/02\/ucad-le-conseil-academique-autorise-lintervention-des-forces-de-lordre-pour-securiser-le-campus\/#webpage\",\"url\":\"https:\/\/www.nettali.com\/2025\/12\/02\/ucad-le-conseil-academique-autorise-lintervention-des-forces-de-lordre-pour-securiser-le-campus\/\",\"name\":\"UCAD - Le Conseil acad\\u00e9mique autorise l\\u2019intervention des forces de l\\u2019ordre pour s\\u00e9curiser le campus | Nettali.com\",\"isPartOf\":{\"@id\":\"https:\/\/www.nettali.com\/#website\"},\"primaryImageOfPage\":{\"@id\":\"https:\/\/www.nettali.com\/2025\/12\/02\/ucad-le-conseil-academique-autorise-lintervention-des-forces-de-lordre-pour-securiser-le-campus\/#primaryimage\"},\"datePublished\":\"2025-12-02T19:17:34+00:00\",\"dateModified\":\"2025-12-04T07:18:13+00:00\",\"author\":{\"@id\":\"https:\/\/www.nettali.com\/#\/schema\/person\/3317e0bb3aa1da309fbf7b2780901bf4\"},\"breadcrumb\":{\"@id\":\"https:\/\/www.nettali.com\/2025\/12\/02\/ucad-le-conseil-academique-autorise-lintervention-des-forces-de-lordre-pour-securiser-le-campus\/#breadcrumb\"},\"inLanguage\":\"fr-FR\",\"potentialAction\":[{\"@type\":\"ReadAction\",\"target\":[\"https:\/\/www.nettali.com\/2025\/12\/02\/ucad-le-conseil-academique-autorise-lintervention-des-forces-de-lordre-pour-securiser-le-campus\/\"]}]},{\"@type\":\"BreadcrumbList\",\"@id\":\"https:\/\/www.nettali.com\/2025\/12\/02\/ucad-le-conseil-academique-autorise-lintervention-des-forces-de-lordre-pour-securiser-le-campus\/#breadcrumb\",\"itemListElement\":[{\"@type\":\"ListItem\",\"position\":1,\"name\":\"Accueil\",\"item\":\"https:\/\/www.nettali.com\/\"},{\"@type\":\"ListItem\",\"position\":2,\"name\":\"UCAD - Le Conseil acad\\u00e9mique autorise l\\u2019intervention des forces de l\\u2019ordre pour s\\u00e9curiser le campus\"}]},{\"@type\":\"Person\",\"@id\":\"https:\/\/www.nettali.com\/#\/schema\/person\/3317e0bb3aa1da309fbf7b2780901bf4\",\"name\":\"Daouda\",\"image\":{\"@type\":\"ImageObject\",\"@id\":\"https:\/\/www.nettali.com\/#personlogo\",\"inLanguage\":\"fr-FR\",\"url\":\"https:\/\/secure.gravatar.com\/avatar\/8d143b5a49345098ddcfee1c49c2f47c?s=96&d=mm&r=g\",\"contentUrl\":\"https:\/\/secure.gravatar.com\/avatar\/8d143b5a49345098ddcfee1c49c2f47c?s=96&d=mm&r=g\",\"caption\":\"Daouda\"},\"sameAs\":[\"https:\/\/www.nettali.com\"]}]}<\/script>\n<!-- \/ Yoast SEO Premium plugin. -->","yoast_head_json":{"title":"UCAD - Le Conseil acad\u00e9mique autorise l\u2019intervention des forces de l\u2019ordre pour s\u00e9curiser le campus | Nettali.com","robots":{"index":"index","follow":"follow","max-snippet":"max-snippet:-1","max-image-preview":"max-image-preview:large","max-video-preview":"max-video-preview:-1"},"canonical":"https:\/\/www.nettali.com\/2025\/12\/02\/ucad-le-conseil-academique-autorise-lintervention-des-forces-de-lordre-pour-securiser-le-campus\/","og_locale":"fr_FR","og_type":"article","og_title":"UCAD - Le Conseil acad\u00e9mique autorise l\u2019intervention des forces de l\u2019ordre pour s\u00e9curiser le campus","og_description":"NETTALI.COM - R\u00e9uni en visioconf\u00e9rence ce mardi 2 d\u00e9cembre 2025 sous la pr\u00e9sidence du recteur, Pr Alioune Badara Kandji, le Conseil acad\u00e9mique de l\u2019Universit\u00e9 Cheikh Anta Diop de Dakar (UCAD) a examin\u00e9 la situation s\u00e9curitaire tendue qui pr\u00e9vaut sur le campus. Selon le communiqu\u00e9 publi\u00e9 \u00e0 l\u2019issue de la rencontre, plusieurs incidents r\u00e9cents ont compromis [&hellip;]","og_url":"https:\/\/www.nettali.com\/2025\/12\/02\/ucad-le-conseil-academique-autorise-lintervention-des-forces-de-lordre-pour-securiser-le-campus\/","og_site_name":"Nettali.com","article_publisher":"https:\/\/www.facebook.com\/nettalicom","article_published_time":"2025-12-02T19:17:34+00:00","article_modified_time":"2025-12-04T07:18:13+00:00","og_image":[{"width":1021,"height":675,"url":"https:\/\/www.nettali.com\/wp-content\/uploads\/2025\/12\/affrontements-Ucad.png","type":"image\/png"}],"twitter_card":"summary_large_image","twitter_misc":{"\u00c9crit par":"Daouda","Dur\u00e9e de lecture estim\u00e9e":"2 minutes"},"schema":{"@context":"https:\/\/schema.org","@graph":[{"@type":"WebSite","@id":"https:\/\/www.nettali.com\/#website","url":"https:\/\/www.nettali.com\/","name":"Nettali.com","description":"Le rendez-vous critique du Net","potentialAction":[{"@type":"SearchAction","target":{"@type":"EntryPoint","urlTemplate":"https:\/\/www.nettali.com\/?s={search_term_string}"},"query-input":"required name=search_term_string"}],"inLanguage":"fr-FR"},{"@type":"ImageObject","@id":"https:\/\/www.nettali.com\/2025\/12\/02\/ucad-le-conseil-academique-autorise-lintervention-des-forces-de-lordre-pour-securiser-le-campus\/#primaryimage","inLanguage":"fr-FR","url":"https:\/\/www.nettali.com\/wp-content\/uploads\/2025\/12\/affrontements-Ucad.png","contentUrl":"https:\/\/www.nettali.com\/wp-content\/uploads\/2025\/12\/affrontements-Ucad.png","width":1021,"height":675},{"@type":"WebPage","@id":"https:\/\/www.nettali.com\/2025\/12\/02\/ucad-le-conseil-academique-autorise-lintervention-des-forces-de-lordre-pour-securiser-le-campus\/#webpage","url":"https:\/\/www.nettali.com\/2025\/12\/02\/ucad-le-conseil-academique-autorise-lintervention-des-forces-de-lordre-pour-securiser-le-campus\/","name":"UCAD - Le Conseil acad\u00e9mique autorise l\u2019intervention des forces de l\u2019ordre pour s\u00e9curiser le campus | Nettali.com","isPartOf":{"@id":"https:\/\/www.nettali.com\/#website"},"primaryImageOfPage":{"@id":"https:\/\/www.nettali.com\/2025\/12\/02\/ucad-le-conseil-academique-autorise-lintervention-des-forces-de-lordre-pour-securiser-le-campus\/#primaryimage"},"datePublished":"2025-12-02T19:17:34+00:00","dateModified":"2025-12-04T07:18:13+00:00","author":{"@id":"https:\/\/www.nettali.com\/#\/schema\/person\/3317e0bb3aa1da309fbf7b2780901bf4"},"breadcrumb":{"@id":"https:\/\/www.nettali.com\/2025\/12\/02\/ucad-le-conseil-academique-autorise-lintervention-des-forces-de-lordre-pour-securiser-le-campus\/#breadcrumb"},"inLanguage":"fr-FR","potentialAction":[{"@type":"ReadAction","target":["https:\/\/www.nettali.com\/2025\/12\/02\/ucad-le-conseil-academique-autorise-lintervention-des-forces-de-lordre-pour-securiser-le-campus\/"]}]},{"@type":"BreadcrumbList","@id":"https:\/\/www.nettali.com\/2025\/12\/02\/ucad-le-conseil-academique-autorise-lintervention-des-forces-de-lordre-pour-securiser-le-campus\/#breadcrumb","itemListElement":[{"@type":"ListItem","position":1,"name":"Accueil","item":"https:\/\/www.nettali.com\/"},{"@type":"ListItem","position":2,"name":"UCAD - Le Conseil acad\u00e9mique autorise l\u2019intervention des forces de l\u2019ordre pour s\u00e9curiser le campus"}]},{"@type":"Person","@id":"https:\/\/www.nettali.com\/#\/schema\/person\/3317e0bb3aa1da309fbf7b2780901bf4","name":"Daouda","image":{"@type":"ImageObject","@id":"https:\/\/www.nettali.com\/#personlogo","inLanguage":"fr-FR","url":"https:\/\/secure.gravatar.com\/avatar\/8d143b5a49345098ddcfee1c49c2f47c?s=96&d=mm&r=g","contentUrl":"https:\/\/secure.gravatar.com\/avatar\/8d143b5a49345098ddcfee1c49c2f47c?s=96&d=mm&r=g","caption":"Daouda"},"sameAs":["https:\/\/www.nettali.com"]}]}},"_links":{"self":[{"href":"https:\/\/www.nettali.com\/rest\/wp\/v2\/posts\/165680"}],"collection":[{"href":"https:\/\/www.nettali.com\/rest\/wp\/v2\/posts"}],"about":[{"href":"https:\/\/www.nettali.com\/rest\/wp\/v2\/types\/post"}],"author":[{"embeddable":true,"href":"https:\/\/www.nettali.com\/rest\/wp\/v2\/users\/4"}],"replies":[{"embeddable":true,"href":"https:\/\/www.nettali.com\/rest\/wp\/v2\/comments?post=165680"}],"version-history":[{"count":1,"href":"https:\/\/www.nettali.com\/rest\/wp\/v2\/posts\/165680\/revisions"}],"predecessor-version":[{"id":165681,"href":"https:\/\/www.nettali.com\/rest\/wp\/v2\/posts\/165680\/revisions\/165681"}],"wp:featuredmedia":[{"embeddable":true,"href":"https:\/\/www.nettali.com\/rest\/wp\/v2\/media\/165646"}],"wp:attachment":[{"href":"https:\/\/www.nettali.com\/rest\/wp\/v2\/media?parent=165680"}],"wp:term":[{"taxonomy":"category","embeddable":true,"href":"https:\/\/www.nettali.com\/rest\/wp\/v2\/categories?post=165680"},{"taxonomy":"post_tag","embeddable":true,"href":"https:\/\/www.nettali.com\/rest\/wp\/v2\/tags?post=165680"}],"curies":[{"name":"wp","href":"https:\/\/api.w.org\/{rel}","templated":true}]}}